{"id":545,"date":"2015-06-18T11:15:10","date_gmt":"2015-06-18T08:15:10","guid":{"rendered":"https:\/\/suomenkuvalehti.fi\/ylamaan-kettu\/?p=545"},"modified":"2015-06-18T11:15:10","modified_gmt":"2015-06-18T08:15:10","slug":"ihan-vain-kansalaisena","status":"publish","type":"post","link":"https:\/\/suomenkuvalehti.fi\/ylamaan-kettu\/2015\/06\/18\/ihan-vain-kansalaisena\/","title":{"rendered":"Ihan vain yksityishenkil\u00f6n\u00e4"},"content":{"rendered":"\n<p>Kansanedustaja <strong>Olli Immosen<\/strong> (PS) esiintyminen yhteiskuvassa kansallissosialistien kanssa on her\u00e4tt\u00e4nyt kritiikki\u00e4.<\/p>\n\n\n\n<p>Perussuomalaisten eduskuntaryhm\u00e4n puheenjohtajan <strong>Sampo Terhon<\/strong> mukaan Immosen <a href=\"http:\/\/www.ts.fi\/uutiset\/kotimaa\/783593\/Perussuomalaiset+ei+puutu+Immosen+esiintymiseen+uusnatsien+kanssa\">toimintaan ei puututa<\/a>. Ei ole puolueen asia, keit\u00e4 Immonen tapaa omalla ajallaan. Kansanedustaja toimi Terhon mukaan yksityishenkil\u00f6n\u00e4 ja vapaa-ajan harrastuksissaan.<\/p>\n\n\n\n<p>Asettuminen valokuvatuksi yhdess\u00e4 kansallissosialistien kanssa oli Immosen \u201dhenkil\u00f6kohtainen valinta\u201d.<\/p>\n\n\n\n<p>Selitykset ontuvat.<\/p>\n\n\n\n<p>Tilaisuus, jossa kuva otettiin, oli luonteeltaan poliittinen: Suomen Vastarintaliike ja Suomen Sisu olivat kokoontuneet kunnioittamaan kenraalikuvern\u00f6\u00f6ri <strong>Bobrikovin<\/strong> surmannutta <strong>Eugen Schaumania<\/strong>. Lis\u00e4ksi Immonen itse julkaisi kuvan kansanedustajasivuillaan Facebookissa.<\/p>\n\n\n\n<p>On vaikea hyv\u00e4ll\u00e4 tahdollakaan tulkita, ett\u00e4 kyseess\u00e4 olisi ollut ep\u00e4poliittinen, yksityinen tai ei-kansanedustajana tehty toimi, tarkastellaanpa sit\u00e4 tilaisuuteen osallistumisen, yhteiskuvassa esiintymisen tai kuvan julkaisemisen n\u00e4k\u00f6kulmasta.<\/p>\n\n\n\n<p>&nbsp;<\/p>\n\n\n\n<p>Tapaus ja siit\u00e4 annetut selitykset her\u00e4tt\u00e4v\u00e4t laajemman kysymyksen siit\u00e4, miss\u00e4 m\u00e4\u00e4rin kansanedustaja voi esiinty\u00e4 toimissaan muuna kuin kansanedustajana.<\/p>\n\n\n\n<p>Voiko kansanedustaja l\u00e4hett\u00e4\u00e4 puolitutuille h\u00e4rskej\u00e4 tekstiviestej\u00e4 tuttavan ominaisuudessa? Voiko h\u00e4n valita riitelev\u00e4ns\u00e4 nakkikioskilla valtiomiehen sijaan naapurinsed\u00e4n roolissa? Kaahailla ylinopeutta siskona tai \u00e4itin\u00e4, ei kansanedustajana?<\/p>\n\n\n\n<p>Ei h\u00e4n voi.<\/p>\n\n\n\n<p>Kansanedustaja on \u00e4\u00e4nest\u00e4jiens\u00e4 edustaja kaikissa julkisissa toimissaan. Kansanedustajan toimia my\u00f6s tulkitaan poliittisina viestein\u00e4.<\/p>\n\n\n\n<p>Viesti on my\u00f6s se, miten puolueet edustajiensa toimiin reagoivat \u2013 tai eiv\u00e4t reagoi.<\/p>\n\n\n\n<p>N\u00e4it\u00e4 viestej\u00e4 seuraamalla suuri yleis\u00f6, media ja tutkijat luovat k\u00e4sityst\u00e4\u00e4n siit\u00e4, millaisesta puolueesta on kyse. Jos tulkinnat puolueesta eiv\u00e4t miellyt\u00e4, vika voi joskus l\u00f6yty\u00e4 peilist\u00e4kin.<\/p>\n\n\n","protected":false},"excerpt":{"rendered":"<p>Kansanedustaja Olli Immosen (PS) esiintyminen yhteiskuvassa kansallissosialistien kanssa on her\u00e4tt\u00e4nyt kritiikki\u00e4. Perussuomalaisten eduskuntaryhm\u00e4n puheenjohtajan Sampo Terhon mukaan Immosen toimintaan ei puututa. Ei ole puolueen asia, keit\u00e4 Immonen tapaa omalla ajallaan. Kansanedustaja toimi<br \/>\nTerh&hellip;<\/p>\n","protected":false},"author":15146,"featured_media":0,"comment_status":"open","ping_status":"open","sticky":false,"template":"","format":"standard","meta":{"_acf_changed":false,"asauth_required_access_level":3,"asauth_cansharepaid":"true","om_header_attributes":[],"footnotes":"","om_featured_image_focal_point":[],"om_primary_tag":0,"om_contributors":[],"om_co_authors":[],"beyondwords_generate_audio":"","beyondwords_project_id":"","beyondwords_content_id":"","beyondwords_preview_token":"","beyondwords_player_content":"","beyondwords_player_style":"","beyondwords_language_code":"","beyondwords_language_id":"","beyondwords_title_voice_id":"","beyondwords_body_voice_id":"","beyondwords_summary_voice_id":"","beyondwords_error_message":"","beyondwords_disabled":"","beyondwords_delete_content":"","beyondwords_podcast_id":"","beyondwords_hash":"","publish_post_to_speechkit":"","speechkit_hash":"","speechkit_generate_audio":"","speechkit_project_id":"","speechkit_podcast_id":"","speechkit_error_message":"","speechkit_disabled":"","speechkit_access_key":"","speechkit_error":"","speechkit_info":"","speechkit_response":"","speechkit_retries":"","speechkit_status":"","speechkit_updated_at":"","_speechkit_link":"","_speechkit_text":""},"categories":[2],"tags":[54,55],"class_list":["post-545","post","type-post","status-publish","format-standard","hentry","category-ylamaan-kettu","tag-olli-immonen","tag-perussuomalaiset"],"om_views":null,"acf":{"tuuma_off":false,"tuuma_kysymys":"","tuuma_vastaus":""},"asauth":{"required_access_level":1,"share_token":"","is_paid":false},"yoast_head":"<!-- This site is optimized with the Yoast SEO plugin v26.4 - https:\/\/yoast.com\/wordpress\/plugins\/seo\/ -->\n<title>Ihan vain yksityishenkil\u00f6n\u00e4 - Yl\u00e4maan kettu<\/title>\n<meta name=\"robots\" content=\"index, follow, max-snippet:-1, max-image-preview:large, max-video-preview:-1\" \/>\n<link rel=\"canonical\" href=\"https:\/\/suomenkuvalehti.fi\/ylamaan-kettu\/2015\/06\/18\/ihan-vain-kansalaisena\/\" \/>\n<meta property=\"og:locale\" content=\"fi_FI\" \/>\n<meta property=\"og:type\" content=\"article\" \/>\n<meta property=\"og:title\" content=\"Ihan vain yksityishenkil\u00f6n\u00e4 - Yl\u00e4maan kettu\" \/>\n<meta property=\"og:description\" content=\"Kansanedustaja Olli Immosen (PS) esiintyminen yhteiskuvassa kansallissosialistien kanssa on her\u00e4tt\u00e4nyt kritiikki\u00e4. Perussuomalaisten eduskuntaryhm\u00e4n puheenjohtajan Sampo Terhon mukaan Immosen toimintaan ei puututa. Ei ole puolueen asia, keit\u00e4 Immonen tapaa omalla ajallaan. Kansanedustaja toimi Terh&hellip;\" \/>\n<meta property=\"og:url\" content=\"https:\/\/suomenkuvalehti.fi\/ylamaan-kettu\/2015\/06\/18\/ihan-vain-kansalaisena\/\" \/>\n<meta property=\"og:site_name\" content=\"Yl\u00e4maan kettu\" \/>\n<meta property=\"article:published_time\" content=\"2015-06-18T08:15:10+00:00\" \/>\n<meta name=\"author\" content=\"Mari K. Niemi\" \/>\n<meta name=\"twitter:card\" content=\"summary_large_image\" \/>\n<meta name=\"twitter:creator\" content=\"@https:\/\/twitter.com\/MariKNiemi\" \/>\n<meta name=\"twitter:label1\" content=\"Written by\" \/>\n\t<meta name=\"twitter:data1\" content=\"Mari K. Niemi\" \/>\n\t<meta name=\"twitter:label2\" content=\"Est. reading time\" \/>\n\t<meta name=\"twitter:data2\" content=\"1 minuutti\" \/>\n<script type=\"application\/ld+json\" class=\"yoast-schema-graph\">{\"@context\":\"https:\/\/schema.org\",\"@graph\":[{\"@type\":\"WebPage\",\"@id\":\"https:\/\/suomenkuvalehti.fi\/ylamaan-kettu\/2015\/06\/18\/ihan-vain-kansalaisena\/\",\"url\":\"https:\/\/suomenkuvalehti.fi\/ylamaan-kettu\/2015\/06\/18\/ihan-vain-kansalaisena\/\",\"name\":\"Ihan vain yksityishenkil\u00f6n\u00e4 - Yl\u00e4maan kettu\",\"isPartOf\":{\"@id\":\"https:\/\/suomenkuvalehti.fi\/ylamaan-kettu\/#website\"},\"datePublished\":\"2015-06-18T08:15:10+00:00\",\"author\":{\"@id\":\"https:\/\/suomenkuvalehti.fi\/ylamaan-kettu\/#\/schema\/person\/a83f4bd1a8025b8681528ade3b23ecb5\"},\"breadcrumb\":{\"@id\":\"https:\/\/suomenkuvalehti.fi\/ylamaan-kettu\/2015\/06\/18\/ihan-vain-kansalaisena\/#breadcrumb\"},\"inLanguage\":\"fi\",\"potentialAction\":[{\"@type\":\"ReadAction\",\"target\":[\"https:\/\/suomenkuvalehti.fi\/ylamaan-kettu\/2015\/06\/18\/ihan-vain-kansalaisena\/\"]}]},{\"@type\":\"BreadcrumbList\",\"@id\":\"https:\/\/suomenkuvalehti.fi\/ylamaan-kettu\/2015\/06\/18\/ihan-vain-kansalaisena\/#breadcrumb\",\"itemListElement\":[{\"@type\":\"ListItem\",\"position\":1,\"name\":\"Home\",\"item\":\"https:\/\/suomenkuvalehti.fi\/ylamaan-kettu\/\"},{\"@type\":\"ListItem\",\"position\":2,\"name\":\"Ihan vain yksityishenkil\u00f6n\u00e4\"}]},{\"@type\":\"WebSite\",\"@id\":\"https:\/\/suomenkuvalehti.fi\/ylamaan-kettu\/#website\",\"url\":\"https:\/\/suomenkuvalehti.fi\/ylamaan-kettu\/\",\"name\":\"Yl\u00e4maan kettu\",\"description\":\"Yl\u00e4maan kettu v\u00e4ijyy Ison-Britannian, Ruotsin ja Suomenkin politiikkaa ja mediaa.\",\"potentialAction\":[{\"@type\":\"SearchAction\",\"target\":{\"@type\":\"EntryPoint\",\"urlTemplate\":\"https:\/\/suomenkuvalehti.fi\/haku\/?q={search_term_string}\"},\"query-input\":{\"@type\":\"PropertyValueSpecification\",\"valueRequired\":true,\"valueName\":\"search_term_string\"}}],\"inLanguage\":\"fi\"},{\"@type\":\"Person\",\"@id\":\"https:\/\/suomenkuvalehti.fi\/ylamaan-kettu\/#\/schema\/person\/a83f4bd1a8025b8681528ade3b23ecb5\",\"name\":\"Mari K. Niemi\",\"image\":{\"@type\":\"ImageObject\",\"inLanguage\":\"fi\",\"@id\":\"https:\/\/suomenkuvalehti.fi\/ylamaan-kettu\/#\/schema\/person\/image\/\",\"url\":\"https:\/\/suomenkuvalehti.fi\/ylamaan-kettu\/wp-content\/uploads\/sites\/37\/2015\/04\/Mari_K_Niemi-150x150.jpg\",\"contentUrl\":\"https:\/\/suomenkuvalehti.fi\/ylamaan-kettu\/wp-content\/uploads\/sites\/37\/2015\/04\/Mari_K_Niemi-150x150.jpg\",\"caption\":\"Mari K. Niemi\"},\"description\":\"Kirjoittaja on poliittiseen viestint\u00e4\u00e4n erikoistunut dosentti ja Innovation and Entrepreneurship InnoLab -tutkimusalustan johtaja Vaasan yliopistossa.\",\"sameAs\":[\"https:\/\/x.com\/https:\/\/twitter.com\/MariKNiemi\"]}]}<\/script>\n<!-- \/ Yoast SEO plugin. -->","yoast_head_json":{"title":"Ihan vain yksityishenkil\u00f6n\u00e4 - Yl\u00e4maan kettu","robots":{"index":"index","follow":"follow","max-snippet":"max-snippet:-1","max-image-preview":"max-image-preview:large","max-video-preview":"max-video-preview:-1"},"canonical":"https:\/\/suomenkuvalehti.fi\/ylamaan-kettu\/2015\/06\/18\/ihan-vain-kansalaisena\/","og_locale":"fi_FI","og_type":"article","og_title":"Ihan vain yksityishenkil\u00f6n\u00e4 - Yl\u00e4maan kettu","og_description":"Kansanedustaja Olli Immosen (PS) esiintyminen yhteiskuvassa kansallissosialistien kanssa on her\u00e4tt\u00e4nyt kritiikki\u00e4. Perussuomalaisten eduskuntaryhm\u00e4n puheenjohtajan Sampo Terhon mukaan Immosen toimintaan ei puututa. Ei ole puolueen asia, keit\u00e4 Immonen tapaa omalla ajallaan. Kansanedustaja toimi Terh&hellip;","og_url":"https:\/\/suomenkuvalehti.fi\/ylamaan-kettu\/2015\/06\/18\/ihan-vain-kansalaisena\/","og_site_name":"Yl\u00e4maan kettu","article_published_time":"2015-06-18T08:15:10+00:00","author":"Mari K. Niemi","twitter_card":"summary_large_image","twitter_creator":"@https:\/\/twitter.com\/MariKNiemi","twitter_misc":{"Written by":"Mari K. Niemi","Est. reading time":"1 minuutti"},"schema":{"@context":"https:\/\/schema.org","@graph":[{"@type":"WebPage","@id":"https:\/\/suomenkuvalehti.fi\/ylamaan-kettu\/2015\/06\/18\/ihan-vain-kansalaisena\/","url":"https:\/\/suomenkuvalehti.fi\/ylamaan-kettu\/2015\/06\/18\/ihan-vain-kansalaisena\/","name":"Ihan vain yksityishenkil\u00f6n\u00e4 - Yl\u00e4maan kettu","isPartOf":{"@id":"https:\/\/suomenkuvalehti.fi\/ylamaan-kettu\/#website"},"datePublished":"2015-06-18T08:15:10+00:00","author":{"@id":"https:\/\/suomenkuvalehti.fi\/ylamaan-kettu\/#\/schema\/person\/a83f4bd1a8025b8681528ade3b23ecb5"},"breadcrumb":{"@id":"https:\/\/suomenkuvalehti.fi\/ylamaan-kettu\/2015\/06\/18\/ihan-vain-kansalaisena\/#breadcrumb"},"inLanguage":"fi","potentialAction":[{"@type":"ReadAction","target":["https:\/\/suomenkuvalehti.fi\/ylamaan-kettu\/2015\/06\/18\/ihan-vain-kansalaisena\/"]}]},{"@type":"BreadcrumbList","@id":"https:\/\/suomenkuvalehti.fi\/ylamaan-kettu\/2015\/06\/18\/ihan-vain-kansalaisena\/#breadcrumb","itemListElement":[{"@type":"ListItem","position":1,"name":"Home","item":"https:\/\/suomenkuvalehti.fi\/ylamaan-kettu\/"},{"@type":"ListItem","position":2,"name":"Ihan vain yksityishenkil\u00f6n\u00e4"}]},{"@type":"WebSite","@id":"https:\/\/suomenkuvalehti.fi\/ylamaan-kettu\/#website","url":"https:\/\/suomenkuvalehti.fi\/ylamaan-kettu\/","name":"Yl\u00e4maan kettu","description":"Yl\u00e4maan kettu v\u00e4ijyy Ison-Britannian, Ruotsin ja Suomenkin politiikkaa ja mediaa.","potentialAction":[{"@type":"SearchAction","target":{"@type":"EntryPoint","urlTemplate":"https:\/\/suomenkuvalehti.fi\/haku\/?q={search_term_string}"},"query-input":{"@type":"PropertyValueSpecification","valueRequired":true,"valueName":"search_term_string"}}],"inLanguage":"fi"},{"@type":"Person","@id":"https:\/\/suomenkuvalehti.fi\/ylamaan-kettu\/#\/schema\/person\/a83f4bd1a8025b8681528ade3b23ecb5","name":"Mari K. Niemi","image":{"@type":"ImageObject","inLanguage":"fi","@id":"https:\/\/suomenkuvalehti.fi\/ylamaan-kettu\/#\/schema\/person\/image\/","url":"https:\/\/suomenkuvalehti.fi\/ylamaan-kettu\/wp-content\/uploads\/sites\/37\/2015\/04\/Mari_K_Niemi-150x150.jpg","contentUrl":"https:\/\/suomenkuvalehti.fi\/ylamaan-kettu\/wp-content\/uploads\/sites\/37\/2015\/04\/Mari_K_Niemi-150x150.jpg","caption":"Mari K. Niemi"},"description":"Kirjoittaja on poliittiseen viestint\u00e4\u00e4n erikoistunut dosentti ja Innovation and Entrepreneurship InnoLab -tutkimusalustan johtaja Vaasan yliopistossa.","sameAs":["https:\/\/x.com\/https:\/\/twitter.com\/MariKNiemi"]}]}},"_links":{"self":[{"href":"https:\/\/suomenkuvalehti.fi\/ylamaan-kettu\/wp-json\/wp\/v2\/posts\/545","targetHints":{"allow":["GET"]}}],"collection":[{"href":"https:\/\/suomenkuvalehti.fi\/ylamaan-kettu\/wp-json\/wp\/v2\/posts"}],"about":[{"href":"https:\/\/suomenkuvalehti.fi\/ylamaan-kettu\/wp-json\/wp\/v2\/types\/post"}],"author":[{"embeddable":true,"href":"https:\/\/suomenkuvalehti.fi\/ylamaan-kettu\/wp-json\/wp\/v2\/users\/15146"}],"replies":[{"embeddable":true,"href":"https:\/\/suomenkuvalehti.fi\/ylamaan-kettu\/wp-json\/wp\/v2\/comments?post=545"}],"version-history":[{"count":13,"href":"https:\/\/suomenkuvalehti.fi\/ylamaan-kettu\/wp-json\/wp\/v2\/posts\/545\/revisions"}],"predecessor-version":[{"id":608,"href":"https:\/\/suomenkuvalehti.fi\/ylamaan-kettu\/wp-json\/wp\/v2\/posts\/545\/revisions\/608"}],"wp:attachment":[{"href":"https:\/\/suomenkuvalehti.fi\/ylamaan-kettu\/wp-json\/wp\/v2\/media?parent=545"}],"wp:term":[{"taxonomy":"category","embeddable":true,"href":"https:\/\/suomenkuvalehti.fi\/ylamaan-kettu\/wp-json\/wp\/v2\/categories?post=545"},{"taxonomy":"post_tag","embeddable":true,"href":"https:\/\/suomenkuvalehti.fi\/ylamaan-kettu\/wp-json\/wp\/v2\/tags?post=545"}],"curies":[{"name":"wp","href":"https:\/\/api.w.org\/{rel}","templated":true}]}}