{"id":2532,"date":"2017-03-19T19:39:01","date_gmt":"2017-03-19T17:39:01","guid":{"rendered":"https:\/\/suomenkuvalehti.fi\/ylamaan-kettu\/?p=2532"},"modified":"2017-03-19T19:39:01","modified_gmt":"2017-03-19T17:39:01","slug":"parempaa-populismin-kritiikkia","status":"publish","type":"post","link":"https:\/\/suomenkuvalehti.fi\/ylamaan-kettu\/2017\/03\/19\/parempaa-populismin-kritiikkia\/","title":{"rendered":"Parempaa populismin kritiikki\u00e4"},"content":{"rendered":"\n<p>Toimittaja <strong>Yrj\u00f6 Raution<\/strong><a href=\"http:\/\/www.hs.fi\/politiikka\/art-2000005129645.html\"> kirjoitus<\/a> <em>Helsingin Sanomissa<\/em> ja toimittaja <strong>Johanna Korhosen<\/strong> esiintyminen <a href=\"http:\/\/areena.yle.fi\/1-3835593\">Pressiklubissa<\/a> ovat tuoreita esimerkkej\u00e4 voimakkaita mielikuvia hy\u00f6dynt\u00e4v\u00e4st\u00e4, l\u00f6ys\u00e4sti perustellusta populismin kritiikist\u00e4.<\/p>\n\n\n\n<p>Rautio kuvasi uhkakuvia ja pelottelua tihkuvassa kirjoituksessaan fasismin uhkakuville ja pelottelulle rakentuvana aatteena, rinnasti perussuomalaisten puheenjohtajuutta tavoittelevan<strong> Jussi Halla-ahon<\/strong> kannattajineen fasisteihin ja nosti esiin v\u00e4kivallan mahdollisuuden. H\u00e4nen mukaansa perussuomalaiset on siirtym\u00e4ss\u00e4 kohti &#8221;silkkaa pimeytt\u00e4 ja pahuutta&#8221;.<\/p>\n\n\n\n<p>Vaikka valppauteen on syyt\u00e4, Rautio maalasi nyt varsin isolla pensselill\u00e4 ja voimakkaalla tunteella. Halla-ahon ja t\u00e4m\u00e4n kannattajien toimista ja tavoitteista kumpuavia perusteita v\u00e4itteille ei juuri esitetty.<\/p>\n\n\n\n<p>Ehk\u00e4 kirjoittaja luotti siihen, ett\u00e4 lukija oli jo valmiiksi samaa mielt\u00e4?<\/p>\n\n\n\n<p>&nbsp;<\/p>\n\n\n\n<p>Johanna Korhonen puolestaan kuvasi <em>Pressiklubissa<\/em> Jussi Halla-ahon valtaa hamuavana lahkojohtajatyyppin\u00e4, joka ei pid\u00e4 ihmisist\u00e4 ja on politiikassa jostain muusta syyst\u00e4 kuin halusta tehd\u00e4 ihmisille parempaa yhteiskuntaa.<\/p>\n\n\n\n<p>Korhosen kanssa samassa l\u00e4hetyksess\u00e4 esiintynyt toimittaja<strong> Unto H\u00e4m\u00e4l\u00e4inen<\/strong> oikoi ja t\u00e4smensi t\u00e4m\u00e4n k\u00e4sityksi\u00e4 lempe\u00e4ll\u00e4 otteella. H\u00e4n esimerkiksi muistutti Halla-ahon tarkalleen ottaen sanoneen, ettei pid\u00e4 kaikista ihmisist\u00e4.<\/p>\n\n\n\n<p>T\u00e4m\u00e4 voi vaikuttaa joutavalta detaljilta, mutta asiaa kannattaa mietti\u00e4 omakohtaisesti. Mit\u00e4 itsellesi merkitsisi se, ett\u00e4 julkista kritiikki\u00e4 kohdatessasi sinua kuitenkin siteerattaisiin oikein?<\/p>\n\n\n\n<p>Eik\u00e4 kyse ole tietenk\u00e4\u00e4n vain Halla-ahosta, vaan my\u00f6s t\u00e4m\u00e4n kannattajista ja perussuomalaisten puoluev\u00e4est\u00e4. Kritiikki ja arviot on helpompi hyv\u00e4ksy\u00e4, kun faktat ovat kohdallaan.<\/p>\n\n\n\n<p>Johanna Korhonen jatkoi kysym\u00e4ll\u00e4 H\u00e4m\u00e4l\u00e4iselt\u00e4, ketk\u00e4 sitten ovat niit\u00e4 ihmisi\u00e4, joista Halla-aho pit\u00e4\u00e4. H\u00e4m\u00e4l\u00e4inen arvioi Halla-ahon olevan siin\u00e4 suhteessa aika tavallinen ihminen, ett\u00e4 h\u00e4n pit\u00e4\u00e4 \u201dsuunnilleen samoin ajattelevista ihmisist\u00e4, kuin h\u00e4n itse on\u201d.<\/p>\n\n\n\n<p>H\u00e4m\u00e4l\u00e4inen my\u00f6s kielt\u00e4ytyi sitke\u00e4sti p\u00f6yristym\u00e4st\u00e4 Halla-ahosta ja t\u00e4m\u00e4n tekemisist\u00e4, esimerkiksi ratkaisusta ilmoittautua puolueensa johtajakisaan videon v\u00e4lityksell\u00e4.<\/p>\n\n\n\n<p>Samalla h\u00e4n tuli riisuneeksi mystiikkaa Halla-ahon ymp\u00e4rilt\u00e4.<\/p>\n\n\n\n<p>&nbsp;<\/p>\n\n\n\n<p>Olen jututtanut maahanmuuttovastaisten populistipuolueiden kannattajia ja poliitikkoja useissa maissa.<\/p>\n\n\n\n<p>Kokemukseni ja k\u00e4sitykseni mukaan n\u00e4iss\u00e4 puolueissa olevat ovat mukana politiikassa samoista syist\u00e4 kuin muissakin puolueissa toimivat ihmiset.<\/p>\n\n\n\n<p>He ovat tunnistaneet yhteiskunnassa ep\u00e4kohtia, joihin haluavat vaikuttaa. Yleisesti ottaen heid\u00e4n poliittisen toimintansa tavoite on sama kuin muillakin: oman arvomaailmansa mukaisen yhteiskunnan rakentaminen.<\/p>\n\n\n\n<p>T\u00e4m\u00e4n toteaminen ei tietenk\u00e4\u00e4n tarkoita, ettei populistien puheissa ja teoissa olisi paljonkin kritisoitavaa.<\/p>\n\n\n\n<p>Nykyinen populismin kritiikki kuitenkin kompastuu turhan usein l\u00f6ysiin tai virheellisiin v\u00e4itteisiin, liioitteluun, asenteellisuuteen ja uhkakuvien maalailuun \u2013 siis samoihin asioihin, joista populisteja (monesti aiheestakin) syytet\u00e4\u00e4n.<\/p>\n\n\n\n<p>Poliittisessa keskustelussa on melko tavallista esitt\u00e4\u00e4, ett\u00e4 aatteellinen vastapuoli on jonkinlaisen sokean ideologian vallassa eik\u00e4 tosiasiassa edes pyri mink\u00e4\u00e4nlaiseen &#8221;yhteiseen hyv\u00e4\u00e4n&#8221;, kunhan nyt fanaattisesti ajaa asiaansa.<\/p>\n\n\n\n<p>Esimerkiksi feministeill\u00e4 on t\u00e4llaisen huonotasoisen kritiikin vastaanottamisesta runsaasti kokemusta.<\/p>\n\n\n\n<p>&nbsp;<\/p>\n\n\n\n<p>Tasokkaan kritiikin tavoitteena on muutos parempaan, kehittyminen. Sellaisen esitt\u00e4minen edellytt\u00e4\u00e4 kuitenkin huolellista asiaan perehtymist\u00e4. Jos v\u00e4itt\u00e4mi\u00e4 ei perustella tai niiden oikeellisuutta tarkisteta, seurauksena on vain poteroiden syveneminen.<\/p>\n\n\n\n<blockquote class=\"wp-block-quote\"><p>Usein populismin kritiikki ep\u00e4onnistuu siksi,&nbsp; ett\u00e4 se on tarkoitettu l\u00e4hinn\u00e4 samanmielisten ny\u00f6kytelt\u00e4v\u00e4ksi.<\/p><\/blockquote>\n\n\n\n<p>Kun esitetyn kritiikin yleis\u00f6ksi ajatellaan samoin ajattelevat, ei faktojen kanssa ole niin nuukaa. Muutokseen t\u00e4ht\u00e4\u00e4v\u00e4, laajempien yleis\u00f6jen silmiss\u00e4 uskottava kritiikki tarvitsee kuitenkin tuekseen v\u00e4itteit\u00e4 vahvempaa n\u00e4ytt\u00f6\u00e4 ja analyysi\u00e4.<\/p>\n\n\n\n<p>Jotta kirjoitukseni ei j\u00e4isi vain populismin kritiikin kritiikiksi, t\u00e4ss\u00e4 reseptini nykyist\u00e4 tasokkaamman kritiikin tuottamiseen ja rakentavampaan vuorovaikutukseen. Olkaa hyv\u00e4t!<\/p>\n\n\n\n<p>&nbsp;<\/p>\n\n\n\n<p><strong>1. Tee kotil\u00e4ksyt: perehdy, tutustu<\/strong><\/p>\n\n\n\n<p>Viet\u00e4 aikaa kanssasi eri tavalla ajattelevien kanssa.<\/p>\n\n\n\n<p>Jos olet valmis tutustumaan ihmisiin ja olet kiinnostunut heid\u00e4n ajatuksistaan, hekin ovat todenn\u00e4k\u00f6isesti valmiimpia kuulemaan sinua ja vastaamaan kysymyksiisi.<\/p>\n\n\n\n<p>Hyv\u00e4 l\u00e4ht\u00f6kohta vuorovaikutukselle on sen hyv\u00e4ksyminen, ett\u00e4 vaikka juttukaverin maailmankuva poikkeaa omastasi, my\u00f6s h\u00e4n todenn\u00e4k\u00f6isesti ajattelee olevansa hyv\u00e4ll\u00e4 ja oikealla asialla.<\/p>\n\n\n\n<p>Ennen kuin kritisoit, perehdy siihen mit\u00e4 tarkalleen ottaen on esitetty ja miksi. Ota selv\u00e4\u00e4 ja kysy jos et ymm\u00e4rr\u00e4.<\/p>\n\n\n\n<p>&nbsp;<\/p>\n\n\n\n<p><strong>2. Reilu peli: pit\u00e4ydy faktoissa, v\u00e4lt\u00e4 asenteellisuutta<\/strong><\/p>\n\n\n\n<p>Kuten populistit tiet\u00e4v\u00e4t, \u201dvihollisen\u201d osoittaminen on tehokas keino el\u00e4hdytt\u00e4\u00e4 omia, luoda yhteishenke\u00e4 ja saada v\u00e4ki liikkeelle. T\u00e4llaisellekin poliittiselle viestinn\u00e4lle on paikkansa.<\/p>\n\n\n\n<p>Jos tavoitteesi on kuitenkin aidosti haastaa vastapuolen ajattelua ja osoittaa sen virheit\u00e4, kannattaa kritiikki rakentaa tiedon, ei asenteiden varaan.<\/p>\n\n\n\n<p>Asenteellinen kritiikki on helppoa huitaista sivuun &#8211; asenteellisena.<\/p>\n\n\n\n<p>Tunnista omat l\u00e4ht\u00f6kohtasi ja ennakkoluulosi. Ne ohjaavat tulkintojamme varsinkin, jos emme niit\u00e4 itse tunnista.<\/p>\n\n\n\n<p>Kohtele vastapuolta koskevia faktoja kuin toivoisit itse\u00e4si koskevia faktoja kohdeltavan: ilman ylitulkintaa tai tahallista v\u00e4\u00e4rin ymm\u00e4rt\u00e4mist\u00e4.<\/p>\n\n\n\n<p>&nbsp;<\/p>\n\n\n\n<p><strong>3. Tule ulos poterosta: ole valmis muuttumaan<\/strong><\/p>\n\n\n\n<p>Jos vuorovaikutuksen l\u00e4ht\u00f6kohtana on, ett\u00e4 min\u00e4 olen kaikessa oikeassa ja sin\u00e4 kaikin puolin v\u00e4\u00e4r\u00e4ss\u00e4, kummankaan osapuolen ajattelu tai ymm\u00e4rrys tuskin kehittyy.<\/p>\n\n\n\n<p>Avoimin mielin k\u00e4ytyyn vuorovaikutukseen kuuluu, ett\u00e4 rohkenee itsekin j\u00e4tt\u00e4m\u00e4\u00e4n oven auki muutokselle. Oletko valmis muuttamaan mielt\u00e4si tai k\u00e4sityksi\u00e4si joiltain osin, jos perusteltua aihetta ilmenee?<\/p>\n\n\n\n<p>Avoimuuden ja asenteettomuuden t\u00e4rkeytt\u00e4 voi tunnustella miettim\u00e4ll\u00e4, millaisessa vuorovaikutustilanteessa ja millaiselta keskustelukumppanilta itse on valmis ottamaan vastaan&nbsp; palautetta ja oppimaan.<\/p>\n\n\n\n<p>&nbsp;<\/p>\n\n\n\n<p>&nbsp;<\/p>\n\n\n","protected":false},"excerpt":{"rendered":"<p>Usein populismin kritiikki ep\u00e4onnistuu siksi,  ett\u00e4 se on tarkoitettu l\u00e4hinn\u00e4 samoin ajattelevien ny\u00f6kytelt\u00e4v\u00e4ksi.<\/p>\n","protected":false},"author":15146,"featured_media":0,"comment_status":"open","ping_status":"open","sticky":false,"template":"","format":"standard","meta":{"_acf_changed":false,"asauth_required_access_level":3,"asauth_cansharepaid":"true","om_header_attributes":[],"footnotes":"","om_featured_image_focal_point":[],"om_primary_tag":0,"om_contributors":[],"om_co_authors":[],"beyondwords_generate_audio":"","beyondwords_project_id":"","beyondwords_content_id":"","beyondwords_preview_token":"","beyondwords_player_content":"","beyondwords_player_style":"","beyondwords_language_code":"","beyondwords_language_id":"","beyondwords_title_voice_id":"","beyondwords_body_voice_id":"","beyondwords_summary_voice_id":"","beyondwords_error_message":"","beyondwords_disabled":"","beyondwords_delete_content":"","beyondwords_podcast_id":"","beyondwords_hash":"","publish_post_to_speechkit":"","speechkit_hash":"","speechkit_generate_audio":"","speechkit_project_id":"","speechkit_podcast_id":"","speechkit_error_message":"","speechkit_disabled":"","speechkit_access_key":"","speechkit_error":"","speechkit_info":"","speechkit_response":"","speechkit_retries":"","speechkit_status":"","speechkit_updated_at":"","_speechkit_link":"","_speechkit_text":""},"categories":[2],"tags":[447,379,442,72,256,55,70,443,444,446],"class_list":["post-2532","post","type-post","status-publish","format-standard","hentry","category-ylamaan-kettu","tag-fasismi","tag-feminismi","tag-johanna-korhonen","tag-jussi-halla-aho","tag-kritiikki","tag-perussuomalaiset","tag-populismi","tag-pressiklubi","tag-unto-hamalainen","tag-yrjo-rautio"],"om_views":null,"acf":{"tuuma_off":false,"tuuma_kysymys":"","tuuma_vastaus":""},"asauth":{"required_access_level":1,"share_token":"","is_paid":false},"yoast_head":"<!-- This site is optimized with the Yoast SEO plugin v26.4 - https:\/\/yoast.com\/wordpress\/plugins\/seo\/ -->\n<title>Parempaa populismin kritiikki\u00e4 - Yl\u00e4maan kettu<\/title>\n<meta name=\"robots\" content=\"index, follow, max-snippet:-1, max-image-preview:large, max-video-preview:-1\" \/>\n<link rel=\"canonical\" href=\"https:\/\/suomenkuvalehti.fi\/ylamaan-kettu\/2017\/03\/19\/parempaa-populismin-kritiikkia\/\" \/>\n<meta property=\"og:locale\" content=\"fi_FI\" \/>\n<meta property=\"og:type\" content=\"article\" \/>\n<meta property=\"og:title\" content=\"Parempaa populismin kritiikki\u00e4 - Yl\u00e4maan kettu\" \/>\n<meta property=\"og:description\" content=\"Usein populismin kritiikki ep\u00e4onnistuu siksi, ett\u00e4 se on tarkoitettu l\u00e4hinn\u00e4 samoin ajattelevien ny\u00f6kytelt\u00e4v\u00e4ksi.\" \/>\n<meta property=\"og:url\" content=\"https:\/\/suomenkuvalehti.fi\/ylamaan-kettu\/2017\/03\/19\/parempaa-populismin-kritiikkia\/\" \/>\n<meta property=\"og:site_name\" content=\"Yl\u00e4maan kettu\" \/>\n<meta property=\"article:published_time\" content=\"2017-03-19T17:39:01+00:00\" \/>\n<meta name=\"author\" content=\"Mari K. Niemi\" \/>\n<meta name=\"twitter:card\" content=\"summary_large_image\" \/>\n<meta name=\"twitter:creator\" content=\"@https:\/\/twitter.com\/MariKNiemi\" \/>\n<meta name=\"twitter:label1\" content=\"Written by\" \/>\n\t<meta name=\"twitter:data1\" content=\"Mari K. Niemi\" \/>\n\t<meta name=\"twitter:label2\" content=\"Est. reading time\" \/>\n\t<meta name=\"twitter:data2\" content=\"4 minuuttia\" \/>\n<script type=\"application\/ld+json\" class=\"yoast-schema-graph\">{\"@context\":\"https:\/\/schema.org\",\"@graph\":[{\"@type\":\"WebPage\",\"@id\":\"https:\/\/suomenkuvalehti.fi\/ylamaan-kettu\/2017\/03\/19\/parempaa-populismin-kritiikkia\/\",\"url\":\"https:\/\/suomenkuvalehti.fi\/ylamaan-kettu\/2017\/03\/19\/parempaa-populismin-kritiikkia\/\",\"name\":\"Parempaa populismin kritiikki\u00e4 - Yl\u00e4maan kettu\",\"isPartOf\":{\"@id\":\"https:\/\/suomenkuvalehti.fi\/ylamaan-kettu\/#website\"},\"datePublished\":\"2017-03-19T17:39:01+00:00\",\"author\":{\"@id\":\"https:\/\/suomenkuvalehti.fi\/ylamaan-kettu\/#\/schema\/person\/a83f4bd1a8025b8681528ade3b23ecb5\"},\"breadcrumb\":{\"@id\":\"https:\/\/suomenkuvalehti.fi\/ylamaan-kettu\/2017\/03\/19\/parempaa-populismin-kritiikkia\/#breadcrumb\"},\"inLanguage\":\"fi\",\"potentialAction\":[{\"@type\":\"ReadAction\",\"target\":[\"https:\/\/suomenkuvalehti.fi\/ylamaan-kettu\/2017\/03\/19\/parempaa-populismin-kritiikkia\/\"]}]},{\"@type\":\"BreadcrumbList\",\"@id\":\"https:\/\/suomenkuvalehti.fi\/ylamaan-kettu\/2017\/03\/19\/parempaa-populismin-kritiikkia\/#breadcrumb\",\"itemListElement\":[{\"@type\":\"ListItem\",\"position\":1,\"name\":\"Home\",\"item\":\"https:\/\/suomenkuvalehti.fi\/ylamaan-kettu\/\"},{\"@type\":\"ListItem\",\"position\":2,\"name\":\"Parempaa populismin kritiikki\u00e4\"}]},{\"@type\":\"WebSite\",\"@id\":\"https:\/\/suomenkuvalehti.fi\/ylamaan-kettu\/#website\",\"url\":\"https:\/\/suomenkuvalehti.fi\/ylamaan-kettu\/\",\"name\":\"Yl\u00e4maan kettu\",\"description\":\"Yl\u00e4maan kettu v\u00e4ijyy Ison-Britannian, Ruotsin ja Suomenkin politiikkaa ja mediaa.\",\"potentialAction\":[{\"@type\":\"SearchAction\",\"target\":{\"@type\":\"EntryPoint\",\"urlTemplate\":\"https:\/\/suomenkuvalehti.fi\/haku\/?q={search_term_string}\"},\"query-input\":{\"@type\":\"PropertyValueSpecification\",\"valueRequired\":true,\"valueName\":\"search_term_string\"}}],\"inLanguage\":\"fi\"},{\"@type\":\"Person\",\"@id\":\"https:\/\/suomenkuvalehti.fi\/ylamaan-kettu\/#\/schema\/person\/a83f4bd1a8025b8681528ade3b23ecb5\",\"name\":\"Mari K. Niemi\",\"image\":{\"@type\":\"ImageObject\",\"inLanguage\":\"fi\",\"@id\":\"https:\/\/suomenkuvalehti.fi\/ylamaan-kettu\/#\/schema\/person\/image\/\",\"url\":\"https:\/\/suomenkuvalehti.fi\/ylamaan-kettu\/wp-content\/uploads\/sites\/37\/2015\/04\/Mari_K_Niemi-150x150.jpg\",\"contentUrl\":\"https:\/\/suomenkuvalehti.fi\/ylamaan-kettu\/wp-content\/uploads\/sites\/37\/2015\/04\/Mari_K_Niemi-150x150.jpg\",\"caption\":\"Mari K. Niemi\"},\"description\":\"Kirjoittaja on poliittiseen viestint\u00e4\u00e4n erikoistunut dosentti ja Innovation and Entrepreneurship InnoLab -tutkimusalustan johtaja Vaasan yliopistossa.\",\"sameAs\":[\"https:\/\/x.com\/https:\/\/twitter.com\/MariKNiemi\"]}]}<\/script>\n<!-- \/ Yoast SEO plugin. -->","yoast_head_json":{"title":"Parempaa populismin kritiikki\u00e4 - Yl\u00e4maan kettu","robots":{"index":"index","follow":"follow","max-snippet":"max-snippet:-1","max-image-preview":"max-image-preview:large","max-video-preview":"max-video-preview:-1"},"canonical":"https:\/\/suomenkuvalehti.fi\/ylamaan-kettu\/2017\/03\/19\/parempaa-populismin-kritiikkia\/","og_locale":"fi_FI","og_type":"article","og_title":"Parempaa populismin kritiikki\u00e4 - Yl\u00e4maan kettu","og_description":"Usein populismin kritiikki ep\u00e4onnistuu siksi, ett\u00e4 se on tarkoitettu l\u00e4hinn\u00e4 samoin ajattelevien ny\u00f6kytelt\u00e4v\u00e4ksi.","og_url":"https:\/\/suomenkuvalehti.fi\/ylamaan-kettu\/2017\/03\/19\/parempaa-populismin-kritiikkia\/","og_site_name":"Yl\u00e4maan kettu","article_published_time":"2017-03-19T17:39:01+00:00","author":"Mari K. Niemi","twitter_card":"summary_large_image","twitter_creator":"@https:\/\/twitter.com\/MariKNiemi","twitter_misc":{"Written by":"Mari K. Niemi","Est. reading time":"4 minuuttia"},"schema":{"@context":"https:\/\/schema.org","@graph":[{"@type":"WebPage","@id":"https:\/\/suomenkuvalehti.fi\/ylamaan-kettu\/2017\/03\/19\/parempaa-populismin-kritiikkia\/","url":"https:\/\/suomenkuvalehti.fi\/ylamaan-kettu\/2017\/03\/19\/parempaa-populismin-kritiikkia\/","name":"Parempaa populismin kritiikki\u00e4 - Yl\u00e4maan kettu","isPartOf":{"@id":"https:\/\/suomenkuvalehti.fi\/ylamaan-kettu\/#website"},"datePublished":"2017-03-19T17:39:01+00:00","author":{"@id":"https:\/\/suomenkuvalehti.fi\/ylamaan-kettu\/#\/schema\/person\/a83f4bd1a8025b8681528ade3b23ecb5"},"breadcrumb":{"@id":"https:\/\/suomenkuvalehti.fi\/ylamaan-kettu\/2017\/03\/19\/parempaa-populismin-kritiikkia\/#breadcrumb"},"inLanguage":"fi","potentialAction":[{"@type":"ReadAction","target":["https:\/\/suomenkuvalehti.fi\/ylamaan-kettu\/2017\/03\/19\/parempaa-populismin-kritiikkia\/"]}]},{"@type":"BreadcrumbList","@id":"https:\/\/suomenkuvalehti.fi\/ylamaan-kettu\/2017\/03\/19\/parempaa-populismin-kritiikkia\/#breadcrumb","itemListElement":[{"@type":"ListItem","position":1,"name":"Home","item":"https:\/\/suomenkuvalehti.fi\/ylamaan-kettu\/"},{"@type":"ListItem","position":2,"name":"Parempaa populismin kritiikki\u00e4"}]},{"@type":"WebSite","@id":"https:\/\/suomenkuvalehti.fi\/ylamaan-kettu\/#website","url":"https:\/\/suomenkuvalehti.fi\/ylamaan-kettu\/","name":"Yl\u00e4maan kettu","description":"Yl\u00e4maan kettu v\u00e4ijyy Ison-Britannian, Ruotsin ja Suomenkin politiikkaa ja mediaa.","potentialAction":[{"@type":"SearchAction","target":{"@type":"EntryPoint","urlTemplate":"https:\/\/suomenkuvalehti.fi\/haku\/?q={search_term_string}"},"query-input":{"@type":"PropertyValueSpecification","valueRequired":true,"valueName":"search_term_string"}}],"inLanguage":"fi"},{"@type":"Person","@id":"https:\/\/suomenkuvalehti.fi\/ylamaan-kettu\/#\/schema\/person\/a83f4bd1a8025b8681528ade3b23ecb5","name":"Mari K. Niemi","image":{"@type":"ImageObject","inLanguage":"fi","@id":"https:\/\/suomenkuvalehti.fi\/ylamaan-kettu\/#\/schema\/person\/image\/","url":"https:\/\/suomenkuvalehti.fi\/ylamaan-kettu\/wp-content\/uploads\/sites\/37\/2015\/04\/Mari_K_Niemi-150x150.jpg","contentUrl":"https:\/\/suomenkuvalehti.fi\/ylamaan-kettu\/wp-content\/uploads\/sites\/37\/2015\/04\/Mari_K_Niemi-150x150.jpg","caption":"Mari K. Niemi"},"description":"Kirjoittaja on poliittiseen viestint\u00e4\u00e4n erikoistunut dosentti ja Innovation and Entrepreneurship InnoLab -tutkimusalustan johtaja Vaasan yliopistossa.","sameAs":["https:\/\/x.com\/https:\/\/twitter.com\/MariKNiemi"]}]}},"_links":{"self":[{"href":"https:\/\/suomenkuvalehti.fi\/ylamaan-kettu\/wp-json\/wp\/v2\/posts\/2532","targetHints":{"allow":["GET"]}}],"collection":[{"href":"https:\/\/suomenkuvalehti.fi\/ylamaan-kettu\/wp-json\/wp\/v2\/posts"}],"about":[{"href":"https:\/\/suomenkuvalehti.fi\/ylamaan-kettu\/wp-json\/wp\/v2\/types\/post"}],"author":[{"embeddable":true,"href":"https:\/\/suomenkuvalehti.fi\/ylamaan-kettu\/wp-json\/wp\/v2\/users\/15146"}],"replies":[{"embeddable":true,"href":"https:\/\/suomenkuvalehti.fi\/ylamaan-kettu\/wp-json\/wp\/v2\/comments?post=2532"}],"version-history":[{"count":33,"href":"https:\/\/suomenkuvalehti.fi\/ylamaan-kettu\/wp-json\/wp\/v2\/posts\/2532\/revisions"}],"predecessor-version":[{"id":2589,"href":"https:\/\/suomenkuvalehti.fi\/ylamaan-kettu\/wp-json\/wp\/v2\/posts\/2532\/revisions\/2589"}],"wp:attachment":[{"href":"https:\/\/suomenkuvalehti.fi\/ylamaan-kettu\/wp-json\/wp\/v2\/media?parent=2532"}],"wp:term":[{"taxonomy":"category","embeddable":true,"href":"https:\/\/suomenkuvalehti.fi\/ylamaan-kettu\/wp-json\/wp\/v2\/categories?post=2532"},{"taxonomy":"post_tag","embeddable":true,"href":"https:\/\/suomenkuvalehti.fi\/ylamaan-kettu\/wp-json\/wp\/v2\/tags?post=2532"}],"curies":[{"name":"wp","href":"https:\/\/api.w.org\/{rel}","templated":true}]}}