{"id":62,"date":"2013-11-12T13:40:02","date_gmt":"2013-11-12T11:40:02","guid":{"rendered":"https:\/\/suomenkuvalehti.fi\/ykkosketju\/2013\/11\/12\/supervalta-lappu-luukulla\/"},"modified":"2013-11-30T10:33:06","modified_gmt":"2013-11-30T08:33:06","slug":"supervalta-lappu-luukulla","status":"publish","type":"post","link":"https:\/\/suomenkuvalehti.fi\/ykkosketju\/supervalta-lappu-luukulla\/","title":{"rendered":"Supervalta lappu luukulla"},"content":{"rendered":"\n<p>T\u00e4m\u00e4n syksyn merkillisimpi\u00e4 tapahtumia on Yhdysvalloissa liittovaltion virastojen v\u00e4liaikainen sulkeminen 1. lokakuuta. Kyseess\u00e4 ei ollut mik\u00e4\u00e4n lakko tai ty\u00f6sulku vaan valtion rahoituksen loppuminen.<\/p>\n\n\n\n<p>Kongressi ei kyennyt tekem\u00e4\u00e4n p\u00e4\u00e4t\u00f6st\u00e4 liittovaltion uudesta tulo- ja menoarviosta, joten valtion kassa oli l\u00e4hes tyhj\u00e4. Liittovaltion varainhoitovuosi alkaa lokakuun alusta ja p\u00e4\u00e4ttyy syyskuun lopussa.<\/p>\n\n\n\n<p>Jo useana vuonna on k\u00e4ynyt niin, ett\u00e4 uudesta budjetista ei ole aikaansaatu p\u00e4\u00e4t\u00f6st\u00e4 ajoissa, jolloin valtio on toiminut edellisen vuoden budjetin pohjalta. Nyt sek\u00e4\u00e4n ei ollut mahdollista, koska liittohallituksella ei ollut valtuuksia valtion velan lis\u00e4\u00e4miseen ja ilman sit\u00e4 eiv\u00e4t rahat riitt\u00e4neet.<\/p>\n\n\n\n<p>N\u00f6yryytt\u00e4v\u00e4 kokemus supervallalle ja isku sen arvovallalle, mutta sit\u00e4 eiv\u00e4t kiihkomieliset <strong>Obaman<\/strong> hallinnon vastustajat ajatelleet.<\/p>\n\n\n\n<h3 class=\"wp-block-heading\">Erilaisten maailmankatsomusten t\u00f6rm\u00e4ys<\/h3>\n\n\n\n<p>Koko tapahtumasarja kuvastaa havainnollisesti Yhdysvaltojen sis\u00e4politiikan sekasortoista tilaa. Sen takana on sek\u00e4 vaalitaktista juonittelua ett\u00e4 aitoja ideologisia n\u00e4kemyseroja, suorastaan erilaisia maailmankatsomuksia.<\/p>\n\n\n\n<p>Ideologinen perusristiriita ei ole uusi, mutta tapa suhtautua siihen on vaihdellut. Miss\u00e4 ovat liittovaltion vallank\u00e4yt\u00f6n rajat ja mitk\u00e4 asiat kuuluvat osavaltiolle &#8211; siin\u00e4 on asian ydin.<\/p>\n\n\n\n<p>Vahva liittovaltio, jolla on my\u00f6s laaja vastuu kansalaisten hyvinvoinnista on jo kauan ollut demokraattien tavoite. Se edellytt\u00e4\u00e4 tietenkin riitt\u00e4vi\u00e4 verotuloja. Viime vuosien taloudellinen laskukausi on v\u00e4hent\u00e4nyt verotuloja samalla kun sosiaalimenot ovat kasvaneet. Se on osasyy &#8211; Afganistanin ja Irakin sotatoimien ohella &#8211; siihen, ett\u00e4 liittovaltio on velkaantunut raskaasti.<\/p>\n\n\n\n<p>Republikaanit tai ainakin puolueen oikea laita ovat sit\u00e4 mielt\u00e4, ett\u00e4 liittovaltion olisi toimittava vain verotuloillaan olivatpa suhdanteet hyv\u00e4t tai huonot. Demokraatit uskovat enemm\u00e4n eurooppalaistyyppiseen budjettitalouteen, jossa &#8211; ainakin periaatteessa &#8211; laskusuhdanteessa lainataan ja noususuhdanteessa maksetaan lainat pois.<\/p>\n\n\n\n<p>N\u00e4kemysero on k\u00e4rjistynyt \u00e4\u00e4rimmilleen osittain my\u00f6s siit\u00e4 syyst\u00e4, ett\u00e4 poliittinen prosessi on suistunut raiteiltaan. Se puolue, jolla kulloinkin on enemmist\u00f6 osavaltiossa saattaa enemmist\u00f6p\u00e4\u00e4t\u00f6ksell\u00e4 muuttaa sis\u00e4isten vaalipiirien rajoja mielin m\u00e4\u00e4rin.<\/p>\n\n\n\n<h3 class=\"wp-block-heading\">Valintaprosessi on vinoutunut<\/h3>\n\n\n\n<p>Vaalipiirej\u00e4 on koko maassa yht\u00e4 monta kuin on edustajia kongressin edustajainhuoneessa eli 435. N\u00e4in luodaan vaalipiirej\u00e4, jotka takaavat omalle ehdokkaalle varman l\u00e4pimenon. Viis siit\u00e4 jos vaalipiiri n\u00e4ytt\u00e4\u00e4 kartalla enemm\u00e4n mustekalalta lonkeroineen kuin geometrisesti jotenkin johdonmukaiselta kokonaisuudelta.<\/p>\n\n\n\n<p>N\u00e4in p\u00e4\u00e4dyt\u00e4\u00e4n tilanteeseen, jossa todellista kilpailua demokraattien ja republikaanien ehdokkaiden v\u00e4lill\u00e4 k\u00e4yd\u00e4\u00e4n vain noin sadasta paikasta. T\u00e4m\u00e4 kilpailu toistuu joka toinen vuosi, sill\u00e4 edustajainhuoneen vaalikausi on vain kahden vuoden mittainen.<\/p>\n\n\n\n<p>Ehdokkaat asetetaan puolueiden esivaaleissa. \u00c4\u00e4nioikeuttaan esivaaleissa k\u00e4ytt\u00e4\u00e4 vain pieni osa amerikkalaisista. Kun l\u00e4hes kaikissa vaalipiireiss\u00e4 on vain kaksi puoluetta, niin ehdokkaitakin on esivaalin j\u00e4lkeen kaksi. N\u00e4in hyvin harvat p\u00e4\u00e4tt\u00e4v\u00e4t siit\u00e4, ketk\u00e4 tulevat k\u00e4yt\u00e4nn\u00f6ss\u00e4 valituiksi.<\/p>\n\n\n\n<p>Esivaaleihin osallistuvat ovat muita useammin puolueensa \u00e4\u00e4rilaitojen kannattajia. Se vinouttaa koko valintaprosessin niin, ett\u00e4 valituiksi tulee paljon jyrkkien mielipiteiden edustajia.<\/p>\n\n\n\n<p>\u00c4\u00e4nestysvilkkaus varsinaisissa kongressivaaleissa riippuu my\u00f6s paljon \u00e4\u00e4nioikeutettujen yhteiskunnallisesta asemasta. Ylimmiss\u00e4 tuloluokissa \u00e4\u00e4nestysprosentti on usein yli 80, alimmissa tuskin puoltakaan siit\u00e4. Voidakseen \u00e4\u00e4nest\u00e4\u00e4 pit\u00e4\u00e4 \u00e4\u00e4nioikeutettujen rekister\u00f6ity\u00e4 ennalta. T\u00e4m\u00e4 on tarpeen maassa, jossa v\u00e4est\u00f6kirjanpitoa ei ole samassa mieless\u00e4 kuin useimmissa Euroopan maissa.<\/p>\n\n\n\n<p>Rekister\u00f6ityminen vaatii aktiivista poliittista harrastusta, ja sekin karsii \u00e4\u00e4nioikeuttaan k\u00e4ytt\u00e4vien m\u00e4\u00e4r\u00e4\u00e4. Kun viel\u00e4 vaalirahoituksen s\u00e4\u00e4nn\u00f6t ovat nykyisin hyvin l\u00f6yh\u00e4t, raha ratkaisee entist\u00e4kin useammin.<\/p>\n\n\n\n<h3 class=\"wp-block-heading\">Miss\u00e4 kompromissit?<\/h3>\n\n\n\n<p>J\u00e4rjestelm\u00e4 on jo kauan ollut t\u00e4llainen, mutta voimakkaiden ideologisten ristiriitojen aikana sen kielteiset piirteet vahvistuvat. Kaikissa kansanedustuslaitoksissa tarvitaan my\u00f6s kompromisseja.  \u00c4\u00e4rimmilleen k\u00e4rjistyneiss\u00e4 oloissa niit\u00e4 ei kyet\u00e4 aikaansaamaan. Lopputulos saattaa olla &#8211; kuten 1. lokakuuta &#8211; valtiokoneiston halvaantuminen.<\/p>\n\n\n\n<p>Supervalta lappu luukulla &#8211; se on muullekin maailmalle pelottava n\u00e4kym\u00e4.<\/p>\n\n\n","protected":false},"excerpt":{"rendered":"<p>T\u00e4m\u00e4n syksyn merkillisimpi\u00e4 tapahtumia on Yhdysvalloissa liittovaltion virastojen v\u00e4liaikainen sulkeminen 1. lokakuuta. Kyseess\u00e4 ei ollut mik\u00e4\u00e4n lakko tai ty\u00f6sulku vaan valtion rahoituksen loppuminen. Kongressi ei kyennyt tekem\u00e4\u00e4n p\u00e4\u00e4t\u00f6st\u00e4 liittovaltion uudesta tulo- ja menoarviosta, joten<br \/>\nvaltion kassa&hellip;<\/p>\n","protected":false},"author":109,"featured_media":0,"comment_status":"open","ping_status":"open","sticky":false,"template":"","format":"standard","meta":{"_acf_changed":false,"asauth_required_access_level":0,"asauth_cansharepaid":"","om_header_attributes":[],"footnotes":"","om_featured_image_focal_point":[],"om_primary_tag":0,"om_contributors":[],"om_co_authors":[],"beyondwords_generate_audio":"","beyondwords_project_id":"","beyondwords_content_id":"","beyondwords_preview_token":"","beyondwords_player_content":"","beyondwords_player_style":"","beyondwords_language_code":"","beyondwords_language_id":"","beyondwords_title_voice_id":"","beyondwords_body_voice_id":"","beyondwords_summary_voice_id":"","beyondwords_error_message":"","beyondwords_disabled":"","beyondwords_delete_content":"","beyondwords_podcast_id":"","beyondwords_hash":"","publish_post_to_speechkit":"","speechkit_hash":"","speechkit_generate_audio":"","speechkit_project_id":"","speechkit_podcast_id":"","speechkit_error_message":"","speechkit_disabled":"","speechkit_access_key":"","speechkit_error":"","speechkit_info":"","speechkit_response":"","speechkit_retries":"","speechkit_status":"","speechkit_updated_at":"","_speechkit_link":"","_speechkit_text":""},"categories":[180],"tags":[171,163],"class_list":["post-62","post","type-post","status-publish","format-standard","hentry","category-jaakko-iloniemi","tag-liittovaltion-sulkeminen","tag-yhdysvallat"],"om_views":null,"acf":{"tuuma_off":false,"tuuma_kysymys":"","tuuma_vastaus":""},"asauth":{"required_access_level":1,"share_token":"","is_paid":false},"yoast_head":"<!-- This site is optimized with the Yoast SEO plugin v26.4 - https:\/\/yoast.com\/wordpress\/plugins\/seo\/ -->\n<title>Supervalta lappu luukulla - Ykk\u00f6sketju<\/title>\n<meta name=\"robots\" content=\"index, follow, max-snippet:-1, max-image-preview:large, max-video-preview:-1\" \/>\n<link rel=\"canonical\" href=\"https:\/\/suomenkuvalehti.fi\/ykkosketju\/supervalta-lappu-luukulla\/\" \/>\n<meta property=\"og:locale\" content=\"fi_FI\" \/>\n<meta property=\"og:type\" content=\"article\" \/>\n<meta property=\"og:title\" content=\"Supervalta lappu luukulla - Ykk\u00f6sketju\" \/>\n<meta property=\"og:description\" content=\"T\u00e4m\u00e4n syksyn merkillisimpi\u00e4 tapahtumia on Yhdysvalloissa liittovaltion virastojen v\u00e4liaikainen sulkeminen 1. lokakuuta. Kyseess\u00e4 ei ollut mik\u00e4\u00e4n lakko tai ty\u00f6sulku vaan valtion rahoituksen loppuminen. Kongressi ei kyennyt tekem\u00e4\u00e4n p\u00e4\u00e4t\u00f6st\u00e4 liittovaltion uudesta tulo- ja menoarviosta, joten valtion kassa&hellip;\" \/>\n<meta property=\"og:url\" content=\"https:\/\/suomenkuvalehti.fi\/ykkosketju\/supervalta-lappu-luukulla\/\" \/>\n<meta property=\"og:site_name\" content=\"Ykk\u00f6sketju\" \/>\n<meta property=\"article:published_time\" content=\"2013-11-12T11:40:02+00:00\" \/>\n<meta property=\"article:modified_time\" content=\"2013-11-30T08:33:06+00:00\" \/>\n<meta name=\"author\" content=\"Jaakko Iloniemi\" \/>\n<meta name=\"twitter:label1\" content=\"Written by\" \/>\n\t<meta name=\"twitter:data1\" content=\"Jaakko Iloniemi\" \/>\n\t<meta name=\"twitter:label2\" content=\"Est. reading time\" \/>\n\t<meta name=\"twitter:data2\" content=\"3 minuuttia\" \/>\n<script type=\"application\/ld+json\" class=\"yoast-schema-graph\">{\"@context\":\"https:\/\/schema.org\",\"@graph\":[{\"@type\":\"WebPage\",\"@id\":\"https:\/\/suomenkuvalehti.fi\/ykkosketju\/supervalta-lappu-luukulla\/\",\"url\":\"https:\/\/suomenkuvalehti.fi\/ykkosketju\/supervalta-lappu-luukulla\/\",\"name\":\"Supervalta lappu luukulla - Ykk\u00f6sketju\",\"isPartOf\":{\"@id\":\"https:\/\/suomenkuvalehti.fi\/ykkosketju\/#website\"},\"datePublished\":\"2013-11-12T11:40:02+00:00\",\"dateModified\":\"2013-11-30T08:33:06+00:00\",\"author\":{\"@id\":\"https:\/\/suomenkuvalehti.fi\/ykkosketju\/#\/schema\/person\/0957cc92bd2fe13d526dd5c4752e7484\"},\"breadcrumb\":{\"@id\":\"https:\/\/suomenkuvalehti.fi\/ykkosketju\/supervalta-lappu-luukulla\/#breadcrumb\"},\"inLanguage\":\"fi\",\"potentialAction\":[{\"@type\":\"ReadAction\",\"target\":[\"https:\/\/suomenkuvalehti.fi\/ykkosketju\/supervalta-lappu-luukulla\/\"]}]},{\"@type\":\"BreadcrumbList\",\"@id\":\"https:\/\/suomenkuvalehti.fi\/ykkosketju\/supervalta-lappu-luukulla\/#breadcrumb\",\"itemListElement\":[{\"@type\":\"ListItem\",\"position\":1,\"name\":\"Home\",\"item\":\"https:\/\/suomenkuvalehti.fi\/ykkosketju\/\"},{\"@type\":\"ListItem\",\"position\":2,\"name\":\"Supervalta lappu luukulla\"}]},{\"@type\":\"WebSite\",\"@id\":\"https:\/\/suomenkuvalehti.fi\/ykkosketju\/#website\",\"url\":\"https:\/\/suomenkuvalehti.fi\/ykkosketju\/\",\"name\":\"Ykk\u00f6sketju\",\"description\":\"Joukko valtakunnan viisaita kommentoi maailman menoa.\",\"potentialAction\":[{\"@type\":\"SearchAction\",\"target\":{\"@type\":\"EntryPoint\",\"urlTemplate\":\"https:\/\/suomenkuvalehti.fi\/haku\/?q={search_term_string}\"},\"query-input\":{\"@type\":\"PropertyValueSpecification\",\"valueRequired\":true,\"valueName\":\"search_term_string\"}}],\"inLanguage\":\"fi\"},{\"@type\":\"Person\",\"@id\":\"https:\/\/suomenkuvalehti.fi\/ykkosketju\/#\/schema\/person\/0957cc92bd2fe13d526dd5c4752e7484\",\"name\":\"Jaakko Iloniemi\",\"image\":{\"@type\":\"ImageObject\",\"inLanguage\":\"fi\",\"@id\":\"https:\/\/suomenkuvalehti.fi\/ykkosketju\/#\/schema\/person\/image\/\",\"url\":\"https:\/\/suomenkuvalehti.fi\/ykkosketju\/wp-content\/uploads\/sites\/15\/2013\/12\/Jaakko-IloniemiMV400px-1-150x150.jpg\",\"contentUrl\":\"https:\/\/suomenkuvalehti.fi\/ykkosketju\/wp-content\/uploads\/sites\/15\/2013\/12\/Jaakko-IloniemiMV400px-1-150x150.jpg\",\"caption\":\"Jaakko Iloniemi\"},\"description\":\"Kirjoittaja on ministeri\"}]}<\/script>\n<!-- \/ Yoast SEO plugin. -->","yoast_head_json":{"title":"Supervalta lappu luukulla - Ykk\u00f6sketju","robots":{"index":"index","follow":"follow","max-snippet":"max-snippet:-1","max-image-preview":"max-image-preview:large","max-video-preview":"max-video-preview:-1"},"canonical":"https:\/\/suomenkuvalehti.fi\/ykkosketju\/supervalta-lappu-luukulla\/","og_locale":"fi_FI","og_type":"article","og_title":"Supervalta lappu luukulla - Ykk\u00f6sketju","og_description":"T\u00e4m\u00e4n syksyn merkillisimpi\u00e4 tapahtumia on Yhdysvalloissa liittovaltion virastojen v\u00e4liaikainen sulkeminen 1. lokakuuta. Kyseess\u00e4 ei ollut mik\u00e4\u00e4n lakko tai ty\u00f6sulku vaan valtion rahoituksen loppuminen. Kongressi ei kyennyt tekem\u00e4\u00e4n p\u00e4\u00e4t\u00f6st\u00e4 liittovaltion uudesta tulo- ja menoarviosta, joten valtion kassa&hellip;","og_url":"https:\/\/suomenkuvalehti.fi\/ykkosketju\/supervalta-lappu-luukulla\/","og_site_name":"Ykk\u00f6sketju","article_published_time":"2013-11-12T11:40:02+00:00","article_modified_time":"2013-11-30T08:33:06+00:00","author":"Jaakko Iloniemi","twitter_misc":{"Written by":"Jaakko Iloniemi","Est. reading time":"3 minuuttia"},"schema":{"@context":"https:\/\/schema.org","@graph":[{"@type":"WebPage","@id":"https:\/\/suomenkuvalehti.fi\/ykkosketju\/supervalta-lappu-luukulla\/","url":"https:\/\/suomenkuvalehti.fi\/ykkosketju\/supervalta-lappu-luukulla\/","name":"Supervalta lappu luukulla - Ykk\u00f6sketju","isPartOf":{"@id":"https:\/\/suomenkuvalehti.fi\/ykkosketju\/#website"},"datePublished":"2013-11-12T11:40:02+00:00","dateModified":"2013-11-30T08:33:06+00:00","author":{"@id":"https:\/\/suomenkuvalehti.fi\/ykkosketju\/#\/schema\/person\/0957cc92bd2fe13d526dd5c4752e7484"},"breadcrumb":{"@id":"https:\/\/suomenkuvalehti.fi\/ykkosketju\/supervalta-lappu-luukulla\/#breadcrumb"},"inLanguage":"fi","potentialAction":[{"@type":"ReadAction","target":["https:\/\/suomenkuvalehti.fi\/ykkosketju\/supervalta-lappu-luukulla\/"]}]},{"@type":"BreadcrumbList","@id":"https:\/\/suomenkuvalehti.fi\/ykkosketju\/supervalta-lappu-luukulla\/#breadcrumb","itemListElement":[{"@type":"ListItem","position":1,"name":"Home","item":"https:\/\/suomenkuvalehti.fi\/ykkosketju\/"},{"@type":"ListItem","position":2,"name":"Supervalta lappu luukulla"}]},{"@type":"WebSite","@id":"https:\/\/suomenkuvalehti.fi\/ykkosketju\/#website","url":"https:\/\/suomenkuvalehti.fi\/ykkosketju\/","name":"Ykk\u00f6sketju","description":"Joukko valtakunnan viisaita kommentoi maailman menoa.","potentialAction":[{"@type":"SearchAction","target":{"@type":"EntryPoint","urlTemplate":"https:\/\/suomenkuvalehti.fi\/haku\/?q={search_term_string}"},"query-input":{"@type":"PropertyValueSpecification","valueRequired":true,"valueName":"search_term_string"}}],"inLanguage":"fi"},{"@type":"Person","@id":"https:\/\/suomenkuvalehti.fi\/ykkosketju\/#\/schema\/person\/0957cc92bd2fe13d526dd5c4752e7484","name":"Jaakko Iloniemi","image":{"@type":"ImageObject","inLanguage":"fi","@id":"https:\/\/suomenkuvalehti.fi\/ykkosketju\/#\/schema\/person\/image\/","url":"https:\/\/suomenkuvalehti.fi\/ykkosketju\/wp-content\/uploads\/sites\/15\/2013\/12\/Jaakko-IloniemiMV400px-1-150x150.jpg","contentUrl":"https:\/\/suomenkuvalehti.fi\/ykkosketju\/wp-content\/uploads\/sites\/15\/2013\/12\/Jaakko-IloniemiMV400px-1-150x150.jpg","caption":"Jaakko Iloniemi"},"description":"Kirjoittaja on ministeri"}]}},"_links":{"self":[{"href":"https:\/\/suomenkuvalehti.fi\/ykkosketju\/wp-json\/wp\/v2\/posts\/62","targetHints":{"allow":["GET"]}}],"collection":[{"href":"https:\/\/suomenkuvalehti.fi\/ykkosketju\/wp-json\/wp\/v2\/posts"}],"about":[{"href":"https:\/\/suomenkuvalehti.fi\/ykkosketju\/wp-json\/wp\/v2\/types\/post"}],"author":[{"embeddable":true,"href":"https:\/\/suomenkuvalehti.fi\/ykkosketju\/wp-json\/wp\/v2\/users\/109"}],"replies":[{"embeddable":true,"href":"https:\/\/suomenkuvalehti.fi\/ykkosketju\/wp-json\/wp\/v2\/comments?post=62"}],"version-history":[{"count":1,"href":"https:\/\/suomenkuvalehti.fi\/ykkosketju\/wp-json\/wp\/v2\/posts\/62\/revisions"}],"predecessor-version":[{"id":64,"href":"https:\/\/suomenkuvalehti.fi\/ykkosketju\/wp-json\/wp\/v2\/posts\/62\/revisions\/64"}],"wp:attachment":[{"href":"https:\/\/suomenkuvalehti.fi\/ykkosketju\/wp-json\/wp\/v2\/media?parent=62"}],"wp:term":[{"taxonomy":"category","embeddable":true,"href":"https:\/\/suomenkuvalehti.fi\/ykkosketju\/wp-json\/wp\/v2\/categories?post=62"},{"taxonomy":"post_tag","embeddable":true,"href":"https:\/\/suomenkuvalehti.fi\/ykkosketju\/wp-json\/wp\/v2\/tags?post=62"}],"curies":[{"name":"wp","href":"https:\/\/api.w.org\/{rel}","templated":true}]}}