{"id":57,"date":"2012-12-10T18:00:01","date_gmt":"2012-12-10T16:00:01","guid":{"rendered":"https:\/\/suomenkuvalehti.fi\/ykkosketju\/2012\/12\/10\/kannattaako-julkista-taloutta-kiristaa-velkaa-pitaa-verrata-suorituskykyyn\/"},"modified":"2013-11-29T14:15:41","modified_gmt":"2013-11-29T12:15:41","slug":"kannattaako-julkista-taloutta-kiristaa-velkaa-pitaa-verrata-suorituskykyyn","status":"publish","type":"post","link":"https:\/\/suomenkuvalehti.fi\/ykkosketju\/kannattaako-julkista-taloutta-kiristaa-velkaa-pitaa-verrata-suorituskykyyn\/","title":{"rendered":"Kannattaako julkista taloutta kirist\u00e4\u00e4? Velkaa pit\u00e4\u00e4 verrata suorituskykyyn"},"content":{"rendered":"\n\n<p>Maailmalla v\u00e4itell\u00e4\u00e4n perustellusti siit\u00e4, onko taantumassa j\u00e4rkev\u00e4\u00e4 kirist\u00e4\u00e4 julkista taloutta vai ei. Toiset v\u00e4itt\u00e4v\u00e4t, ett\u00e4 julkisen talouden leikkaaminen taantumassa supistaa kansantuotetta entisest\u00e4\u00e4n ja valtion velkataakka kasvaa sit\u00e4kin enemm\u00e4n. Toisten mielest\u00e4 julkisen talouden velkaantuminen kasvattaa tulevaisuuden riskej\u00e4 niin paljon, ett\u00e4 on j\u00e4rkev\u00e4mp\u00e4\u00e4 ottaa matokuuri ajoissa.<\/p>\n\n\n\n\n<p>Vuoden 2008 syksyll\u00e4 merkit n\u00e4yttiv\u00e4t, ett\u00e4 saamme niskaamme ainakin taantuman. Yleinen ohje meill\u00e4 oli se, ett\u00e4 valtion ei pid\u00e4 tehd\u00e4 sellaisia p\u00e4\u00e4t\u00f6ksi\u00e4, jotka syvent\u00e4v\u00e4t taantumaa. Ja sama ohje oli voimassa vuonna 2009, kun jouduimme lamaan.<\/p>\n\n\n\n<p>Koko&nbsp; taktiikka perustui olettamukseen, ett\u00e4 edess\u00e4mme ei ole kaksoisvee -muotoinen lama, jossa elvytyspanoksia seuraa uusi pudotus.<\/p>\n\n\n\n<p>Nyt suuressa osassa Eurooppaa ja kenties meill\u00e4kin ollaan t\u00e4m\u00e4n tosiasian edess\u00e4.<\/p>\n\n\n\n<p>V\u00e4itt\u00e4isin, ett\u00e4 vastaus alkukappaleen kysymykseen riippuu valtion tilanteesta. Ruotsilla, jolla valtion velka on alhainen ja tuleva ty\u00f6voiman\u00e4kym\u00e4 my\u00f6nteinen, on mahdollisuus perinteiseen elvytykseen.<\/p>\n\n\n\n<p>Mutta onko Suomella voimassa olevien p\u00e4\u00e4t\u00f6sten perusteella jotain syyt\u00e4 odottaa, ett\u00e4 tuleva velanhoitokykymme olisi parempi kuin se on ollut viime vuosina? Onko ty\u00f6voimamme m\u00e4\u00e4r\u00e4 kasvussa kun tilastojen mukaan se tulee laskemaan? Ovatko yritykset lis\u00e4\u00e4m\u00e4ss\u00e4 investointeja Suomeen, joilla kasvava velkataakka hoidetaan? Onko tuottavuus kasvamassa julkisten palvelujen tuottamisessa? Onko teollisuutemme kustannuskilpailukykymme paranemassa? Hidastuuko el\u00e4kemenojen kasvu? Aleneeko korkotasomme muka edelleen?<\/p>\n\n\n\n<p>Kun maita vertaillaan ja sanotaan, ett\u00e4 USA on selvinnyt kriisist\u00e4 paremmin kun se ei ole pel\u00e4nnyt julkista velanottoa, kannattaa tarkastella edell\u00e4mainittuja kysymyksi\u00e4 esimerkiksi Yhdysvaltain kohdalla. Vastaukset ovat parempia kuin Suomen kohdalla.<\/p>\n\n\n\n<p>Suomen on laskettava my\u00f6s se, mit\u00e4 kohta sataan miljardiin kasvava valtion velka sy\u00f6 korkomenoina tilanteessa, jossa nykyist\u00e4 poikkeuksellista &#8221;turvasatama-asemaa&#8221; ei olisi.<\/p>\n\n\n\n<p>Suomen kohdalla j\u00e4ttim\u00e4isen velanoton jatkamista ilman muutoksia ei voi tarkastella hakematta uskottavalla tavalla uudistuksia asioihin, joilla on vaikutusta tulevien vuosiemme reaalitaloutemme suuriin fundamentteihin. Velkaantumisen tasoa onkin verrattava taloudellisen suorituskykymme kehitykseen.<\/p>\n\n\n\n<p>Makrotaloudellinen n\u00e4kym\u00e4mme on saatava sellaiseksi, ett\u00e4 yritysten kannattaa lis\u00e4t\u00e4 investointeja Suomeen.<\/p>\n\n\n","protected":false},"excerpt":{"rendered":"<p>Maailmalla v\u00e4itell\u00e4\u00e4n perustellusti siit\u00e4, onko taantumassa j\u00e4rkev\u00e4\u00e4 kirist\u00e4\u00e4 julkista taloutta vai ei. Toiset v\u00e4itt\u00e4v\u00e4t, ett\u00e4 julkisen talouden leikkaaminen taantumassa supistaa kansantuotetta entisest\u00e4\u00e4n ja valtion velkataakka kasvaa<br \/>\nsit\u00e4kin enemm\u00e4&hellip;<\/p>\n","protected":false},"author":111,"featured_media":0,"comment_status":"open","ping_status":"open","sticky":false,"template":"","format":"standard","meta":{"_acf_changed":false,"asauth_required_access_level":0,"asauth_cansharepaid":"","om_header_attributes":[],"footnotes":"","om_featured_image_focal_point":[],"om_primary_tag":0,"om_contributors":[],"om_co_authors":[],"beyondwords_generate_audio":"","beyondwords_project_id":"","beyondwords_content_id":"","beyondwords_preview_token":"","beyondwords_player_content":"","beyondwords_player_style":"","beyondwords_language_code":"","beyondwords_language_id":"","beyondwords_title_voice_id":"","beyondwords_body_voice_id":"","beyondwords_summary_voice_id":"","beyondwords_error_message":"","beyondwords_disabled":"","beyondwords_delete_content":"","beyondwords_podcast_id":"","beyondwords_hash":"","publish_post_to_speechkit":"","speechkit_hash":"","speechkit_generate_audio":"","speechkit_project_id":"","speechkit_podcast_id":"","speechkit_error_message":"","speechkit_disabled":"","speechkit_access_key":"","speechkit_error":"","speechkit_info":"","speechkit_response":"","speechkit_retries":"","speechkit_status":"","speechkit_updated_at":"","_speechkit_link":"","_speechkit_text":""},"categories":[1],"tags":[162,164,161,12,160,163],"class_list":["post-57","post","type-post","status-publish","format-standard","hentry","category-yleinen","tag-eurooppa","tag-lama","tag-suorituskyky","tag-taantuma","tag-velka","tag-yhdysvallat"],"om_views":null,"acf":{"tuuma_off":false,"tuuma_kysymys":"","tuuma_vastaus":""},"asauth":{"required_access_level":1,"share_token":"","is_paid":false},"yoast_head":"<!-- This site is optimized with the Yoast SEO plugin v26.4 - https:\/\/yoast.com\/wordpress\/plugins\/seo\/ -->\n<title>Kannattaako julkista taloutta kirist\u00e4\u00e4? Velkaa pit\u00e4\u00e4 verrata suorituskykyyn - Ykk\u00f6sketju<\/title>\n<meta name=\"robots\" content=\"index, follow, max-snippet:-1, max-image-preview:large, max-video-preview:-1\" \/>\n<link rel=\"canonical\" href=\"https:\/\/suomenkuvalehti.fi\/ykkosketju\/kannattaako-julkista-taloutta-kiristaa-velkaa-pitaa-verrata-suorituskykyyn\/\" \/>\n<meta property=\"og:locale\" content=\"fi_FI\" \/>\n<meta property=\"og:type\" content=\"article\" \/>\n<meta property=\"og:title\" content=\"Kannattaako julkista taloutta kirist\u00e4\u00e4? Velkaa pit\u00e4\u00e4 verrata suorituskykyyn - Ykk\u00f6sketju\" \/>\n<meta property=\"og:description\" content=\"Maailmalla v\u00e4itell\u00e4\u00e4n perustellusti siit\u00e4, onko taantumassa j\u00e4rkev\u00e4\u00e4 kirist\u00e4\u00e4 julkista taloutta vai ei. Toiset v\u00e4itt\u00e4v\u00e4t, ett\u00e4 julkisen talouden leikkaaminen taantumassa supistaa kansantuotetta entisest\u00e4\u00e4n ja valtion velkataakka kasvaa sit\u00e4kin enemm\u00e4&hellip;\" \/>\n<meta property=\"og:url\" content=\"https:\/\/suomenkuvalehti.fi\/ykkosketju\/kannattaako-julkista-taloutta-kiristaa-velkaa-pitaa-verrata-suorituskykyyn\/\" \/>\n<meta property=\"og:site_name\" content=\"Ykk\u00f6sketju\" \/>\n<meta property=\"article:published_time\" content=\"2012-12-10T16:00:01+00:00\" \/>\n<meta property=\"article:modified_time\" content=\"2013-11-29T12:15:41+00:00\" \/>\n<meta name=\"author\" content=\"Matti Vanhanen\" \/>\n<meta name=\"twitter:label1\" content=\"Written by\" \/>\n\t<meta name=\"twitter:data1\" content=\"Matti Vanhanen\" \/>\n\t<meta name=\"twitter:label2\" content=\"Est. reading time\" \/>\n\t<meta name=\"twitter:data2\" content=\"2 minuuttia\" \/>\n<script type=\"application\/ld+json\" class=\"yoast-schema-graph\">{\"@context\":\"https:\/\/schema.org\",\"@graph\":[{\"@type\":\"WebPage\",\"@id\":\"https:\/\/suomenkuvalehti.fi\/ykkosketju\/kannattaako-julkista-taloutta-kiristaa-velkaa-pitaa-verrata-suorituskykyyn\/\",\"url\":\"https:\/\/suomenkuvalehti.fi\/ykkosketju\/kannattaako-julkista-taloutta-kiristaa-velkaa-pitaa-verrata-suorituskykyyn\/\",\"name\":\"Kannattaako julkista taloutta kirist\u00e4\u00e4? Velkaa pit\u00e4\u00e4 verrata suorituskykyyn - Ykk\u00f6sketju\",\"isPartOf\":{\"@id\":\"https:\/\/suomenkuvalehti.fi\/ykkosketju\/#website\"},\"datePublished\":\"2012-12-10T16:00:01+00:00\",\"dateModified\":\"2013-11-29T12:15:41+00:00\",\"author\":{\"@id\":\"https:\/\/suomenkuvalehti.fi\/ykkosketju\/#\/schema\/person\/f5d687463a5f5dab6f42ed0d17b36cf5\"},\"breadcrumb\":{\"@id\":\"https:\/\/suomenkuvalehti.fi\/ykkosketju\/kannattaako-julkista-taloutta-kiristaa-velkaa-pitaa-verrata-suorituskykyyn\/#breadcrumb\"},\"inLanguage\":\"fi\",\"potentialAction\":[{\"@type\":\"ReadAction\",\"target\":[\"https:\/\/suomenkuvalehti.fi\/ykkosketju\/kannattaako-julkista-taloutta-kiristaa-velkaa-pitaa-verrata-suorituskykyyn\/\"]}]},{\"@type\":\"BreadcrumbList\",\"@id\":\"https:\/\/suomenkuvalehti.fi\/ykkosketju\/kannattaako-julkista-taloutta-kiristaa-velkaa-pitaa-verrata-suorituskykyyn\/#breadcrumb\",\"itemListElement\":[{\"@type\":\"ListItem\",\"position\":1,\"name\":\"Home\",\"item\":\"https:\/\/suomenkuvalehti.fi\/ykkosketju\/\"},{\"@type\":\"ListItem\",\"position\":2,\"name\":\"Kannattaako julkista taloutta kirist\u00e4\u00e4? Velkaa pit\u00e4\u00e4 verrata suorituskykyyn\"}]},{\"@type\":\"WebSite\",\"@id\":\"https:\/\/suomenkuvalehti.fi\/ykkosketju\/#website\",\"url\":\"https:\/\/suomenkuvalehti.fi\/ykkosketju\/\",\"name\":\"Ykk\u00f6sketju\",\"description\":\"Joukko valtakunnan viisaita kommentoi maailman menoa.\",\"potentialAction\":[{\"@type\":\"SearchAction\",\"target\":{\"@type\":\"EntryPoint\",\"urlTemplate\":\"https:\/\/suomenkuvalehti.fi\/haku\/?q={search_term_string}\"},\"query-input\":{\"@type\":\"PropertyValueSpecification\",\"valueRequired\":true,\"valueName\":\"search_term_string\"}}],\"inLanguage\":\"fi\"},{\"@type\":\"Person\",\"@id\":\"https:\/\/suomenkuvalehti.fi\/ykkosketju\/#\/schema\/person\/f5d687463a5f5dab6f42ed0d17b36cf5\",\"name\":\"Matti Vanhanen\",\"image\":{\"@type\":\"ImageObject\",\"inLanguage\":\"fi\",\"@id\":\"https:\/\/suomenkuvalehti.fi\/ykkosketju\/#\/schema\/person\/image\/\",\"url\":\"https:\/\/suomenkuvalehti.fi\/ykkosketju\/wp-content\/uploads\/sites\/15\/2013\/12\/MAttiVanhanenMV400px-1-150x150.jpg\",\"contentUrl\":\"https:\/\/suomenkuvalehti.fi\/ykkosketju\/wp-content\/uploads\/sites\/15\/2013\/12\/MAttiVanhanenMV400px-1-150x150.jpg\",\"caption\":\"Matti Vanhanen\"},\"description\":\"Kirjoittaja on kulttuurivaikuttaja ja entinen kansanedustaja.\"}]}<\/script>\n<!-- \/ Yoast SEO plugin. -->","yoast_head_json":{"title":"Kannattaako julkista taloutta kirist\u00e4\u00e4? Velkaa pit\u00e4\u00e4 verrata suorituskykyyn - Ykk\u00f6sketju","robots":{"index":"index","follow":"follow","max-snippet":"max-snippet:-1","max-image-preview":"max-image-preview:large","max-video-preview":"max-video-preview:-1"},"canonical":"https:\/\/suomenkuvalehti.fi\/ykkosketju\/kannattaako-julkista-taloutta-kiristaa-velkaa-pitaa-verrata-suorituskykyyn\/","og_locale":"fi_FI","og_type":"article","og_title":"Kannattaako julkista taloutta kirist\u00e4\u00e4? Velkaa pit\u00e4\u00e4 verrata suorituskykyyn - Ykk\u00f6sketju","og_description":"Maailmalla v\u00e4itell\u00e4\u00e4n perustellusti siit\u00e4, onko taantumassa j\u00e4rkev\u00e4\u00e4 kirist\u00e4\u00e4 julkista taloutta vai ei. Toiset v\u00e4itt\u00e4v\u00e4t, ett\u00e4 julkisen talouden leikkaaminen taantumassa supistaa kansantuotetta entisest\u00e4\u00e4n ja valtion velkataakka kasvaa sit\u00e4kin enemm\u00e4&hellip;","og_url":"https:\/\/suomenkuvalehti.fi\/ykkosketju\/kannattaako-julkista-taloutta-kiristaa-velkaa-pitaa-verrata-suorituskykyyn\/","og_site_name":"Ykk\u00f6sketju","article_published_time":"2012-12-10T16:00:01+00:00","article_modified_time":"2013-11-29T12:15:41+00:00","author":"Matti Vanhanen","twitter_misc":{"Written by":"Matti Vanhanen","Est. reading time":"2 minuuttia"},"schema":{"@context":"https:\/\/schema.org","@graph":[{"@type":"WebPage","@id":"https:\/\/suomenkuvalehti.fi\/ykkosketju\/kannattaako-julkista-taloutta-kiristaa-velkaa-pitaa-verrata-suorituskykyyn\/","url":"https:\/\/suomenkuvalehti.fi\/ykkosketju\/kannattaako-julkista-taloutta-kiristaa-velkaa-pitaa-verrata-suorituskykyyn\/","name":"Kannattaako julkista taloutta kirist\u00e4\u00e4? Velkaa pit\u00e4\u00e4 verrata suorituskykyyn - Ykk\u00f6sketju","isPartOf":{"@id":"https:\/\/suomenkuvalehti.fi\/ykkosketju\/#website"},"datePublished":"2012-12-10T16:00:01+00:00","dateModified":"2013-11-29T12:15:41+00:00","author":{"@id":"https:\/\/suomenkuvalehti.fi\/ykkosketju\/#\/schema\/person\/f5d687463a5f5dab6f42ed0d17b36cf5"},"breadcrumb":{"@id":"https:\/\/suomenkuvalehti.fi\/ykkosketju\/kannattaako-julkista-taloutta-kiristaa-velkaa-pitaa-verrata-suorituskykyyn\/#breadcrumb"},"inLanguage":"fi","potentialAction":[{"@type":"ReadAction","target":["https:\/\/suomenkuvalehti.fi\/ykkosketju\/kannattaako-julkista-taloutta-kiristaa-velkaa-pitaa-verrata-suorituskykyyn\/"]}]},{"@type":"BreadcrumbList","@id":"https:\/\/suomenkuvalehti.fi\/ykkosketju\/kannattaako-julkista-taloutta-kiristaa-velkaa-pitaa-verrata-suorituskykyyn\/#breadcrumb","itemListElement":[{"@type":"ListItem","position":1,"name":"Home","item":"https:\/\/suomenkuvalehti.fi\/ykkosketju\/"},{"@type":"ListItem","position":2,"name":"Kannattaako julkista taloutta kirist\u00e4\u00e4? Velkaa pit\u00e4\u00e4 verrata suorituskykyyn"}]},{"@type":"WebSite","@id":"https:\/\/suomenkuvalehti.fi\/ykkosketju\/#website","url":"https:\/\/suomenkuvalehti.fi\/ykkosketju\/","name":"Ykk\u00f6sketju","description":"Joukko valtakunnan viisaita kommentoi maailman menoa.","potentialAction":[{"@type":"SearchAction","target":{"@type":"EntryPoint","urlTemplate":"https:\/\/suomenkuvalehti.fi\/haku\/?q={search_term_string}"},"query-input":{"@type":"PropertyValueSpecification","valueRequired":true,"valueName":"search_term_string"}}],"inLanguage":"fi"},{"@type":"Person","@id":"https:\/\/suomenkuvalehti.fi\/ykkosketju\/#\/schema\/person\/f5d687463a5f5dab6f42ed0d17b36cf5","name":"Matti Vanhanen","image":{"@type":"ImageObject","inLanguage":"fi","@id":"https:\/\/suomenkuvalehti.fi\/ykkosketju\/#\/schema\/person\/image\/","url":"https:\/\/suomenkuvalehti.fi\/ykkosketju\/wp-content\/uploads\/sites\/15\/2013\/12\/MAttiVanhanenMV400px-1-150x150.jpg","contentUrl":"https:\/\/suomenkuvalehti.fi\/ykkosketju\/wp-content\/uploads\/sites\/15\/2013\/12\/MAttiVanhanenMV400px-1-150x150.jpg","caption":"Matti Vanhanen"},"description":"Kirjoittaja on kulttuurivaikuttaja ja entinen kansanedustaja."}]}},"_links":{"self":[{"href":"https:\/\/suomenkuvalehti.fi\/ykkosketju\/wp-json\/wp\/v2\/posts\/57","targetHints":{"allow":["GET"]}}],"collection":[{"href":"https:\/\/suomenkuvalehti.fi\/ykkosketju\/wp-json\/wp\/v2\/posts"}],"about":[{"href":"https:\/\/suomenkuvalehti.fi\/ykkosketju\/wp-json\/wp\/v2\/types\/post"}],"author":[{"embeddable":true,"href":"https:\/\/suomenkuvalehti.fi\/ykkosketju\/wp-json\/wp\/v2\/users\/111"}],"replies":[{"embeddable":true,"href":"https:\/\/suomenkuvalehti.fi\/ykkosketju\/wp-json\/wp\/v2\/comments?post=57"}],"version-history":[{"count":1,"href":"https:\/\/suomenkuvalehti.fi\/ykkosketju\/wp-json\/wp\/v2\/posts\/57\/revisions"}],"predecessor-version":[{"id":115,"href":"https:\/\/suomenkuvalehti.fi\/ykkosketju\/wp-json\/wp\/v2\/posts\/57\/revisions\/115"}],"wp:attachment":[{"href":"https:\/\/suomenkuvalehti.fi\/ykkosketju\/wp-json\/wp\/v2\/media?parent=57"}],"wp:term":[{"taxonomy":"category","embeddable":true,"href":"https:\/\/suomenkuvalehti.fi\/ykkosketju\/wp-json\/wp\/v2\/categories?post=57"},{"taxonomy":"post_tag","embeddable":true,"href":"https:\/\/suomenkuvalehti.fi\/ykkosketju\/wp-json\/wp\/v2\/tags?post=57"}],"curies":[{"name":"wp","href":"https:\/\/api.w.org\/{rel}","templated":true}]}}