{"id":53,"date":"2012-12-21T08:35:08","date_gmt":"2012-12-21T06:35:08","guid":{"rendered":"https:\/\/suomenkuvalehti.fi\/ykkosketju\/2012\/12\/21\/suhdannekatsauksesta-joulun-bestseller\/"},"modified":"2013-11-29T14:15:41","modified_gmt":"2013-11-29T12:15:41","slug":"suhdannekatsauksesta-joulun-bestseller","status":"publish","type":"post","link":"https:\/\/suomenkuvalehti.fi\/ykkosketju\/suhdannekatsauksesta-joulun-bestseller\/","title":{"rendered":"Suhdannekatsauksesta joulun bestseller"},"content":{"rendered":"\n<p>Tied\u00e4n, ett\u00e4 valtiovarainministeri\u00f6n s\u00e4\u00e4nn\u00f6lliset suhdannekatsaukset eiv\u00e4t ole bestsellereit\u00e4. Mutta silti suosittelen ajatuksella luettavaksi tuoreinta analyysia.<\/p>\n\n\n\n\n<p>Sen teksti on karua luettavaa ja tekstiin verrattuna lopun taulukot ovat itse asiassa positiivisemmat kuin tekstist\u00e4 voisi p\u00e4\u00e4tell\u00e4.<\/p>\n\n\n\n\n<p>Joulun suosikkilukemisto <a href=\"http:\/\/www.vm.fi\/vm\/fi\/04_julkaisut_ja_asiakirjat\/01_julkaisut\/02_taloudelliset_katsaukset\/20121220Suhdan\/SK_suomi_joulu_2012.pdf\" target=\"_blank\">l\u00f6ytyy t\u00e4st\u00e4<\/a>.<\/p>\n\n\n\n\n<p>Seuraavassa nelj\u00e4 poimintaa tekstist\u00e4:<\/p>\n\n\n\n\n<ul class=\"wp-block-list\">\n<li>Suomen markkinaosuus maailman tuonnissa jatkaa laskuaan, p\u00e4invastoin kuin esimerkiksi Saksan ja Ruotsin.<\/li>\n<\/ul>\n\n\n\n<ul class=\"wp-block-list\">\n<li>Yksikk\u00f6ty\u00f6kustannusten ennustetaan kohoavan t\u00e4n\u00e4 vuonna nopeasti, yli nelj\u00e4 prosenttia, samalla kun sek\u00e4 tuotanto ett\u00e4 ty\u00f6n tuottavuus supistuvat ja nimelliset ty\u00f6voimakustannukset toisaalta kohoavat yli 3 prosenttia.<\/li>\n<\/ul>\n\n\n\n<ul class=\"wp-block-list\">\n<li>Yksityiset investoinnit jatkavat laajapohjaista alenemistaan.<\/li>\n<\/ul>\n\n\n\n<ul class=\"wp-block-list\">\n<li>Kokonaistuotanto ei saavuta vuodenvaihteen 2007\/2008 tuotannon tasoa viel\u00e4 vuoden 2014 lopulla, vaikka palvelualoilla ja rakentamisessa tuo taso ylittyykin.<\/li>\n<\/ul>\n\n\n\n<p>Laskin, ett\u00e4 puolitoista vuotta sitten kev\u00e4\u00e4ll\u00e4 2011 annettu ennuste olisi tuonut vuoden 2013 kansantuotteeksi 198 miljardia euroa yhteist\u00e4 hyv\u00e4\u00e4. Nyt tuo taso tulee olemaan 189 miljardia. Olemme silloin alle viiden vuoden takaisen tason, mutta kustannukset ovat jatkaneet nousuaan.<\/p>\n\n\n\n<p>Katsaus tarkastelee laaja-alaisesti kasvun eri tekij\u00f6it\u00e4, mutta yhdest\u00e4 puutteesta analyysia moitin. Se sin\u00e4ll\u00e4\u00e4n havaitsee sen, ett\u00e4 &#8221;yksityiset investoinnit jatkavat laajapohjaista alenemistaan&#8221;, mutta ei pohdi t\u00e4m\u00e4n merkityst\u00e4.<\/p>\n\n\n\n<p>Tulevaa kasvuakaan ei voida saavuttaa, ellei yksityinen sektori investoi. BKT:n kasvu tulee lopulta primaaristi vain yritysten kasvusta. Katsaus tunnistaa sen, ett\u00e4 pankkisektorin ongelmat hidastavat edelleen aktiviteettia ja heikent\u00e4v\u00e4t julkisen talouden tasapainoa ongelmamaissa. Mutta kannattaisi katsoa mit\u00e4 my\u00f6s  Suomessa tapahtuu.<\/p>\n\n\n\n<p>Yksityiset investoinnit tulevat j\u00e4\u00e4m\u00e4\u00e4n alhaiselle tasolle jos sek\u00e4 vieraan p\u00e4\u00e4oman saanti vaikeutuu nyt n\u00e4ht\u00e4v\u00e4ll\u00e4 tavalla, ett\u00e4 yritysten omaa p\u00e4\u00e4omaa koskevat monet viime vuosien kiristystoimet jatkuvat. Rahalaitokset joutuvat s\u00e4\u00e4telyn seurauksena vaatimaan yrityksilt\u00e4 aikaisempaa selv\u00e4sti suurempaa omarahoitusosuutta ja samalla lis\u00e4ksi vieraan p\u00e4\u00e4oman ehdot kiristyv\u00e4t. &#8221;Tappio&#8221; pit\u00e4isi  korvata suuremmalla oman p\u00e4\u00e4oman m\u00e4\u00e4r\u00e4ll\u00e4, mutta ei sit\u00e4 tule eik\u00e4 kerry kun sit\u00e4kin on solidaarisuuden nimiss\u00e4 kiristetty. Kun t\u00e4m\u00e4n asetelman kertoo kymmenill\u00e4 tuhansilla yrityksill\u00e4, p\u00e4\u00e4dyt\u00e4\u00e4n v\u00e4\u00e4j\u00e4\u00e4m\u00e4tt\u00e4 suhdannekatsauksen toteamukseen, ett\u00e4 yksityiset investoinnit jatkavat laajapohjaista alenemistaan.<\/p>\n\n\n\n<p>T\u00e4m\u00e4 ongelmatiikka on nostettava yleisess\u00e4 talouspolitiikan johtamisessa yht\u00e4 t\u00e4rke\u00e4ksi kysymykseksi kuin on kustannuskilpailukyvyn palauttaminen ja ty\u00f6urien pident\u00e4minen.<\/p>\n\n\n","protected":false},"excerpt":{"rendered":"<p>Tied\u00e4n, ett\u00e4 valtiovarainministeri\u00f6n s\u00e4\u00e4nn\u00f6lliset suhdannekatsaukset eiv\u00e4t ole bestsellereit\u00e4. Mutta silti suosittelen ajatuksella luettavaksi tuoreinta analyysia. Sen teksti on karua luettavaa ja tekstiin verrattuna lopun taulukot ovat itse asiassa positiivisemmat kuin tekstist\u00e4<br \/>\nvoisi p\u00e4&hellip;<\/p>\n","protected":false},"author":111,"featured_media":0,"comment_status":"open","ping_status":"open","sticky":false,"template":"","format":"standard","meta":{"_acf_changed":false,"asauth_required_access_level":0,"asauth_cansharepaid":"","om_header_attributes":[],"footnotes":"","om_featured_image_focal_point":[],"om_primary_tag":0,"om_contributors":[],"om_co_authors":[],"beyondwords_generate_audio":"","beyondwords_project_id":"","beyondwords_content_id":"","beyondwords_preview_token":"","beyondwords_player_content":"","beyondwords_player_style":"","beyondwords_language_code":"","beyondwords_language_id":"","beyondwords_title_voice_id":"","beyondwords_body_voice_id":"","beyondwords_summary_voice_id":"","beyondwords_error_message":"","beyondwords_disabled":"","beyondwords_delete_content":"","beyondwords_podcast_id":"","beyondwords_hash":"","publish_post_to_speechkit":"","speechkit_hash":"","speechkit_generate_audio":"","speechkit_project_id":"","speechkit_podcast_id":"","speechkit_error_message":"","speechkit_disabled":"","speechkit_access_key":"","speechkit_error":"","speechkit_info":"","speechkit_response":"","speechkit_retries":"","speechkit_status":"","speechkit_updated_at":"","_speechkit_link":"","_speechkit_text":""},"categories":[1],"tags":[148,149,150,146,147],"class_list":["post-53","post","type-post","status-publish","format-standard","hentry","category-yleinen","tag-investoinnit","tag-kokonaistuotanto","tag-markkinaosuus","tag-suhdannekatsaus","tag-valtiovarainministerio"],"om_views":null,"acf":{"tuuma_off":false,"tuuma_kysymys":"","tuuma_vastaus":""},"asauth":{"required_access_level":1,"share_token":"","is_paid":false},"yoast_head":"<!-- This site is optimized with the Yoast SEO plugin v26.4 - https:\/\/yoast.com\/wordpress\/plugins\/seo\/ -->\n<title>Suhdannekatsauksesta joulun bestseller - Ykk\u00f6sketju<\/title>\n<meta name=\"robots\" content=\"index, follow, max-snippet:-1, max-image-preview:large, max-video-preview:-1\" \/>\n<link rel=\"canonical\" href=\"https:\/\/suomenkuvalehti.fi\/ykkosketju\/suhdannekatsauksesta-joulun-bestseller\/\" \/>\n<meta property=\"og:locale\" content=\"fi_FI\" \/>\n<meta property=\"og:type\" content=\"article\" \/>\n<meta property=\"og:title\" content=\"Suhdannekatsauksesta joulun bestseller - Ykk\u00f6sketju\" \/>\n<meta property=\"og:description\" content=\"Tied\u00e4n, ett\u00e4 valtiovarainministeri\u00f6n s\u00e4\u00e4nn\u00f6lliset suhdannekatsaukset eiv\u00e4t ole bestsellereit\u00e4. Mutta silti suosittelen ajatuksella luettavaksi tuoreinta analyysia. Sen teksti on karua luettavaa ja tekstiin verrattuna lopun taulukot ovat itse asiassa positiivisemmat kuin tekstist\u00e4 voisi p\u00e4&hellip;\" \/>\n<meta property=\"og:url\" content=\"https:\/\/suomenkuvalehti.fi\/ykkosketju\/suhdannekatsauksesta-joulun-bestseller\/\" \/>\n<meta property=\"og:site_name\" content=\"Ykk\u00f6sketju\" \/>\n<meta property=\"article:published_time\" content=\"2012-12-21T06:35:08+00:00\" \/>\n<meta property=\"article:modified_time\" content=\"2013-11-29T12:15:41+00:00\" \/>\n<meta name=\"author\" content=\"Matti Vanhanen\" \/>\n<meta name=\"twitter:label1\" content=\"Written by\" \/>\n\t<meta name=\"twitter:data1\" content=\"Matti Vanhanen\" \/>\n\t<meta name=\"twitter:label2\" content=\"Est. reading time\" \/>\n\t<meta name=\"twitter:data2\" content=\"2 minuuttia\" \/>\n<script type=\"application\/ld+json\" class=\"yoast-schema-graph\">{\"@context\":\"https:\/\/schema.org\",\"@graph\":[{\"@type\":\"WebPage\",\"@id\":\"https:\/\/suomenkuvalehti.fi\/ykkosketju\/suhdannekatsauksesta-joulun-bestseller\/\",\"url\":\"https:\/\/suomenkuvalehti.fi\/ykkosketju\/suhdannekatsauksesta-joulun-bestseller\/\",\"name\":\"Suhdannekatsauksesta joulun bestseller - Ykk\u00f6sketju\",\"isPartOf\":{\"@id\":\"https:\/\/suomenkuvalehti.fi\/ykkosketju\/#website\"},\"datePublished\":\"2012-12-21T06:35:08+00:00\",\"dateModified\":\"2013-11-29T12:15:41+00:00\",\"author\":{\"@id\":\"https:\/\/suomenkuvalehti.fi\/ykkosketju\/#\/schema\/person\/f5d687463a5f5dab6f42ed0d17b36cf5\"},\"breadcrumb\":{\"@id\":\"https:\/\/suomenkuvalehti.fi\/ykkosketju\/suhdannekatsauksesta-joulun-bestseller\/#breadcrumb\"},\"inLanguage\":\"fi\",\"potentialAction\":[{\"@type\":\"ReadAction\",\"target\":[\"https:\/\/suomenkuvalehti.fi\/ykkosketju\/suhdannekatsauksesta-joulun-bestseller\/\"]}]},{\"@type\":\"BreadcrumbList\",\"@id\":\"https:\/\/suomenkuvalehti.fi\/ykkosketju\/suhdannekatsauksesta-joulun-bestseller\/#breadcrumb\",\"itemListElement\":[{\"@type\":\"ListItem\",\"position\":1,\"name\":\"Home\",\"item\":\"https:\/\/suomenkuvalehti.fi\/ykkosketju\/\"},{\"@type\":\"ListItem\",\"position\":2,\"name\":\"Suhdannekatsauksesta joulun bestseller\"}]},{\"@type\":\"WebSite\",\"@id\":\"https:\/\/suomenkuvalehti.fi\/ykkosketju\/#website\",\"url\":\"https:\/\/suomenkuvalehti.fi\/ykkosketju\/\",\"name\":\"Ykk\u00f6sketju\",\"description\":\"Joukko valtakunnan viisaita kommentoi maailman menoa.\",\"potentialAction\":[{\"@type\":\"SearchAction\",\"target\":{\"@type\":\"EntryPoint\",\"urlTemplate\":\"https:\/\/suomenkuvalehti.fi\/haku\/?q={search_term_string}\"},\"query-input\":{\"@type\":\"PropertyValueSpecification\",\"valueRequired\":true,\"valueName\":\"search_term_string\"}}],\"inLanguage\":\"fi\"},{\"@type\":\"Person\",\"@id\":\"https:\/\/suomenkuvalehti.fi\/ykkosketju\/#\/schema\/person\/f5d687463a5f5dab6f42ed0d17b36cf5\",\"name\":\"Matti Vanhanen\",\"image\":{\"@type\":\"ImageObject\",\"inLanguage\":\"fi\",\"@id\":\"https:\/\/suomenkuvalehti.fi\/ykkosketju\/#\/schema\/person\/image\/\",\"url\":\"https:\/\/suomenkuvalehti.fi\/ykkosketju\/wp-content\/uploads\/sites\/15\/2013\/12\/MAttiVanhanenMV400px-1-150x150.jpg\",\"contentUrl\":\"https:\/\/suomenkuvalehti.fi\/ykkosketju\/wp-content\/uploads\/sites\/15\/2013\/12\/MAttiVanhanenMV400px-1-150x150.jpg\",\"caption\":\"Matti Vanhanen\"},\"description\":\"Kirjoittaja on kulttuurivaikuttaja ja entinen kansanedustaja.\"}]}<\/script>\n<!-- \/ Yoast SEO plugin. -->","yoast_head_json":{"title":"Suhdannekatsauksesta joulun bestseller - Ykk\u00f6sketju","robots":{"index":"index","follow":"follow","max-snippet":"max-snippet:-1","max-image-preview":"max-image-preview:large","max-video-preview":"max-video-preview:-1"},"canonical":"https:\/\/suomenkuvalehti.fi\/ykkosketju\/suhdannekatsauksesta-joulun-bestseller\/","og_locale":"fi_FI","og_type":"article","og_title":"Suhdannekatsauksesta joulun bestseller - Ykk\u00f6sketju","og_description":"Tied\u00e4n, ett\u00e4 valtiovarainministeri\u00f6n s\u00e4\u00e4nn\u00f6lliset suhdannekatsaukset eiv\u00e4t ole bestsellereit\u00e4. Mutta silti suosittelen ajatuksella luettavaksi tuoreinta analyysia. Sen teksti on karua luettavaa ja tekstiin verrattuna lopun taulukot ovat itse asiassa positiivisemmat kuin tekstist\u00e4 voisi p\u00e4&hellip;","og_url":"https:\/\/suomenkuvalehti.fi\/ykkosketju\/suhdannekatsauksesta-joulun-bestseller\/","og_site_name":"Ykk\u00f6sketju","article_published_time":"2012-12-21T06:35:08+00:00","article_modified_time":"2013-11-29T12:15:41+00:00","author":"Matti Vanhanen","twitter_misc":{"Written by":"Matti Vanhanen","Est. reading time":"2 minuuttia"},"schema":{"@context":"https:\/\/schema.org","@graph":[{"@type":"WebPage","@id":"https:\/\/suomenkuvalehti.fi\/ykkosketju\/suhdannekatsauksesta-joulun-bestseller\/","url":"https:\/\/suomenkuvalehti.fi\/ykkosketju\/suhdannekatsauksesta-joulun-bestseller\/","name":"Suhdannekatsauksesta joulun bestseller - Ykk\u00f6sketju","isPartOf":{"@id":"https:\/\/suomenkuvalehti.fi\/ykkosketju\/#website"},"datePublished":"2012-12-21T06:35:08+00:00","dateModified":"2013-11-29T12:15:41+00:00","author":{"@id":"https:\/\/suomenkuvalehti.fi\/ykkosketju\/#\/schema\/person\/f5d687463a5f5dab6f42ed0d17b36cf5"},"breadcrumb":{"@id":"https:\/\/suomenkuvalehti.fi\/ykkosketju\/suhdannekatsauksesta-joulun-bestseller\/#breadcrumb"},"inLanguage":"fi","potentialAction":[{"@type":"ReadAction","target":["https:\/\/suomenkuvalehti.fi\/ykkosketju\/suhdannekatsauksesta-joulun-bestseller\/"]}]},{"@type":"BreadcrumbList","@id":"https:\/\/suomenkuvalehti.fi\/ykkosketju\/suhdannekatsauksesta-joulun-bestseller\/#breadcrumb","itemListElement":[{"@type":"ListItem","position":1,"name":"Home","item":"https:\/\/suomenkuvalehti.fi\/ykkosketju\/"},{"@type":"ListItem","position":2,"name":"Suhdannekatsauksesta joulun bestseller"}]},{"@type":"WebSite","@id":"https:\/\/suomenkuvalehti.fi\/ykkosketju\/#website","url":"https:\/\/suomenkuvalehti.fi\/ykkosketju\/","name":"Ykk\u00f6sketju","description":"Joukko valtakunnan viisaita kommentoi maailman menoa.","potentialAction":[{"@type":"SearchAction","target":{"@type":"EntryPoint","urlTemplate":"https:\/\/suomenkuvalehti.fi\/haku\/?q={search_term_string}"},"query-input":{"@type":"PropertyValueSpecification","valueRequired":true,"valueName":"search_term_string"}}],"inLanguage":"fi"},{"@type":"Person","@id":"https:\/\/suomenkuvalehti.fi\/ykkosketju\/#\/schema\/person\/f5d687463a5f5dab6f42ed0d17b36cf5","name":"Matti Vanhanen","image":{"@type":"ImageObject","inLanguage":"fi","@id":"https:\/\/suomenkuvalehti.fi\/ykkosketju\/#\/schema\/person\/image\/","url":"https:\/\/suomenkuvalehti.fi\/ykkosketju\/wp-content\/uploads\/sites\/15\/2013\/12\/MAttiVanhanenMV400px-1-150x150.jpg","contentUrl":"https:\/\/suomenkuvalehti.fi\/ykkosketju\/wp-content\/uploads\/sites\/15\/2013\/12\/MAttiVanhanenMV400px-1-150x150.jpg","caption":"Matti Vanhanen"},"description":"Kirjoittaja on kulttuurivaikuttaja ja entinen kansanedustaja."}]}},"_links":{"self":[{"href":"https:\/\/suomenkuvalehti.fi\/ykkosketju\/wp-json\/wp\/v2\/posts\/53","targetHints":{"allow":["GET"]}}],"collection":[{"href":"https:\/\/suomenkuvalehti.fi\/ykkosketju\/wp-json\/wp\/v2\/posts"}],"about":[{"href":"https:\/\/suomenkuvalehti.fi\/ykkosketju\/wp-json\/wp\/v2\/types\/post"}],"author":[{"embeddable":true,"href":"https:\/\/suomenkuvalehti.fi\/ykkosketju\/wp-json\/wp\/v2\/users\/111"}],"replies":[{"embeddable":true,"href":"https:\/\/suomenkuvalehti.fi\/ykkosketju\/wp-json\/wp\/v2\/comments?post=53"}],"version-history":[{"count":1,"href":"https:\/\/suomenkuvalehti.fi\/ykkosketju\/wp-json\/wp\/v2\/posts\/53\/revisions"}],"predecessor-version":[{"id":111,"href":"https:\/\/suomenkuvalehti.fi\/ykkosketju\/wp-json\/wp\/v2\/posts\/53\/revisions\/111"}],"wp:attachment":[{"href":"https:\/\/suomenkuvalehti.fi\/ykkosketju\/wp-json\/wp\/v2\/media?parent=53"}],"wp:term":[{"taxonomy":"category","embeddable":true,"href":"https:\/\/suomenkuvalehti.fi\/ykkosketju\/wp-json\/wp\/v2\/categories?post=53"},{"taxonomy":"post_tag","embeddable":true,"href":"https:\/\/suomenkuvalehti.fi\/ykkosketju\/wp-json\/wp\/v2\/tags?post=53"}],"curies":[{"name":"wp","href":"https:\/\/api.w.org\/{rel}","templated":true}]}}