{"id":48,"date":"2013-02-13T09:00:00","date_gmt":"2013-02-13T07:00:00","guid":{"rendered":"https:\/\/suomenkuvalehti.fi\/ykkosketju\/2013\/02\/13\/olemmeko-sittenkaan-riittavan-emu-kuntoisia\/"},"modified":"2013-11-29T14:15:41","modified_gmt":"2013-11-29T12:15:41","slug":"olemmeko-sittenkaan-riittavan-emu-kuntoisia","status":"publish","type":"post","link":"https:\/\/suomenkuvalehti.fi\/ykkosketju\/olemmeko-sittenkaan-riittavan-emu-kuntoisia\/","title":{"rendered":"Olemmeko sittenk\u00e4\u00e4n riitt\u00e4v\u00e4n Emu-kuntoisia?"},"content":{"rendered":"\n<p>Palkkojen nousu tulisi sitoa vientiteollisuuden maksukykyyn.<\/p>\n\n\n<figure class=\"wp-block-image size-full alignnone\">\n  <div class=\"wp-block-image__inner-container\">\n    <a href='https:\/\/suomenkuvalehti.fi\/wp-content\/uploads\/sites\/15\/sk\/files\/111%20Kuvat%202013\/emukunto.gif'><img decoding=\"async\" src=\"https:\/\/suomenkuvalehti.fi\/wp-content\/uploads\/sites\/15\/sk\/files\/111%20Kuvat%202013\/emukunto.gif\" alt=\"\"\/><\/a>  <\/div>\n<\/figure>\n\n\n<h6 class=\"wp-block-heading\"> Kuvitus Outi Kainiemi.<\/h6>\n\n\n\n\n\n<p>Palkoista sopiminen on t\u00e4rke\u00e4\u00e4 ty\u00f6llisyyden ja kilpailukyvyn kannalta. Kreikan ja Espanjan ongelmienkin taustalla on palkkojen liiallinen nousu suhteessa euroalueeseen.<\/p>\n\n\n\n<p>Pohjoismaissa palkkasopimusten reunaehtoja s\u00e4\u00e4dell\u00e4\u00e4n ty\u00f6ehtosopimuksissa (tes). Tes-j\u00e4rjestelm\u00e4n periaate on, ett\u00e4 ammattiliitot luopuvat paikallisista ty\u00f6taisteluista.<\/p>\n\n\n\n<p>Vastapainoksi ty\u00f6ehtosopimukset takaavat yleisi\u00e4 ehtoja v\u00e4himm\u00e4ispalkoille ja palkankorotuksille.<\/p>\n\n\n\n<p>Lopullinen palkanmuodostus yrityksess\u00e4 on kompromissi yrityksen pyrkimysten ja ty\u00f6ehtosopimusten v\u00e4lill\u00e4. Yleiskorotukset eiv\u00e4t kata koko korotusvaraa, ja yritykset pyrkiv\u00e4t ty\u00f6ehtosopimuksen m\u00e4\u00e4r\u00e4ysten puitteissa toteuttamaan henkil\u00f6st\u00f6politiikkaansa.<\/p>\n\n\n\n\n<p>Ennen 1990-luvulla alkanutta rahatalouden kurinalaistamista yrityksille j\u00e4i tilaa suhteellisten palkkojen muuttamiseen liukumien avulla. T\u00e4m\u00e4 johtui siit\u00e4, ett\u00e4 inflaatio oli nopeaa eiv\u00e4tk\u00e4 yleiskorotukset pysyneet palkanmaksuvaran (= hintojen nousu + tuottavuuden nousu) per\u00e4ss\u00e4.<\/p>\n\n\n\n<p>Inflaation alentumisen my\u00f6t\u00e4 yritysten omalle henkil\u00f6st\u00f6politiikalle on j\u00e4\u00e4nyt v\u00e4hemm\u00e4n tilaa. Yritysten tarve luoda kannustavia palkkausj\u00e4rjestelmi\u00e4 on silti kasvanut. Ty\u00f6 on en\u00e4\u00e4 harvoin tayloristista tehdasty\u00f6t\u00e4, ja yritykset voivat ulkoistaa yksitt\u00e4isi\u00e4 toimintojaankin.<\/p>\n\n\n\n<p>Muissa Pohjoismaissa onkin laajalti siirrytty yksil\u00f6llisemp\u00e4\u00e4n palkkasopimiseen, ty\u00f6ehtosopimusten puitteissa.<\/p>\n\n\n\n<p>Ruotsissa ty\u00f6ehtosopimus m\u00e4\u00e4r\u00e4\u00e4 usein vain keskim\u00e4\u00e4r\u00e4isen korotuksen ja pienen minimikorotuksen tai ei mit\u00e4\u00e4n korotusta. Tanskassa ja Norjassa ovat yleistyneet &#8221;minimisopimukset&#8221;, joissa m\u00e4\u00e4r\u00e4t\u00e4\u00e4n teht\u00e4vien v\u00e4himm\u00e4ispalkat mutta ei edellytet\u00e4 korotuksia niille, joiden palkka ylitt\u00e4\u00e4 v\u00e4himm\u00e4istason. Korotuksista neuvotellaan ty\u00f6paikalla.<\/p>\n\n\n\n<p>N\u00e4in on luotu tilaa yritysten henkil\u00f6st\u00f6politiikalle, samalla kun on koetettu sovittaa palkkojen nousu alhaiseen inflaatioon ja viennin tarpeisiin. Ruotsissa on sovitettu eri toimialojen sopimuskaudet yhteen &#8211; niin ett\u00e4 keskim\u00e4\u00e4r\u00e4isest\u00e4 palkannoususta sovitaan yhdess\u00e4.<\/p>\n\n\n\n\n<p>Suomessa ollaan tiukemmin kiinni vanhassa yleiskorotusmallissa, mik\u00e4 on kirist\u00e4nyt ty\u00f6nantajien asenteita tulopoliittista yhteisty\u00f6t\u00e4 kohtaan. T\u00e4m\u00e4 vaarantaa kilpailukykymme. Tarvitsemme kipe\u00e4sti sit\u00e4, ett\u00e4 palkkojen nousu sidotaan vientiteollisuuden maksukykyyn.<\/p>\n\n\n\n<p>T\u00e4m\u00e4 her\u00e4tt\u00e4\u00e4 kysymyksen, olemmeko ja olimmeko sittenk\u00e4\u00e4n riitt\u00e4v\u00e4n Emu-kuntoisia.<\/p>\n\n\n\n<p>Kun Suomessa mietittiin osallistumista Euroopan rahaliittoon, <strong>Jukka Pekkarisen <\/strong>vet\u00e4m\u00e4 Emu-ty\u00f6ryhm\u00e4 analysoi (1996-1997) j\u00e4senyyden onnistumisen edellytyksi\u00e4.<\/p>\n\n\n\n<p>Ty\u00f6ryhm\u00e4n johtop\u00e4\u00e4t\u00f6s oli, ett\u00e4 Suomen oli saatava julkinen taloutensa tasapainoon ja koottava tulopoliittinen toimintamallinsa &#8211; muuten j\u00e4senyys ei onnistuisi.<\/p>\n\n\n\n<p>Tahtopoliitikko <strong>Paavo Lipponen<\/strong> (sd) teki ty\u00f6t\u00e4 k\u00e4sketty\u00e4, saneerasi valtiontalouden ja viritti uudelleen tulopoliittisen orkesterin.<\/p>\n\n\n\n<p>Ruotsissakin laadittiin ekonomistien Emu-analyysi. Vuonna 1996 julkaistun Calmforsin raportin suositus oli &#8221;odotetaan ja katsotaan&#8221;.<\/p>\n\n\n\n<p>Varovaisuuden p\u00e4\u00e4peruste oli ep\u00e4varmuus Ruotsin palkanmuodostuksen pelis\u00e4\u00e4nn\u00f6ist\u00e4. Keskitetty sopiminen oli 1980-luvulla kariutunut eik\u00e4 ollut selv\u00e4\u00e4, syntyisik\u00f6 Ruotsissa palkkamaltin edellytt\u00e4m\u00e4 j\u00e4rjest\u00f6jen yhteisty\u00f6.<\/p>\n\n\n\n\n<p>Ajattelin tuolloin, ett\u00e4 Suomi ja Ruotsi toimivat johdonmukaisesti.<\/p>\n\n\n\n<p>Ruotsin tulopolitiikka oli sekaisin, ja Emu-j\u00e4senyys oli siksi riski. Suomessakin tulopolitiikka oli ollut vaikeuksissa 1990-luvun alussa. Lipposen Suomi n\u00e4ytti kuitenkin olevan Ruotsia kierroksen edell\u00e4: tulopoliittinen yhteisty\u00f6 oli taas saatu k\u00e4yntiin.<\/p>\n\n\n\n<p>Olimmeko sittenkin kierroksen j\u00e4ljess\u00e4?<\/p>\n\n\n\n<p>Lipposen toiminta Emu-j\u00e4senyyden puolesta oli johdonmukaista, mutta mahdoimmeko n\u00e4hd\u00e4, millaisia muutoksia alhainen inflaatio ja globalisaatio edellytt\u00e4isiv\u00e4t palkanmuodostukselta?<\/p>\n\n\n\n<p>Ruotsin 1990-luvun kriisi johti ty\u00f6markkinaj\u00e4rjest\u00f6jen syvemp\u00e4\u00e4n yhteisty\u00f6h\u00f6n erityisesti teollisuudessa ja kohti yksil\u00f6llisempi\u00e4 palkkasopimuksia. Tanskassakin minimisopimusten yleistymist\u00e4 edesauttoi 1980-luvun &#8221;perunakuuri&#8221;.<\/p>\n\n\n\n<p>Naapurimaidemme kriisit johtivat siis uudistumiseen. Suomelle 1990-luvun kriisi ja Emu-hanke merkitsiv\u00e4t, ett\u00e4 vanha ja koeteltu tupo-masiinamme yleiskorotuksineen otettiin kaapista ja kiillotettiin uuteen uskoon. Nokian voittokulku k\u00e4tki viel\u00e4 joksikin aikaa uudistustarpeet.<\/p>\n\n\n\n\n<p>Kun nyt ollaan rakennemuutosten kourissa, ty\u00f6markkinoilla taitaa olla edess\u00e4\u00e4n samankaltainen luova uudelleenajattelu kuin muualla Pohjolassa. Se tuskin merkitsee tupon kuolemaa, mutta tarvitaan tiukempaa vientiteollisuuden palkkajohtajuutta sek\u00e4 yksil\u00f6llisemp\u00e4\u00e4 sopimista ty\u00f6ehtosopimusten puitteissa.<\/p>\n\n\n\n<p>Aluksi kumpikin osapuoli voisi tehd\u00e4 my\u00f6nnytyksen. Ty\u00f6nantajien olisi viisasta tunnustaa koordinoinnin tarve ja palata yhten\u00e4isiin sopimusperiodeihin. Ilman koordinointia homma ei nimitt\u00e4in onnistu.<\/p>\n\n\n\n<p>Merkitt\u00e4v\u00e4\u00e4 toimialojen v\u00e4list\u00e4 palkkaeriytymist\u00e4 ty\u00f6nantajien on turha toivoa, koska sit\u00e4 vastustavat Hakaniemen lis\u00e4ksi markkinavoimat. Ja jos vientialat eiv\u00e4t suostu palkkajohtajaksi, johtoon astuu joku muu.<\/p>\n\n\n\n<p>Palkansaajaj\u00e4rjest\u00f6t tekisiv\u00e4t viisaasti, jos ne suhtautuisivat suopeammin yksil\u00f6llisiin palkankorotuksiin. Minimipalkat suojaavat palkansaajan ansioita, ja ty\u00f6nantajaj\u00e4rjest\u00f6t eiv\u00e4t pelkk\u00e4\u00e4 ilkeytt\u00e4\u00e4n toivo enemm\u00e4n tilaa yritysten omalle palkkapolitiikalle.<\/p>\n\n\n\n<p>Miksi ei siirrytt\u00e4isi yleiskorotuksista minimikorotuksiin ja luotettaisi markkinatalouteen?<\/p>\n\n\n\n<p><em>Kirjoitus on julkaistu ensimm\u00e4ist\u00e4 kertaa Suomen Kuvalehden numerossa 3\/2013.<\/em><\/p>\n\n\n\n","protected":false},"excerpt":{"rendered":"<p>Palkkojen nousu tulisi sitoa vientiteollisuuden maksukykyyn. Kuvitus Outi Kainiemi. Palkoista sopiminen on t\u00e4rke\u00e4\u00e4 ty\u00f6llisyyden ja kilpailukyvyn kannalta. Kreikan ja Espanjan ongelmienkin taustalla on palkkojen liiallinen nousu suhteessa euroalueeseen. Pohjoismaissa<br \/>\npal&hellip;<\/p>\n","protected":false},"author":106,"featured_media":0,"comment_status":"open","ping_status":"open","sticky":false,"template":"","format":"standard","meta":{"_acf_changed":false,"asauth_required_access_level":0,"asauth_cansharepaid":"","om_header_attributes":[],"footnotes":"","om_featured_image_focal_point":[],"om_primary_tag":0,"om_contributors":[],"om_co_authors":[],"beyondwords_generate_audio":"","beyondwords_project_id":"","beyondwords_content_id":"","beyondwords_preview_token":"","beyondwords_player_content":"","beyondwords_player_style":"","beyondwords_language_code":"","beyondwords_language_id":"","beyondwords_title_voice_id":"","beyondwords_body_voice_id":"","beyondwords_summary_voice_id":"","beyondwords_error_message":"","beyondwords_disabled":"","beyondwords_delete_content":"","beyondwords_podcast_id":"","beyondwords_hash":"","publish_post_to_speechkit":"","speechkit_hash":"","speechkit_generate_audio":"","speechkit_project_id":"","speechkit_podcast_id":"","speechkit_error_message":"","speechkit_disabled":"","speechkit_access_key":"","speechkit_error":"","speechkit_info":"","speechkit_response":"","speechkit_retries":"","speechkit_status":"","speechkit_updated_at":"","_speechkit_link":"","_speechkit_text":""},"categories":[1],"tags":[134,136,135,12,58],"class_list":["post-48","post","type-post","status-publish","format-standard","hentry","category-yleinen","tag-emu","tag-palkansaajajarjestot","tag-rakennemuutos","tag-taantuma","tag-tyomarkkinat"],"om_views":null,"acf":{"tuuma_off":false,"tuuma_kysymys":"","tuuma_vastaus":""},"asauth":{"required_access_level":1,"share_token":"","is_paid":false},"yoast_head":"<!-- This site is optimized with the Yoast SEO plugin v26.4 - https:\/\/yoast.com\/wordpress\/plugins\/seo\/ -->\n<title>Olemmeko sittenk\u00e4\u00e4n riitt\u00e4v\u00e4n Emu-kuntoisia? - Ykk\u00f6sketju<\/title>\n<meta name=\"robots\" content=\"index, follow, max-snippet:-1, max-image-preview:large, max-video-preview:-1\" \/>\n<link rel=\"canonical\" href=\"https:\/\/suomenkuvalehti.fi\/ykkosketju\/olemmeko-sittenkaan-riittavan-emu-kuntoisia\/\" \/>\n<meta property=\"og:locale\" content=\"fi_FI\" \/>\n<meta property=\"og:type\" content=\"article\" \/>\n<meta property=\"og:title\" content=\"Olemmeko sittenk\u00e4\u00e4n riitt\u00e4v\u00e4n Emu-kuntoisia? - Ykk\u00f6sketju\" \/>\n<meta property=\"og:description\" content=\"Palkkojen nousu tulisi sitoa vientiteollisuuden maksukykyyn. Kuvitus Outi Kainiemi. Palkoista sopiminen on t\u00e4rke\u00e4\u00e4 ty\u00f6llisyyden ja kilpailukyvyn kannalta. Kreikan ja Espanjan ongelmienkin taustalla on palkkojen liiallinen nousu suhteessa euroalueeseen. Pohjoismaissa pal&hellip;\" \/>\n<meta property=\"og:url\" content=\"https:\/\/suomenkuvalehti.fi\/ykkosketju\/olemmeko-sittenkaan-riittavan-emu-kuntoisia\/\" \/>\n<meta property=\"og:site_name\" content=\"Ykk\u00f6sketju\" \/>\n<meta property=\"article:published_time\" content=\"2013-02-13T07:00:00+00:00\" \/>\n<meta property=\"article:modified_time\" content=\"2013-11-29T12:15:41+00:00\" \/>\n<meta property=\"og:image\" content=\"https:\/\/suomenkuvalehti.fi\/wp-content\/uploads\/sites\/15\/sk\/files\/111%20Kuvat%202013\/emukunto.gif\" \/>\n<meta name=\"author\" content=\"Juhana Vartiainen\" \/>\n<meta name=\"twitter:label1\" content=\"Written by\" \/>\n\t<meta name=\"twitter:data1\" content=\"Juhana Vartiainen\" \/>\n\t<meta name=\"twitter:label2\" content=\"Est. reading time\" \/>\n\t<meta name=\"twitter:data2\" content=\"3 minuuttia\" \/>\n<script type=\"application\/ld+json\" class=\"yoast-schema-graph\">{\"@context\":\"https:\/\/schema.org\",\"@graph\":[{\"@type\":\"WebPage\",\"@id\":\"https:\/\/suomenkuvalehti.fi\/ykkosketju\/olemmeko-sittenkaan-riittavan-emu-kuntoisia\/\",\"url\":\"https:\/\/suomenkuvalehti.fi\/ykkosketju\/olemmeko-sittenkaan-riittavan-emu-kuntoisia\/\",\"name\":\"Olemmeko sittenk\u00e4\u00e4n riitt\u00e4v\u00e4n Emu-kuntoisia? - Ykk\u00f6sketju\",\"isPartOf\":{\"@id\":\"https:\/\/suomenkuvalehti.fi\/ykkosketju\/#website\"},\"primaryImageOfPage\":{\"@id\":\"https:\/\/suomenkuvalehti.fi\/ykkosketju\/olemmeko-sittenkaan-riittavan-emu-kuntoisia\/#primaryimage\"},\"image\":{\"@id\":\"https:\/\/suomenkuvalehti.fi\/ykkosketju\/olemmeko-sittenkaan-riittavan-emu-kuntoisia\/#primaryimage\"},\"thumbnailUrl\":\"https:\/\/suomenkuvalehti.fi\/wp-content\/uploads\/sites\/15\/sk\/files\/111%20Kuvat%202013\/emukunto.gif\",\"datePublished\":\"2013-02-13T07:00:00+00:00\",\"dateModified\":\"2013-11-29T12:15:41+00:00\",\"author\":{\"@id\":\"https:\/\/suomenkuvalehti.fi\/ykkosketju\/#\/schema\/person\/0e4991ff5cd6ce9a619cea0b7f427de4\"},\"breadcrumb\":{\"@id\":\"https:\/\/suomenkuvalehti.fi\/ykkosketju\/olemmeko-sittenkaan-riittavan-emu-kuntoisia\/#breadcrumb\"},\"inLanguage\":\"fi\",\"potentialAction\":[{\"@type\":\"ReadAction\",\"target\":[\"https:\/\/suomenkuvalehti.fi\/ykkosketju\/olemmeko-sittenkaan-riittavan-emu-kuntoisia\/\"]}]},{\"@type\":\"ImageObject\",\"inLanguage\":\"fi\",\"@id\":\"https:\/\/suomenkuvalehti.fi\/ykkosketju\/olemmeko-sittenkaan-riittavan-emu-kuntoisia\/#primaryimage\",\"url\":\"https:\/\/suomenkuvalehti.fi\/wp-content\/uploads\/sites\/15\/sk\/files\/111%20Kuvat%202013\/emukunto.gif\",\"contentUrl\":\"https:\/\/suomenkuvalehti.fi\/wp-content\/uploads\/sites\/15\/sk\/files\/111%20Kuvat%202013\/emukunto.gif\"},{\"@type\":\"BreadcrumbList\",\"@id\":\"https:\/\/suomenkuvalehti.fi\/ykkosketju\/olemmeko-sittenkaan-riittavan-emu-kuntoisia\/#breadcrumb\",\"itemListElement\":[{\"@type\":\"ListItem\",\"position\":1,\"name\":\"Home\",\"item\":\"https:\/\/suomenkuvalehti.fi\/ykkosketju\/\"},{\"@type\":\"ListItem\",\"position\":2,\"name\":\"Olemmeko sittenk\u00e4\u00e4n riitt\u00e4v\u00e4n Emu-kuntoisia?\"}]},{\"@type\":\"WebSite\",\"@id\":\"https:\/\/suomenkuvalehti.fi\/ykkosketju\/#website\",\"url\":\"https:\/\/suomenkuvalehti.fi\/ykkosketju\/\",\"name\":\"Ykk\u00f6sketju\",\"description\":\"Joukko valtakunnan viisaita kommentoi maailman menoa.\",\"potentialAction\":[{\"@type\":\"SearchAction\",\"target\":{\"@type\":\"EntryPoint\",\"urlTemplate\":\"https:\/\/suomenkuvalehti.fi\/haku\/?q={search_term_string}\"},\"query-input\":{\"@type\":\"PropertyValueSpecification\",\"valueRequired\":true,\"valueName\":\"search_term_string\"}}],\"inLanguage\":\"fi\"},{\"@type\":\"Person\",\"@id\":\"https:\/\/suomenkuvalehti.fi\/ykkosketju\/#\/schema\/person\/0e4991ff5cd6ce9a619cea0b7f427de4\",\"name\":\"Juhana Vartiainen\",\"image\":{\"@type\":\"ImageObject\",\"inLanguage\":\"fi\",\"@id\":\"https:\/\/suomenkuvalehti.fi\/ykkosketju\/#\/schema\/person\/image\/\",\"url\":\"https:\/\/suomenkuvalehti.fi\/ykkosketju\/wp-content\/uploads\/sites\/15\/2013\/12\/JuhanaVartiainenMV400px-1-150x150.jpg\",\"contentUrl\":\"https:\/\/suomenkuvalehti.fi\/ykkosketju\/wp-content\/uploads\/sites\/15\/2013\/12\/JuhanaVartiainenMV400px-1-150x150.jpg\",\"caption\":\"Juhana Vartiainen\"},\"description\":\"Kirjoittaja on Valtion taloudellisen tutkimuskeskuksen VATT:n ylijohtaja.\"}]}<\/script>\n<!-- \/ Yoast SEO plugin. -->","yoast_head_json":{"title":"Olemmeko sittenk\u00e4\u00e4n riitt\u00e4v\u00e4n Emu-kuntoisia? - Ykk\u00f6sketju","robots":{"index":"index","follow":"follow","max-snippet":"max-snippet:-1","max-image-preview":"max-image-preview:large","max-video-preview":"max-video-preview:-1"},"canonical":"https:\/\/suomenkuvalehti.fi\/ykkosketju\/olemmeko-sittenkaan-riittavan-emu-kuntoisia\/","og_locale":"fi_FI","og_type":"article","og_title":"Olemmeko sittenk\u00e4\u00e4n riitt\u00e4v\u00e4n Emu-kuntoisia? - Ykk\u00f6sketju","og_description":"Palkkojen nousu tulisi sitoa vientiteollisuuden maksukykyyn. Kuvitus Outi Kainiemi. Palkoista sopiminen on t\u00e4rke\u00e4\u00e4 ty\u00f6llisyyden ja kilpailukyvyn kannalta. Kreikan ja Espanjan ongelmienkin taustalla on palkkojen liiallinen nousu suhteessa euroalueeseen. Pohjoismaissa pal&hellip;","og_url":"https:\/\/suomenkuvalehti.fi\/ykkosketju\/olemmeko-sittenkaan-riittavan-emu-kuntoisia\/","og_site_name":"Ykk\u00f6sketju","article_published_time":"2013-02-13T07:00:00+00:00","article_modified_time":"2013-11-29T12:15:41+00:00","og_image":[{"url":"https:\/\/suomenkuvalehti.fi\/wp-content\/uploads\/sites\/15\/sk\/files\/111%20Kuvat%202013\/emukunto.gif","type":"","width":"","height":""}],"author":"Juhana Vartiainen","twitter_misc":{"Written by":"Juhana Vartiainen","Est. reading time":"3 minuuttia"},"schema":{"@context":"https:\/\/schema.org","@graph":[{"@type":"WebPage","@id":"https:\/\/suomenkuvalehti.fi\/ykkosketju\/olemmeko-sittenkaan-riittavan-emu-kuntoisia\/","url":"https:\/\/suomenkuvalehti.fi\/ykkosketju\/olemmeko-sittenkaan-riittavan-emu-kuntoisia\/","name":"Olemmeko sittenk\u00e4\u00e4n riitt\u00e4v\u00e4n Emu-kuntoisia? - Ykk\u00f6sketju","isPartOf":{"@id":"https:\/\/suomenkuvalehti.fi\/ykkosketju\/#website"},"primaryImageOfPage":{"@id":"https:\/\/suomenkuvalehti.fi\/ykkosketju\/olemmeko-sittenkaan-riittavan-emu-kuntoisia\/#primaryimage"},"image":{"@id":"https:\/\/suomenkuvalehti.fi\/ykkosketju\/olemmeko-sittenkaan-riittavan-emu-kuntoisia\/#primaryimage"},"thumbnailUrl":"https:\/\/suomenkuvalehti.fi\/wp-content\/uploads\/sites\/15\/sk\/files\/111%20Kuvat%202013\/emukunto.gif","datePublished":"2013-02-13T07:00:00+00:00","dateModified":"2013-11-29T12:15:41+00:00","author":{"@id":"https:\/\/suomenkuvalehti.fi\/ykkosketju\/#\/schema\/person\/0e4991ff5cd6ce9a619cea0b7f427de4"},"breadcrumb":{"@id":"https:\/\/suomenkuvalehti.fi\/ykkosketju\/olemmeko-sittenkaan-riittavan-emu-kuntoisia\/#breadcrumb"},"inLanguage":"fi","potentialAction":[{"@type":"ReadAction","target":["https:\/\/suomenkuvalehti.fi\/ykkosketju\/olemmeko-sittenkaan-riittavan-emu-kuntoisia\/"]}]},{"@type":"ImageObject","inLanguage":"fi","@id":"https:\/\/suomenkuvalehti.fi\/ykkosketju\/olemmeko-sittenkaan-riittavan-emu-kuntoisia\/#primaryimage","url":"https:\/\/suomenkuvalehti.fi\/wp-content\/uploads\/sites\/15\/sk\/files\/111%20Kuvat%202013\/emukunto.gif","contentUrl":"https:\/\/suomenkuvalehti.fi\/wp-content\/uploads\/sites\/15\/sk\/files\/111%20Kuvat%202013\/emukunto.gif"},{"@type":"BreadcrumbList","@id":"https:\/\/suomenkuvalehti.fi\/ykkosketju\/olemmeko-sittenkaan-riittavan-emu-kuntoisia\/#breadcrumb","itemListElement":[{"@type":"ListItem","position":1,"name":"Home","item":"https:\/\/suomenkuvalehti.fi\/ykkosketju\/"},{"@type":"ListItem","position":2,"name":"Olemmeko sittenk\u00e4\u00e4n riitt\u00e4v\u00e4n Emu-kuntoisia?"}]},{"@type":"WebSite","@id":"https:\/\/suomenkuvalehti.fi\/ykkosketju\/#website","url":"https:\/\/suomenkuvalehti.fi\/ykkosketju\/","name":"Ykk\u00f6sketju","description":"Joukko valtakunnan viisaita kommentoi maailman menoa.","potentialAction":[{"@type":"SearchAction","target":{"@type":"EntryPoint","urlTemplate":"https:\/\/suomenkuvalehti.fi\/haku\/?q={search_term_string}"},"query-input":{"@type":"PropertyValueSpecification","valueRequired":true,"valueName":"search_term_string"}}],"inLanguage":"fi"},{"@type":"Person","@id":"https:\/\/suomenkuvalehti.fi\/ykkosketju\/#\/schema\/person\/0e4991ff5cd6ce9a619cea0b7f427de4","name":"Juhana Vartiainen","image":{"@type":"ImageObject","inLanguage":"fi","@id":"https:\/\/suomenkuvalehti.fi\/ykkosketju\/#\/schema\/person\/image\/","url":"https:\/\/suomenkuvalehti.fi\/ykkosketju\/wp-content\/uploads\/sites\/15\/2013\/12\/JuhanaVartiainenMV400px-1-150x150.jpg","contentUrl":"https:\/\/suomenkuvalehti.fi\/ykkosketju\/wp-content\/uploads\/sites\/15\/2013\/12\/JuhanaVartiainenMV400px-1-150x150.jpg","caption":"Juhana Vartiainen"},"description":"Kirjoittaja on Valtion taloudellisen tutkimuskeskuksen VATT:n ylijohtaja."}]}},"_links":{"self":[{"href":"https:\/\/suomenkuvalehti.fi\/ykkosketju\/wp-json\/wp\/v2\/posts\/48","targetHints":{"allow":["GET"]}}],"collection":[{"href":"https:\/\/suomenkuvalehti.fi\/ykkosketju\/wp-json\/wp\/v2\/posts"}],"about":[{"href":"https:\/\/suomenkuvalehti.fi\/ykkosketju\/wp-json\/wp\/v2\/types\/post"}],"author":[{"embeddable":true,"href":"https:\/\/suomenkuvalehti.fi\/ykkosketju\/wp-json\/wp\/v2\/users\/106"}],"replies":[{"embeddable":true,"href":"https:\/\/suomenkuvalehti.fi\/ykkosketju\/wp-json\/wp\/v2\/comments?post=48"}],"version-history":[{"count":1,"href":"https:\/\/suomenkuvalehti.fi\/ykkosketju\/wp-json\/wp\/v2\/posts\/48\/revisions"}],"predecessor-version":[{"id":106,"href":"https:\/\/suomenkuvalehti.fi\/ykkosketju\/wp-json\/wp\/v2\/posts\/48\/revisions\/106"}],"wp:attachment":[{"href":"https:\/\/suomenkuvalehti.fi\/ykkosketju\/wp-json\/wp\/v2\/media?parent=48"}],"wp:term":[{"taxonomy":"category","embeddable":true,"href":"https:\/\/suomenkuvalehti.fi\/ykkosketju\/wp-json\/wp\/v2\/categories?post=48"},{"taxonomy":"post_tag","embeddable":true,"href":"https:\/\/suomenkuvalehti.fi\/ykkosketju\/wp-json\/wp\/v2\/tags?post=48"}],"curies":[{"name":"wp","href":"https:\/\/api.w.org\/{rel}","templated":true}]}}