{"id":47,"date":"2013-01-18T18:00:01","date_gmt":"2013-01-18T16:00:01","guid":{"rendered":"https:\/\/suomenkuvalehti.fi\/ykkosketju\/2013\/01\/18\/kumpaa-tarvitaan-suomessa-nyt-kysynnan-vai-tarjonnan-lisaamista\/"},"modified":"2013-11-29T14:15:41","modified_gmt":"2013-11-29T12:15:41","slug":"kumpaa-tarvitaan-suomessa-nyt-kysynnan-vai-tarjonnan-lisaamista","status":"publish","type":"post","link":"https:\/\/suomenkuvalehti.fi\/ykkosketju\/kumpaa-tarvitaan-suomessa-nyt-kysynnan-vai-tarjonnan-lisaamista\/","title":{"rendered":"Kumpaa tarvitaan Suomessa nyt, kysynn\u00e4n vai tarjonnan lis\u00e4\u00e4mist\u00e4?"},"content":{"rendered":"\n<p>Kansantalouden toimeliaisuuden taso riippuu sek\u00e4 kokonaistarjonnasta ett\u00e4 kokonaiskysynn\u00e4st\u00e4. Tarjonnalla tarkoitetaan niit\u00e4 resursseja, joita taloudessa on &#8211; ihmiset ja heid\u00e4n henkinen p\u00e4\u00e4omansa sek\u00e4 julkinen ja yksityinen p\u00e4\u00e4omakanta. Kokonaistarjontaan voidaan lukea my\u00f6s muualta maailmantaloudesta ostettavat tavarat ja palvelukset eli tuonti.<\/p>\n\n\n\n\n<p>Kokonaiskysynt\u00e4 &#8211; eli yksityisten ja julkisten taloudenpit\u00e4jien kulutus ja investoinnit sek\u00e4 vientiyritystemme ulkomaisten asiakkaiden ostot &#8211; m\u00e4\u00e4r\u00e4\u00e4 puolestaan sen, miten suuri osa tarjonnasta tulee k\u00e4ytt\u00f6\u00f6n. Kun k\u00e4ytt\u00f6aste on normaali, talous on tasapainossa. T\u00e4ll\u00f6in toteutunut tuotanto ja ty\u00f6llisyys vastaavat potentiaalista tuotantoa ja ty\u00f6llisyytt\u00e4 ja palkkojen ja hintojen nousu ei vaaranna kilpailukyky\u00e4.<\/p>\n\n\n\n<p>Ty\u00f6llisyytt\u00e4 voidaan yritt\u00e4\u00e4 edist\u00e4\u00e4 sek\u00e4 ty\u00f6n tarjonnan ett\u00e4 kokonaiskysynn\u00e4n keinoin. Tarjontapolitiikalla vahvistetaan tuotannon ja ty\u00f6llisyyden resurssipohjaa eli potentiaalista tuotantoa ja ty\u00f6llisyytt\u00e4, esimerkiksi lis\u00e4\u00e4m\u00e4ll\u00e4 ja kouluttamalla k\u00e4ytett\u00e4viss\u00e4 olevaa ty\u00f6voimaa. Kysynt\u00e4politiikalla huolehditaan siit\u00e4, ett\u00e4 mahdollisimman suuri osa t\u00e4st\u00e4 ty\u00f6voimasta my\u00f6s ty\u00f6llistyy. Tietysti kysynn\u00e4n s\u00e4\u00e4telyyn kuuluu my\u00f6s huolehtiminen siit\u00e4, ettei kysynt\u00e4 ylit\u00e4 tarjontaa, koska ep\u00e4tasapaino tuolloin purkautuu hintojen ja palkkojen nousuna, kilpailukyvyn heikkenemisen\u00e4 ja vaihtotaseen alij\u00e4\u00e4m\u00e4n\u00e4.<\/p>\n\n\n\n<p>Taloustieteilij\u00e4t kutsuvat potentiaalisen ja toteutuneen kokonaistuotannon prosentuaalista erotusta tuotantokuiluksi. Kuilu kertoo siis taantuman syvyyden tai ylikuumenemisen asteen.<\/p>\n\n\n\n<p>Tarjontapolitiikkaan kuuluu vaikkapa el\u00e4kei\u00e4n nostaminen tai ansiotulov\u00e4hennyksen kasvattaminen tai ty\u00f6per\u00e4isen maahanmuuton lis\u00e4\u00e4minen.<\/p>\n\n\n\n<p>T\u00e4llaiset toimet patistavat ihmisi\u00e4 tekem\u00e4\u00e4n enemm\u00e4n ty\u00f6t\u00e4 ja kauemmin ty\u00f6t\u00e4, jolloin ty\u00f6n tarjonta kasvaa. Kysynt\u00e4politiikkaan kuuluvat puolestaan kaikki keinot, joilla kotitalouksien k\u00e4ytett\u00e4viss\u00e4 olevaa ostovoimaa kohennetaan. L\u00e4hes mik\u00e4 tahansa veronalennus toimii n\u00e4in.<\/p>\n\n\n\n<p>Kysynt\u00e4 ja tarjonta asetetaan talouspoliittisessa keskustelussa usein vastakkain. Kysynt\u00e4- ja tarjontapolitiikka eiv\u00e4t kuitenkaan ole toistensa vaihtoehtoja vaan kumpaakin tietysti tarvitaan.  Jos taloudellinen toimeliaisuus on selv\u00e4sti potentiaalisen tasonsa alapuolella, julkistalouden on yleens\u00e4 perusteltua olla alij\u00e4\u00e4m\u00e4inen. Keynesin nerokas oivallus koski sit\u00e4, miten talous voi pitk\u00e4ksi aikaa juuttua potentiaalisen tasonsa alapuolelle ja miten julkinen valta voi tulla apuun.<\/p>\n\n\n\n<p>Kumpaa tarvitaan Suomessa nyt, kysynn\u00e4n vai tarjonnan lis\u00e4\u00e4mist\u00e4? Talouden alakulo Euroopassa ja ty\u00f6tt\u00f6myyden kasvu niin Suomessa kuin muualla n\u00e4ytt\u00e4v\u00e4t her\u00e4tt\u00e4neen monen mieless\u00e4 ajatuksia siit\u00e4, ett\u00e4 Suomi voisi merkitt\u00e4v\u00e4sti parantaa tilannettaan ekspansiivisemmalla finanssipolitiikalla.  Synke\u00e4 tosiasia kuitenkin on, ettemme makrotaloustieteen mittareiden valossa ole kovin kaukana potentiaalistamme. Toisin sanottuna, vaikka talouskasvu on ollut viime vuosina hidasta, my\u00f6s tarjonnan eli potentiaalisen tuotannon kasvu on ollut hidasta.  Yksi keskeinen syy potentiaalin hitaaseen kasvuun on ty\u00f6voiman poistuminen el\u00e4kkeelle.<\/p>\n\n\n\n<p>Lis\u00e4ksi olimme vuonna 2007 ilmeisesti potentiaalimme yl\u00e4puolella. Niinp\u00e4 OECD:n tuoreen <a href=\"http:\/\/www.oecd.org\/eco\/economicoutlookanalysisandforecasts\/economicoutlookannextables.htm\" target=\"_blank\">Economic Outlookin laskelmat <\/a><br>(Annex table 10, &#8221;output gaps&#8221;) kertovat, ett\u00e4 j\u00e4rjest\u00f6 arvioi Suomen olevan t\u00e4n\u00e4 ja ensi vuonna vain prosentin p\u00e4\u00e4ss\u00e4 potentiaalistaan. Kuilun arvioiminen on tietysti t\u00e4llaisen rakennemuutoksen aikana ep\u00e4varmaa ja vaikeaa, mutta kovin syv\u00e4\u00e4 taantumaa Suomelle on vaikea kalkyloida, vaikka kuinka yritett\u00e4isiin.<\/p>\n\n\n\n<p>Ty\u00f6tt\u00f6myysasteella mitattuna kuilu ei my\u00f6sk\u00e4\u00e4n n\u00e4yt\u00e4 j\u00e4rin suurelta. Jos rakenteellinen ty\u00f6tt\u00f6myys on 6 prosenttia ja todellinen noin 8, &#8221;ylim\u00e4\u00e4r\u00e4ist\u00e4&#8221; ty\u00f6tt\u00f6myytt\u00e4 eli ty\u00f6voimareservi\u00e4 on vain 2 prosentin eli noin 50 000 ihmisen verran.<\/p>\n\n\n\n<p>Rakenteellisen ty\u00f6tt\u00f6myyden arvioiminen on jossain m\u00e4\u00e4rin mielivaltaista, mutta hienoin ekonometrisin menetelmin tehdyt arviot sen tasosta eiv\u00e4t p\u00e4\u00e4dy ainakaan alhaisempiin lukemiin. <a href=\"http:\/\/www.oecd-ilibrary.org\/docserver\/download\/5kg0kp712f6l.pdf?expires=1358431353&amp;id=id&amp;accname=guest&amp;checksum=4535CE2731CB7577F40363355D88BBCA\" target=\"_blank\">P\u00e4invastoin<\/a>.<\/p>\n\n\n\n<p>N\u00e4ist\u00e4 syist\u00e4 tarjontatoimien eli talouden potentiaalin vahvistaminen on syyst\u00e4 Suomen hallituksen talouspolitiikassa etusijalla &#8211; ja siksi ty\u00f6urakeskustelu on tarpeen, vaikka taantumassa ollaankin. Kerropa t\u00e4m\u00e4 ty\u00f6paikkaa turhaan hakeville ty\u00f6tt\u00f6mille tai ty\u00f6paikkojen ik\u00e4\u00e4ntyneille joista ty\u00f6nantaja pyrkii eroon.<\/p>\n\n\n\n<p>Viesti taantuman lievyydest\u00e4 onkin vaikeaa markkinoitavaa. Suhdannekuilun pienuus on tavallaan &#8221;huono uutinen&#8221;. Jos potentiaalinen tuotanto ja ty\u00f6llisyys olisivat korkeammalla, olisimme teknisesti syvemm\u00e4ss\u00e4 taantumassa &#8211; ja voisimme odottaa suuremman osan julkistalouden alij\u00e4\u00e4m\u00e4st\u00e4 korjaantuvan itsest\u00e4\u00e4n.  Ik\u00e4v\u00e4 toistaa nuivaa viesti\u00e4 &#8211; mutta eurokriisin h\u00e4lveneminenk\u00e4\u00e4n ei taida olennaisesti helpottaa rakenneongelmiamme.<\/p>\n\n\n","protected":false},"excerpt":{"rendered":"<p>Kansantalouden toimeliaisuuden taso riippuu sek\u00e4 kokonaistarjonnasta ett\u00e4 kokonaiskysynn\u00e4st\u00e4. Tarjonnalla tarkoitetaan niit\u00e4 resursseja, joita taloudessa on &#8211; ihmiset ja heid\u00e4n henkinen p\u00e4\u00e4omansa sek\u00e4 julkinen ja yksityinen p\u00e4\u00e4omakanta.<br \/>\nKokonaista&hellip;<\/p>\n","protected":false},"author":106,"featured_media":0,"comment_status":"open","ping_status":"open","sticky":false,"template":"","format":"standard","meta":{"_acf_changed":false,"asauth_required_access_level":0,"asauth_cansharepaid":"","om_header_attributes":[],"footnotes":"","om_featured_image_focal_point":[],"om_primary_tag":0,"om_contributors":[],"om_co_authors":[],"beyondwords_generate_audio":"","beyondwords_project_id":"","beyondwords_content_id":"","beyondwords_preview_token":"","beyondwords_player_content":"","beyondwords_player_style":"","beyondwords_language_code":"","beyondwords_language_id":"","beyondwords_title_voice_id":"","beyondwords_body_voice_id":"","beyondwords_summary_voice_id":"","beyondwords_error_message":"","beyondwords_disabled":"","beyondwords_delete_content":"","beyondwords_podcast_id":"","beyondwords_hash":"","publish_post_to_speechkit":"","speechkit_hash":"","speechkit_generate_audio":"","speechkit_project_id":"","speechkit_podcast_id":"","speechkit_error_message":"","speechkit_disabled":"","speechkit_access_key":"","speechkit_error":"","speechkit_info":"","speechkit_response":"","speechkit_retries":"","speechkit_status":"","speechkit_updated_at":"","_speechkit_link":"","_speechkit_text":""},"categories":[1],"tags":[133,131,12,132],"class_list":["post-47","post","type-post","status-publish","format-standard","hentry","category-yleinen","tag-kansantalous","tag-kysynta","tag-taantuma","tag-tarjonta"],"om_views":null,"acf":{"tuuma_off":false,"tuuma_kysymys":"","tuuma_vastaus":""},"asauth":{"required_access_level":1,"share_token":"","is_paid":false},"yoast_head":"<!-- This site is optimized with the Yoast SEO plugin v26.4 - https:\/\/yoast.com\/wordpress\/plugins\/seo\/ -->\n<title>Kumpaa tarvitaan Suomessa nyt, kysynn\u00e4n vai tarjonnan lis\u00e4\u00e4mist\u00e4? - Ykk\u00f6sketju<\/title>\n<meta name=\"robots\" content=\"index, follow, max-snippet:-1, max-image-preview:large, max-video-preview:-1\" \/>\n<link rel=\"canonical\" href=\"https:\/\/suomenkuvalehti.fi\/ykkosketju\/kumpaa-tarvitaan-suomessa-nyt-kysynnan-vai-tarjonnan-lisaamista\/\" \/>\n<meta property=\"og:locale\" content=\"fi_FI\" \/>\n<meta property=\"og:type\" content=\"article\" \/>\n<meta property=\"og:title\" content=\"Kumpaa tarvitaan Suomessa nyt, kysynn\u00e4n vai tarjonnan lis\u00e4\u00e4mist\u00e4? - Ykk\u00f6sketju\" \/>\n<meta property=\"og:description\" content=\"Kansantalouden toimeliaisuuden taso riippuu sek\u00e4 kokonaistarjonnasta ett\u00e4 kokonaiskysynn\u00e4st\u00e4. Tarjonnalla tarkoitetaan niit\u00e4 resursseja, joita taloudessa on &#8211; ihmiset ja heid\u00e4n henkinen p\u00e4\u00e4omansa sek\u00e4 julkinen ja yksityinen p\u00e4\u00e4omakanta. Kokonaista&hellip;\" \/>\n<meta property=\"og:url\" content=\"https:\/\/suomenkuvalehti.fi\/ykkosketju\/kumpaa-tarvitaan-suomessa-nyt-kysynnan-vai-tarjonnan-lisaamista\/\" \/>\n<meta property=\"og:site_name\" content=\"Ykk\u00f6sketju\" \/>\n<meta property=\"article:published_time\" content=\"2013-01-18T16:00:01+00:00\" \/>\n<meta property=\"article:modified_time\" content=\"2013-11-29T12:15:41+00:00\" \/>\n<meta name=\"author\" content=\"Juhana Vartiainen\" \/>\n<meta name=\"twitter:label1\" content=\"Written by\" \/>\n\t<meta name=\"twitter:data1\" content=\"Juhana Vartiainen\" \/>\n\t<meta name=\"twitter:label2\" content=\"Est. reading time\" \/>\n\t<meta name=\"twitter:data2\" content=\"3 minuuttia\" \/>\n<script type=\"application\/ld+json\" class=\"yoast-schema-graph\">{\"@context\":\"https:\/\/schema.org\",\"@graph\":[{\"@type\":\"WebPage\",\"@id\":\"https:\/\/suomenkuvalehti.fi\/ykkosketju\/kumpaa-tarvitaan-suomessa-nyt-kysynnan-vai-tarjonnan-lisaamista\/\",\"url\":\"https:\/\/suomenkuvalehti.fi\/ykkosketju\/kumpaa-tarvitaan-suomessa-nyt-kysynnan-vai-tarjonnan-lisaamista\/\",\"name\":\"Kumpaa tarvitaan Suomessa nyt, kysynn\u00e4n vai tarjonnan lis\u00e4\u00e4mist\u00e4? - Ykk\u00f6sketju\",\"isPartOf\":{\"@id\":\"https:\/\/suomenkuvalehti.fi\/ykkosketju\/#website\"},\"datePublished\":\"2013-01-18T16:00:01+00:00\",\"dateModified\":\"2013-11-29T12:15:41+00:00\",\"author\":{\"@id\":\"https:\/\/suomenkuvalehti.fi\/ykkosketju\/#\/schema\/person\/0e4991ff5cd6ce9a619cea0b7f427de4\"},\"breadcrumb\":{\"@id\":\"https:\/\/suomenkuvalehti.fi\/ykkosketju\/kumpaa-tarvitaan-suomessa-nyt-kysynnan-vai-tarjonnan-lisaamista\/#breadcrumb\"},\"inLanguage\":\"fi\",\"potentialAction\":[{\"@type\":\"ReadAction\",\"target\":[\"https:\/\/suomenkuvalehti.fi\/ykkosketju\/kumpaa-tarvitaan-suomessa-nyt-kysynnan-vai-tarjonnan-lisaamista\/\"]}]},{\"@type\":\"BreadcrumbList\",\"@id\":\"https:\/\/suomenkuvalehti.fi\/ykkosketju\/kumpaa-tarvitaan-suomessa-nyt-kysynnan-vai-tarjonnan-lisaamista\/#breadcrumb\",\"itemListElement\":[{\"@type\":\"ListItem\",\"position\":1,\"name\":\"Home\",\"item\":\"https:\/\/suomenkuvalehti.fi\/ykkosketju\/\"},{\"@type\":\"ListItem\",\"position\":2,\"name\":\"Kumpaa tarvitaan Suomessa nyt, kysynn\u00e4n vai tarjonnan lis\u00e4\u00e4mist\u00e4?\"}]},{\"@type\":\"WebSite\",\"@id\":\"https:\/\/suomenkuvalehti.fi\/ykkosketju\/#website\",\"url\":\"https:\/\/suomenkuvalehti.fi\/ykkosketju\/\",\"name\":\"Ykk\u00f6sketju\",\"description\":\"Joukko valtakunnan viisaita kommentoi maailman menoa.\",\"potentialAction\":[{\"@type\":\"SearchAction\",\"target\":{\"@type\":\"EntryPoint\",\"urlTemplate\":\"https:\/\/suomenkuvalehti.fi\/haku\/?q={search_term_string}\"},\"query-input\":{\"@type\":\"PropertyValueSpecification\",\"valueRequired\":true,\"valueName\":\"search_term_string\"}}],\"inLanguage\":\"fi\"},{\"@type\":\"Person\",\"@id\":\"https:\/\/suomenkuvalehti.fi\/ykkosketju\/#\/schema\/person\/0e4991ff5cd6ce9a619cea0b7f427de4\",\"name\":\"Juhana Vartiainen\",\"image\":{\"@type\":\"ImageObject\",\"inLanguage\":\"fi\",\"@id\":\"https:\/\/suomenkuvalehti.fi\/ykkosketju\/#\/schema\/person\/image\/\",\"url\":\"https:\/\/suomenkuvalehti.fi\/ykkosketju\/wp-content\/uploads\/sites\/15\/2013\/12\/JuhanaVartiainenMV400px-1-150x150.jpg\",\"contentUrl\":\"https:\/\/suomenkuvalehti.fi\/ykkosketju\/wp-content\/uploads\/sites\/15\/2013\/12\/JuhanaVartiainenMV400px-1-150x150.jpg\",\"caption\":\"Juhana Vartiainen\"},\"description\":\"Kirjoittaja on Valtion taloudellisen tutkimuskeskuksen VATT:n ylijohtaja.\"}]}<\/script>\n<!-- \/ Yoast SEO plugin. -->","yoast_head_json":{"title":"Kumpaa tarvitaan Suomessa nyt, kysynn\u00e4n vai tarjonnan lis\u00e4\u00e4mist\u00e4? - Ykk\u00f6sketju","robots":{"index":"index","follow":"follow","max-snippet":"max-snippet:-1","max-image-preview":"max-image-preview:large","max-video-preview":"max-video-preview:-1"},"canonical":"https:\/\/suomenkuvalehti.fi\/ykkosketju\/kumpaa-tarvitaan-suomessa-nyt-kysynnan-vai-tarjonnan-lisaamista\/","og_locale":"fi_FI","og_type":"article","og_title":"Kumpaa tarvitaan Suomessa nyt, kysynn\u00e4n vai tarjonnan lis\u00e4\u00e4mist\u00e4? - Ykk\u00f6sketju","og_description":"Kansantalouden toimeliaisuuden taso riippuu sek\u00e4 kokonaistarjonnasta ett\u00e4 kokonaiskysynn\u00e4st\u00e4. Tarjonnalla tarkoitetaan niit\u00e4 resursseja, joita taloudessa on &#8211; ihmiset ja heid\u00e4n henkinen p\u00e4\u00e4omansa sek\u00e4 julkinen ja yksityinen p\u00e4\u00e4omakanta. Kokonaista&hellip;","og_url":"https:\/\/suomenkuvalehti.fi\/ykkosketju\/kumpaa-tarvitaan-suomessa-nyt-kysynnan-vai-tarjonnan-lisaamista\/","og_site_name":"Ykk\u00f6sketju","article_published_time":"2013-01-18T16:00:01+00:00","article_modified_time":"2013-11-29T12:15:41+00:00","author":"Juhana Vartiainen","twitter_misc":{"Written by":"Juhana Vartiainen","Est. reading time":"3 minuuttia"},"schema":{"@context":"https:\/\/schema.org","@graph":[{"@type":"WebPage","@id":"https:\/\/suomenkuvalehti.fi\/ykkosketju\/kumpaa-tarvitaan-suomessa-nyt-kysynnan-vai-tarjonnan-lisaamista\/","url":"https:\/\/suomenkuvalehti.fi\/ykkosketju\/kumpaa-tarvitaan-suomessa-nyt-kysynnan-vai-tarjonnan-lisaamista\/","name":"Kumpaa tarvitaan Suomessa nyt, kysynn\u00e4n vai tarjonnan lis\u00e4\u00e4mist\u00e4? - Ykk\u00f6sketju","isPartOf":{"@id":"https:\/\/suomenkuvalehti.fi\/ykkosketju\/#website"},"datePublished":"2013-01-18T16:00:01+00:00","dateModified":"2013-11-29T12:15:41+00:00","author":{"@id":"https:\/\/suomenkuvalehti.fi\/ykkosketju\/#\/schema\/person\/0e4991ff5cd6ce9a619cea0b7f427de4"},"breadcrumb":{"@id":"https:\/\/suomenkuvalehti.fi\/ykkosketju\/kumpaa-tarvitaan-suomessa-nyt-kysynnan-vai-tarjonnan-lisaamista\/#breadcrumb"},"inLanguage":"fi","potentialAction":[{"@type":"ReadAction","target":["https:\/\/suomenkuvalehti.fi\/ykkosketju\/kumpaa-tarvitaan-suomessa-nyt-kysynnan-vai-tarjonnan-lisaamista\/"]}]},{"@type":"BreadcrumbList","@id":"https:\/\/suomenkuvalehti.fi\/ykkosketju\/kumpaa-tarvitaan-suomessa-nyt-kysynnan-vai-tarjonnan-lisaamista\/#breadcrumb","itemListElement":[{"@type":"ListItem","position":1,"name":"Home","item":"https:\/\/suomenkuvalehti.fi\/ykkosketju\/"},{"@type":"ListItem","position":2,"name":"Kumpaa tarvitaan Suomessa nyt, kysynn\u00e4n vai tarjonnan lis\u00e4\u00e4mist\u00e4?"}]},{"@type":"WebSite","@id":"https:\/\/suomenkuvalehti.fi\/ykkosketju\/#website","url":"https:\/\/suomenkuvalehti.fi\/ykkosketju\/","name":"Ykk\u00f6sketju","description":"Joukko valtakunnan viisaita kommentoi maailman menoa.","potentialAction":[{"@type":"SearchAction","target":{"@type":"EntryPoint","urlTemplate":"https:\/\/suomenkuvalehti.fi\/haku\/?q={search_term_string}"},"query-input":{"@type":"PropertyValueSpecification","valueRequired":true,"valueName":"search_term_string"}}],"inLanguage":"fi"},{"@type":"Person","@id":"https:\/\/suomenkuvalehti.fi\/ykkosketju\/#\/schema\/person\/0e4991ff5cd6ce9a619cea0b7f427de4","name":"Juhana Vartiainen","image":{"@type":"ImageObject","inLanguage":"fi","@id":"https:\/\/suomenkuvalehti.fi\/ykkosketju\/#\/schema\/person\/image\/","url":"https:\/\/suomenkuvalehti.fi\/ykkosketju\/wp-content\/uploads\/sites\/15\/2013\/12\/JuhanaVartiainenMV400px-1-150x150.jpg","contentUrl":"https:\/\/suomenkuvalehti.fi\/ykkosketju\/wp-content\/uploads\/sites\/15\/2013\/12\/JuhanaVartiainenMV400px-1-150x150.jpg","caption":"Juhana Vartiainen"},"description":"Kirjoittaja on Valtion taloudellisen tutkimuskeskuksen VATT:n ylijohtaja."}]}},"_links":{"self":[{"href":"https:\/\/suomenkuvalehti.fi\/ykkosketju\/wp-json\/wp\/v2\/posts\/47","targetHints":{"allow":["GET"]}}],"collection":[{"href":"https:\/\/suomenkuvalehti.fi\/ykkosketju\/wp-json\/wp\/v2\/posts"}],"about":[{"href":"https:\/\/suomenkuvalehti.fi\/ykkosketju\/wp-json\/wp\/v2\/types\/post"}],"author":[{"embeddable":true,"href":"https:\/\/suomenkuvalehti.fi\/ykkosketju\/wp-json\/wp\/v2\/users\/106"}],"replies":[{"embeddable":true,"href":"https:\/\/suomenkuvalehti.fi\/ykkosketju\/wp-json\/wp\/v2\/comments?post=47"}],"version-history":[{"count":1,"href":"https:\/\/suomenkuvalehti.fi\/ykkosketju\/wp-json\/wp\/v2\/posts\/47\/revisions"}],"predecessor-version":[{"id":105,"href":"https:\/\/suomenkuvalehti.fi\/ykkosketju\/wp-json\/wp\/v2\/posts\/47\/revisions\/105"}],"wp:attachment":[{"href":"https:\/\/suomenkuvalehti.fi\/ykkosketju\/wp-json\/wp\/v2\/media?parent=47"}],"wp:term":[{"taxonomy":"category","embeddable":true,"href":"https:\/\/suomenkuvalehti.fi\/ykkosketju\/wp-json\/wp\/v2\/categories?post=47"},{"taxonomy":"post_tag","embeddable":true,"href":"https:\/\/suomenkuvalehti.fi\/ykkosketju\/wp-json\/wp\/v2\/tags?post=47"}],"curies":[{"name":"wp","href":"https:\/\/api.w.org\/{rel}","templated":true}]}}