{"id":35,"date":"2013-03-15T13:00:00","date_gmt":"2013-03-15T11:00:00","guid":{"rendered":"https:\/\/suomenkuvalehti.fi\/ykkosketju\/2013\/03\/15\/ratkaiseva-kysymys-myos-suomelle-liittoutuuko-ruotsi-vai-ei\/"},"modified":"2013-11-29T14:15:40","modified_gmt":"2013-11-29T12:15:40","slug":"ratkaiseva-kysymys-myos-suomelle-liittoutuuko-ruotsi-vai-ei","status":"publish","type":"post","link":"https:\/\/suomenkuvalehti.fi\/ykkosketju\/ratkaiseva-kysymys-myos-suomelle-liittoutuuko-ruotsi-vai-ei\/","title":{"rendered":"Ratkaiseva kysymys my\u00f6s Suomelle: Liittoutuuko Ruotsi vai ei"},"content":{"rendered":"\n<p>Kylm\u00e4n sodan vuosina Suomessa todettiin usein mielihyv\u00e4ll\u00e4, ett\u00e4 Ruotsin voimakas puolustus oli Suomelle vahva selk\u00e4noja. Eik\u00e4 sit\u00e4 turhaan vahvaksi luonnehdittukaan. Ruotsi olisi tarpeen tullen kyennyt  perustamaan joukkoja siin\u00e4 m\u00e4\u00e4rin, ett\u00e4 aseisiin olisi saatu 850 000 miest\u00e4. Ruotsin ilmavoimat olivat aika ajoin l\u00e4ntisen Euroopan kolmanneksi suurimmat. Siin\u00e4 oli todella tukeva selk\u00e4noja. Ruotsin It\u00e4meren laivasto sukellusveneineen oli sekin merkitt\u00e4v\u00e4 sotilaallinen resurssi.<\/p>\n\n\n\n\n<p>Kun Neuvostoliitto oli romahtanut ja kylm\u00e4 sota p\u00e4\u00e4ttynyt, oli luonnollista, ett\u00e4 Ruotsissa tehtiin uusi tilannearvio. Siihen vaikutti aivan keskeisell\u00e4 tavalla my\u00f6s Naton laajentuminen. Ruotsin sotilasmaantieteellinen asema muuttui hetkess\u00e4, kun Saksa yhdistyi ja pian sen j\u00e4lkeen Puolan ja Baltian maat liittyiv\u00e4t Natooon. Ruotsin puolustuksen suurin huolenaihe oli ollut mahdollinen maihinnousu It\u00e4-Saksasta, Puolasta tai Baltian maista. Suomen suunta oli paljon turvatumpi. Nyt Ruotsilla on Nato-naapurit pohjoisessa, l\u00e4nness\u00e4, etel\u00e4ss\u00e4 ja my\u00f6s id\u00e4ss\u00e4, Baltiassa. Naton laajentuminen on vaikuttanut my\u00f6s Suomen sotilasmaantieteelliseen asemaan etel\u00e4n suunnassa, kun Viro valitsi liittoutumisen. Suomen asema id\u00e4ss\u00e4 ei ole miksik\u00e4\u00e4n muuttunut.<\/p>\n\n\n\n<p>Ruotsin p\u00e4\u00e4t\u00f6s uudistaa asevoimansa niin, ett\u00e4 painopistett\u00e4 on siirretty aluepuolustuksesta rauhanturvaamis- ja kriisinhallintaoperaatioihin, on merkinnyt my\u00f6s yleisest\u00e4 asevelvollisuudesta luopumista. Leikkaukset ovat osin koko puolustusj\u00e4rjestelm\u00e4n uusimisen sanelemia, osin valtiontalouden vaatimia. Ajatus entist\u00e4 pienemmist\u00e4 puolustusvoimista, joka koostuisi ammattiarmeijasta ei ole edennyt suunnitellulla tavalla. Hakijoita puolustuksen teht\u00e4viin, ja varsinkaan p\u00e4tevi\u00e4 hakijoita, ei ole oikein l\u00f6ydetty. Ilmi\u00f6 on tuttu monen muun maan puolustusvoimista. Rivimiehiksi on vaikeata saada nuorison parhaimmistoa.<\/p>\n\n\n\n<p>Ruotsin puolustusvoimien komentaja kenraali <strong>Sverker G\u00f6ransson<\/strong> sanoi julkisuudessa muutama viikko sitten, ett\u00e4 jos Ruotsiin hy\u00f6k\u00e4t\u00e4\u00e4n, maan puolustus kest\u00e4\u00e4 vain viikon verran. Suomalaisen korvissa lausunto kuulostaa uskomattomalta. Jos puolustusvoimat jotain pyrkiv\u00e4t salaamaan, niin se on juuri tuon tyyppiset asiat.<\/p>\n\n\n\n<p>Kauanko liikekannallepano kest\u00e4\u00e4, kuinka kauan jaksetaan omin voimin, ne ovat sotasalaisuuksista t\u00e4rkeimpi\u00e4. Kenraalin lausumaa voi pit\u00e4\u00e4 h\u00e4t\u00e4huutona. Sen taustalla on Ruotsin puolustusvoimien tiedustelup\u00e4\u00e4llik\u00f6n arvio, jonka mukaan Ruotsin sotilaallinen turvallisuus on heikentym\u00e4ss\u00e4, kun Ven\u00e4j\u00e4 lis\u00e4\u00e4 nopeasti omaa suorituskyky\u00e4\u00e4n.<\/p>\n\n\n\n<p>Ei ihme, ett\u00e4 t\u00e4llaisessa tilanteessa my\u00f6s Ruotsissa on her\u00e4nnyt vilkas keskustelu <a href=\"https:\/\/suomenkuvalehti.fi\/jutut\/ulkomaat\/naton-paasihteeri-kehuu-ruotsia-maanne-on-yksi-tehokkaimmista-kumppaneistamme\" target=\"_blank\">Nato-j\u00e4senyydest\u00e4<\/a>. Kun oma puolustus arvioidaan n\u00e4in heikoksi tarvitaan ulkoista apua. Sit\u00e4 ei saada EU:sta, sanoo kenraali G\u00f6ransson, mutta j\u00e4tt\u00e4\u00e4 silti sanomatta mist\u00e4 sit\u00e4 saataisiin. Se ei voi juuri muuta tarkoittaa kuin Natoa.<\/p>\n\n\n\n<p>T\u00e4t\u00e4 taustaa vasten on hyvin mielenkiintoista, ett\u00e4 Natossa arvioidaan Ruotsin puolustuskyky\u00e4 melko tavalla toisin. Nato kysyi viime vuoden kev\u00e4\u00e4ll\u00e4 Ruotsilta sopisiko sille se, ett\u00e4 se toimittaisi Ruotsin puolustusvoimien suorituskykyarvion. N\u00e4in sovittiin. Johtop\u00e4\u00e4t\u00f6kset ovat julkisia. Niiden mukaan: &#8221;Ruotsilla on maanpuolustuksen kannalta merkitt\u00e4v\u00e4t voimavarat niin , maa-, meri- kuin ilmavoimienkin osalta puolustaa itsen\u00e4isesti ja ilman muiden tukea aluettaan.&#8221;<\/p>\n\n\n\n<p>T\u00e4m\u00e4 on jotain aivan muuta kuin kenraali G\u00f6ranssonin arvio viikon puolustuskyvyst\u00e4. T\u00e4t\u00e4 taustaa vasten tuntuu todella silt\u00e4, ett\u00e4 kenraalimme on ollut enemm\u00e4n huolissaan Ruotsin puolustuksen tulevaisuudesta kuin nyt ajankohtaisesta puolustuskyvyst\u00e4.<\/p>\n\n\n\n<p>Suomen kannalta se, liittoutuuko Ruotsi vai ei, on ensimm\u00e4isen luokan turvallisuuspoliittinen kysymys. On syyt\u00e4 seurata siell\u00e4 meneill\u00e4\u00e4n olevaa  keskustelua suurella tarkkaavaisuudella.<\/p>\n\n\n\n","protected":false},"excerpt":{"rendered":"<p>Kylm\u00e4n sodan vuosina Suomessa todettiin usein mielihyv\u00e4ll\u00e4, ett\u00e4 Ruotsin voimakas puolustus oli Suomelle vahva selk\u00e4noja. Eik\u00e4 sit\u00e4 turhaan vahvaksi luonnehdittukaan. Ruotsi olisi tarpeen tullen kyennyt perustamaan joukkoja siin\u00e4 m\u00e4\u00e4rin, ett\u00e4 aseisiin olisi<br \/>\nsaatu 850 &hellip;<\/p>\n","protected":false},"author":109,"featured_media":0,"comment_status":"open","ping_status":"open","sticky":false,"template":"","format":"standard","meta":{"_acf_changed":false,"asauth_required_access_level":0,"asauth_cansharepaid":"","om_header_attributes":[],"footnotes":"","om_featured_image_focal_point":[],"om_primary_tag":0,"om_contributors":[],"om_co_authors":[],"beyondwords_generate_audio":"","beyondwords_project_id":"","beyondwords_content_id":"","beyondwords_preview_token":"","beyondwords_player_content":"","beyondwords_player_style":"","beyondwords_language_code":"","beyondwords_language_id":"","beyondwords_title_voice_id":"","beyondwords_body_voice_id":"","beyondwords_summary_voice_id":"","beyondwords_error_message":"","beyondwords_disabled":"","beyondwords_delete_content":"","beyondwords_podcast_id":"","beyondwords_hash":"","publish_post_to_speechkit":"","speechkit_hash":"","speechkit_generate_audio":"","speechkit_project_id":"","speechkit_podcast_id":"","speechkit_error_message":"","speechkit_disabled":"","speechkit_access_key":"","speechkit_error":"","speechkit_info":"","speechkit_response":"","speechkit_retries":"","speechkit_status":"","speechkit_updated_at":"","_speechkit_link":"","_speechkit_text":""},"categories":[1],"tags":[73,97,96],"class_list":["post-35","post","type-post","status-publish","format-standard","hentry","category-yleinen","tag-nato","tag-ruotsi","tag-suomi"],"om_views":null,"acf":{"tuuma_off":false,"tuuma_kysymys":"","tuuma_vastaus":""},"asauth":{"required_access_level":1,"share_token":"","is_paid":false},"yoast_head":"<!-- This site is optimized with the Yoast SEO plugin v26.4 - https:\/\/yoast.com\/wordpress\/plugins\/seo\/ -->\n<title>Ratkaiseva kysymys my\u00f6s Suomelle: Liittoutuuko Ruotsi vai ei - Ykk\u00f6sketju<\/title>\n<meta name=\"robots\" content=\"index, follow, max-snippet:-1, max-image-preview:large, max-video-preview:-1\" \/>\n<link rel=\"canonical\" href=\"https:\/\/suomenkuvalehti.fi\/ykkosketju\/ratkaiseva-kysymys-myos-suomelle-liittoutuuko-ruotsi-vai-ei\/\" \/>\n<meta property=\"og:locale\" content=\"fi_FI\" \/>\n<meta property=\"og:type\" content=\"article\" \/>\n<meta property=\"og:title\" content=\"Ratkaiseva kysymys my\u00f6s Suomelle: Liittoutuuko Ruotsi vai ei - Ykk\u00f6sketju\" \/>\n<meta property=\"og:description\" content=\"Kylm\u00e4n sodan vuosina Suomessa todettiin usein mielihyv\u00e4ll\u00e4, ett\u00e4 Ruotsin voimakas puolustus oli Suomelle vahva selk\u00e4noja. Eik\u00e4 sit\u00e4 turhaan vahvaksi luonnehdittukaan. Ruotsi olisi tarpeen tullen kyennyt perustamaan joukkoja siin\u00e4 m\u00e4\u00e4rin, ett\u00e4 aseisiin olisi saatu 850 &hellip;\" \/>\n<meta property=\"og:url\" content=\"https:\/\/suomenkuvalehti.fi\/ykkosketju\/ratkaiseva-kysymys-myos-suomelle-liittoutuuko-ruotsi-vai-ei\/\" \/>\n<meta property=\"og:site_name\" content=\"Ykk\u00f6sketju\" \/>\n<meta property=\"article:published_time\" content=\"2013-03-15T11:00:00+00:00\" \/>\n<meta property=\"article:modified_time\" content=\"2013-11-29T12:15:40+00:00\" \/>\n<meta name=\"author\" content=\"Jaakko Iloniemi\" \/>\n<meta name=\"twitter:label1\" content=\"Written by\" \/>\n\t<meta name=\"twitter:data1\" content=\"Jaakko Iloniemi\" \/>\n\t<meta name=\"twitter:label2\" content=\"Est. reading time\" \/>\n\t<meta name=\"twitter:data2\" content=\"3 minuuttia\" \/>\n<script type=\"application\/ld+json\" class=\"yoast-schema-graph\">{\"@context\":\"https:\/\/schema.org\",\"@graph\":[{\"@type\":\"WebPage\",\"@id\":\"https:\/\/suomenkuvalehti.fi\/ykkosketju\/ratkaiseva-kysymys-myos-suomelle-liittoutuuko-ruotsi-vai-ei\/\",\"url\":\"https:\/\/suomenkuvalehti.fi\/ykkosketju\/ratkaiseva-kysymys-myos-suomelle-liittoutuuko-ruotsi-vai-ei\/\",\"name\":\"Ratkaiseva kysymys my\u00f6s Suomelle: Liittoutuuko Ruotsi vai ei - Ykk\u00f6sketju\",\"isPartOf\":{\"@id\":\"https:\/\/suomenkuvalehti.fi\/ykkosketju\/#website\"},\"datePublished\":\"2013-03-15T11:00:00+00:00\",\"dateModified\":\"2013-11-29T12:15:40+00:00\",\"author\":{\"@id\":\"https:\/\/suomenkuvalehti.fi\/ykkosketju\/#\/schema\/person\/0957cc92bd2fe13d526dd5c4752e7484\"},\"breadcrumb\":{\"@id\":\"https:\/\/suomenkuvalehti.fi\/ykkosketju\/ratkaiseva-kysymys-myos-suomelle-liittoutuuko-ruotsi-vai-ei\/#breadcrumb\"},\"inLanguage\":\"fi\",\"potentialAction\":[{\"@type\":\"ReadAction\",\"target\":[\"https:\/\/suomenkuvalehti.fi\/ykkosketju\/ratkaiseva-kysymys-myos-suomelle-liittoutuuko-ruotsi-vai-ei\/\"]}]},{\"@type\":\"BreadcrumbList\",\"@id\":\"https:\/\/suomenkuvalehti.fi\/ykkosketju\/ratkaiseva-kysymys-myos-suomelle-liittoutuuko-ruotsi-vai-ei\/#breadcrumb\",\"itemListElement\":[{\"@type\":\"ListItem\",\"position\":1,\"name\":\"Home\",\"item\":\"https:\/\/suomenkuvalehti.fi\/ykkosketju\/\"},{\"@type\":\"ListItem\",\"position\":2,\"name\":\"Ratkaiseva kysymys my\u00f6s Suomelle: Liittoutuuko Ruotsi vai ei\"}]},{\"@type\":\"WebSite\",\"@id\":\"https:\/\/suomenkuvalehti.fi\/ykkosketju\/#website\",\"url\":\"https:\/\/suomenkuvalehti.fi\/ykkosketju\/\",\"name\":\"Ykk\u00f6sketju\",\"description\":\"Joukko valtakunnan viisaita kommentoi maailman menoa.\",\"potentialAction\":[{\"@type\":\"SearchAction\",\"target\":{\"@type\":\"EntryPoint\",\"urlTemplate\":\"https:\/\/suomenkuvalehti.fi\/haku\/?q={search_term_string}\"},\"query-input\":{\"@type\":\"PropertyValueSpecification\",\"valueRequired\":true,\"valueName\":\"search_term_string\"}}],\"inLanguage\":\"fi\"},{\"@type\":\"Person\",\"@id\":\"https:\/\/suomenkuvalehti.fi\/ykkosketju\/#\/schema\/person\/0957cc92bd2fe13d526dd5c4752e7484\",\"name\":\"Jaakko Iloniemi\",\"image\":{\"@type\":\"ImageObject\",\"inLanguage\":\"fi\",\"@id\":\"https:\/\/suomenkuvalehti.fi\/ykkosketju\/#\/schema\/person\/image\/\",\"url\":\"https:\/\/suomenkuvalehti.fi\/ykkosketju\/wp-content\/uploads\/sites\/15\/2013\/12\/Jaakko-IloniemiMV400px-1-150x150.jpg\",\"contentUrl\":\"https:\/\/suomenkuvalehti.fi\/ykkosketju\/wp-content\/uploads\/sites\/15\/2013\/12\/Jaakko-IloniemiMV400px-1-150x150.jpg\",\"caption\":\"Jaakko Iloniemi\"},\"description\":\"Kirjoittaja on ministeri\"}]}<\/script>\n<!-- \/ Yoast SEO plugin. -->","yoast_head_json":{"title":"Ratkaiseva kysymys my\u00f6s Suomelle: Liittoutuuko Ruotsi vai ei - Ykk\u00f6sketju","robots":{"index":"index","follow":"follow","max-snippet":"max-snippet:-1","max-image-preview":"max-image-preview:large","max-video-preview":"max-video-preview:-1"},"canonical":"https:\/\/suomenkuvalehti.fi\/ykkosketju\/ratkaiseva-kysymys-myos-suomelle-liittoutuuko-ruotsi-vai-ei\/","og_locale":"fi_FI","og_type":"article","og_title":"Ratkaiseva kysymys my\u00f6s Suomelle: Liittoutuuko Ruotsi vai ei - Ykk\u00f6sketju","og_description":"Kylm\u00e4n sodan vuosina Suomessa todettiin usein mielihyv\u00e4ll\u00e4, ett\u00e4 Ruotsin voimakas puolustus oli Suomelle vahva selk\u00e4noja. Eik\u00e4 sit\u00e4 turhaan vahvaksi luonnehdittukaan. Ruotsi olisi tarpeen tullen kyennyt perustamaan joukkoja siin\u00e4 m\u00e4\u00e4rin, ett\u00e4 aseisiin olisi saatu 850 &hellip;","og_url":"https:\/\/suomenkuvalehti.fi\/ykkosketju\/ratkaiseva-kysymys-myos-suomelle-liittoutuuko-ruotsi-vai-ei\/","og_site_name":"Ykk\u00f6sketju","article_published_time":"2013-03-15T11:00:00+00:00","article_modified_time":"2013-11-29T12:15:40+00:00","author":"Jaakko Iloniemi","twitter_misc":{"Written by":"Jaakko Iloniemi","Est. reading time":"3 minuuttia"},"schema":{"@context":"https:\/\/schema.org","@graph":[{"@type":"WebPage","@id":"https:\/\/suomenkuvalehti.fi\/ykkosketju\/ratkaiseva-kysymys-myos-suomelle-liittoutuuko-ruotsi-vai-ei\/","url":"https:\/\/suomenkuvalehti.fi\/ykkosketju\/ratkaiseva-kysymys-myos-suomelle-liittoutuuko-ruotsi-vai-ei\/","name":"Ratkaiseva kysymys my\u00f6s Suomelle: Liittoutuuko Ruotsi vai ei - Ykk\u00f6sketju","isPartOf":{"@id":"https:\/\/suomenkuvalehti.fi\/ykkosketju\/#website"},"datePublished":"2013-03-15T11:00:00+00:00","dateModified":"2013-11-29T12:15:40+00:00","author":{"@id":"https:\/\/suomenkuvalehti.fi\/ykkosketju\/#\/schema\/person\/0957cc92bd2fe13d526dd5c4752e7484"},"breadcrumb":{"@id":"https:\/\/suomenkuvalehti.fi\/ykkosketju\/ratkaiseva-kysymys-myos-suomelle-liittoutuuko-ruotsi-vai-ei\/#breadcrumb"},"inLanguage":"fi","potentialAction":[{"@type":"ReadAction","target":["https:\/\/suomenkuvalehti.fi\/ykkosketju\/ratkaiseva-kysymys-myos-suomelle-liittoutuuko-ruotsi-vai-ei\/"]}]},{"@type":"BreadcrumbList","@id":"https:\/\/suomenkuvalehti.fi\/ykkosketju\/ratkaiseva-kysymys-myos-suomelle-liittoutuuko-ruotsi-vai-ei\/#breadcrumb","itemListElement":[{"@type":"ListItem","position":1,"name":"Home","item":"https:\/\/suomenkuvalehti.fi\/ykkosketju\/"},{"@type":"ListItem","position":2,"name":"Ratkaiseva kysymys my\u00f6s Suomelle: Liittoutuuko Ruotsi vai ei"}]},{"@type":"WebSite","@id":"https:\/\/suomenkuvalehti.fi\/ykkosketju\/#website","url":"https:\/\/suomenkuvalehti.fi\/ykkosketju\/","name":"Ykk\u00f6sketju","description":"Joukko valtakunnan viisaita kommentoi maailman menoa.","potentialAction":[{"@type":"SearchAction","target":{"@type":"EntryPoint","urlTemplate":"https:\/\/suomenkuvalehti.fi\/haku\/?q={search_term_string}"},"query-input":{"@type":"PropertyValueSpecification","valueRequired":true,"valueName":"search_term_string"}}],"inLanguage":"fi"},{"@type":"Person","@id":"https:\/\/suomenkuvalehti.fi\/ykkosketju\/#\/schema\/person\/0957cc92bd2fe13d526dd5c4752e7484","name":"Jaakko Iloniemi","image":{"@type":"ImageObject","inLanguage":"fi","@id":"https:\/\/suomenkuvalehti.fi\/ykkosketju\/#\/schema\/person\/image\/","url":"https:\/\/suomenkuvalehti.fi\/ykkosketju\/wp-content\/uploads\/sites\/15\/2013\/12\/Jaakko-IloniemiMV400px-1-150x150.jpg","contentUrl":"https:\/\/suomenkuvalehti.fi\/ykkosketju\/wp-content\/uploads\/sites\/15\/2013\/12\/Jaakko-IloniemiMV400px-1-150x150.jpg","caption":"Jaakko Iloniemi"},"description":"Kirjoittaja on ministeri"}]}},"_links":{"self":[{"href":"https:\/\/suomenkuvalehti.fi\/ykkosketju\/wp-json\/wp\/v2\/posts\/35","targetHints":{"allow":["GET"]}}],"collection":[{"href":"https:\/\/suomenkuvalehti.fi\/ykkosketju\/wp-json\/wp\/v2\/posts"}],"about":[{"href":"https:\/\/suomenkuvalehti.fi\/ykkosketju\/wp-json\/wp\/v2\/types\/post"}],"author":[{"embeddable":true,"href":"https:\/\/suomenkuvalehti.fi\/ykkosketju\/wp-json\/wp\/v2\/users\/109"}],"replies":[{"embeddable":true,"href":"https:\/\/suomenkuvalehti.fi\/ykkosketju\/wp-json\/wp\/v2\/comments?post=35"}],"version-history":[{"count":1,"href":"https:\/\/suomenkuvalehti.fi\/ykkosketju\/wp-json\/wp\/v2\/posts\/35\/revisions"}],"predecessor-version":[{"id":93,"href":"https:\/\/suomenkuvalehti.fi\/ykkosketju\/wp-json\/wp\/v2\/posts\/35\/revisions\/93"}],"wp:attachment":[{"href":"https:\/\/suomenkuvalehti.fi\/ykkosketju\/wp-json\/wp\/v2\/media?parent=35"}],"wp:term":[{"taxonomy":"category","embeddable":true,"href":"https:\/\/suomenkuvalehti.fi\/ykkosketju\/wp-json\/wp\/v2\/categories?post=35"},{"taxonomy":"post_tag","embeddable":true,"href":"https:\/\/suomenkuvalehti.fi\/ykkosketju\/wp-json\/wp\/v2\/tags?post=35"}],"curies":[{"name":"wp","href":"https:\/\/api.w.org\/{rel}","templated":true}]}}