{"id":34,"date":"2013-03-15T16:00:04","date_gmt":"2013-03-15T14:00:04","guid":{"rendered":"https:\/\/suomenkuvalehti.fi\/ykkosketju\/2013\/03\/15\/hallituksen-tarkea-viikko-sumuinen-talousnakyma-on-kirkastettava-kehysriihessa\/"},"modified":"2013-11-29T14:15:40","modified_gmt":"2013-11-29T12:15:40","slug":"hallituksen-tarkea-viikko-sumuinen-talousnakyma-on-kirkastettava-kehysriihessa","status":"publish","type":"post","link":"https:\/\/suomenkuvalehti.fi\/ykkosketju\/hallituksen-tarkea-viikko-sumuinen-talousnakyma-on-kirkastettava-kehysriihessa\/","title":{"rendered":"Hallituksen t\u00e4rke\u00e4 viikko: Sumuinen talousn\u00e4kym\u00e4 on kirkastettava kehysriihess\u00e4"},"content":{"rendered":"\n<p>Hallitus kokoontuu kehysriiheen ja kokouksen vastuu on suurempi kuin kes\u00e4kuun 2011 hallitusneuvotteluissa. Yleinen talousn\u00e4kym\u00e4 on edelleen sumuinen ja t\u00e4ss\u00e4 tilanteessa on \u00e4\u00e4rimm\u00e4isen t\u00e4rke\u00e4\u00e4 se, ett\u00e4 valtiovalta paaluttaa selke\u00e4sti ratkaisut, joita makrotasolla taloudessa tehd\u00e4\u00e4n.<\/p>\n\n\n\n\n<p>Hallitusohjelmassa hallitus antoi kaksi makrotason sitoumusta markkinoille.<\/p>\n\n\n\n<p>Ensimm\u00e4inen niist\u00e4 oli valtion velkasuhteen k\u00e4\u00e4nt\u00e4minen selke\u00e4\u00e4n laskuun.<\/p>\n\n\n\n<p>&#8221;Hallituksen tavoitteena on valtiontalouden velan ja kokonaistuotannon suhteen k\u00e4\u00e4nt\u00e4minen selke\u00e4\u00e4n laskuun vaalikauden loppuun menness\u00e4. Hallitus tavoittelee m\u00e4\u00e4r\u00e4tietoisin toimin ja mahdollisimman nopeassa aikataulussa valtiontalouden tasapainoa sek\u00e4 ennusteita vahvempaa talouskasvua.&#8221;<\/p>\n\n\n\n<p>Toinen t\u00e4t\u00e4 tavoitetta t\u00e4sment\u00e4v\u00e4 lupaus oli, ett\u00e4 vuotuinen alij\u00e4\u00e4m\u00e4taso on vuonna 2015 korkeintaan 1 prosenttia vuoden BKT:sta.<\/p>\n\n\n\n<p>&#8221;Hallitus sitoutuu toteuttamaan uusia lis\u00e4sopeutustoimia, mik\u00e4li valtion velan bruttokansantuoteosuus ei n\u00e4yt\u00e4 k\u00e4\u00e4ntyv\u00e4n laskuun ja valtion talouden alij\u00e4\u00e4m\u00e4 n\u00e4ytt\u00e4\u00e4 asettuvan yli 1 prosenttiin bruttokansantuotteesta.&#8221;<\/p>\n\n\n\n<p>T\u00e4m\u00e4 numeraalinen t\u00e4smennys oli sik\u00e4li v\u00e4ltt\u00e4m\u00e4t\u00f6nt\u00e4, ett\u00e4 velkasuhde voi k\u00e4\u00e4nty\u00e4 laskuun jo sill\u00e4, ett\u00e4 pitk\u00e4n taantuman j\u00e4lkeen tulee yksi selv\u00e4sti paremman bkt:n kasvun vuosi. Siksi numerolla m\u00e4\u00e4ritelty 1 prosentti eli 2 miljardia euroa on t\u00e4rke\u00e4 ja luottoluokittajat ovat varmasti kirjanneet sen yl\u00f6s, koska se oli ainoa t\u00e4sm\u00e4llisesti ilmaistu lupaus. 2 miljardin ja 7 miljardin v\u00e4lill\u00e4 on ilman suurennuslasia havaittava ero, jota ei voi vaikenemalla piilottaa.<\/p>\n\n\n\n<p>Ymm\u00e4rr\u00e4n hyvin, ett\u00e4 kun talouskasvua ei ole saatu aikaan, k\u00e4y taantumassa tavoitteen saavuttaminen eritt\u00e4in vaikeaksi ja jotta taantuma ei syvenisi, hallitus &#8221;venytt\u00e4\u00e4&#8221; aikataulua eteenp\u00e4in. Hallituksen johdon puheissa on viime aikoina puhuttu vain velkasuhteen &#8221;taittamisesta&#8221;, joka sekin on lievempi ilmaus kuin hallitusohjelmassa k\u00e4ytetty. Mutta yhden prosentin rajauksesta ei ole pitk\u00e4\u00e4n aikaan muistutettu.<\/p>\n\n\n\n<p>Mik\u00e4li &#8221;suhdannesyist\u00e4&#8221; sallitaan sitoumukselle aikalis\u00e4, pit\u00e4\u00e4 t\u00e4m\u00e4 kyet\u00e4 viestim\u00e4\u00e4n markkinoille ja kansalaisille selke\u00e4sti: miksi n\u00e4in toimitaan ja mit\u00e4  korvaavia krooniseksi muuttunutta alij\u00e4\u00e4m\u00e4\u00e4 pitemm\u00e4ll\u00e4 ajalla korjaavia p\u00e4\u00e4t\u00f6ksi\u00e4 tehd\u00e4\u00e4n.<\/p>\n\n\n\n<p>P\u00e4\u00e4t\u00f6kset julkisen sektorin tuottavuuden parantamiseksi ja menokurin yll\u00e4pit\u00e4miseksi ymm\u00e4rret\u00e4\u00e4n. Samoin p\u00e4\u00e4t\u00f6kset ty\u00f6urien pident\u00e4miseksi osataan laskea kansantalouden numeroiksi. Ja my\u00f6s toimet, joilla kannustettaisiin yksityisi\u00e4 p\u00e4\u00e4omia pankkilainoituksen sijaan yritysten kasvun rahoitukseksi vaikuttavat kasvun\u00e4kym\u00e4\u00e4n. Ja my\u00f6s kilpailukykyyn on vastattava. Teknologiateollisuuden <strong>Jorma Turunen<\/strong> tiivisti t\u00e4h\u00e4n liittyv\u00e4n kysymyksen hyvin : &#8221;Vientimme tasopudotus n\u00e4ytt\u00e4\u00e4 pysyv\u00e4lt\u00e4, koska Suomen kilpailukyky ei riit\u00e4 luomaan tarvittavaa kasvua&#8221;. T\u00e4m\u00e4 asia on hallituksen sijasta ty\u00f6markkinaj\u00e4rjest\u00f6jen p\u00f6yd\u00e4ll\u00e4.<\/p>\n\n\n\n<p>Taantumassa kaikilla on vaikeuksia. Jokaisen asemaa helpottaa julkisen taloutemme hyv\u00e4 luottoluokitus ja sit\u00e4 pit\u00e4\u00e4 varjella. Kun sit\u00e4 varjellaan, syntyy automaattisesti my\u00f6s p\u00e4\u00e4t\u00f6ksi\u00e4, jotka kaventavat kest\u00e4vyysvajetta. T\u00e4ss\u00e4 on kyse yritysten kannalta yleisest\u00e4 toimintaymp\u00e4rist\u00f6st\u00e4, jonka vakaus ja pitk\u00e4j\u00e4nteisyys ovat niit\u00e4 kilpailutekij\u00f6it\u00e4, jotka auttavat Suomessa toimimista.<\/p>\n\n\n\n","protected":false},"excerpt":{"rendered":"<p>Hallitus kokoontuu kehysriiheen ja kokouksen vastuu on suurempi kuin kes\u00e4kuun 2011 hallitusneuvotteluissa. Yleinen talousn\u00e4kym\u00e4 on edelleen sumuinen ja t\u00e4ss\u00e4 tilanteessa on \u00e4\u00e4rimm\u00e4isen t\u00e4rke\u00e4\u00e4 se, ett\u00e4 valtiovalta paaluttaa selke\u00e4sti<br \/>\nratkaisut, j&hellip;<\/p>\n","protected":false},"author":111,"featured_media":0,"comment_status":"open","ping_status":"open","sticky":false,"template":"","format":"standard","meta":{"_acf_changed":false,"asauth_required_access_level":0,"asauth_cansharepaid":"","om_header_attributes":[],"footnotes":"","om_featured_image_focal_point":[],"om_primary_tag":0,"om_contributors":[],"om_co_authors":[],"beyondwords_generate_audio":"","beyondwords_project_id":"","beyondwords_content_id":"","beyondwords_preview_token":"","beyondwords_player_content":"","beyondwords_player_style":"","beyondwords_language_code":"","beyondwords_language_id":"","beyondwords_title_voice_id":"","beyondwords_body_voice_id":"","beyondwords_summary_voice_id":"","beyondwords_error_message":"","beyondwords_disabled":"","beyondwords_delete_content":"","beyondwords_podcast_id":"","beyondwords_hash":"","publish_post_to_speechkit":"","speechkit_hash":"","speechkit_generate_audio":"","speechkit_project_id":"","speechkit_podcast_id":"","speechkit_error_message":"","speechkit_disabled":"","speechkit_access_key":"","speechkit_error":"","speechkit_info":"","speechkit_response":"","speechkit_retries":"","speechkit_status":"","speechkit_updated_at":"","_speechkit_link":"","_speechkit_text":""},"categories":[1],"tags":[94,95,12],"class_list":["post-34","post","type-post","status-publish","format-standard","hentry","category-yleinen","tag-hallitus","tag-kehysriihi","tag-taantuma"],"om_views":null,"acf":{"tuuma_off":false,"tuuma_kysymys":"","tuuma_vastaus":""},"asauth":{"required_access_level":1,"share_token":"","is_paid":false},"yoast_head":"<!-- This site is optimized with the Yoast SEO plugin v26.4 - https:\/\/yoast.com\/wordpress\/plugins\/seo\/ -->\n<title>Hallituksen t\u00e4rke\u00e4 viikko: Sumuinen talousn\u00e4kym\u00e4 on kirkastettava kehysriihess\u00e4 - Ykk\u00f6sketju<\/title>\n<meta name=\"robots\" content=\"index, follow, max-snippet:-1, max-image-preview:large, max-video-preview:-1\" \/>\n<link rel=\"canonical\" href=\"https:\/\/suomenkuvalehti.fi\/ykkosketju\/hallituksen-tarkea-viikko-sumuinen-talousnakyma-on-kirkastettava-kehysriihessa\/\" \/>\n<meta property=\"og:locale\" content=\"fi_FI\" \/>\n<meta property=\"og:type\" content=\"article\" \/>\n<meta property=\"og:title\" content=\"Hallituksen t\u00e4rke\u00e4 viikko: Sumuinen talousn\u00e4kym\u00e4 on kirkastettava kehysriihess\u00e4 - Ykk\u00f6sketju\" \/>\n<meta property=\"og:description\" content=\"Hallitus kokoontuu kehysriiheen ja kokouksen vastuu on suurempi kuin kes\u00e4kuun 2011 hallitusneuvotteluissa. Yleinen talousn\u00e4kym\u00e4 on edelleen sumuinen ja t\u00e4ss\u00e4 tilanteessa on \u00e4\u00e4rimm\u00e4isen t\u00e4rke\u00e4\u00e4 se, ett\u00e4 valtiovalta paaluttaa selke\u00e4sti ratkaisut, j&hellip;\" \/>\n<meta property=\"og:url\" content=\"https:\/\/suomenkuvalehti.fi\/ykkosketju\/hallituksen-tarkea-viikko-sumuinen-talousnakyma-on-kirkastettava-kehysriihessa\/\" \/>\n<meta property=\"og:site_name\" content=\"Ykk\u00f6sketju\" \/>\n<meta property=\"article:published_time\" content=\"2013-03-15T14:00:04+00:00\" \/>\n<meta property=\"article:modified_time\" content=\"2013-11-29T12:15:40+00:00\" \/>\n<meta name=\"author\" content=\"Matti Vanhanen\" \/>\n<meta name=\"twitter:label1\" content=\"Written by\" \/>\n\t<meta name=\"twitter:data1\" content=\"Matti Vanhanen\" \/>\n\t<meta name=\"twitter:label2\" content=\"Est. reading time\" \/>\n\t<meta name=\"twitter:data2\" content=\"2 minuuttia\" \/>\n<script type=\"application\/ld+json\" class=\"yoast-schema-graph\">{\"@context\":\"https:\/\/schema.org\",\"@graph\":[{\"@type\":\"WebPage\",\"@id\":\"https:\/\/suomenkuvalehti.fi\/ykkosketju\/hallituksen-tarkea-viikko-sumuinen-talousnakyma-on-kirkastettava-kehysriihessa\/\",\"url\":\"https:\/\/suomenkuvalehti.fi\/ykkosketju\/hallituksen-tarkea-viikko-sumuinen-talousnakyma-on-kirkastettava-kehysriihessa\/\",\"name\":\"Hallituksen t\u00e4rke\u00e4 viikko: Sumuinen talousn\u00e4kym\u00e4 on kirkastettava kehysriihess\u00e4 - Ykk\u00f6sketju\",\"isPartOf\":{\"@id\":\"https:\/\/suomenkuvalehti.fi\/ykkosketju\/#website\"},\"datePublished\":\"2013-03-15T14:00:04+00:00\",\"dateModified\":\"2013-11-29T12:15:40+00:00\",\"author\":{\"@id\":\"https:\/\/suomenkuvalehti.fi\/ykkosketju\/#\/schema\/person\/f5d687463a5f5dab6f42ed0d17b36cf5\"},\"breadcrumb\":{\"@id\":\"https:\/\/suomenkuvalehti.fi\/ykkosketju\/hallituksen-tarkea-viikko-sumuinen-talousnakyma-on-kirkastettava-kehysriihessa\/#breadcrumb\"},\"inLanguage\":\"fi\",\"potentialAction\":[{\"@type\":\"ReadAction\",\"target\":[\"https:\/\/suomenkuvalehti.fi\/ykkosketju\/hallituksen-tarkea-viikko-sumuinen-talousnakyma-on-kirkastettava-kehysriihessa\/\"]}]},{\"@type\":\"BreadcrumbList\",\"@id\":\"https:\/\/suomenkuvalehti.fi\/ykkosketju\/hallituksen-tarkea-viikko-sumuinen-talousnakyma-on-kirkastettava-kehysriihessa\/#breadcrumb\",\"itemListElement\":[{\"@type\":\"ListItem\",\"position\":1,\"name\":\"Home\",\"item\":\"https:\/\/suomenkuvalehti.fi\/ykkosketju\/\"},{\"@type\":\"ListItem\",\"position\":2,\"name\":\"Hallituksen t\u00e4rke\u00e4 viikko: Sumuinen talousn\u00e4kym\u00e4 on kirkastettava kehysriihess\u00e4\"}]},{\"@type\":\"WebSite\",\"@id\":\"https:\/\/suomenkuvalehti.fi\/ykkosketju\/#website\",\"url\":\"https:\/\/suomenkuvalehti.fi\/ykkosketju\/\",\"name\":\"Ykk\u00f6sketju\",\"description\":\"Joukko valtakunnan viisaita kommentoi maailman menoa.\",\"potentialAction\":[{\"@type\":\"SearchAction\",\"target\":{\"@type\":\"EntryPoint\",\"urlTemplate\":\"https:\/\/suomenkuvalehti.fi\/haku\/?q={search_term_string}\"},\"query-input\":{\"@type\":\"PropertyValueSpecification\",\"valueRequired\":true,\"valueName\":\"search_term_string\"}}],\"inLanguage\":\"fi\"},{\"@type\":\"Person\",\"@id\":\"https:\/\/suomenkuvalehti.fi\/ykkosketju\/#\/schema\/person\/f5d687463a5f5dab6f42ed0d17b36cf5\",\"name\":\"Matti Vanhanen\",\"image\":{\"@type\":\"ImageObject\",\"inLanguage\":\"fi\",\"@id\":\"https:\/\/suomenkuvalehti.fi\/ykkosketju\/#\/schema\/person\/image\/\",\"url\":\"https:\/\/suomenkuvalehti.fi\/ykkosketju\/wp-content\/uploads\/sites\/15\/2013\/12\/MAttiVanhanenMV400px-1-150x150.jpg\",\"contentUrl\":\"https:\/\/suomenkuvalehti.fi\/ykkosketju\/wp-content\/uploads\/sites\/15\/2013\/12\/MAttiVanhanenMV400px-1-150x150.jpg\",\"caption\":\"Matti Vanhanen\"},\"description\":\"Kirjoittaja on kulttuurivaikuttaja ja entinen kansanedustaja.\"}]}<\/script>\n<!-- \/ Yoast SEO plugin. -->","yoast_head_json":{"title":"Hallituksen t\u00e4rke\u00e4 viikko: Sumuinen talousn\u00e4kym\u00e4 on kirkastettava kehysriihess\u00e4 - Ykk\u00f6sketju","robots":{"index":"index","follow":"follow","max-snippet":"max-snippet:-1","max-image-preview":"max-image-preview:large","max-video-preview":"max-video-preview:-1"},"canonical":"https:\/\/suomenkuvalehti.fi\/ykkosketju\/hallituksen-tarkea-viikko-sumuinen-talousnakyma-on-kirkastettava-kehysriihessa\/","og_locale":"fi_FI","og_type":"article","og_title":"Hallituksen t\u00e4rke\u00e4 viikko: Sumuinen talousn\u00e4kym\u00e4 on kirkastettava kehysriihess\u00e4 - Ykk\u00f6sketju","og_description":"Hallitus kokoontuu kehysriiheen ja kokouksen vastuu on suurempi kuin kes\u00e4kuun 2011 hallitusneuvotteluissa. Yleinen talousn\u00e4kym\u00e4 on edelleen sumuinen ja t\u00e4ss\u00e4 tilanteessa on \u00e4\u00e4rimm\u00e4isen t\u00e4rke\u00e4\u00e4 se, ett\u00e4 valtiovalta paaluttaa selke\u00e4sti ratkaisut, j&hellip;","og_url":"https:\/\/suomenkuvalehti.fi\/ykkosketju\/hallituksen-tarkea-viikko-sumuinen-talousnakyma-on-kirkastettava-kehysriihessa\/","og_site_name":"Ykk\u00f6sketju","article_published_time":"2013-03-15T14:00:04+00:00","article_modified_time":"2013-11-29T12:15:40+00:00","author":"Matti Vanhanen","twitter_misc":{"Written by":"Matti Vanhanen","Est. reading time":"2 minuuttia"},"schema":{"@context":"https:\/\/schema.org","@graph":[{"@type":"WebPage","@id":"https:\/\/suomenkuvalehti.fi\/ykkosketju\/hallituksen-tarkea-viikko-sumuinen-talousnakyma-on-kirkastettava-kehysriihessa\/","url":"https:\/\/suomenkuvalehti.fi\/ykkosketju\/hallituksen-tarkea-viikko-sumuinen-talousnakyma-on-kirkastettava-kehysriihessa\/","name":"Hallituksen t\u00e4rke\u00e4 viikko: Sumuinen talousn\u00e4kym\u00e4 on kirkastettava kehysriihess\u00e4 - Ykk\u00f6sketju","isPartOf":{"@id":"https:\/\/suomenkuvalehti.fi\/ykkosketju\/#website"},"datePublished":"2013-03-15T14:00:04+00:00","dateModified":"2013-11-29T12:15:40+00:00","author":{"@id":"https:\/\/suomenkuvalehti.fi\/ykkosketju\/#\/schema\/person\/f5d687463a5f5dab6f42ed0d17b36cf5"},"breadcrumb":{"@id":"https:\/\/suomenkuvalehti.fi\/ykkosketju\/hallituksen-tarkea-viikko-sumuinen-talousnakyma-on-kirkastettava-kehysriihessa\/#breadcrumb"},"inLanguage":"fi","potentialAction":[{"@type":"ReadAction","target":["https:\/\/suomenkuvalehti.fi\/ykkosketju\/hallituksen-tarkea-viikko-sumuinen-talousnakyma-on-kirkastettava-kehysriihessa\/"]}]},{"@type":"BreadcrumbList","@id":"https:\/\/suomenkuvalehti.fi\/ykkosketju\/hallituksen-tarkea-viikko-sumuinen-talousnakyma-on-kirkastettava-kehysriihessa\/#breadcrumb","itemListElement":[{"@type":"ListItem","position":1,"name":"Home","item":"https:\/\/suomenkuvalehti.fi\/ykkosketju\/"},{"@type":"ListItem","position":2,"name":"Hallituksen t\u00e4rke\u00e4 viikko: Sumuinen talousn\u00e4kym\u00e4 on kirkastettava kehysriihess\u00e4"}]},{"@type":"WebSite","@id":"https:\/\/suomenkuvalehti.fi\/ykkosketju\/#website","url":"https:\/\/suomenkuvalehti.fi\/ykkosketju\/","name":"Ykk\u00f6sketju","description":"Joukko valtakunnan viisaita kommentoi maailman menoa.","potentialAction":[{"@type":"SearchAction","target":{"@type":"EntryPoint","urlTemplate":"https:\/\/suomenkuvalehti.fi\/haku\/?q={search_term_string}"},"query-input":{"@type":"PropertyValueSpecification","valueRequired":true,"valueName":"search_term_string"}}],"inLanguage":"fi"},{"@type":"Person","@id":"https:\/\/suomenkuvalehti.fi\/ykkosketju\/#\/schema\/person\/f5d687463a5f5dab6f42ed0d17b36cf5","name":"Matti Vanhanen","image":{"@type":"ImageObject","inLanguage":"fi","@id":"https:\/\/suomenkuvalehti.fi\/ykkosketju\/#\/schema\/person\/image\/","url":"https:\/\/suomenkuvalehti.fi\/ykkosketju\/wp-content\/uploads\/sites\/15\/2013\/12\/MAttiVanhanenMV400px-1-150x150.jpg","contentUrl":"https:\/\/suomenkuvalehti.fi\/ykkosketju\/wp-content\/uploads\/sites\/15\/2013\/12\/MAttiVanhanenMV400px-1-150x150.jpg","caption":"Matti Vanhanen"},"description":"Kirjoittaja on kulttuurivaikuttaja ja entinen kansanedustaja."}]}},"_links":{"self":[{"href":"https:\/\/suomenkuvalehti.fi\/ykkosketju\/wp-json\/wp\/v2\/posts\/34","targetHints":{"allow":["GET"]}}],"collection":[{"href":"https:\/\/suomenkuvalehti.fi\/ykkosketju\/wp-json\/wp\/v2\/posts"}],"about":[{"href":"https:\/\/suomenkuvalehti.fi\/ykkosketju\/wp-json\/wp\/v2\/types\/post"}],"author":[{"embeddable":true,"href":"https:\/\/suomenkuvalehti.fi\/ykkosketju\/wp-json\/wp\/v2\/users\/111"}],"replies":[{"embeddable":true,"href":"https:\/\/suomenkuvalehti.fi\/ykkosketju\/wp-json\/wp\/v2\/comments?post=34"}],"version-history":[{"count":1,"href":"https:\/\/suomenkuvalehti.fi\/ykkosketju\/wp-json\/wp\/v2\/posts\/34\/revisions"}],"predecessor-version":[{"id":92,"href":"https:\/\/suomenkuvalehti.fi\/ykkosketju\/wp-json\/wp\/v2\/posts\/34\/revisions\/92"}],"wp:attachment":[{"href":"https:\/\/suomenkuvalehti.fi\/ykkosketju\/wp-json\/wp\/v2\/media?parent=34"}],"wp:term":[{"taxonomy":"category","embeddable":true,"href":"https:\/\/suomenkuvalehti.fi\/ykkosketju\/wp-json\/wp\/v2\/categories?post=34"},{"taxonomy":"post_tag","embeddable":true,"href":"https:\/\/suomenkuvalehti.fi\/ykkosketju\/wp-json\/wp\/v2\/tags?post=34"}],"curies":[{"name":"wp","href":"https:\/\/api.w.org\/{rel}","templated":true}]}}