{"id":28,"date":"2013-04-13T12:00:01","date_gmt":"2013-04-13T09:00:01","guid":{"rendered":"https:\/\/suomenkuvalehti.fi\/ykkosketju\/2013\/04\/13\/kaikki-ei-mennyt-vikaan\/"},"modified":"2013-11-29T14:15:40","modified_gmt":"2013-11-29T12:15:40","slug":"kaikki-ei-mennyt-vikaan","status":"publish","type":"post","link":"https:\/\/suomenkuvalehti.fi\/ykkosketju\/kaikki-ei-mennyt-vikaan\/","title":{"rendered":"Kaikki ei mennyt vikaan"},"content":{"rendered":"<figure class=\"wp-block-image size-full alignnone\">\n  <div class=\"wp-block-image__inner-container\">\n    <a href='https:\/\/suomenkuvalehti.fi\/wp-content\/uploads\/sites\/15\/sk\/files\/111%20Kuvat%202013\/sk15_kaikkieimennytvikaan.jpg'><img decoding=\"async\" src=\"https:\/\/suomenkuvalehti.fi\/wp-content\/uploads\/sites\/15\/sk\/files\/111%20Kuvat%202013\/sk15_kaikkieimennytvikaan.jpg\" alt=\"\"\/><\/a>  <\/div>\n<\/figure>\n\n\n<h6 class=\"wp-block-heading\"> Kuvitus Outi Kainiemi.<\/h6>\n\n\n\n\n<p>&#8221;Kurja tieteemme&#8221; (dismal science) taloustiede on osavastuussa maailmantaantuman syvyydest\u00e4. Suurimmat synnit liittyv\u00e4t nousukauden itsetyytyv\u00e4isyyteen.<\/p>\n\n\n\n<p>Liian monet ekonomistit, niin soveltavalla kuin akateemisellakin puolella, tuudittautuivat vuosina 2002-2007 siihen, ett\u00e4 markkinatalous ja erityisesti rahoitusmarkkinat tasapainottavat itse itsens\u00e4.<\/p>\n\n\n\n<p>Kun rahoitusmarkkinat oli l\u00e4hes kaikkialla vapautettu ja vapaa markkinatalous valloitti maailmaa, oli helppoa ja mukavuudenhaluista ajatella, ett\u00e4 vakavat talouskriisit olivat j\u00e4\u00e4neet historiaan.<\/p>\n\n\n\n<p>Esimerkiksi kokonaistaloudellisia ep\u00e4tasapainoja urheasti korostanut Cambridgen keynesil\u00e4inen <strong>Wynne Godley<\/strong> ja h\u00e4nt\u00e4 esill\u00e4 pit\u00e4nyt<em> Financial Timesin<\/em> kolumnisti <strong>Martin Wolf<\/strong> j\u00e4iv\u00e4t lopulta yksin\u00e4isiksi varoittaviksi \u00e4\u00e4niksi.<\/p>\n\n\n\n<p>Akateemisen makrotaloustieteen ja keskuspankkitutkijoiden teoriaponnistukset olivat lis\u00e4ksi luoneet joukon simulointimalleja, joiden avulla n\u00e4yttiin ensi kertaa voitavan toteuttaa suhdannepolitiikan teknokraattinen unelma: oli olemassa simulointimalli, jonka &#8221;agentit&#8221; (yleens\u00e4 yksi edustava agentti) ovat rationaalisia ja eteenp\u00e4inkatsovia ja joiden k\u00e4ytt\u00e4ytyminen mallittamalla oli mahdollista harjoittaa hyv\u00e4\u00e4 rahapolitiikkaa.<\/p>\n\n\n\n<p>Vaihetta voi pit\u00e4\u00e4 jonkinlaisena tiedemiesten hybriksen\u00e4. Ruotsin keskuspankkikin nosti, ehk\u00e4 teknisesti vaikuttavien mallilaskelmiensa my\u00f6t\u00e4vaikutuksella, viel\u00e4 syyskuussa 2008 ohjauskorkoaan. Samaan aikaan enemm\u00e4n sormituntumalla taloutta ennustavien laitosten signaalit alkoivat v\u00e4lkky\u00e4 punaisella huonojen talousenteiden kasaantuessa.<\/p>\n\n\n\n<p>Kun taantumasta noustaan ja palokuntatoimista siirryt\u00e4\u00e4n normaalij\u00e4rjestykseen, tullaan keskuspankeissa miettim\u00e4\u00e4n, riitt\u00e4\u00e4k\u00f6 inflaatiotavoite korkopolitiikan ohjenuoraksi. Keskustellaan esimerkiksi siit\u00e4, pit\u00e4\u00e4k\u00f6 varallisuusesineiden hintoja my\u00f6s koettaa ohjata, ja ehk\u00e4 jopa siit\u00e4, olisiko nimellisen kokonaistuotannon kasvu parempi ohjaustavoite kuin inflaatiovauhti.<\/p>\n\n\n\n<p>Mutta yleisen itseruoskinnan keskell\u00e4 pit\u00e4\u00e4 n\u00e4hd\u00e4 my\u00f6s valopilkut. Kaikkea ei tyritty eik\u00e4 teoria aina ole humpuukia.<\/p>\n\n\n\n<p>Taloustieteen teoriaherrojen my\u00f6nteinen saavutus on, ett\u00e4 1980-luvulta alkaen luotiin edellytykset keskuspankkien itsen\u00e4isyydelle. Kehityskulkuun vaikuttivat toki 1970-luvun ja 1980-luvun inflaatiokokemukset, mutta niiden \u00e4lylliset perustelut esitettiin vakuuttavasti nimenomaan talousteoreetikoiden\u2009-\u2009<strong>Kydland<\/strong>, <strong>Prescott<\/strong>, <strong>Barro<\/strong> ja <strong>Gordon<\/strong> -\u2009artikkeleissa.<\/p>\n\n\n\n<p>T\u00e4m\u00e4 teoriakirjallisuus osoitti vakuuttavasti, ett\u00e4 koko yhteiskunnan kannalta paras talouspolitiikka edellytt\u00e4\u00e4 sitoutumista s\u00e4\u00e4nt\u00f6ihin, kuten inflaatiotavoitteen yll\u00e4pit\u00e4miseen.<\/p>\n\n\n\n<p>Hyv\u00e4 talouspolitiikka on ajassa &#8221;ep\u00e4konsistenttia&#8221;. Niinp\u00e4 hetkellisesti yhteiskunnan kokonaisetua &#8211; eli esimerkiksi ty\u00f6llisyytt\u00e4 &#8211; maksimoiva talouspolitiikka ei johda pitk\u00e4ll\u00e4 aikav\u00e4lill\u00e4 hyv\u00e4\u00e4n lopputulokseen.<\/p>\n\n\n\n<p>P\u00e4\u00e4tt\u00e4j\u00e4t voisivat laskea ty\u00f6tt\u00f6myyden vaikka kuinka alas ylikuumentamalla talouden, mutta korkea ty\u00f6llisyys ei olisi kest\u00e4v\u00e4ll\u00e4 pohjalla vaan johtaisi ajan mittaan inflaatioon. Siksi on viisasta delegoida rahapolitiikan hoito riippumattomalle viranomaiselle, keskuspankille.<\/p>\n\n\n\n<p>Muistan hyvin, kuinka suurin periaatteellisin ep\u00e4ilyin itsekin aluksi suhtauduin kehityskulkuun. Talouspoliittisen p\u00e4\u00e4t\u00f6ksenteon olennaisen osan siirt\u00e4minen valtakirjalla teknokraattiselle toimielimelle on demokratian n\u00e4k\u00f6kulmasta arveluttavaa.<\/p>\n\n\n\n<p>En ep\u00e4ile en\u00e4\u00e4. Emme toki viel\u00e4 tied\u00e4, miten eurokriisiss\u00e4 lopulta k\u00e4y, ja USA:ssakin on monta mutkaa ennen kuin talouskasvu on saatu normaaleille urille. Mutta juuri kaksi mahtavaa itsen\u00e4ist\u00e4 keskuspankkia, USA:n Federal Reserve ja Euroopan keskuspankki, ovat olleet nykyisen kriisin ratkaisussa olennaiset tukipylv\u00e4\u00e4t. Ne ovat kyenneet tekem\u00e4\u00e4n p\u00e4\u00e4t\u00f6ksi\u00e4 ja jopa viisaita ja johdonmukaisia p\u00e4\u00e4t\u00f6ksi\u00e4.<\/p>\n\n\n\n<p>USA:n Fed on maan p\u00e4\u00e4puolueiden finanssipoliittista vastuuttomuutta sivusta katsellen yll\u00e4pit\u00e4nyt rohkeasti kokonaiskysynt\u00e4\u00e4 ja rahoitussektoria, toisinaan aika rohkeasti improvisoiden. T\u00e4ss\u00e4 p\u00e4\u00e4johtaja <strong>Bernankella<\/strong> on ollut tukea sek\u00e4 Fedin itsen\u00e4isen aseman luomasta uskottavuudesta ett\u00e4 my\u00f6s omasta akateemisesta tutkimuksestaan, joka koski 1930-luvun suurta lamaa.<\/p>\n\n\n\n<p>Euroopan keskuspankkikin on onnistunut vakauttamaan tilanteen. EKP olisi varmaan voinut laskea ohjauskoron viel\u00e4 alemmaksi. Silti sen toimet ovat olleet suurin piirtein oikeansuuntaisia. Ja juuri loppukes\u00e4st\u00e4 2012 p\u00e4\u00e4johtaja <strong>Mario Draghin<\/strong> antamat sitoumukset poliittisesti ehdollisista tukiostoista ovat luoneet mahdollisuuden p\u00e4\u00e4st\u00e4 kriisist\u00e4 ulos.<\/p>\n\n\n\n<p>Euroopan keskuspankki ei tietenk\u00e4\u00e4n kykene yksin ratkaisemaan eurokriisi\u00e4, mutta siihen on nyt periaatteellinen mahdollisuus, jos euroalueen ja EU:n p\u00e4\u00e4tt\u00e4j\u00e4t ja \u00e4\u00e4nest\u00e4j\u00e4t ymm\u00e4rt\u00e4v\u00e4t, mit\u00e4 pit\u00e4\u00e4 tehd\u00e4.<\/p>\n\n\n\n<p>Ja t\u00e4ss\u00e4 tullaan yhden viisauden \u00e4\u00e4relle.<\/p>\n\n\n\n<p>Kuvitellaan, miss\u00e4 tilassa euroalue olisi nyt, jos sitoumukset kriisimaiden obligaatioiden ostoista olisi antanut vanhan ajan keskuspankki, jota olisivat edustajiensa kautta hallinneet poliittiset p\u00e4\u00e4tt\u00e4j\u00e4t\u2009-\u2009<strong>Berlusconista<\/strong> alkaen. Mahdollisuutemme vakauttaa euroalue olisivat suunnilleen yht\u00e4 hyv\u00e4t kuin lumipallolla helvetiss\u00e4, ruotsalaista sanontaa lainatakseni. Ei ole yhteiskuntasopimusta ja valtiollista sopimusta, johon rahoitusmarkkinat olisivat uskoneet.<\/p>\n\n\n\n<p>EKP luotiin yhdeksi maailman itsen\u00e4isimmist\u00e4 keskuspankeista, ja t\u00e4t\u00e4 p\u00e4\u00e4t\u00f6st\u00e4\u00e4n ei Euroopan hallitusten tarvitse katua. Sek\u00e4\u00e4n ei takaa, ett\u00e4 t\u00e4m\u00e4 sota voitetaan, mutta yritt\u00e4\u00e4 kannattaa yh\u00e4.<\/p>\n\n\n","protected":false},"excerpt":{"rendered":"<p>Kuvitus Outi Kainiemi. &#8221;Kurja tieteemme&#8221; (dismal science) taloustiede on osavastuussa maailmantaantuman syvyydest\u00e4. Suurimmat synnit liittyv\u00e4t nousukauden itsetyytyv\u00e4isyyteen. Liian monet ekonomistit, niin soveltavalla kuin akateemisellakin puolella, tuudittautuivat vuosina 2002-2007 siihen,<br \/>\net&hellip;<\/p>\n","protected":false},"author":106,"featured_media":0,"comment_status":"open","ping_status":"open","sticky":false,"template":"","format":"standard","meta":{"_acf_changed":false,"asauth_required_access_level":0,"asauth_cansharepaid":"","om_header_attributes":[],"footnotes":"","om_featured_image_focal_point":[],"om_primary_tag":0,"om_contributors":[],"om_co_authors":[],"beyondwords_generate_audio":"","beyondwords_project_id":"","beyondwords_content_id":"","beyondwords_preview_token":"","beyondwords_player_content":"","beyondwords_player_style":"","beyondwords_language_code":"","beyondwords_language_id":"","beyondwords_title_voice_id":"","beyondwords_body_voice_id":"","beyondwords_summary_voice_id":"","beyondwords_error_message":"","beyondwords_disabled":"","beyondwords_delete_content":"","beyondwords_podcast_id":"","beyondwords_hash":"","publish_post_to_speechkit":"","speechkit_hash":"","speechkit_generate_audio":"","speechkit_project_id":"","speechkit_podcast_id":"","speechkit_error_message":"","speechkit_disabled":"","speechkit_access_key":"","speechkit_error":"","speechkit_info":"","speechkit_response":"","speechkit_retries":"","speechkit_status":"","speechkit_updated_at":"","_speechkit_link":"","_speechkit_text":""},"categories":[1],"tags":[74,75,76,12,8],"class_list":["post-28","post","type-post","status-publish","format-standard","hentry","category-yleinen","tag-ekonomistit","tag-markkinatalous","tag-rahoitusmarkkinat","tag-taantuma","tag-taloustiede"],"om_views":null,"acf":{"tuuma_off":false,"tuuma_kysymys":"","tuuma_vastaus":""},"asauth":{"required_access_level":1,"share_token":"","is_paid":false},"yoast_head":"<!-- This site is optimized with the Yoast SEO plugin v26.4 - https:\/\/yoast.com\/wordpress\/plugins\/seo\/ -->\n<title>Kaikki ei mennyt vikaan - Ykk\u00f6sketju<\/title>\n<meta name=\"robots\" content=\"index, follow, max-snippet:-1, max-image-preview:large, max-video-preview:-1\" \/>\n<link rel=\"canonical\" href=\"https:\/\/suomenkuvalehti.fi\/ykkosketju\/kaikki-ei-mennyt-vikaan\/\" \/>\n<meta property=\"og:locale\" content=\"fi_FI\" \/>\n<meta property=\"og:type\" content=\"article\" \/>\n<meta property=\"og:title\" content=\"Kaikki ei mennyt vikaan - Ykk\u00f6sketju\" \/>\n<meta property=\"og:description\" content=\"Kuvitus Outi Kainiemi. &#8221;Kurja tieteemme&#8221; (dismal science) taloustiede on osavastuussa maailmantaantuman syvyydest\u00e4. Suurimmat synnit liittyv\u00e4t nousukauden itsetyytyv\u00e4isyyteen. Liian monet ekonomistit, niin soveltavalla kuin akateemisellakin puolella, tuudittautuivat vuosina 2002-2007 siihen, et&hellip;\" \/>\n<meta property=\"og:url\" content=\"https:\/\/suomenkuvalehti.fi\/ykkosketju\/kaikki-ei-mennyt-vikaan\/\" \/>\n<meta property=\"og:site_name\" content=\"Ykk\u00f6sketju\" \/>\n<meta property=\"article:published_time\" content=\"2013-04-13T09:00:01+00:00\" \/>\n<meta property=\"article:modified_time\" content=\"2013-11-29T12:15:40+00:00\" \/>\n<meta property=\"og:image\" content=\"https:\/\/suomenkuvalehti.fi\/wp-content\/uploads\/sites\/15\/sk\/files\/111%20Kuvat%202013\/sk15_kaikkieimennytvikaan.jpg\" \/>\n<meta name=\"author\" content=\"Juhana Vartiainen\" \/>\n<meta name=\"twitter:label1\" content=\"Written by\" \/>\n\t<meta name=\"twitter:data1\" content=\"Juhana Vartiainen\" \/>\n\t<meta name=\"twitter:label2\" content=\"Est. reading time\" \/>\n\t<meta name=\"twitter:data2\" content=\"3 minuuttia\" \/>\n<script type=\"application\/ld+json\" class=\"yoast-schema-graph\">{\"@context\":\"https:\/\/schema.org\",\"@graph\":[{\"@type\":\"WebPage\",\"@id\":\"https:\/\/suomenkuvalehti.fi\/ykkosketju\/kaikki-ei-mennyt-vikaan\/\",\"url\":\"https:\/\/suomenkuvalehti.fi\/ykkosketju\/kaikki-ei-mennyt-vikaan\/\",\"name\":\"Kaikki ei mennyt vikaan - Ykk\u00f6sketju\",\"isPartOf\":{\"@id\":\"https:\/\/suomenkuvalehti.fi\/ykkosketju\/#website\"},\"primaryImageOfPage\":{\"@id\":\"https:\/\/suomenkuvalehti.fi\/ykkosketju\/kaikki-ei-mennyt-vikaan\/#primaryimage\"},\"image\":{\"@id\":\"https:\/\/suomenkuvalehti.fi\/ykkosketju\/kaikki-ei-mennyt-vikaan\/#primaryimage\"},\"thumbnailUrl\":\"https:\/\/suomenkuvalehti.fi\/wp-content\/uploads\/sites\/15\/sk\/files\/111%20Kuvat%202013\/sk15_kaikkieimennytvikaan.jpg\",\"datePublished\":\"2013-04-13T09:00:01+00:00\",\"dateModified\":\"2013-11-29T12:15:40+00:00\",\"author\":{\"@id\":\"https:\/\/suomenkuvalehti.fi\/ykkosketju\/#\/schema\/person\/0e4991ff5cd6ce9a619cea0b7f427de4\"},\"breadcrumb\":{\"@id\":\"https:\/\/suomenkuvalehti.fi\/ykkosketju\/kaikki-ei-mennyt-vikaan\/#breadcrumb\"},\"inLanguage\":\"fi\",\"potentialAction\":[{\"@type\":\"ReadAction\",\"target\":[\"https:\/\/suomenkuvalehti.fi\/ykkosketju\/kaikki-ei-mennyt-vikaan\/\"]}]},{\"@type\":\"ImageObject\",\"inLanguage\":\"fi\",\"@id\":\"https:\/\/suomenkuvalehti.fi\/ykkosketju\/kaikki-ei-mennyt-vikaan\/#primaryimage\",\"url\":\"https:\/\/suomenkuvalehti.fi\/wp-content\/uploads\/sites\/15\/sk\/files\/111%20Kuvat%202013\/sk15_kaikkieimennytvikaan.jpg\",\"contentUrl\":\"https:\/\/suomenkuvalehti.fi\/wp-content\/uploads\/sites\/15\/sk\/files\/111%20Kuvat%202013\/sk15_kaikkieimennytvikaan.jpg\"},{\"@type\":\"BreadcrumbList\",\"@id\":\"https:\/\/suomenkuvalehti.fi\/ykkosketju\/kaikki-ei-mennyt-vikaan\/#breadcrumb\",\"itemListElement\":[{\"@type\":\"ListItem\",\"position\":1,\"name\":\"Home\",\"item\":\"https:\/\/suomenkuvalehti.fi\/ykkosketju\/\"},{\"@type\":\"ListItem\",\"position\":2,\"name\":\"Kaikki ei mennyt vikaan\"}]},{\"@type\":\"WebSite\",\"@id\":\"https:\/\/suomenkuvalehti.fi\/ykkosketju\/#website\",\"url\":\"https:\/\/suomenkuvalehti.fi\/ykkosketju\/\",\"name\":\"Ykk\u00f6sketju\",\"description\":\"Joukko valtakunnan viisaita kommentoi maailman menoa.\",\"potentialAction\":[{\"@type\":\"SearchAction\",\"target\":{\"@type\":\"EntryPoint\",\"urlTemplate\":\"https:\/\/suomenkuvalehti.fi\/haku\/?q={search_term_string}\"},\"query-input\":{\"@type\":\"PropertyValueSpecification\",\"valueRequired\":true,\"valueName\":\"search_term_string\"}}],\"inLanguage\":\"fi\"},{\"@type\":\"Person\",\"@id\":\"https:\/\/suomenkuvalehti.fi\/ykkosketju\/#\/schema\/person\/0e4991ff5cd6ce9a619cea0b7f427de4\",\"name\":\"Juhana Vartiainen\",\"image\":{\"@type\":\"ImageObject\",\"inLanguage\":\"fi\",\"@id\":\"https:\/\/suomenkuvalehti.fi\/ykkosketju\/#\/schema\/person\/image\/\",\"url\":\"https:\/\/suomenkuvalehti.fi\/ykkosketju\/wp-content\/uploads\/sites\/15\/2013\/12\/JuhanaVartiainenMV400px-1-150x150.jpg\",\"contentUrl\":\"https:\/\/suomenkuvalehti.fi\/ykkosketju\/wp-content\/uploads\/sites\/15\/2013\/12\/JuhanaVartiainenMV400px-1-150x150.jpg\",\"caption\":\"Juhana Vartiainen\"},\"description\":\"Kirjoittaja on Valtion taloudellisen tutkimuskeskuksen VATT:n ylijohtaja.\"}]}<\/script>\n<!-- \/ Yoast SEO plugin. -->","yoast_head_json":{"title":"Kaikki ei mennyt vikaan - Ykk\u00f6sketju","robots":{"index":"index","follow":"follow","max-snippet":"max-snippet:-1","max-image-preview":"max-image-preview:large","max-video-preview":"max-video-preview:-1"},"canonical":"https:\/\/suomenkuvalehti.fi\/ykkosketju\/kaikki-ei-mennyt-vikaan\/","og_locale":"fi_FI","og_type":"article","og_title":"Kaikki ei mennyt vikaan - Ykk\u00f6sketju","og_description":"Kuvitus Outi Kainiemi. &#8221;Kurja tieteemme&#8221; (dismal science) taloustiede on osavastuussa maailmantaantuman syvyydest\u00e4. Suurimmat synnit liittyv\u00e4t nousukauden itsetyytyv\u00e4isyyteen. Liian monet ekonomistit, niin soveltavalla kuin akateemisellakin puolella, tuudittautuivat vuosina 2002-2007 siihen, et&hellip;","og_url":"https:\/\/suomenkuvalehti.fi\/ykkosketju\/kaikki-ei-mennyt-vikaan\/","og_site_name":"Ykk\u00f6sketju","article_published_time":"2013-04-13T09:00:01+00:00","article_modified_time":"2013-11-29T12:15:40+00:00","og_image":[{"url":"https:\/\/suomenkuvalehti.fi\/wp-content\/uploads\/sites\/15\/sk\/files\/111%20Kuvat%202013\/sk15_kaikkieimennytvikaan.jpg","type":"","width":"","height":""}],"author":"Juhana Vartiainen","twitter_misc":{"Written by":"Juhana Vartiainen","Est. reading time":"3 minuuttia"},"schema":{"@context":"https:\/\/schema.org","@graph":[{"@type":"WebPage","@id":"https:\/\/suomenkuvalehti.fi\/ykkosketju\/kaikki-ei-mennyt-vikaan\/","url":"https:\/\/suomenkuvalehti.fi\/ykkosketju\/kaikki-ei-mennyt-vikaan\/","name":"Kaikki ei mennyt vikaan - Ykk\u00f6sketju","isPartOf":{"@id":"https:\/\/suomenkuvalehti.fi\/ykkosketju\/#website"},"primaryImageOfPage":{"@id":"https:\/\/suomenkuvalehti.fi\/ykkosketju\/kaikki-ei-mennyt-vikaan\/#primaryimage"},"image":{"@id":"https:\/\/suomenkuvalehti.fi\/ykkosketju\/kaikki-ei-mennyt-vikaan\/#primaryimage"},"thumbnailUrl":"https:\/\/suomenkuvalehti.fi\/wp-content\/uploads\/sites\/15\/sk\/files\/111%20Kuvat%202013\/sk15_kaikkieimennytvikaan.jpg","datePublished":"2013-04-13T09:00:01+00:00","dateModified":"2013-11-29T12:15:40+00:00","author":{"@id":"https:\/\/suomenkuvalehti.fi\/ykkosketju\/#\/schema\/person\/0e4991ff5cd6ce9a619cea0b7f427de4"},"breadcrumb":{"@id":"https:\/\/suomenkuvalehti.fi\/ykkosketju\/kaikki-ei-mennyt-vikaan\/#breadcrumb"},"inLanguage":"fi","potentialAction":[{"@type":"ReadAction","target":["https:\/\/suomenkuvalehti.fi\/ykkosketju\/kaikki-ei-mennyt-vikaan\/"]}]},{"@type":"ImageObject","inLanguage":"fi","@id":"https:\/\/suomenkuvalehti.fi\/ykkosketju\/kaikki-ei-mennyt-vikaan\/#primaryimage","url":"https:\/\/suomenkuvalehti.fi\/wp-content\/uploads\/sites\/15\/sk\/files\/111%20Kuvat%202013\/sk15_kaikkieimennytvikaan.jpg","contentUrl":"https:\/\/suomenkuvalehti.fi\/wp-content\/uploads\/sites\/15\/sk\/files\/111%20Kuvat%202013\/sk15_kaikkieimennytvikaan.jpg"},{"@type":"BreadcrumbList","@id":"https:\/\/suomenkuvalehti.fi\/ykkosketju\/kaikki-ei-mennyt-vikaan\/#breadcrumb","itemListElement":[{"@type":"ListItem","position":1,"name":"Home","item":"https:\/\/suomenkuvalehti.fi\/ykkosketju\/"},{"@type":"ListItem","position":2,"name":"Kaikki ei mennyt vikaan"}]},{"@type":"WebSite","@id":"https:\/\/suomenkuvalehti.fi\/ykkosketju\/#website","url":"https:\/\/suomenkuvalehti.fi\/ykkosketju\/","name":"Ykk\u00f6sketju","description":"Joukko valtakunnan viisaita kommentoi maailman menoa.","potentialAction":[{"@type":"SearchAction","target":{"@type":"EntryPoint","urlTemplate":"https:\/\/suomenkuvalehti.fi\/haku\/?q={search_term_string}"},"query-input":{"@type":"PropertyValueSpecification","valueRequired":true,"valueName":"search_term_string"}}],"inLanguage":"fi"},{"@type":"Person","@id":"https:\/\/suomenkuvalehti.fi\/ykkosketju\/#\/schema\/person\/0e4991ff5cd6ce9a619cea0b7f427de4","name":"Juhana Vartiainen","image":{"@type":"ImageObject","inLanguage":"fi","@id":"https:\/\/suomenkuvalehti.fi\/ykkosketju\/#\/schema\/person\/image\/","url":"https:\/\/suomenkuvalehti.fi\/ykkosketju\/wp-content\/uploads\/sites\/15\/2013\/12\/JuhanaVartiainenMV400px-1-150x150.jpg","contentUrl":"https:\/\/suomenkuvalehti.fi\/ykkosketju\/wp-content\/uploads\/sites\/15\/2013\/12\/JuhanaVartiainenMV400px-1-150x150.jpg","caption":"Juhana Vartiainen"},"description":"Kirjoittaja on Valtion taloudellisen tutkimuskeskuksen VATT:n ylijohtaja."}]}},"_links":{"self":[{"href":"https:\/\/suomenkuvalehti.fi\/ykkosketju\/wp-json\/wp\/v2\/posts\/28","targetHints":{"allow":["GET"]}}],"collection":[{"href":"https:\/\/suomenkuvalehti.fi\/ykkosketju\/wp-json\/wp\/v2\/posts"}],"about":[{"href":"https:\/\/suomenkuvalehti.fi\/ykkosketju\/wp-json\/wp\/v2\/types\/post"}],"author":[{"embeddable":true,"href":"https:\/\/suomenkuvalehti.fi\/ykkosketju\/wp-json\/wp\/v2\/users\/106"}],"replies":[{"embeddable":true,"href":"https:\/\/suomenkuvalehti.fi\/ykkosketju\/wp-json\/wp\/v2\/comments?post=28"}],"version-history":[{"count":1,"href":"https:\/\/suomenkuvalehti.fi\/ykkosketju\/wp-json\/wp\/v2\/posts\/28\/revisions"}],"predecessor-version":[{"id":86,"href":"https:\/\/suomenkuvalehti.fi\/ykkosketju\/wp-json\/wp\/v2\/posts\/28\/revisions\/86"}],"wp:attachment":[{"href":"https:\/\/suomenkuvalehti.fi\/ykkosketju\/wp-json\/wp\/v2\/media?parent=28"}],"wp:term":[{"taxonomy":"category","embeddable":true,"href":"https:\/\/suomenkuvalehti.fi\/ykkosketju\/wp-json\/wp\/v2\/categories?post=28"},{"taxonomy":"post_tag","embeddable":true,"href":"https:\/\/suomenkuvalehti.fi\/ykkosketju\/wp-json\/wp\/v2\/tags?post=28"}],"curies":[{"name":"wp","href":"https:\/\/api.w.org\/{rel}","templated":true}]}}