{"id":277,"date":"2014-06-15T14:00:02","date_gmt":"2014-06-15T11:00:02","guid":{"rendered":"https:\/\/suomenkuvalehti.fi\/ykkosketju\/?p=277"},"modified":"2014-06-15T12:15:51","modified_gmt":"2014-06-15T09:15:51","slug":"venajan-karhu-murahtelee-se-normaalia","status":"publish","type":"post","link":"https:\/\/suomenkuvalehti.fi\/ykkosketju\/venajan-karhu-murahtelee-se-normaalia\/","title":{"rendered":"Ven\u00e4j\u00e4n karhu murahtelee \u2013 se on normaalia"},"content":{"rendered":"\n<p>Keskustelu Suomen turvallisuuspolitiikasta on p\u00e4\u00e4ssyt hyv\u00e4\u00e4n vauhtiin Naantalin Kultarannassa j\u00e4rjestetyn keskustelutilaisuuden siivitt\u00e4m\u00e4n\u00e4.<\/p>\n\n\n\n<p>Presidentti <strong>Sauli Niinist\u00f6n<\/strong> koolle kutsuma sadan hengen joukko oli monenkirjava johtavista poliitikoista ja journalisteista kansalaisj\u00e4rjest\u00f6jen edustajiin ja entisiin ja nykyisiin ulkopolitiikan tekij\u00f6ihin. Oli paljon suoraa puhetta. En\u00e4\u00e4 ei k\u00e4ytetty perinteiseen tapaan kiertoilmaisuja vaan karhua sanottiin karhuksi eik\u00e4 mesik\u00e4mmeneksi. Sekin on edistyst\u00e4.<\/p>\n\n\n\n<p>Monet matkan p\u00e4\u00e4st\u00e4 n\u00e4it\u00e4 keskusteluja seuranneet ovat mietiskelleet tai ihmetelleet sit\u00e4, mist\u00e4 mahtaa johtua se, ett\u00e4 karhu on viime aikoina murissut milloin maltillisemmin, milloin \u00e4rtyisemmin. Ei siin\u00e4 asiassa mit\u00e4\u00e4n ihmettelemist\u00e4 ole.<\/p>\n\n\n\n<p>&nbsp;<\/p>\n\n\n\n<p>Ven\u00e4j\u00e4ll\u00e4 on mietitty maan kansainv\u00e4list\u00e4 asemaa uudelleen ja ilmeisesti tultu siihen tulokseen, ett\u00e4 ei Ven\u00e4j\u00e4\u00e4 pidet\u00e4 suurvaltana, ellei se k\u00e4ytt\u00e4ydy niin kuin suurvallat ovat kautta aikojen k\u00e4ytt\u00e4ytyneet.<\/p>\n\n\n\n<p>K\u00e4yt\u00f6kseen kuuluu oman vaikutusvallan piirin laajentaminen ja vakiinnuttaminen. Yleens\u00e4 se tapahtuu poliittisin keinoin pyrkim\u00e4ll\u00e4 vaikuttamaan muiden, l\u00e4hinn\u00e4 naapurien politiikkaan. Siit\u00e4h\u00e4n Suomella on kokemusta koko kylm\u00e4n sodan kaudelta.<\/p>\n\n\n\n<p>Joskus taas suora toiminta, jopa aseellinen, saattaa olla tarpeen, jotta suurvalta saavuttaa tavoittelemansa p\u00e4\u00e4m\u00e4\u00e4r\u00e4t. Sit\u00e4 pyrit\u00e4\u00e4n kuitenkin v\u00e4ltt\u00e4m\u00e4\u00e4n jos politiikan keinoin p\u00e4\u00e4st\u00e4\u00e4n riitt\u00e4v\u00e4n pitk\u00e4lle.<\/p>\n\n\n\n<p>Ven\u00e4j\u00e4 toteaa, ett\u00e4 EU:n tai viel\u00e4 enemm\u00e4n Naton tunkeutuminen sen naapuriksi on sen kannalta siet\u00e4m\u00e4t\u00f6n turvallisuusriski. Silloin se ei kiinnit\u00e4 mit\u00e4\u00e4n huomiota siihen, ett\u00e4 ei kumpikaan poliittinen yhteis\u00f6, EU tai Nato rekrytoi aktiivisesti uusia j\u00e4seni\u00e4 vaan ottaa niit\u00e4 valikoivasti vastaan niiden sit\u00e4 hartaasti toivoessa.<\/p>\n\n\n\n<p>Eiv\u00e4t kaikki uudet j\u00e4senet ole suinkaan olleet EU:lle mit\u00e4\u00e4n lottovoittoja. Pikemminkin ovat merkinneet uusia vakavia rahahuolia. Tavoitteena ei ole geopoliittinen valloitus vaan l\u00e4hiymp\u00e4rist\u00f6n rauhanomaisen kehityksen turvaaminen. Sekin on turvallisuuspolitiikkaa, mutta se ei vaaranna muiden etuja.<\/p>\n\n\n\n<p>&nbsp;<\/p>\n\n\n\n<p>Ven\u00e4j\u00e4n ulkoasiainministeri <strong>Sergei Lavrov<\/strong> on \u00e4skeisen Suomen vierailunsa aikana sanonut \u2013 lehtitietojen mukaan \u2013 ett\u00e4 Naton laajentuminen olisi vastoin vuoden 1975 Etyk-konferenssin p\u00e4\u00e4t\u00f6ksi\u00e4. Arvelen tuntevani tuon asiakirjan, sill\u00e4 k\u00e4ytin l\u00e4hes kolme vuotta sit\u00e4 koskeviin neuvotteluihin. En l\u00f6yd\u00e4 sielt\u00e4 tukea ulkoministerin v\u00e4itt\u00e4m\u00e4lle.<\/p>\n\n\n\n<p>Sit\u00e4 vastoin l\u00f6yd\u00e4n sen periaateluettelosta selv\u00e4n maininnan siit\u00e4, ett\u00e4 kaikilla valtioilla on oikeus liittoutua tai olla liittoutumatta tai pysy\u00e4 puolueettomana. Se on teksti\u00e4, jonka Neuvostoliitto hyv\u00e4ksyi, mutta nyt sen seuraajavaltio Ven\u00e4j\u00e4 ei sit\u00e4 n\u00e4yt\u00e4 en\u00e4\u00e4 tunnustavan.<\/p>\n\n\n\n<p>Ei se sit\u00e4 noudattanut liioin toisen periaatteen, rajojen loukkaamattomuudenkaan kohdalla liitt\u00e4ess\u00e4\u00e4n osan Ukrainaa, Krimin omaan valtioalueeseensa. Kyll\u00e4 Etykiss\u00e4kin tunnustettiin se mahdollisuus, ett\u00e4 rajoja siirrell\u00e4\u00e4n, mutta vain osapuolten yhteisest\u00e4 sopimuksesta.<\/p>\n\n\n\n<p>&nbsp;<\/p>\n\n\n\n<p>Suomen ja Ven\u00e4j\u00e4n suhteet ovat olleet ja ovat kaikilta olennaisilta osiltaan hyv\u00e4ss\u00e4 kunnossa.<\/p>\n\n\n\n<p>Seikka, ett\u00e4 muun EU:n mukana kehotamme naapuriamme kunnioittamaan sen itse tunnustamia rajoja ja pid\u00e4ttym\u00e4\u00e4n voimakeinojen k\u00e4yt\u00f6st\u00e4 ei ole mitenk\u00e4\u00e4n vihamielist\u00e4 k\u00e4ytt\u00e4ytymist\u00e4. Meh\u00e4n vain korostamme silloin ikivanhaa roomalaista periaatetta, jonka mukaan sopimuksia on noudatettava. Ei se kovin r\u00f6yhke\u00e4 toivomus ole.<\/p>\n\n\n\n<p>Sotilaallinen suurvalta ei n\u00e4e mielell\u00e4\u00e4n sit\u00e4, ett\u00e4 sen sotilaallisesti heikommat naapurit hakevat asemalleen tukea liittoutumalla. Silloinhan my\u00f6s poliittiset mahdollisuudet vaikuttaa naapurien toimintaan heikkenev\u00e4t.<\/p>\n\n\n\n<p>Paraneva turvallisuudentunne lis\u00e4\u00e4 itseluottamusta. Silloin eiv\u00e4t voimakkaankaan naapurin torut ja moitteet en\u00e4\u00e4 saa aikaan heikommassa osapuolessa paniikkireaktioita. Liittokunnan j\u00e4senen\u00e4 paineensietokyky kasvaa ja vahvan naapurin vaikutusvalta v\u00e4henee. Ei sellaista mik\u00e4\u00e4n suurvalta katso hyv\u00e4ll\u00e4 silm\u00e4ll\u00e4.<\/p>\n\n\n\n<p>&nbsp;<\/p>\n\n\n\n<p>Ven\u00e4j\u00e4n k\u00e4ytt\u00e4ytyminen on hyvin perinteist\u00e4. Se on heikkonakin aina suurvalta Suomen n\u00e4k\u00f6kulmasta. Niin kauan kun Suomi on yksin, se on my\u00f6s aivan rauhallisien kausien aikana se heikompi osapuoli, jota voidaan ohjailla ja jonka toimintavapautta voidaan vaivoitta rajoittaa, kun k\u00e4ytett\u00e4viss\u00e4 on sek\u00e4 keppi ett\u00e4 porkkana.<\/p>\n\n\n\n<p>Kun Suomi on vahvan liiton j\u00e4sen, se ei ole osa sellaista harmaata vy\u00f6hykett\u00e4, jonka puolustukseen kukaan ei ole sitoutunut ja joka siksi on kriisitilanteessa helposti haltuun otettavissa, poliittisesti tai tarpeen tullen kovemminkin keinoin.<\/p>\n\n\n\n<p>Ei liittoutuminen ole t\u00e4rke\u00e4\u00e4 ensi sijassa sodan varalta. Se on t\u00e4rke\u00e4\u00e4 siksi, ett\u00e4 se antaa suojaa sellaisissakin tilanteissa, joissa kansainv\u00e4linen j\u00e4nnitys nousee ja pyrkimys vaikuttaa naapurien politiikkaan kovinkin keinoin voimistuu.<\/p>\n\n\n\n<p>Mik\u00e4\u00e4n eurooppalainen valtio, joka kuuluu Natooon ei ole joutunut hy\u00f6kk\u00e4yksen kohteeksi niiden yli kuuden vuosikymmenen aikana, jolloin Nato on ollut olemassa. Sit\u00e4 vastoin moni sen ulkopuolinen eurooppalainen valtio on joutunut k\u00e4rsim\u00e4\u00e4n erilaisista aseellisista konflikteista, joista useimmissa Neuvostoliitto ja sittemmin my\u00f6s Ven\u00e4j\u00e4 on ollut osapuolena.<\/p>\n\n\n","protected":false},"excerpt":{"rendered":"<p>Keskustelu Suomen turvallisuuspolitiikasta on p\u00e4\u00e4ssyt hyv\u00e4\u00e4n vauhtiin Naantalin Kultarannassa j\u00e4rjestetyn keskustelutilaisuuden siivitt\u00e4m\u00e4n\u00e4. Presidentti Sauli Niinist\u00f6n koolle kutsuma sadan hengen joukko oli monenkirjava johtavista poliitikoista ja journalisteista<br \/>\nkansalai&hellip;<\/p>\n","protected":false},"author":109,"featured_media":0,"comment_status":"open","ping_status":"open","sticky":false,"template":"","format":"standard","meta":{"_acf_changed":false,"asauth_required_access_level":3,"asauth_cansharepaid":"true","om_header_attributes":[],"footnotes":"","om_featured_image_focal_point":[],"om_primary_tag":0,"om_contributors":[],"om_co_authors":[],"beyondwords_generate_audio":"","beyondwords_project_id":"","beyondwords_content_id":"","beyondwords_preview_token":"","beyondwords_player_content":"","beyondwords_player_style":"","beyondwords_language_code":"","beyondwords_language_id":"","beyondwords_title_voice_id":"","beyondwords_body_voice_id":"","beyondwords_summary_voice_id":"","beyondwords_error_message":"","beyondwords_disabled":"","beyondwords_delete_content":"","beyondwords_podcast_id":"","beyondwords_hash":"","publish_post_to_speechkit":"","speechkit_hash":"","speechkit_generate_audio":"","speechkit_project_id":"","speechkit_podcast_id":"","speechkit_error_message":"","speechkit_disabled":"","speechkit_access_key":"","speechkit_error":"","speechkit_info":"","speechkit_response":"","speechkit_retries":"","speechkit_status":"","speechkit_updated_at":"","_speechkit_link":"","_speechkit_text":""},"categories":[180],"tags":[206,205,189,73,207,187,31],"class_list":["post-277","post","type-post","status-publish","format-standard","hentry","category-jaakko-iloniemi","tag-etyj","tag-etyk","tag-krim","tag-nato","tag-sergei-lavrov","tag-ukraina","tag-venaja"],"om_views":null,"acf":{"tuuma_off":false,"tuuma_kysymys":"","tuuma_vastaus":""},"asauth":{"required_access_level":1,"share_token":"","is_paid":false},"yoast_head":"<!-- This site is optimized with the Yoast SEO plugin v26.4 - https:\/\/yoast.com\/wordpress\/plugins\/seo\/ -->\n<title>Ven\u00e4j\u00e4n karhu murahtelee \u2013 se on normaalia - Ykk\u00f6sketju<\/title>\n<meta name=\"robots\" content=\"index, follow, max-snippet:-1, max-image-preview:large, max-video-preview:-1\" \/>\n<link rel=\"canonical\" href=\"https:\/\/suomenkuvalehti.fi\/ykkosketju\/venajan-karhu-murahtelee-se-normaalia\/\" \/>\n<meta property=\"og:locale\" content=\"fi_FI\" \/>\n<meta property=\"og:type\" content=\"article\" \/>\n<meta property=\"og:title\" content=\"Ven\u00e4j\u00e4n karhu murahtelee \u2013 se on normaalia - Ykk\u00f6sketju\" \/>\n<meta property=\"og:description\" content=\"Keskustelu Suomen turvallisuuspolitiikasta on p\u00e4\u00e4ssyt hyv\u00e4\u00e4n vauhtiin Naantalin Kultarannassa j\u00e4rjestetyn keskustelutilaisuuden siivitt\u00e4m\u00e4n\u00e4. Presidentti Sauli Niinist\u00f6n koolle kutsuma sadan hengen joukko oli monenkirjava johtavista poliitikoista ja journalisteista kansalai&hellip;\" \/>\n<meta property=\"og:url\" content=\"https:\/\/suomenkuvalehti.fi\/ykkosketju\/venajan-karhu-murahtelee-se-normaalia\/\" \/>\n<meta property=\"og:site_name\" content=\"Ykk\u00f6sketju\" \/>\n<meta property=\"article:published_time\" content=\"2014-06-15T11:00:02+00:00\" \/>\n<meta name=\"author\" content=\"Jaakko Iloniemi\" \/>\n<meta name=\"twitter:label1\" content=\"Written by\" \/>\n\t<meta name=\"twitter:data1\" content=\"Jaakko Iloniemi\" \/>\n\t<meta name=\"twitter:label2\" content=\"Est. reading time\" \/>\n\t<meta name=\"twitter:data2\" content=\"4 minuuttia\" \/>\n<script type=\"application\/ld+json\" class=\"yoast-schema-graph\">{\"@context\":\"https:\/\/schema.org\",\"@graph\":[{\"@type\":\"WebPage\",\"@id\":\"https:\/\/suomenkuvalehti.fi\/ykkosketju\/venajan-karhu-murahtelee-se-normaalia\/\",\"url\":\"https:\/\/suomenkuvalehti.fi\/ykkosketju\/venajan-karhu-murahtelee-se-normaalia\/\",\"name\":\"Ven\u00e4j\u00e4n karhu murahtelee \u2013 se on normaalia - Ykk\u00f6sketju\",\"isPartOf\":{\"@id\":\"https:\/\/suomenkuvalehti.fi\/ykkosketju\/#website\"},\"datePublished\":\"2014-06-15T11:00:02+00:00\",\"author\":{\"@id\":\"https:\/\/suomenkuvalehti.fi\/ykkosketju\/#\/schema\/person\/0957cc92bd2fe13d526dd5c4752e7484\"},\"breadcrumb\":{\"@id\":\"https:\/\/suomenkuvalehti.fi\/ykkosketju\/venajan-karhu-murahtelee-se-normaalia\/#breadcrumb\"},\"inLanguage\":\"fi\",\"potentialAction\":[{\"@type\":\"ReadAction\",\"target\":[\"https:\/\/suomenkuvalehti.fi\/ykkosketju\/venajan-karhu-murahtelee-se-normaalia\/\"]}]},{\"@type\":\"BreadcrumbList\",\"@id\":\"https:\/\/suomenkuvalehti.fi\/ykkosketju\/venajan-karhu-murahtelee-se-normaalia\/#breadcrumb\",\"itemListElement\":[{\"@type\":\"ListItem\",\"position\":1,\"name\":\"Home\",\"item\":\"https:\/\/suomenkuvalehti.fi\/ykkosketju\/\"},{\"@type\":\"ListItem\",\"position\":2,\"name\":\"Ven\u00e4j\u00e4n karhu murahtelee \u2013 se on normaalia\"}]},{\"@type\":\"WebSite\",\"@id\":\"https:\/\/suomenkuvalehti.fi\/ykkosketju\/#website\",\"url\":\"https:\/\/suomenkuvalehti.fi\/ykkosketju\/\",\"name\":\"Ykk\u00f6sketju\",\"description\":\"Joukko valtakunnan viisaita kommentoi maailman menoa.\",\"potentialAction\":[{\"@type\":\"SearchAction\",\"target\":{\"@type\":\"EntryPoint\",\"urlTemplate\":\"https:\/\/suomenkuvalehti.fi\/haku\/?q={search_term_string}\"},\"query-input\":{\"@type\":\"PropertyValueSpecification\",\"valueRequired\":true,\"valueName\":\"search_term_string\"}}],\"inLanguage\":\"fi\"},{\"@type\":\"Person\",\"@id\":\"https:\/\/suomenkuvalehti.fi\/ykkosketju\/#\/schema\/person\/0957cc92bd2fe13d526dd5c4752e7484\",\"name\":\"Jaakko Iloniemi\",\"image\":{\"@type\":\"ImageObject\",\"inLanguage\":\"fi\",\"@id\":\"https:\/\/suomenkuvalehti.fi\/ykkosketju\/#\/schema\/person\/image\/\",\"url\":\"https:\/\/suomenkuvalehti.fi\/ykkosketju\/wp-content\/uploads\/sites\/15\/2013\/12\/Jaakko-IloniemiMV400px-1-150x150.jpg\",\"contentUrl\":\"https:\/\/suomenkuvalehti.fi\/ykkosketju\/wp-content\/uploads\/sites\/15\/2013\/12\/Jaakko-IloniemiMV400px-1-150x150.jpg\",\"caption\":\"Jaakko Iloniemi\"},\"description\":\"Kirjoittaja on ministeri\"}]}<\/script>\n<!-- \/ Yoast SEO plugin. -->","yoast_head_json":{"title":"Ven\u00e4j\u00e4n karhu murahtelee \u2013 se on normaalia - Ykk\u00f6sketju","robots":{"index":"index","follow":"follow","max-snippet":"max-snippet:-1","max-image-preview":"max-image-preview:large","max-video-preview":"max-video-preview:-1"},"canonical":"https:\/\/suomenkuvalehti.fi\/ykkosketju\/venajan-karhu-murahtelee-se-normaalia\/","og_locale":"fi_FI","og_type":"article","og_title":"Ven\u00e4j\u00e4n karhu murahtelee \u2013 se on normaalia - Ykk\u00f6sketju","og_description":"Keskustelu Suomen turvallisuuspolitiikasta on p\u00e4\u00e4ssyt hyv\u00e4\u00e4n vauhtiin Naantalin Kultarannassa j\u00e4rjestetyn keskustelutilaisuuden siivitt\u00e4m\u00e4n\u00e4. Presidentti Sauli Niinist\u00f6n koolle kutsuma sadan hengen joukko oli monenkirjava johtavista poliitikoista ja journalisteista kansalai&hellip;","og_url":"https:\/\/suomenkuvalehti.fi\/ykkosketju\/venajan-karhu-murahtelee-se-normaalia\/","og_site_name":"Ykk\u00f6sketju","article_published_time":"2014-06-15T11:00:02+00:00","author":"Jaakko Iloniemi","twitter_misc":{"Written by":"Jaakko Iloniemi","Est. reading time":"4 minuuttia"},"schema":{"@context":"https:\/\/schema.org","@graph":[{"@type":"WebPage","@id":"https:\/\/suomenkuvalehti.fi\/ykkosketju\/venajan-karhu-murahtelee-se-normaalia\/","url":"https:\/\/suomenkuvalehti.fi\/ykkosketju\/venajan-karhu-murahtelee-se-normaalia\/","name":"Ven\u00e4j\u00e4n karhu murahtelee \u2013 se on normaalia - Ykk\u00f6sketju","isPartOf":{"@id":"https:\/\/suomenkuvalehti.fi\/ykkosketju\/#website"},"datePublished":"2014-06-15T11:00:02+00:00","author":{"@id":"https:\/\/suomenkuvalehti.fi\/ykkosketju\/#\/schema\/person\/0957cc92bd2fe13d526dd5c4752e7484"},"breadcrumb":{"@id":"https:\/\/suomenkuvalehti.fi\/ykkosketju\/venajan-karhu-murahtelee-se-normaalia\/#breadcrumb"},"inLanguage":"fi","potentialAction":[{"@type":"ReadAction","target":["https:\/\/suomenkuvalehti.fi\/ykkosketju\/venajan-karhu-murahtelee-se-normaalia\/"]}]},{"@type":"BreadcrumbList","@id":"https:\/\/suomenkuvalehti.fi\/ykkosketju\/venajan-karhu-murahtelee-se-normaalia\/#breadcrumb","itemListElement":[{"@type":"ListItem","position":1,"name":"Home","item":"https:\/\/suomenkuvalehti.fi\/ykkosketju\/"},{"@type":"ListItem","position":2,"name":"Ven\u00e4j\u00e4n karhu murahtelee \u2013 se on normaalia"}]},{"@type":"WebSite","@id":"https:\/\/suomenkuvalehti.fi\/ykkosketju\/#website","url":"https:\/\/suomenkuvalehti.fi\/ykkosketju\/","name":"Ykk\u00f6sketju","description":"Joukko valtakunnan viisaita kommentoi maailman menoa.","potentialAction":[{"@type":"SearchAction","target":{"@type":"EntryPoint","urlTemplate":"https:\/\/suomenkuvalehti.fi\/haku\/?q={search_term_string}"},"query-input":{"@type":"PropertyValueSpecification","valueRequired":true,"valueName":"search_term_string"}}],"inLanguage":"fi"},{"@type":"Person","@id":"https:\/\/suomenkuvalehti.fi\/ykkosketju\/#\/schema\/person\/0957cc92bd2fe13d526dd5c4752e7484","name":"Jaakko Iloniemi","image":{"@type":"ImageObject","inLanguage":"fi","@id":"https:\/\/suomenkuvalehti.fi\/ykkosketju\/#\/schema\/person\/image\/","url":"https:\/\/suomenkuvalehti.fi\/ykkosketju\/wp-content\/uploads\/sites\/15\/2013\/12\/Jaakko-IloniemiMV400px-1-150x150.jpg","contentUrl":"https:\/\/suomenkuvalehti.fi\/ykkosketju\/wp-content\/uploads\/sites\/15\/2013\/12\/Jaakko-IloniemiMV400px-1-150x150.jpg","caption":"Jaakko Iloniemi"},"description":"Kirjoittaja on ministeri"}]}},"_links":{"self":[{"href":"https:\/\/suomenkuvalehti.fi\/ykkosketju\/wp-json\/wp\/v2\/posts\/277","targetHints":{"allow":["GET"]}}],"collection":[{"href":"https:\/\/suomenkuvalehti.fi\/ykkosketju\/wp-json\/wp\/v2\/posts"}],"about":[{"href":"https:\/\/suomenkuvalehti.fi\/ykkosketju\/wp-json\/wp\/v2\/types\/post"}],"author":[{"embeddable":true,"href":"https:\/\/suomenkuvalehti.fi\/ykkosketju\/wp-json\/wp\/v2\/users\/109"}],"replies":[{"embeddable":true,"href":"https:\/\/suomenkuvalehti.fi\/ykkosketju\/wp-json\/wp\/v2\/comments?post=277"}],"version-history":[{"count":3,"href":"https:\/\/suomenkuvalehti.fi\/ykkosketju\/wp-json\/wp\/v2\/posts\/277\/revisions"}],"predecessor-version":[{"id":281,"href":"https:\/\/suomenkuvalehti.fi\/ykkosketju\/wp-json\/wp\/v2\/posts\/277\/revisions\/281"}],"wp:attachment":[{"href":"https:\/\/suomenkuvalehti.fi\/ykkosketju\/wp-json\/wp\/v2\/media?parent=277"}],"wp:term":[{"taxonomy":"category","embeddable":true,"href":"https:\/\/suomenkuvalehti.fi\/ykkosketju\/wp-json\/wp\/v2\/categories?post=277"},{"taxonomy":"post_tag","embeddable":true,"href":"https:\/\/suomenkuvalehti.fi\/ykkosketju\/wp-json\/wp\/v2\/tags?post=277"}],"curies":[{"name":"wp","href":"https:\/\/api.w.org\/{rel}","templated":true}]}}