{"id":27,"date":"2013-04-24T10:32:26","date_gmt":"2013-04-24T07:32:26","guid":{"rendered":"https:\/\/suomenkuvalehti.fi\/ykkosketju\/2013\/04\/24\/puolustusta-vai-maanpuolustusta\/"},"modified":"2013-11-29T14:15:40","modified_gmt":"2013-11-29T12:15:40","slug":"puolustusta-vai-maanpuolustusta","status":"publish","type":"post","link":"https:\/\/suomenkuvalehti.fi\/ykkosketju\/puolustusta-vai-maanpuolustusta\/","title":{"rendered":"Puolustusta vai maanpuolustusta?"},"content":{"rendered":"\n<p>Suomessa ja Ruotsissa k\u00e4yd\u00e4\u00e4n vilkasta keskustelua siit\u00e4, miten n\u00e4it\u00e4 maita tultaisiin puolustamaan hy\u00f6kk\u00e4yksen sattuessa.<\/p>\n\n\n\n\n<p>Sellaiset sanat kuin &#8221;puolustus&#8221; ja &#8221;maanpuolustus&#8221; vilisev\u00e4t keskustelussa ahkerasti. Aina eiv\u00e4t keskustelijat ajattele sit\u00e4, ett\u00e4 sanoilla saattaa olla t\u00e4rkeit\u00e4kin eroja riippuen siit\u00e4 miss\u00e4 yhteyksiss\u00e4 niit\u00e4 k\u00e4ytet\u00e4\u00e4n.<\/p>\n\n\n\n<p>Puolustus, englanniksi &#8221;defence&#8221;, tarkoittaa yleens\u00e4 kaikkea sit\u00e4 sotilaallista toimintaa mihin puolustusvoimia tarvitaan. Sit\u00e4 on siis paitsi oman valtioalueen puolustus my\u00f6s osallistuminen kriisinhallintaan toisella puolella maailmaa.<\/p>\n\n\n\n<p>Maanpuolustus, &#8221;territorial defence&#8221;, tarkoittaa taas useimmiten oman maan puolustusta. Aivan vakiintunutta ei t\u00e4m\u00e4 kielenk\u00e4ytt\u00f6 ole, mutta tavallisinta on, ett\u00e4 ero puolustuksen ja maanpuolustuksen v\u00e4lill\u00e4 ilmaistaan n\u00e4ill\u00e4 sanoilla.<\/p>\n\n\n\n<p>Kun puhutaan Pohjoismaiden puolustusyhteisty\u00f6st\u00e4, moni n\u00e4ytt\u00e4\u00e4 kuvittelevan, ett\u00e4 silloin on kyseess\u00e4 pohjoismaiden yhteinen maanpuolustus. Siit\u00e4 ei kuitenkaan ole kyse.<\/p>\n\n\n\n<p>Kyseess\u00e4 on Pohjoismaiden puolustusvoimien rauhanajan yhteisty\u00f6 toimintavalmiuksien kehitt\u00e4miseksi tai yhteisten materiaalihankintojen aikaansaamiseksi.<\/p>\n\n\n","protected":false},"excerpt":{"rendered":"<p>Suomessa ja Ruotsissa k\u00e4yd\u00e4\u00e4n vilkasta keskustelua siit\u00e4, miten n\u00e4it\u00e4 maita tultaisiin puolustamaan hy\u00f6kk\u00e4yksen sattuessa. Sellaiset sanat kuin &#8221;puolustus&#8221; ja &#8221;maanpuolustus&#8221; vilisev\u00e4t keskustelussa ahkerasti. Aina eiv\u00e4t keskustelijat ajattele sit\u00e4, ett\u00e4<br \/>\nsanoilla sa&hellip;<\/p>\n","protected":false},"author":109,"featured_media":0,"comment_status":"open","ping_status":"open","sticky":false,"template":"","format":"standard","meta":{"_acf_changed":false,"asauth_required_access_level":0,"asauth_cansharepaid":"","om_header_attributes":[],"footnotes":"","om_featured_image_focal_point":[],"om_primary_tag":0,"om_contributors":[],"om_co_authors":[],"beyondwords_generate_audio":"","beyondwords_project_id":"","beyondwords_content_id":"","beyondwords_preview_token":"","beyondwords_player_content":"","beyondwords_player_style":"","beyondwords_language_code":"","beyondwords_language_id":"","beyondwords_title_voice_id":"","beyondwords_body_voice_id":"","beyondwords_summary_voice_id":"","beyondwords_error_message":"","beyondwords_disabled":"","beyondwords_delete_content":"","beyondwords_podcast_id":"","beyondwords_hash":"","publish_post_to_speechkit":"","speechkit_hash":"","speechkit_generate_audio":"","speechkit_project_id":"","speechkit_podcast_id":"","speechkit_error_message":"","speechkit_disabled":"","speechkit_access_key":"","speechkit_error":"","speechkit_info":"","speechkit_response":"","speechkit_retries":"","speechkit_status":"","speechkit_updated_at":"","_speechkit_link":"","_speechkit_text":""},"categories":[1],"tags":[73,72,71],"class_list":["post-27","post","type-post","status-publish","format-standard","hentry","category-yleinen","tag-nato","tag-pohjoismaat","tag-puolustusvoimat"],"om_views":null,"acf":{"tuuma_off":false,"tuuma_kysymys":"","tuuma_vastaus":""},"asauth":{"required_access_level":1,"share_token":"","is_paid":false},"yoast_head":"<!-- This site is optimized with the Yoast SEO plugin v26.4 - https:\/\/yoast.com\/wordpress\/plugins\/seo\/ -->\n<title>Puolustusta vai maanpuolustusta? - Ykk\u00f6sketju<\/title>\n<meta name=\"robots\" content=\"index, follow, max-snippet:-1, max-image-preview:large, max-video-preview:-1\" \/>\n<link rel=\"canonical\" href=\"https:\/\/suomenkuvalehti.fi\/ykkosketju\/puolustusta-vai-maanpuolustusta\/\" \/>\n<meta property=\"og:locale\" content=\"fi_FI\" \/>\n<meta property=\"og:type\" content=\"article\" \/>\n<meta property=\"og:title\" content=\"Puolustusta vai maanpuolustusta? - Ykk\u00f6sketju\" \/>\n<meta property=\"og:description\" content=\"Suomessa ja Ruotsissa k\u00e4yd\u00e4\u00e4n vilkasta keskustelua siit\u00e4, miten n\u00e4it\u00e4 maita tultaisiin puolustamaan hy\u00f6kk\u00e4yksen sattuessa. Sellaiset sanat kuin &#8221;puolustus&#8221; ja &#8221;maanpuolustus&#8221; vilisev\u00e4t keskustelussa ahkerasti. Aina eiv\u00e4t keskustelijat ajattele sit\u00e4, ett\u00e4 sanoilla sa&hellip;\" \/>\n<meta property=\"og:url\" content=\"https:\/\/suomenkuvalehti.fi\/ykkosketju\/puolustusta-vai-maanpuolustusta\/\" \/>\n<meta property=\"og:site_name\" content=\"Ykk\u00f6sketju\" \/>\n<meta property=\"article:published_time\" content=\"2013-04-24T07:32:26+00:00\" \/>\n<meta property=\"article:modified_time\" content=\"2013-11-29T12:15:40+00:00\" \/>\n<meta name=\"author\" content=\"Jaakko Iloniemi\" \/>\n<meta name=\"twitter:label1\" content=\"Written by\" \/>\n\t<meta name=\"twitter:data1\" content=\"Jaakko Iloniemi\" \/>\n\t<meta name=\"twitter:label2\" content=\"Est. reading time\" \/>\n\t<meta name=\"twitter:data2\" content=\"1 minuutti\" \/>\n<script type=\"application\/ld+json\" class=\"yoast-schema-graph\">{\"@context\":\"https:\/\/schema.org\",\"@graph\":[{\"@type\":\"WebPage\",\"@id\":\"https:\/\/suomenkuvalehti.fi\/ykkosketju\/puolustusta-vai-maanpuolustusta\/\",\"url\":\"https:\/\/suomenkuvalehti.fi\/ykkosketju\/puolustusta-vai-maanpuolustusta\/\",\"name\":\"Puolustusta vai maanpuolustusta? - Ykk\u00f6sketju\",\"isPartOf\":{\"@id\":\"https:\/\/suomenkuvalehti.fi\/ykkosketju\/#website\"},\"datePublished\":\"2013-04-24T07:32:26+00:00\",\"dateModified\":\"2013-11-29T12:15:40+00:00\",\"author\":{\"@id\":\"https:\/\/suomenkuvalehti.fi\/ykkosketju\/#\/schema\/person\/0957cc92bd2fe13d526dd5c4752e7484\"},\"breadcrumb\":{\"@id\":\"https:\/\/suomenkuvalehti.fi\/ykkosketju\/puolustusta-vai-maanpuolustusta\/#breadcrumb\"},\"inLanguage\":\"fi\",\"potentialAction\":[{\"@type\":\"ReadAction\",\"target\":[\"https:\/\/suomenkuvalehti.fi\/ykkosketju\/puolustusta-vai-maanpuolustusta\/\"]}]},{\"@type\":\"BreadcrumbList\",\"@id\":\"https:\/\/suomenkuvalehti.fi\/ykkosketju\/puolustusta-vai-maanpuolustusta\/#breadcrumb\",\"itemListElement\":[{\"@type\":\"ListItem\",\"position\":1,\"name\":\"Home\",\"item\":\"https:\/\/suomenkuvalehti.fi\/ykkosketju\/\"},{\"@type\":\"ListItem\",\"position\":2,\"name\":\"Puolustusta vai maanpuolustusta?\"}]},{\"@type\":\"WebSite\",\"@id\":\"https:\/\/suomenkuvalehti.fi\/ykkosketju\/#website\",\"url\":\"https:\/\/suomenkuvalehti.fi\/ykkosketju\/\",\"name\":\"Ykk\u00f6sketju\",\"description\":\"Joukko valtakunnan viisaita kommentoi maailman menoa.\",\"potentialAction\":[{\"@type\":\"SearchAction\",\"target\":{\"@type\":\"EntryPoint\",\"urlTemplate\":\"https:\/\/suomenkuvalehti.fi\/haku\/?q={search_term_string}\"},\"query-input\":{\"@type\":\"PropertyValueSpecification\",\"valueRequired\":true,\"valueName\":\"search_term_string\"}}],\"inLanguage\":\"fi\"},{\"@type\":\"Person\",\"@id\":\"https:\/\/suomenkuvalehti.fi\/ykkosketju\/#\/schema\/person\/0957cc92bd2fe13d526dd5c4752e7484\",\"name\":\"Jaakko Iloniemi\",\"image\":{\"@type\":\"ImageObject\",\"inLanguage\":\"fi\",\"@id\":\"https:\/\/suomenkuvalehti.fi\/ykkosketju\/#\/schema\/person\/image\/\",\"url\":\"https:\/\/suomenkuvalehti.fi\/ykkosketju\/wp-content\/uploads\/sites\/15\/2013\/12\/Jaakko-IloniemiMV400px-1-150x150.jpg\",\"contentUrl\":\"https:\/\/suomenkuvalehti.fi\/ykkosketju\/wp-content\/uploads\/sites\/15\/2013\/12\/Jaakko-IloniemiMV400px-1-150x150.jpg\",\"caption\":\"Jaakko Iloniemi\"},\"description\":\"Kirjoittaja on ministeri\"}]}<\/script>\n<!-- \/ Yoast SEO plugin. -->","yoast_head_json":{"title":"Puolustusta vai maanpuolustusta? - Ykk\u00f6sketju","robots":{"index":"index","follow":"follow","max-snippet":"max-snippet:-1","max-image-preview":"max-image-preview:large","max-video-preview":"max-video-preview:-1"},"canonical":"https:\/\/suomenkuvalehti.fi\/ykkosketju\/puolustusta-vai-maanpuolustusta\/","og_locale":"fi_FI","og_type":"article","og_title":"Puolustusta vai maanpuolustusta? - Ykk\u00f6sketju","og_description":"Suomessa ja Ruotsissa k\u00e4yd\u00e4\u00e4n vilkasta keskustelua siit\u00e4, miten n\u00e4it\u00e4 maita tultaisiin puolustamaan hy\u00f6kk\u00e4yksen sattuessa. Sellaiset sanat kuin &#8221;puolustus&#8221; ja &#8221;maanpuolustus&#8221; vilisev\u00e4t keskustelussa ahkerasti. Aina eiv\u00e4t keskustelijat ajattele sit\u00e4, ett\u00e4 sanoilla sa&hellip;","og_url":"https:\/\/suomenkuvalehti.fi\/ykkosketju\/puolustusta-vai-maanpuolustusta\/","og_site_name":"Ykk\u00f6sketju","article_published_time":"2013-04-24T07:32:26+00:00","article_modified_time":"2013-11-29T12:15:40+00:00","author":"Jaakko Iloniemi","twitter_misc":{"Written by":"Jaakko Iloniemi","Est. reading time":"1 minuutti"},"schema":{"@context":"https:\/\/schema.org","@graph":[{"@type":"WebPage","@id":"https:\/\/suomenkuvalehti.fi\/ykkosketju\/puolustusta-vai-maanpuolustusta\/","url":"https:\/\/suomenkuvalehti.fi\/ykkosketju\/puolustusta-vai-maanpuolustusta\/","name":"Puolustusta vai maanpuolustusta? - Ykk\u00f6sketju","isPartOf":{"@id":"https:\/\/suomenkuvalehti.fi\/ykkosketju\/#website"},"datePublished":"2013-04-24T07:32:26+00:00","dateModified":"2013-11-29T12:15:40+00:00","author":{"@id":"https:\/\/suomenkuvalehti.fi\/ykkosketju\/#\/schema\/person\/0957cc92bd2fe13d526dd5c4752e7484"},"breadcrumb":{"@id":"https:\/\/suomenkuvalehti.fi\/ykkosketju\/puolustusta-vai-maanpuolustusta\/#breadcrumb"},"inLanguage":"fi","potentialAction":[{"@type":"ReadAction","target":["https:\/\/suomenkuvalehti.fi\/ykkosketju\/puolustusta-vai-maanpuolustusta\/"]}]},{"@type":"BreadcrumbList","@id":"https:\/\/suomenkuvalehti.fi\/ykkosketju\/puolustusta-vai-maanpuolustusta\/#breadcrumb","itemListElement":[{"@type":"ListItem","position":1,"name":"Home","item":"https:\/\/suomenkuvalehti.fi\/ykkosketju\/"},{"@type":"ListItem","position":2,"name":"Puolustusta vai maanpuolustusta?"}]},{"@type":"WebSite","@id":"https:\/\/suomenkuvalehti.fi\/ykkosketju\/#website","url":"https:\/\/suomenkuvalehti.fi\/ykkosketju\/","name":"Ykk\u00f6sketju","description":"Joukko valtakunnan viisaita kommentoi maailman menoa.","potentialAction":[{"@type":"SearchAction","target":{"@type":"EntryPoint","urlTemplate":"https:\/\/suomenkuvalehti.fi\/haku\/?q={search_term_string}"},"query-input":{"@type":"PropertyValueSpecification","valueRequired":true,"valueName":"search_term_string"}}],"inLanguage":"fi"},{"@type":"Person","@id":"https:\/\/suomenkuvalehti.fi\/ykkosketju\/#\/schema\/person\/0957cc92bd2fe13d526dd5c4752e7484","name":"Jaakko Iloniemi","image":{"@type":"ImageObject","inLanguage":"fi","@id":"https:\/\/suomenkuvalehti.fi\/ykkosketju\/#\/schema\/person\/image\/","url":"https:\/\/suomenkuvalehti.fi\/ykkosketju\/wp-content\/uploads\/sites\/15\/2013\/12\/Jaakko-IloniemiMV400px-1-150x150.jpg","contentUrl":"https:\/\/suomenkuvalehti.fi\/ykkosketju\/wp-content\/uploads\/sites\/15\/2013\/12\/Jaakko-IloniemiMV400px-1-150x150.jpg","caption":"Jaakko Iloniemi"},"description":"Kirjoittaja on ministeri"}]}},"_links":{"self":[{"href":"https:\/\/suomenkuvalehti.fi\/ykkosketju\/wp-json\/wp\/v2\/posts\/27","targetHints":{"allow":["GET"]}}],"collection":[{"href":"https:\/\/suomenkuvalehti.fi\/ykkosketju\/wp-json\/wp\/v2\/posts"}],"about":[{"href":"https:\/\/suomenkuvalehti.fi\/ykkosketju\/wp-json\/wp\/v2\/types\/post"}],"author":[{"embeddable":true,"href":"https:\/\/suomenkuvalehti.fi\/ykkosketju\/wp-json\/wp\/v2\/users\/109"}],"replies":[{"embeddable":true,"href":"https:\/\/suomenkuvalehti.fi\/ykkosketju\/wp-json\/wp\/v2\/comments?post=27"}],"version-history":[{"count":1,"href":"https:\/\/suomenkuvalehti.fi\/ykkosketju\/wp-json\/wp\/v2\/posts\/27\/revisions"}],"predecessor-version":[{"id":85,"href":"https:\/\/suomenkuvalehti.fi\/ykkosketju\/wp-json\/wp\/v2\/posts\/27\/revisions\/85"}],"wp:attachment":[{"href":"https:\/\/suomenkuvalehti.fi\/ykkosketju\/wp-json\/wp\/v2\/media?parent=27"}],"wp:term":[{"taxonomy":"category","embeddable":true,"href":"https:\/\/suomenkuvalehti.fi\/ykkosketju\/wp-json\/wp\/v2\/categories?post=27"},{"taxonomy":"post_tag","embeddable":true,"href":"https:\/\/suomenkuvalehti.fi\/ykkosketju\/wp-json\/wp\/v2\/tags?post=27"}],"curies":[{"name":"wp","href":"https:\/\/api.w.org\/{rel}","templated":true}]}}