{"id":16,"date":"2013-08-03T13:00:00","date_gmt":"2013-08-03T10:00:00","guid":{"rendered":"https:\/\/suomenkuvalehti.fi\/ykkosketju\/2013\/08\/03\/olemme-taloutemme-kanssa-suuremmissa-vaikeuksissa-kuin-yleisesti-tiedostetaan\/"},"modified":"2013-11-29T14:15:39","modified_gmt":"2013-11-29T12:15:39","slug":"olemme-taloutemme-kanssa-suuremmissa-vaikeuksissa-kuin-yleisesti-tiedostetaan","status":"publish","type":"post","link":"https:\/\/suomenkuvalehti.fi\/ykkosketju\/olemme-taloutemme-kanssa-suuremmissa-vaikeuksissa-kuin-yleisesti-tiedostetaan\/","title":{"rendered":"Olemme taloutemme kanssa suuremmissa vaikeuksissa kuin yleisesti tiedostetaan"},"content":{"rendered":"<figure class=\"wp-block-image size-full alignnone\">\n  <div class=\"wp-block-image__inner-container\">\n    <a href='https:\/\/suomenkuvalehti.fi\/wp-content\/uploads\/sites\/15\/sk\/files\/111%20Kuvat%202013\/vanhanen.jpg'><img decoding=\"async\" src=\"https:\/\/suomenkuvalehti.fi\/wp-content\/uploads\/sites\/15\/sk\/files\/111%20Kuvat%202013\/vanhanen.jpg\" alt=\"\"\/><\/a>  <\/div>\n<\/figure>\n\n\n\n<p>Nykyisen hallituksen ohjelmassa talouspolitiikan pohja laskettiin oletukselle, ett\u00e4 bruttokansantuotteemme kasvaisi kolmen vuoden aikana l\u00e4hes 20 miljardia euroa. Todellisuus on ollut plus miinus nolla.<\/p>\n\n\n\n<p>Kuluvan vuoden budjetti laadittiin viime syksyn\u00e4 1,0 prosentin BKT:n kasvuodotuksella, ja sen my\u00f6t\u00e4 my\u00f6s budjetin reaalimenojen annettiin kasvaa prosentilla. Syksyll\u00e4 oli kuitenkin selv\u00e4sti jo ruohonjuuritasolla n\u00e4ht\u00e4viss\u00e4, ett\u00e4 k\u00e4\u00e4nne heikompaan oli taas tapahtunut. Kev\u00e4\u00e4n aikana se on n\u00e4kynyt my\u00f6s makrotason tilastoissa.<\/p>\n\n\n\n<p>Moni selitt\u00e4\u00e4 vaikeuksiamme yh\u00e4 sill\u00e4, ett\u00e4 emme voi mit\u00e4\u00e4n, kun t\u00e4rkeimmill\u00e4 markkina-alueillamme kysynt\u00e4 ei ved\u00e4. T\u00e4m\u00e4 ei pid\u00e4 paikkaansa. Suomen vientimarkkinat ovat Suomen Pankin kes\u00e4kuisen analyysin perusteella kasvaneet selv\u00e4sti nopeammin kuin vientimme. Suomi on menett\u00e4nyt maailmankaupassa markkinaosuuttaan viiden vuoden aikana yli 20 prosenttia &#8211; saman verran kuin Kreikka.<\/p>\n\n\n\n<p>Investointihy\u00f6dykkeiden kysynn\u00e4ss\u00e4 on suuria ongelmia, ja se luonnollisesti rasittaa vienti\u00e4mme. My\u00f6s matkapuhelinten viennin romahtaminen n\u00e4kyy vientiosuuksissamme, mutta ei sek\u00e4\u00e4n l\u00e4mmit\u00e4 selityksen\u00e4. Mielest\u00e4ni meill\u00e4 on kustannuksiin liittyv\u00e4 kilpailukykyongelma.<\/p>\n\n\n\n<p>Ennustelaitokset ennakoivat kev\u00e4\u00e4n kehysriihen aikana, ett\u00e4 tilanteemme paranee syksyll\u00e4. En ole saanut t\u00e4t\u00e4 tukevia viestej\u00e4 yrityksilt\u00e4mme. Nousua todenn\u00e4k\u00f6isemp\u00e4\u00e4 on, ett\u00e4 talven ja kev\u00e4\u00e4n alavire jatkuu my\u00f6s lomakauden j\u00e4lkeen, ja silloin t\u00e4st\u00e4 vuodesta kehittyy viel\u00e4 paljon synkempi kuin Suomen Pankin luvut kertovat.<\/p>\n\n\n\n<p>Suhteellisen alhainen julkisen sektorin velkataso on antanut meille mahdollisuuden velkaa ottamalla pit\u00e4\u00e4 kotimarkkinakysynt\u00e4\u00e4 vakaana. Nyt velkataso kuitenkin l\u00e4hestyy v\u00e4\u00e4j\u00e4\u00e4m\u00e4tt\u00e4 60 prosentin rajaa, jolla on uskottavuustekij\u00e4n\u00e4 pienelle reuna-alueen valtiolle paljon suurempi merkitys kuin itse oivallamme. Sit\u00e4 ei pid\u00e4 ylitt\u00e4\u00e4.<\/p>\n\n\n\n<p>Valtio on onneksi kriisivuosien aikana kyennyt neuvottelemaan ilmeisen pitki\u00e4kin lainasopimuksia hyvin matalalla korolla, mutta n\u00e4m\u00e4kin bulletlainat on aikanaan neuvoteltava uudestaan. Sadan miljardin euron lainapotissa 2-3 prosentin koronnousu merkitsisi vuositasolla 2-3 miljardin euron velanhoitomenojen kasvua.<\/p>\n\n\n\n<p>T\u00e4m\u00e4 on edess\u00e4, ellemme kykene osoittamaan, ett\u00e4 pid\u00e4mme kiinni 60 prosentin velkakatosta kaikin keinoin. Kannattaa muistaa, ett\u00e4 Espanja k\u00e4y kamppailua uskottavuutensa puolesta 80 prosentin velkatasolla. Jos velkaosuus kasvaa l\u00e4helle rajaa, ei h\u00e4t\u00e4toimilla voi en\u00e4\u00e4 est\u00e4\u00e4 rajan ylityst\u00e4, ja siksi ratkaisevia ovat nyt teht\u00e4v\u00e4t toimet.<\/p>\n\n\n\n<p>T\u00e4ll\u00e4 hetkell\u00e4 k\u00e4yt\u00e4mme julkiseen sektoriin noin puolet kansantuotteestamme. Meid\u00e4n pit\u00e4\u00e4 kyet\u00e4 olemaan hyv\u00e4 yhteiskunta hieman pienemm\u00e4ll\u00e4 mutta taloudeltaan vakaalla julkisella sektorilla.<\/p>\n\n\n\n<p>Julkisen talouden tehokkuus on yksin poliittisen kent\u00e4n vastuulla ja ainoa keino huolehtia siit\u00e4, ett\u00e4 verotuksen kokonaistaso s\u00e4ilyy siedett\u00e4v\u00e4n\u00e4. Verotuksen tasostahan valitettavasti aina osa siirtyy vientimme kustannuksiksi.<\/p>\n\n\n\n<p>Se, onko kriisimme suhdanneluontoinen vai rakenteellinen, on ydinkysymys syksyn palkkaneuvotteluissa. Jos ongelmamme viiden tappiollisen vuoden j\u00e4lkeen tunnustettaisiin kroonisiksi, johtaisi se erilaiseen ajatteluun kuin selitys siit\u00e4, ett\u00e4 kohta suhdanne k\u00e4\u00e4ntyy ja kauppamme taas k\u00e4y.<\/p>\n\n\n\n<p>Jos ongelmamme olisivat suhdanneluontoisia, silloin huomion kiinnitt\u00e4minen palkansaajien ostovoimaan kotimaisen kysynn\u00e4n ja ty\u00f6llisyyden yll\u00e4pit\u00e4miseksi olisi t\u00e4rke\u00e4\u00e4, mutta nyt mielest\u00e4ni t\u00e4t\u00e4 t\u00e4rke\u00e4mp\u00e4\u00e4 on korjata viennin kustannuskilpailukyky\u00e4, vaikka se tapahtuisi v\u00e4liaikaisesti kotimaisen kysynn\u00e4n kustannuksella.<\/p>\n\n\n\n<p>Kun maalla on vaje sek\u00e4 vaihtotaseessa ett\u00e4 julkisessa taloudessa, on korjausliike aloitettava viennin edellytysten parantamisesta. Valtio joutuu erikseen harkitsemaan, voiko se riskeerata 60 prosentin velkarajan veroelvytyksell\u00e4. Itse pit\u00e4isin rajasta kiinni kaiken muun kustannuksella.<\/p>\n\n\n\n<p>Se, mink\u00e4laisen uskottavuusp\u00e4\u00e4oman Suomi hankkii, luo meille p\u00e4\u00e4omaa l\u00e4hivuosikymmenin\u00e4 vakuutellessamme, ett\u00e4 kyll\u00e4 Suomi maksaa velkansa, vaikka velalliset siirtyv\u00e4tkin asteittain autuaille mets\u00e4stysmaille.<\/p>\n\n\n\n<p>Viennin ja julkisen sektorin menojen ohella kaksi muuta suurta kysymyst\u00e4 ovat el\u00e4keratkaisut ja yritysten rahoitus. Ty\u00f6uraa koskevilla ratkaisuilla haetaan helpotusta pitk\u00e4n aikav\u00e4lin selvi\u00e4miseemme, ja niiden tarve kytkeytyy samalla ty\u00f6per\u00e4isen maahanmuuton tasoon.<\/p>\n\n\n\n<p>Rahoituskysymyksess\u00e4 olemme koko Euroopassa todistamassa massiivista virhearviota. Pankkisektorin tiukennettu s\u00e4\u00e4ntely on ollut ymm\u00e4rrett\u00e4v\u00e4\u00e4 lamaan johtaneiden virheiden takia. Uusi s\u00e4\u00e4ntely on vaikeuttanut yritysinvestointien rahoittamista. Suurin virhe on ollut se, ett\u00e4 samaan aikaan muista syist\u00e4 on monissa maissa tiukennettu oman p\u00e4\u00e4oman verotusta.<\/p>\n\n\n\n<p>Kun molempia yritysrahoituksen l\u00e4hteit\u00e4 on kiristetty, lykk\u00e4\u00e4ntyy kasvun k\u00e4ynnistyminen. Siksi olisi kiireesti verotuksella kannustettava oman p\u00e4\u00e4oman kartuttamiseen ja verotuksen rakenteilla ohjattava yksityisten p\u00e4\u00e4omien kiinnostusta kohti yritysten omistamista.<\/p>\n\n\n\n<p>Yhteiskunta tarvitsee kriisin voittamiseksi kansantuotteen kasvua, ja kasvu voi synty\u00e4 vain yritystoiminnan volyymin kasvusta.<\/p>\n\n\n\n","protected":false},"excerpt":{"rendered":"<p>Nykyisen hallituksen ohjelmassa talouspolitiikan pohja laskettiin oletukselle, ett\u00e4 bruttokansantuotteemme kasvaisi kolmen vuoden aikana l\u00e4hes 20 miljardia euroa. Todellisuus on ollut plus miinus nolla. Kuluvan vuoden budjetti laadittiin viime<br \/>\ns&hellip;<\/p>\n","protected":false},"author":111,"featured_media":0,"comment_status":"open","ping_status":"open","sticky":false,"template":"","format":"standard","meta":{"_acf_changed":false,"asauth_required_access_level":0,"asauth_cansharepaid":"","om_header_attributes":[],"footnotes":"","om_featured_image_focal_point":[],"om_primary_tag":0,"om_contributors":[],"om_co_authors":[],"beyondwords_generate_audio":"","beyondwords_project_id":"","beyondwords_content_id":"","beyondwords_preview_token":"","beyondwords_player_content":"","beyondwords_player_style":"","beyondwords_language_code":"","beyondwords_language_id":"","beyondwords_title_voice_id":"","beyondwords_body_voice_id":"","beyondwords_summary_voice_id":"","beyondwords_error_message":"","beyondwords_disabled":"","beyondwords_delete_content":"","beyondwords_podcast_id":"","beyondwords_hash":"","publish_post_to_speechkit":"","speechkit_hash":"","speechkit_generate_audio":"","speechkit_project_id":"","speechkit_podcast_id":"","speechkit_error_message":"","speechkit_disabled":"","speechkit_access_key":"","speechkit_error":"","speechkit_info":"","speechkit_response":"","speechkit_retries":"","speechkit_status":"","speechkit_updated_at":"","_speechkit_link":"","_speechkit_text":""},"categories":[1],"tags":[40,37,38,39],"class_list":["post-16","post","type-post","status-publish","format-standard","hentry","category-yleinen","tag-rahoitus","tag-talous","tag-talouskriisi","tag-verotus"],"om_views":null,"acf":{"tuuma_off":false,"tuuma_kysymys":"","tuuma_vastaus":""},"asauth":{"required_access_level":1,"share_token":"","is_paid":false},"yoast_head":"<!-- This site is optimized with the Yoast SEO plugin v26.4 - https:\/\/yoast.com\/wordpress\/plugins\/seo\/ -->\n<title>Olemme taloutemme kanssa suuremmissa vaikeuksissa kuin yleisesti tiedostetaan - Ykk\u00f6sketju<\/title>\n<meta name=\"robots\" content=\"index, follow, max-snippet:-1, max-image-preview:large, max-video-preview:-1\" \/>\n<link rel=\"canonical\" href=\"https:\/\/suomenkuvalehti.fi\/ykkosketju\/olemme-taloutemme-kanssa-suuremmissa-vaikeuksissa-kuin-yleisesti-tiedostetaan\/\" \/>\n<meta property=\"og:locale\" content=\"fi_FI\" \/>\n<meta property=\"og:type\" content=\"article\" \/>\n<meta property=\"og:title\" content=\"Olemme taloutemme kanssa suuremmissa vaikeuksissa kuin yleisesti tiedostetaan - Ykk\u00f6sketju\" \/>\n<meta property=\"og:description\" content=\"Nykyisen hallituksen ohjelmassa talouspolitiikan pohja laskettiin oletukselle, ett\u00e4 bruttokansantuotteemme kasvaisi kolmen vuoden aikana l\u00e4hes 20 miljardia euroa. Todellisuus on ollut plus miinus nolla. Kuluvan vuoden budjetti laadittiin viime s&hellip;\" \/>\n<meta property=\"og:url\" content=\"https:\/\/suomenkuvalehti.fi\/ykkosketju\/olemme-taloutemme-kanssa-suuremmissa-vaikeuksissa-kuin-yleisesti-tiedostetaan\/\" \/>\n<meta property=\"og:site_name\" content=\"Ykk\u00f6sketju\" \/>\n<meta property=\"article:published_time\" content=\"2013-08-03T10:00:00+00:00\" \/>\n<meta property=\"article:modified_time\" content=\"2013-11-29T12:15:39+00:00\" \/>\n<meta property=\"og:image\" content=\"https:\/\/suomenkuvalehti.fi\/wp-content\/uploads\/sites\/15\/sk\/files\/111%20Kuvat%202013\/vanhanen.jpg\" \/>\n<meta name=\"author\" content=\"Matti Vanhanen\" \/>\n<meta name=\"twitter:label1\" content=\"Written by\" \/>\n\t<meta name=\"twitter:data1\" content=\"Matti Vanhanen\" \/>\n\t<meta name=\"twitter:label2\" content=\"Est. reading time\" \/>\n\t<meta name=\"twitter:data2\" content=\"3 minuuttia\" \/>\n<script type=\"application\/ld+json\" class=\"yoast-schema-graph\">{\"@context\":\"https:\/\/schema.org\",\"@graph\":[{\"@type\":\"WebPage\",\"@id\":\"https:\/\/suomenkuvalehti.fi\/ykkosketju\/olemme-taloutemme-kanssa-suuremmissa-vaikeuksissa-kuin-yleisesti-tiedostetaan\/\",\"url\":\"https:\/\/suomenkuvalehti.fi\/ykkosketju\/olemme-taloutemme-kanssa-suuremmissa-vaikeuksissa-kuin-yleisesti-tiedostetaan\/\",\"name\":\"Olemme taloutemme kanssa suuremmissa vaikeuksissa kuin yleisesti tiedostetaan - Ykk\u00f6sketju\",\"isPartOf\":{\"@id\":\"https:\/\/suomenkuvalehti.fi\/ykkosketju\/#website\"},\"primaryImageOfPage\":{\"@id\":\"https:\/\/suomenkuvalehti.fi\/ykkosketju\/olemme-taloutemme-kanssa-suuremmissa-vaikeuksissa-kuin-yleisesti-tiedostetaan\/#primaryimage\"},\"image\":{\"@id\":\"https:\/\/suomenkuvalehti.fi\/ykkosketju\/olemme-taloutemme-kanssa-suuremmissa-vaikeuksissa-kuin-yleisesti-tiedostetaan\/#primaryimage\"},\"thumbnailUrl\":\"https:\/\/suomenkuvalehti.fi\/wp-content\/uploads\/sites\/15\/sk\/files\/111%20Kuvat%202013\/vanhanen.jpg\",\"datePublished\":\"2013-08-03T10:00:00+00:00\",\"dateModified\":\"2013-11-29T12:15:39+00:00\",\"author\":{\"@id\":\"https:\/\/suomenkuvalehti.fi\/ykkosketju\/#\/schema\/person\/f5d687463a5f5dab6f42ed0d17b36cf5\"},\"breadcrumb\":{\"@id\":\"https:\/\/suomenkuvalehti.fi\/ykkosketju\/olemme-taloutemme-kanssa-suuremmissa-vaikeuksissa-kuin-yleisesti-tiedostetaan\/#breadcrumb\"},\"inLanguage\":\"fi\",\"potentialAction\":[{\"@type\":\"ReadAction\",\"target\":[\"https:\/\/suomenkuvalehti.fi\/ykkosketju\/olemme-taloutemme-kanssa-suuremmissa-vaikeuksissa-kuin-yleisesti-tiedostetaan\/\"]}]},{\"@type\":\"ImageObject\",\"inLanguage\":\"fi\",\"@id\":\"https:\/\/suomenkuvalehti.fi\/ykkosketju\/olemme-taloutemme-kanssa-suuremmissa-vaikeuksissa-kuin-yleisesti-tiedostetaan\/#primaryimage\",\"url\":\"https:\/\/suomenkuvalehti.fi\/wp-content\/uploads\/sites\/15\/sk\/files\/111%20Kuvat%202013\/vanhanen.jpg\",\"contentUrl\":\"https:\/\/suomenkuvalehti.fi\/wp-content\/uploads\/sites\/15\/sk\/files\/111%20Kuvat%202013\/vanhanen.jpg\"},{\"@type\":\"BreadcrumbList\",\"@id\":\"https:\/\/suomenkuvalehti.fi\/ykkosketju\/olemme-taloutemme-kanssa-suuremmissa-vaikeuksissa-kuin-yleisesti-tiedostetaan\/#breadcrumb\",\"itemListElement\":[{\"@type\":\"ListItem\",\"position\":1,\"name\":\"Home\",\"item\":\"https:\/\/suomenkuvalehti.fi\/ykkosketju\/\"},{\"@type\":\"ListItem\",\"position\":2,\"name\":\"Olemme taloutemme kanssa suuremmissa vaikeuksissa kuin yleisesti tiedostetaan\"}]},{\"@type\":\"WebSite\",\"@id\":\"https:\/\/suomenkuvalehti.fi\/ykkosketju\/#website\",\"url\":\"https:\/\/suomenkuvalehti.fi\/ykkosketju\/\",\"name\":\"Ykk\u00f6sketju\",\"description\":\"Joukko valtakunnan viisaita kommentoi maailman menoa.\",\"potentialAction\":[{\"@type\":\"SearchAction\",\"target\":{\"@type\":\"EntryPoint\",\"urlTemplate\":\"https:\/\/suomenkuvalehti.fi\/haku\/?q={search_term_string}\"},\"query-input\":{\"@type\":\"PropertyValueSpecification\",\"valueRequired\":true,\"valueName\":\"search_term_string\"}}],\"inLanguage\":\"fi\"},{\"@type\":\"Person\",\"@id\":\"https:\/\/suomenkuvalehti.fi\/ykkosketju\/#\/schema\/person\/f5d687463a5f5dab6f42ed0d17b36cf5\",\"name\":\"Matti Vanhanen\",\"image\":{\"@type\":\"ImageObject\",\"inLanguage\":\"fi\",\"@id\":\"https:\/\/suomenkuvalehti.fi\/ykkosketju\/#\/schema\/person\/image\/\",\"url\":\"https:\/\/suomenkuvalehti.fi\/ykkosketju\/wp-content\/uploads\/sites\/15\/2013\/12\/MAttiVanhanenMV400px-1-150x150.jpg\",\"contentUrl\":\"https:\/\/suomenkuvalehti.fi\/ykkosketju\/wp-content\/uploads\/sites\/15\/2013\/12\/MAttiVanhanenMV400px-1-150x150.jpg\",\"caption\":\"Matti Vanhanen\"},\"description\":\"Kirjoittaja on kulttuurivaikuttaja ja entinen kansanedustaja.\"}]}<\/script>\n<!-- \/ Yoast SEO plugin. -->","yoast_head_json":{"title":"Olemme taloutemme kanssa suuremmissa vaikeuksissa kuin yleisesti tiedostetaan - Ykk\u00f6sketju","robots":{"index":"index","follow":"follow","max-snippet":"max-snippet:-1","max-image-preview":"max-image-preview:large","max-video-preview":"max-video-preview:-1"},"canonical":"https:\/\/suomenkuvalehti.fi\/ykkosketju\/olemme-taloutemme-kanssa-suuremmissa-vaikeuksissa-kuin-yleisesti-tiedostetaan\/","og_locale":"fi_FI","og_type":"article","og_title":"Olemme taloutemme kanssa suuremmissa vaikeuksissa kuin yleisesti tiedostetaan - Ykk\u00f6sketju","og_description":"Nykyisen hallituksen ohjelmassa talouspolitiikan pohja laskettiin oletukselle, ett\u00e4 bruttokansantuotteemme kasvaisi kolmen vuoden aikana l\u00e4hes 20 miljardia euroa. Todellisuus on ollut plus miinus nolla. Kuluvan vuoden budjetti laadittiin viime s&hellip;","og_url":"https:\/\/suomenkuvalehti.fi\/ykkosketju\/olemme-taloutemme-kanssa-suuremmissa-vaikeuksissa-kuin-yleisesti-tiedostetaan\/","og_site_name":"Ykk\u00f6sketju","article_published_time":"2013-08-03T10:00:00+00:00","article_modified_time":"2013-11-29T12:15:39+00:00","og_image":[{"url":"https:\/\/suomenkuvalehti.fi\/wp-content\/uploads\/sites\/15\/sk\/files\/111%20Kuvat%202013\/vanhanen.jpg","type":"","width":"","height":""}],"author":"Matti Vanhanen","twitter_misc":{"Written by":"Matti Vanhanen","Est. reading time":"3 minuuttia"},"schema":{"@context":"https:\/\/schema.org","@graph":[{"@type":"WebPage","@id":"https:\/\/suomenkuvalehti.fi\/ykkosketju\/olemme-taloutemme-kanssa-suuremmissa-vaikeuksissa-kuin-yleisesti-tiedostetaan\/","url":"https:\/\/suomenkuvalehti.fi\/ykkosketju\/olemme-taloutemme-kanssa-suuremmissa-vaikeuksissa-kuin-yleisesti-tiedostetaan\/","name":"Olemme taloutemme kanssa suuremmissa vaikeuksissa kuin yleisesti tiedostetaan - Ykk\u00f6sketju","isPartOf":{"@id":"https:\/\/suomenkuvalehti.fi\/ykkosketju\/#website"},"primaryImageOfPage":{"@id":"https:\/\/suomenkuvalehti.fi\/ykkosketju\/olemme-taloutemme-kanssa-suuremmissa-vaikeuksissa-kuin-yleisesti-tiedostetaan\/#primaryimage"},"image":{"@id":"https:\/\/suomenkuvalehti.fi\/ykkosketju\/olemme-taloutemme-kanssa-suuremmissa-vaikeuksissa-kuin-yleisesti-tiedostetaan\/#primaryimage"},"thumbnailUrl":"https:\/\/suomenkuvalehti.fi\/wp-content\/uploads\/sites\/15\/sk\/files\/111%20Kuvat%202013\/vanhanen.jpg","datePublished":"2013-08-03T10:00:00+00:00","dateModified":"2013-11-29T12:15:39+00:00","author":{"@id":"https:\/\/suomenkuvalehti.fi\/ykkosketju\/#\/schema\/person\/f5d687463a5f5dab6f42ed0d17b36cf5"},"breadcrumb":{"@id":"https:\/\/suomenkuvalehti.fi\/ykkosketju\/olemme-taloutemme-kanssa-suuremmissa-vaikeuksissa-kuin-yleisesti-tiedostetaan\/#breadcrumb"},"inLanguage":"fi","potentialAction":[{"@type":"ReadAction","target":["https:\/\/suomenkuvalehti.fi\/ykkosketju\/olemme-taloutemme-kanssa-suuremmissa-vaikeuksissa-kuin-yleisesti-tiedostetaan\/"]}]},{"@type":"ImageObject","inLanguage":"fi","@id":"https:\/\/suomenkuvalehti.fi\/ykkosketju\/olemme-taloutemme-kanssa-suuremmissa-vaikeuksissa-kuin-yleisesti-tiedostetaan\/#primaryimage","url":"https:\/\/suomenkuvalehti.fi\/wp-content\/uploads\/sites\/15\/sk\/files\/111%20Kuvat%202013\/vanhanen.jpg","contentUrl":"https:\/\/suomenkuvalehti.fi\/wp-content\/uploads\/sites\/15\/sk\/files\/111%20Kuvat%202013\/vanhanen.jpg"},{"@type":"BreadcrumbList","@id":"https:\/\/suomenkuvalehti.fi\/ykkosketju\/olemme-taloutemme-kanssa-suuremmissa-vaikeuksissa-kuin-yleisesti-tiedostetaan\/#breadcrumb","itemListElement":[{"@type":"ListItem","position":1,"name":"Home","item":"https:\/\/suomenkuvalehti.fi\/ykkosketju\/"},{"@type":"ListItem","position":2,"name":"Olemme taloutemme kanssa suuremmissa vaikeuksissa kuin yleisesti tiedostetaan"}]},{"@type":"WebSite","@id":"https:\/\/suomenkuvalehti.fi\/ykkosketju\/#website","url":"https:\/\/suomenkuvalehti.fi\/ykkosketju\/","name":"Ykk\u00f6sketju","description":"Joukko valtakunnan viisaita kommentoi maailman menoa.","potentialAction":[{"@type":"SearchAction","target":{"@type":"EntryPoint","urlTemplate":"https:\/\/suomenkuvalehti.fi\/haku\/?q={search_term_string}"},"query-input":{"@type":"PropertyValueSpecification","valueRequired":true,"valueName":"search_term_string"}}],"inLanguage":"fi"},{"@type":"Person","@id":"https:\/\/suomenkuvalehti.fi\/ykkosketju\/#\/schema\/person\/f5d687463a5f5dab6f42ed0d17b36cf5","name":"Matti Vanhanen","image":{"@type":"ImageObject","inLanguage":"fi","@id":"https:\/\/suomenkuvalehti.fi\/ykkosketju\/#\/schema\/person\/image\/","url":"https:\/\/suomenkuvalehti.fi\/ykkosketju\/wp-content\/uploads\/sites\/15\/2013\/12\/MAttiVanhanenMV400px-1-150x150.jpg","contentUrl":"https:\/\/suomenkuvalehti.fi\/ykkosketju\/wp-content\/uploads\/sites\/15\/2013\/12\/MAttiVanhanenMV400px-1-150x150.jpg","caption":"Matti Vanhanen"},"description":"Kirjoittaja on kulttuurivaikuttaja ja entinen kansanedustaja."}]}},"_links":{"self":[{"href":"https:\/\/suomenkuvalehti.fi\/ykkosketju\/wp-json\/wp\/v2\/posts\/16","targetHints":{"allow":["GET"]}}],"collection":[{"href":"https:\/\/suomenkuvalehti.fi\/ykkosketju\/wp-json\/wp\/v2\/posts"}],"about":[{"href":"https:\/\/suomenkuvalehti.fi\/ykkosketju\/wp-json\/wp\/v2\/types\/post"}],"author":[{"embeddable":true,"href":"https:\/\/suomenkuvalehti.fi\/ykkosketju\/wp-json\/wp\/v2\/users\/111"}],"replies":[{"embeddable":true,"href":"https:\/\/suomenkuvalehti.fi\/ykkosketju\/wp-json\/wp\/v2\/comments?post=16"}],"version-history":[{"count":1,"href":"https:\/\/suomenkuvalehti.fi\/ykkosketju\/wp-json\/wp\/v2\/posts\/16\/revisions"}],"predecessor-version":[{"id":74,"href":"https:\/\/suomenkuvalehti.fi\/ykkosketju\/wp-json\/wp\/v2\/posts\/16\/revisions\/74"}],"wp:attachment":[{"href":"https:\/\/suomenkuvalehti.fi\/ykkosketju\/wp-json\/wp\/v2\/media?parent=16"}],"wp:term":[{"taxonomy":"category","embeddable":true,"href":"https:\/\/suomenkuvalehti.fi\/ykkosketju\/wp-json\/wp\/v2\/categories?post=16"},{"taxonomy":"post_tag","embeddable":true,"href":"https:\/\/suomenkuvalehti.fi\/ykkosketju\/wp-json\/wp\/v2\/tags?post=16"}],"curies":[{"name":"wp","href":"https:\/\/api.w.org\/{rel}","templated":true}]}}