{"id":126,"date":"2013-12-03T11:26:59","date_gmt":"2013-12-03T09:26:59","guid":{"rendered":"https:\/\/suomenkuvalehti.fi\/ykkosketju\/?p=126"},"modified":"2013-12-03T12:37:52","modified_gmt":"2013-12-03T10:37:52","slug":"mika-kohtuullinen-palkka","status":"publish","type":"post","link":"https:\/\/suomenkuvalehti.fi\/ykkosketju\/mika-kohtuullinen-palkka\/","title":{"rendered":"Mik\u00e4 on kohtuullinen palkka?"},"content":{"rendered":"\n<p>Toimin aikoinaan pappina Helsingin ydinkeskustassa. Olin alkutalvisin joukkoni k\u00e4rjess\u00e4 ker\u00e4\u00e4m\u00e4ss\u00e4 ydinkeskustan kaduilla rahaa Yhteisvastuuker\u00e4ykselle. Valkoinen papinpanta oli reippaasti n\u00e4kyviss\u00e4. Paikkani oli tunnetun tavaratalon p\u00e4\u00e4sis\u00e4\u00e4nk\u00e4ynnin edess\u00e4, siin\u00e4 miss\u00e4 kaupunkilaiset tapaavat kohdata toisiaan. Siis \u201dsen\u201d kellon alla. Kuitenkin niin kaukana kellosta, ettei minua tarvinnut tulla h\u00e4tistelem\u00e4\u00e4n pois.<\/p>\n\n\n\n<p>Harmittelen, etten tehnyt kokemuksistani tilastoja. Muistikuvani ovat kuitenkin tarkat ja h\u00e4tk\u00e4hdytt\u00e4v\u00e4t. Siististi pukeutuneet keskiluokkaiset tulivat ja antoivat iloisesti. Jopa k\u00f6yh\u00e4t opiskelijanuoret antoivat v\u00e4h\u00e4st\u00e4\u00e4n. Sen sijaan ne ostoksille kiirehtineet helsinkil\u00e4iset, jotka tunsin kasvoista ja joiden tiesin saanen merkitt\u00e4vi\u00e4 optioita ja bonuksia, kiersiv\u00e4t lippaani kaukaa.<\/p>\n\n\n\n<p>Ehk\u00e4 he olivat kyll\u00e4styneet feissareihin. Ehk\u00e4 he eiv\u00e4t halunneet olla silm\u00e4npalvelijoita. Ehk\u00e4 he jo avustivat kaikessa hiljaisuudessa jotakin j\u00e4rjest\u00f6\u00e4. Mutta jokin t\u00e4ss\u00e4 minua askarrutti. Miksi juuri kaikkein rikkaimmat kiersiv\u00e4t kaukaa lipastani?<\/p>\n\n\n\n<p><em>Raamatussa<\/em> sanotaan kakistelematta, ett\u00e4 rikkaan on vaikeata p\u00e4\u00e4st\u00e4 Jumalan valtakuntaan. Ei siksi ett\u00e4 h\u00e4n on rikas, vaan siksi ett\u00e4 rikkaus johtaa helposti moraalikatoon. Rikkaudesta on vain pieni askel ahneuteen. Kun naapurin kaveri saa paljon bonuksia, min\u00e4 haluan viel\u00e4 enemm\u00e4n. Niin ollaan kierteess\u00e4, jossa ymp\u00e4rill\u00e4 olevat maisemat h\u00e4m\u00e4rtyv\u00e4t ja palkkakilpailusta tulee itse tarkoitus.<\/p>\n\n\n\n<p>Suomessa on alkamassa keskustelu kohtuullisesta palkasta ja kohtuullisista tuloeroista. Keskustelu ei vain n\u00e4yt\u00e4 p\u00e4\u00e4sev\u00e4n alkua pidemm\u00e4lle. Mill\u00e4 tavalla kohtuutta voidaan m\u00e4\u00e4ritell\u00e4? Mik\u00e4 on kohtuullista ihmiselle ja yhteiskunnalle?<\/p>\n\n\n\n<p>Suomi el\u00e4\u00e4 luterilaisen ja humanistisen eetoksen risteyksess\u00e4. Kohtuudesta on keskusteltu jo kauan ennen meid\u00e4n aikojamme. Kohtuuttomat edut ja palkkaerot eiv\u00e4t ole vain meid\u00e4n aikamme ongelma.<\/p>\n\n\n\n<p><strong>Martti Luther<\/strong> sanoi aikanaan ruhtinaille: \u201dAsettukaa k\u00f6yh\u00e4n asemaan.\u201d Se ei merkitse vain k\u00f6yh\u00e4n n\u00e4kemist\u00e4 tai k\u00f6yh\u00e4n kohtaamista, vaan k\u00f6yh\u00e4n kokemuksen jakamista. Nostan hattua jokaiselle suurituloiselle, joka uskaltaa asettua k\u00f6yh\u00e4n asemaan. Kun on aikansa ollut k\u00f6yh\u00e4n vuokraluukussa, l\u00e4htee viisaampana bonuskeskusteluun.<\/p>\n\n\n\n<p>Jokainen, joka haluaa olla mukana kohtuuskeskustelussa, voisi l\u00e4hte\u00e4 kirkon diakoniaty\u00f6ntekij\u00f6iden mukaan vaikka viikoksi. Sielt\u00e4 ei irtoa teoreettista tietoa, mutta tunnekokemus on taatusti vahva. Entisen\u00e4 diakoniapappina tied\u00e4n, ett\u00e4 k\u00f6yh\u00e4n asemaan asetuttuaan ihminen ei ole en\u00e4\u00e4 entisell\u00e4\u00e4n.<\/p>\n\n\n\n<p>Humanistisesta perinteest\u00e4 puolestaan voidaan nostaa esille <strong>Aristoteleen<\/strong> hyve-etiikka. Se on ohjannut l\u00e4nsimaista yhteiskuntaa l\u00e4hes kaksi vuosituhatta. Aristoteleen hyveopin keskeisiin k\u00e4sitteisiin kuuluvat kohtuullisuus, anteliaisuus, rehellisyys ja rohkeus. Niist\u00e4 on hyv\u00e4 l\u00e4hte\u00e4 liikkeelle tuloeroja koskevassa keskustelussa.<\/p>\n\n\n\n<p>Kohtuuttomat palkat ja tuloerot johtuvat osaltaan siit\u00e4, ett\u00e4 luterilainen kultaisen s\u00e4\u00e4nn\u00f6n etiikka ja Aristoteleen hyve-etiikka on sys\u00e4tty syrj\u00e4\u00e4n. On aika pyyhki\u00e4 p\u00f6lyt n\u00e4iden vanhojen aarteiden pinnalta.<\/p>\n\n\n\n<p>Kohtuullinen palkka ja kohtuulliset tuloerot voidaan m\u00e4\u00e4ritell\u00e4. Markkinatalous ei siit\u00e4 k\u00e4rsi. Se pikemminkin kukoistaa kun ihmiset vapautuvat kohtuulliseen el\u00e4m\u00e4\u00e4n.<\/p>\n\n\n","protected":false},"excerpt":{"rendered":"<p>Toimin aikoinaan pappina Helsingin ydinkeskustassa. Olin alkutalvisin joukkoni k\u00e4rjess\u00e4 ker\u00e4\u00e4m\u00e4ss\u00e4 ydinkeskustan kaduilla rahaa Yhteisvastuuker\u00e4ykselle. Valkoinen papinpanta oli reippaasti n\u00e4kyviss\u00e4. Paikkani oli tunnetun tavaratalon p\u00e4\u00e4sis\u00e4\u00e4nk\u00e4ynnin edess\u00e4, siin\u00e4 miss\u00e4 kaupunkilaiset<br \/>\ntapaavat kohdata&hellip;<\/p>\n","protected":false},"author":1226,"featured_media":0,"comment_status":"open","ping_status":"open","sticky":false,"template":"","format":"standard","meta":{"_acf_changed":false,"asauth_required_access_level":0,"asauth_cansharepaid":"","om_header_attributes":[],"footnotes":"","om_featured_image_focal_point":[],"om_primary_tag":0,"om_contributors":[],"om_co_authors":[],"beyondwords_generate_audio":"","beyondwords_project_id":"","beyondwords_content_id":"","beyondwords_preview_token":"","beyondwords_player_content":"","beyondwords_player_style":"","beyondwords_language_code":"","beyondwords_language_id":"","beyondwords_title_voice_id":"","beyondwords_body_voice_id":"","beyondwords_summary_voice_id":"","beyondwords_error_message":"","beyondwords_disabled":"","beyondwords_delete_content":"","beyondwords_podcast_id":"","beyondwords_hash":"","publish_post_to_speechkit":"","speechkit_hash":"","speechkit_generate_audio":"","speechkit_project_id":"","speechkit_podcast_id":"","speechkit_error_message":"","speechkit_disabled":"","speechkit_access_key":"","speechkit_error":"","speechkit_info":"","speechkit_response":"","speechkit_retries":"","speechkit_status":"","speechkit_updated_at":"","_speechkit_link":"","_speechkit_text":""},"categories":[176],"tags":[3],"class_list":["post-126","post","type-post","status-publish","format-standard","hentry","category-mikko-heikka","tag-palkat"],"om_views":null,"acf":{"tuuma_off":false,"tuuma_kysymys":"","tuuma_vastaus":""},"asauth":{"required_access_level":1,"share_token":"","is_paid":false},"yoast_head":"<!-- This site is optimized with the Yoast SEO plugin v26.4 - https:\/\/yoast.com\/wordpress\/plugins\/seo\/ -->\n<title>Mik\u00e4 on kohtuullinen palkka? - Ykk\u00f6sketju<\/title>\n<meta name=\"robots\" content=\"index, follow, max-snippet:-1, max-image-preview:large, max-video-preview:-1\" \/>\n<link rel=\"canonical\" href=\"https:\/\/suomenkuvalehti.fi\/ykkosketju\/mika-kohtuullinen-palkka\/\" \/>\n<meta property=\"og:locale\" content=\"fi_FI\" \/>\n<meta property=\"og:type\" content=\"article\" \/>\n<meta property=\"og:title\" content=\"Mik\u00e4 on kohtuullinen palkka? - Ykk\u00f6sketju\" \/>\n<meta property=\"og:description\" content=\"Toimin aikoinaan pappina Helsingin ydinkeskustassa. Olin alkutalvisin joukkoni k\u00e4rjess\u00e4 ker\u00e4\u00e4m\u00e4ss\u00e4 ydinkeskustan kaduilla rahaa Yhteisvastuuker\u00e4ykselle. Valkoinen papinpanta oli reippaasti n\u00e4kyviss\u00e4. Paikkani oli tunnetun tavaratalon p\u00e4\u00e4sis\u00e4\u00e4nk\u00e4ynnin edess\u00e4, siin\u00e4 miss\u00e4 kaupunkilaiset tapaavat kohdata&hellip;\" \/>\n<meta property=\"og:url\" content=\"https:\/\/suomenkuvalehti.fi\/ykkosketju\/mika-kohtuullinen-palkka\/\" \/>\n<meta property=\"og:site_name\" content=\"Ykk\u00f6sketju\" \/>\n<meta property=\"article:published_time\" content=\"2013-12-03T09:26:59+00:00\" \/>\n<meta property=\"article:modified_time\" content=\"2013-12-03T10:37:52+00:00\" \/>\n<meta name=\"author\" content=\"Mikko Heikka\" \/>\n<meta name=\"twitter:label1\" content=\"Written by\" \/>\n\t<meta name=\"twitter:data1\" content=\"Mikko Heikka\" \/>\n\t<meta name=\"twitter:label2\" content=\"Est. reading time\" \/>\n\t<meta name=\"twitter:data2\" content=\"2 minuuttia\" \/>\n<script type=\"application\/ld+json\" class=\"yoast-schema-graph\">{\"@context\":\"https:\/\/schema.org\",\"@graph\":[{\"@type\":\"WebPage\",\"@id\":\"https:\/\/suomenkuvalehti.fi\/ykkosketju\/mika-kohtuullinen-palkka\/\",\"url\":\"https:\/\/suomenkuvalehti.fi\/ykkosketju\/mika-kohtuullinen-palkka\/\",\"name\":\"Mik\u00e4 on kohtuullinen palkka? - Ykk\u00f6sketju\",\"isPartOf\":{\"@id\":\"https:\/\/suomenkuvalehti.fi\/ykkosketju\/#website\"},\"datePublished\":\"2013-12-03T09:26:59+00:00\",\"dateModified\":\"2013-12-03T10:37:52+00:00\",\"author\":{\"@id\":\"https:\/\/suomenkuvalehti.fi\/ykkosketju\/#\/schema\/person\/7bc7d7e7ee20627dc6a4cdd26c0fa682\"},\"breadcrumb\":{\"@id\":\"https:\/\/suomenkuvalehti.fi\/ykkosketju\/mika-kohtuullinen-palkka\/#breadcrumb\"},\"inLanguage\":\"fi\",\"potentialAction\":[{\"@type\":\"ReadAction\",\"target\":[\"https:\/\/suomenkuvalehti.fi\/ykkosketju\/mika-kohtuullinen-palkka\/\"]}]},{\"@type\":\"BreadcrumbList\",\"@id\":\"https:\/\/suomenkuvalehti.fi\/ykkosketju\/mika-kohtuullinen-palkka\/#breadcrumb\",\"itemListElement\":[{\"@type\":\"ListItem\",\"position\":1,\"name\":\"Home\",\"item\":\"https:\/\/suomenkuvalehti.fi\/ykkosketju\/\"},{\"@type\":\"ListItem\",\"position\":2,\"name\":\"Mik\u00e4 on kohtuullinen palkka?\"}]},{\"@type\":\"WebSite\",\"@id\":\"https:\/\/suomenkuvalehti.fi\/ykkosketju\/#website\",\"url\":\"https:\/\/suomenkuvalehti.fi\/ykkosketju\/\",\"name\":\"Ykk\u00f6sketju\",\"description\":\"Joukko valtakunnan viisaita kommentoi maailman menoa.\",\"potentialAction\":[{\"@type\":\"SearchAction\",\"target\":{\"@type\":\"EntryPoint\",\"urlTemplate\":\"https:\/\/suomenkuvalehti.fi\/haku\/?q={search_term_string}\"},\"query-input\":{\"@type\":\"PropertyValueSpecification\",\"valueRequired\":true,\"valueName\":\"search_term_string\"}}],\"inLanguage\":\"fi\"},{\"@type\":\"Person\",\"@id\":\"https:\/\/suomenkuvalehti.fi\/ykkosketju\/#\/schema\/person\/7bc7d7e7ee20627dc6a4cdd26c0fa682\",\"name\":\"Mikko Heikka\",\"image\":{\"@type\":\"ImageObject\",\"inLanguage\":\"fi\",\"@id\":\"https:\/\/suomenkuvalehti.fi\/ykkosketju\/#\/schema\/person\/image\/\",\"url\":\"https:\/\/suomenkuvalehti.fi\/ykkosketju\/wp-content\/uploads\/sites\/15\/2014\/04\/Mikko-Heikka-150x150.jpg\",\"contentUrl\":\"https:\/\/suomenkuvalehti.fi\/ykkosketju\/wp-content\/uploads\/sites\/15\/2014\/04\/Mikko-Heikka-150x150.jpg\",\"caption\":\"Mikko Heikka\"},\"description\":\"Kirjoittaja on Espoon hiippakunnan emerituspiispa.\"}]}<\/script>\n<!-- \/ Yoast SEO plugin. -->","yoast_head_json":{"title":"Mik\u00e4 on kohtuullinen palkka? - Ykk\u00f6sketju","robots":{"index":"index","follow":"follow","max-snippet":"max-snippet:-1","max-image-preview":"max-image-preview:large","max-video-preview":"max-video-preview:-1"},"canonical":"https:\/\/suomenkuvalehti.fi\/ykkosketju\/mika-kohtuullinen-palkka\/","og_locale":"fi_FI","og_type":"article","og_title":"Mik\u00e4 on kohtuullinen palkka? - Ykk\u00f6sketju","og_description":"Toimin aikoinaan pappina Helsingin ydinkeskustassa. Olin alkutalvisin joukkoni k\u00e4rjess\u00e4 ker\u00e4\u00e4m\u00e4ss\u00e4 ydinkeskustan kaduilla rahaa Yhteisvastuuker\u00e4ykselle. Valkoinen papinpanta oli reippaasti n\u00e4kyviss\u00e4. Paikkani oli tunnetun tavaratalon p\u00e4\u00e4sis\u00e4\u00e4nk\u00e4ynnin edess\u00e4, siin\u00e4 miss\u00e4 kaupunkilaiset tapaavat kohdata&hellip;","og_url":"https:\/\/suomenkuvalehti.fi\/ykkosketju\/mika-kohtuullinen-palkka\/","og_site_name":"Ykk\u00f6sketju","article_published_time":"2013-12-03T09:26:59+00:00","article_modified_time":"2013-12-03T10:37:52+00:00","author":"Mikko Heikka","twitter_misc":{"Written by":"Mikko Heikka","Est. reading time":"2 minuuttia"},"schema":{"@context":"https:\/\/schema.org","@graph":[{"@type":"WebPage","@id":"https:\/\/suomenkuvalehti.fi\/ykkosketju\/mika-kohtuullinen-palkka\/","url":"https:\/\/suomenkuvalehti.fi\/ykkosketju\/mika-kohtuullinen-palkka\/","name":"Mik\u00e4 on kohtuullinen palkka? - Ykk\u00f6sketju","isPartOf":{"@id":"https:\/\/suomenkuvalehti.fi\/ykkosketju\/#website"},"datePublished":"2013-12-03T09:26:59+00:00","dateModified":"2013-12-03T10:37:52+00:00","author":{"@id":"https:\/\/suomenkuvalehti.fi\/ykkosketju\/#\/schema\/person\/7bc7d7e7ee20627dc6a4cdd26c0fa682"},"breadcrumb":{"@id":"https:\/\/suomenkuvalehti.fi\/ykkosketju\/mika-kohtuullinen-palkka\/#breadcrumb"},"inLanguage":"fi","potentialAction":[{"@type":"ReadAction","target":["https:\/\/suomenkuvalehti.fi\/ykkosketju\/mika-kohtuullinen-palkka\/"]}]},{"@type":"BreadcrumbList","@id":"https:\/\/suomenkuvalehti.fi\/ykkosketju\/mika-kohtuullinen-palkka\/#breadcrumb","itemListElement":[{"@type":"ListItem","position":1,"name":"Home","item":"https:\/\/suomenkuvalehti.fi\/ykkosketju\/"},{"@type":"ListItem","position":2,"name":"Mik\u00e4 on kohtuullinen palkka?"}]},{"@type":"WebSite","@id":"https:\/\/suomenkuvalehti.fi\/ykkosketju\/#website","url":"https:\/\/suomenkuvalehti.fi\/ykkosketju\/","name":"Ykk\u00f6sketju","description":"Joukko valtakunnan viisaita kommentoi maailman menoa.","potentialAction":[{"@type":"SearchAction","target":{"@type":"EntryPoint","urlTemplate":"https:\/\/suomenkuvalehti.fi\/haku\/?q={search_term_string}"},"query-input":{"@type":"PropertyValueSpecification","valueRequired":true,"valueName":"search_term_string"}}],"inLanguage":"fi"},{"@type":"Person","@id":"https:\/\/suomenkuvalehti.fi\/ykkosketju\/#\/schema\/person\/7bc7d7e7ee20627dc6a4cdd26c0fa682","name":"Mikko Heikka","image":{"@type":"ImageObject","inLanguage":"fi","@id":"https:\/\/suomenkuvalehti.fi\/ykkosketju\/#\/schema\/person\/image\/","url":"https:\/\/suomenkuvalehti.fi\/ykkosketju\/wp-content\/uploads\/sites\/15\/2014\/04\/Mikko-Heikka-150x150.jpg","contentUrl":"https:\/\/suomenkuvalehti.fi\/ykkosketju\/wp-content\/uploads\/sites\/15\/2014\/04\/Mikko-Heikka-150x150.jpg","caption":"Mikko Heikka"},"description":"Kirjoittaja on Espoon hiippakunnan emerituspiispa."}]}},"_links":{"self":[{"href":"https:\/\/suomenkuvalehti.fi\/ykkosketju\/wp-json\/wp\/v2\/posts\/126","targetHints":{"allow":["GET"]}}],"collection":[{"href":"https:\/\/suomenkuvalehti.fi\/ykkosketju\/wp-json\/wp\/v2\/posts"}],"about":[{"href":"https:\/\/suomenkuvalehti.fi\/ykkosketju\/wp-json\/wp\/v2\/types\/post"}],"author":[{"embeddable":true,"href":"https:\/\/suomenkuvalehti.fi\/ykkosketju\/wp-json\/wp\/v2\/users\/1226"}],"replies":[{"embeddable":true,"href":"https:\/\/suomenkuvalehti.fi\/ykkosketju\/wp-json\/wp\/v2\/comments?post=126"}],"version-history":[{"count":3,"href":"https:\/\/suomenkuvalehti.fi\/ykkosketju\/wp-json\/wp\/v2\/posts\/126\/revisions"}],"predecessor-version":[{"id":130,"href":"https:\/\/suomenkuvalehti.fi\/ykkosketju\/wp-json\/wp\/v2\/posts\/126\/revisions\/130"}],"wp:attachment":[{"href":"https:\/\/suomenkuvalehti.fi\/ykkosketju\/wp-json\/wp\/v2\/media?parent=126"}],"wp:term":[{"taxonomy":"category","embeddable":true,"href":"https:\/\/suomenkuvalehti.fi\/ykkosketju\/wp-json\/wp\/v2\/categories?post=126"},{"taxonomy":"post_tag","embeddable":true,"href":"https:\/\/suomenkuvalehti.fi\/ykkosketju\/wp-json\/wp\/v2\/tags?post=126"}],"curies":[{"name":"wp","href":"https:\/\/api.w.org\/{rel}","templated":true}]}}