{"id":774,"date":"2018-05-17T15:26:00","date_gmt":"2018-05-17T12:26:00","guid":{"rendered":"https:\/\/suomenkuvalehti.fi\/vuorikoski\/?p=774"},"modified":"2018-05-17T17:52:16","modified_gmt":"2018-05-17T14:52:16","slug":"intiaanipaahineesta-alkanut-sekoilu-toi-langettavan-ylelle-jsnlta-tarkea-viesti-medialle","status":"publish","type":"post","link":"https:\/\/suomenkuvalehti.fi\/vuorikoski\/intiaanipaahineesta-alkanut-sekoilu-toi-langettavan-ylelle-jsnlta-tarkea-viesti-medialle\/","title":{"rendered":"Intiaanip\u00e4\u00e4hineest\u00e4 alkanut sekoilu toi langettavan Ylelle \u2013 JSN:lt\u00e4 t\u00e4rke\u00e4 viesti medialle"},"content":{"rendered":"\n<p>Lokakuussa 2017 Ylen toimittaja <strong>Sanna Ukkola<\/strong> pani Pressiklubi-ohjelmassa intiaanip\u00e4\u00e4hineen p\u00e4\u00e4h\u00e4ns\u00e4. Keskustelu liittyi missikilpailijoiden k\u00e4ytt\u00e4miin p\u00e4\u00e4hineisiin ja <a href=\"https:\/\/suomenkuvalehti.fi\/jutut\/kotimaa\/jos-lastenohjelman-intiaani-on-kultturista-omimista-onko-sita-myos-jooga-tama-on-nyt-vahan-ongelmallista\/?shared=1020514-ace17af0-999\" target=\"_blank\" rel=\"noopener\">kulttuurisen omimisen<\/a> k\u00e4sitteeseen. Sen j\u00e4lkeen tapahtui kaikenlaista, mutta lopullisesti homma l\u00e4hti k\u00e4sist\u00e4, kun Ukkola <a href=\"https:\/\/suomenkuvalehti.fi\/jutut\/kotimaa\/ylen-sanna-ukkola-valttyi-varoitukselta-kohutviittaaja-aikoo-valittaa-jsnaan-ja-harkitsee-rikosilmoitusta\/?shared=989655-6a420264-999\">otti yhteytt\u00e4<\/a> h\u00e4nt\u00e4 sosiaalisessa mediassa kritisoineen sein\u00e4jokelaisen opettajan <strong>Tero Hannulan<\/strong> esimieheen.&nbsp;Hannula kutsuttiin keskustelemaan ty\u00f6paikkansa vararehtorin kanssa.<\/p>\n\n\n\n<p>Julkisen sanan neuvosto k\u00e4sitteli eilen 16. toukokuuta kanteluita, jotka kohdistuivat Ylen julkaisemaan <a href=\"https:\/\/yle.fi\/uutiset\/3-9874725\" target=\"_blank\" rel=\"noopener\">kolumniin<\/a>. Siin\u00e4 Ukkola selitti, miksi oli ollut yhteydess\u00e4 Hannulan esimieheen.<\/p>\n\n\n\n<p data-reactid=\"181\">&#8221;<em>Kuinka toimia sinnikk\u00e4\u00e4n h\u00e4irik\u00f6n kanssa? Selvittelin asiaa taannoin sek\u00e4 Ylen turvallisuusosaston ett\u00e4 poliisin kanssa. Sain poliisilta seuraavan neuvon: Usein auttaa, jos kolmas osapuoli on yhteydess\u00e4 h\u00e4irikk\u00f6\u00f6n. T\u00e4m\u00e4 purkaa tilanteen noin 90 prosentissa tapauksista. Juuri t\u00e4llainen tapaus oli j\u00e4lleen k\u00e4sill\u00e4. Selv\u00e4sti tavanomaista sitke\u00e4mpi, pitk\u00e4\u00e4n viestej\u00e4 eri puolille somea minusta kirjoitellut mies kirjoitti j\u00e4lleen uuden viestin, joka ylitti mielest\u00e4ni asiallisuuden rajat<\/em>&#8221;, h\u00e4n kirjoitti.<\/p>\n\n\n\n<p data-reactid=\"182\">Ukkola kyseli, miten tilanteessa pit\u00e4isi toimia, kun kyseess\u00e4 ei ollut uhkaava viesti tai poliisiasia. H\u00e4n oli kokenut esimieheen yhteyden ottamisen j\u00e4rkev\u00e4ksi ratkaisuksi. Yhteydenotossaan h\u00e4n nosti ep\u00e4asiallisesta k\u00e4yt\u00f6ksest\u00e4 esimerkiksi muun muassa Hannulan irvailevan twiitin, jossa t\u00e4m\u00e4 oli ehdottanut vaihtoehtoja missikisojen teemaksi ja yhten\u00e4 niist\u00e4 oli Sanna Ukkola.<\/p>\n\n\n\n<p>&nbsp;<\/p>\n\n\n\n<p><span class=\"capitalized\">Julkisen<\/span> sanan neuvosto katsoi Ylen rikkoneen Journalistin ohjeita.<\/p>\n\n\n\n<p>&#8221;Yle toimi v\u00e4\u00e4rin julkaistessaan toimittajansa kolumnin, jossa h\u00e4n pyrki puhdistamaan mainettaan kritisoimalla yksipuolisesti ja liioittelevasti tunnistettavissa olevaa yleis\u00f6n edustajaa&#8221;, neuvosto perusteli.<\/p>\n\n\n\n<p>Neuvosto piti my\u00f6s paheksuttavana Ukkolan yhteydenottoa yleis\u00f6n edustajan ty\u00f6nantajaan, mutta katsoi, ettei se ollut Ylen vastuulla.<\/p>\n\n\n\n<p>Toisesta kantelusta Yle sai vapauttavan ratkaisun. Kolumnissa ei ollut pienen korjauksen j\u00e4lkeen olennaisia asiavirheit\u00e4, eik\u00e4 neuvosto my\u00f6sk\u00e4\u00e4n katsonut, ett\u00e4 henkil\u00f6\u00e4 olisi ollut v\u00e4ltt\u00e4m\u00e4t\u00f6nt\u00e4 kuulla samassa yhteydess\u00e4.<\/p>\n\n\n\n<p>&nbsp;<\/p>\n\n\n\n<p>&nbsp;<\/p>\n\n\n\n<p><span class=\"capitalized\">Langettavia<\/span> p\u00e4\u00e4t\u00f6ksi\u00e4 tulee miltei kaikille tiedotusv\u00e4lineille aika ajoin: journalismi on inhimillist\u00e4 toimintaa, jossa tehd\u00e4\u00e4n v\u00e4ist\u00e4m\u00e4tt\u00e4 my\u00f6s virheit\u00e4. Ratkaisujen olennaisin merkitys on toiminnan korjaamisessa. JSN l\u00e4hett\u00e4\u00e4 intiaanip\u00e4\u00e4hinekohun raunioilta alalle t\u00e4rke\u00e4n viestin. Se kuuluu n\u00e4in:<\/p>\n\n\n\n<p>&#8221;<em>Pelk\u00e4n k\u00e4rjekk\u00e4\u00e4n palautteen m\u00e4\u00e4ritteleminen h\u00e4irik\u00f6inniksi voi kuitenkin vaikeuttaa mahdollisuuksia puuttua vakavaan h\u00e4irint\u00e4\u00e4n<\/em>.&#8221;<\/p>\n\n\n\n<p>El\u00e4mme poikkeuksellisia aikoja siin\u00e4 mieless\u00e4, ett\u00e4 tavallisilla ihmisill\u00e4 on aiempaa laajemmat mahdollisuudet jakaa julkisesti palautetta toimittajille. Jutut henkil\u00f6ityv\u00e4t voimakkaasti ja usein toimittaja saa yksin kantaa vastuuta journalismistaan, vaikka julkaisup\u00e4\u00e4t\u00f6sten taustalla on miltei poikkeuksetta my\u00f6s muita ihmisi\u00e4.<\/p>\n\n\n\n<p>Toisaalta monet toimittajat nauttivat julkisesta roolistaan ja toimittajan henkil\u00f6br\u00e4ndi rakentuu my\u00f6s sosiaalisen median kautta.<\/p>\n\n\n\n<p>Vaikka ajat muuttuvat, vanhat periaatteet vallan ja kritiikin suhteesta p\u00e4tev\u00e4t n\u00e4hd\u00e4kseni edelleen. Kun k\u00e4ytt\u00e4\u00e4 suurta valtaa, pit\u00e4\u00e4 kest\u00e4\u00e4 paljon enemm\u00e4n kuin tavallisten ihmisten. My\u00f6s ep\u00e4asiallisuutta on siedett\u00e4v\u00e4. V\u00e4lill\u00e4 se on tosi raskasta ja kuten aiemmin <a href=\"https:\/\/suomenkuvalehti.fi\/vuorikoski\/vaikka-mita-saa-nykyaan-sanoa-toimittaja-tarvitsee-someaikana-paksun-nahan\/?shared=627-1d5d93d1-999\">kirjoitin<\/a>, tarvittavan tuen j\u00e4rjest\u00e4minen on my\u00f6s ty\u00f6yhteis\u00f6n vastuulla.<\/p>\n\n\n\n<p>Pit\u00e4\u00e4 my\u00f6s pohtia tarkkaan, mit\u00e4 tarkoitamme, kun puhumme h\u00e4irik\u00f6innist\u00e4, vihapuheesta tai <a href=\"https:\/\/suomenkuvalehti.fi\/vuorikoski\/maalittaako-media-natsiaatteesta-innostuneen-kauppiaan-kumppaneita\/?shared=392-4c44ba3b-999\">maalittamisesta<\/a>. K\u00e4sitteet ovat ainakin toistaiseksi kiusallisen ep\u00e4selvi\u00e4 ja m\u00e4\u00e4ritelm\u00e4t puhujista riippuvia.<\/p>\n\n\n\n<p>On kiistatonta, ett\u00e4 toimittajia vastaan j\u00e4rjestet\u00e4\u00e4n vainokampanjoita ja heihin kohdistuu my\u00f6s ei-hyv\u00e4ksytt\u00e4v\u00e4\u00e4, sananvapauden ulkopuolelle j\u00e4\u00e4v\u00e4\u00e4 ry\u00f6pytyst\u00e4. Samalla kun n\u00e4ihin todellisiin ongelmiin reagoidaan, p\u00e4\u00e4 t\u00e4ytyy pit\u00e4\u00e4 kylm\u00e4n\u00e4. Toimittajien teht\u00e4v\u00e4 on suojata ja edist\u00e4\u00e4 sananvapautta, ei nakertaa sit\u00e4 omilla toimillaan.<\/p>\n\n\n","protected":false},"excerpt":{"rendered":"<p>Vaikka ajat toimituksissa ovat muuttuneet sosiaalisen median my\u00f6t\u00e4, vanhat periaatteet vallan ja kritiikin suhteesta p\u00e4tev\u00e4t yh\u00e4. <\/p>\n","protected":false},"author":33152,"featured_media":0,"comment_status":"open","ping_status":"open","sticky":false,"template":"","format":"standard","meta":{"_acf_changed":false,"asauth_required_access_level":3,"asauth_cansharepaid":"true","om_header_attributes":[],"footnotes":"","om_featured_image_focal_point":[],"om_primary_tag":0,"om_contributors":[],"om_co_authors":[],"beyondwords_generate_audio":"","beyondwords_project_id":"","beyondwords_content_id":"","beyondwords_preview_token":"","beyondwords_player_content":"","beyondwords_player_style":"","beyondwords_language_code":"","beyondwords_language_id":"","beyondwords_title_voice_id":"","beyondwords_body_voice_id":"","beyondwords_summary_voice_id":"","beyondwords_error_message":"","beyondwords_disabled":"","beyondwords_delete_content":"","beyondwords_podcast_id":"","beyondwords_hash":"","publish_post_to_speechkit":"","speechkit_hash":"","speechkit_generate_audio":"","speechkit_project_id":"","speechkit_podcast_id":"","speechkit_error_message":"","speechkit_disabled":"","speechkit_access_key":"","speechkit_error":"","speechkit_info":"","speechkit_response":"","speechkit_retries":"","speechkit_status":"","speechkit_updated_at":"","_speechkit_link":"","_speechkit_text":""},"categories":[1],"tags":[100,10,97,99,72,98],"class_list":["post-774","post","type-post","status-publish","format-standard","hentry","category-vuorikoski","tag-intiaanipaahinekohu","tag-journalismi","tag-jsn","tag-kulttuurinen-omiminen","tag-media","tag-sanna-ukkola"],"om_views":null,"acf":{"tuuma_off":false,"tuuma_kysymys":"","tuuma_vastaus":""},"asauth":{"required_access_level":1,"share_token":"","is_paid":false},"yoast_head":"<!-- This site is optimized with the Yoast SEO plugin v26.4 - https:\/\/yoast.com\/wordpress\/plugins\/seo\/ -->\n<title>Intiaanip\u00e4\u00e4hineest\u00e4 alkanut sekoilu toi langettavan Ylelle \u2013 JSN:lt\u00e4 t\u00e4rke\u00e4 viesti medialle - Vuorikoski<\/title>\n<meta name=\"description\" content=\"Vaikka ajat toimituksissa ovat muuttuneet sosiaalisen median my\u00f6t\u00e4, vanhat periaatteet vallan ja kritiikin suhteesta p\u00e4tev\u00e4t yh\u00e4.\" \/>\n<meta name=\"robots\" content=\"index, follow, max-snippet:-1, max-image-preview:large, max-video-preview:-1\" \/>\n<link rel=\"canonical\" href=\"https:\/\/suomenkuvalehti.fi\/vuorikoski\/intiaanipaahineesta-alkanut-sekoilu-toi-langettavan-ylelle-jsnlta-tarkea-viesti-medialle\/\" \/>\n<meta property=\"og:locale\" content=\"fi_FI\" \/>\n<meta property=\"og:type\" content=\"article\" \/>\n<meta property=\"og:title\" content=\"Intiaanip\u00e4\u00e4hineest\u00e4 alkanut sekoilu toi langettavan Ylelle \u2013 JSN:lt\u00e4 t\u00e4rke\u00e4 viesti medialle - Vuorikoski\" \/>\n<meta property=\"og:description\" content=\"Vaikka ajat toimituksissa ovat muuttuneet sosiaalisen median my\u00f6t\u00e4, vanhat periaatteet vallan ja kritiikin suhteesta p\u00e4tev\u00e4t yh\u00e4.\" \/>\n<meta property=\"og:url\" content=\"https:\/\/suomenkuvalehti.fi\/vuorikoski\/intiaanipaahineesta-alkanut-sekoilu-toi-langettavan-ylelle-jsnlta-tarkea-viesti-medialle\/\" \/>\n<meta property=\"og:site_name\" content=\"Vuorikoski\" \/>\n<meta property=\"article:published_time\" content=\"2018-05-17T12:26:00+00:00\" \/>\n<meta property=\"article:modified_time\" content=\"2018-05-17T14:52:16+00:00\" \/>\n<meta property=\"og:image\" content=\"https:\/\/suomenkuvalehti.fi\/vuorikoski\/wp-content\/uploads\/sites\/41\/2017\/03\/salla_vuorikoski_.jpg\" \/>\n\t<meta property=\"og:image:width\" content=\"400\" \/>\n\t<meta property=\"og:image:height\" content=\"400\" \/>\n\t<meta property=\"og:image:type\" content=\"image\/jpeg\" \/>\n<meta name=\"author\" content=\"Salla Vuorikoski\" \/>\n<meta name=\"twitter:card\" content=\"summary_large_image\" \/>\n<meta name=\"twitter:creator\" content=\"@https:\/\/twitter.com\/svuorikoski\" \/>\n<meta name=\"twitter:label1\" content=\"Written by\" \/>\n\t<meta name=\"twitter:data1\" content=\"Salla Vuorikoski\" \/>\n\t<meta name=\"twitter:label2\" content=\"Est. reading time\" \/>\n\t<meta name=\"twitter:data2\" content=\"3 minuuttia\" \/>\n<script type=\"application\/ld+json\" class=\"yoast-schema-graph\">{\"@context\":\"https:\/\/schema.org\",\"@graph\":[{\"@type\":\"WebPage\",\"@id\":\"https:\/\/suomenkuvalehti.fi\/vuorikoski\/intiaanipaahineesta-alkanut-sekoilu-toi-langettavan-ylelle-jsnlta-tarkea-viesti-medialle\/\",\"url\":\"https:\/\/suomenkuvalehti.fi\/vuorikoski\/intiaanipaahineesta-alkanut-sekoilu-toi-langettavan-ylelle-jsnlta-tarkea-viesti-medialle\/\",\"name\":\"Intiaanip\u00e4\u00e4hineest\u00e4 alkanut sekoilu toi langettavan Ylelle \u2013 JSN:lt\u00e4 t\u00e4rke\u00e4 viesti medialle - Vuorikoski\",\"isPartOf\":{\"@id\":\"https:\/\/suomenkuvalehti.fi\/vuorikoski\/#website\"},\"datePublished\":\"2018-05-17T12:26:00+00:00\",\"dateModified\":\"2018-05-17T14:52:16+00:00\",\"author\":{\"@id\":\"https:\/\/suomenkuvalehti.fi\/vuorikoski\/#\/schema\/person\/915e5c9cf73f8f9cbc5f1e50295dda2d\"},\"description\":\"Vaikka ajat toimituksissa ovat muuttuneet sosiaalisen median my\u00f6t\u00e4, vanhat periaatteet vallan ja kritiikin suhteesta p\u00e4tev\u00e4t yh\u00e4.\",\"breadcrumb\":{\"@id\":\"https:\/\/suomenkuvalehti.fi\/vuorikoski\/intiaanipaahineesta-alkanut-sekoilu-toi-langettavan-ylelle-jsnlta-tarkea-viesti-medialle\/#breadcrumb\"},\"inLanguage\":\"fi\",\"potentialAction\":[{\"@type\":\"ReadAction\",\"target\":[\"https:\/\/suomenkuvalehti.fi\/vuorikoski\/intiaanipaahineesta-alkanut-sekoilu-toi-langettavan-ylelle-jsnlta-tarkea-viesti-medialle\/\"]}]},{\"@type\":\"BreadcrumbList\",\"@id\":\"https:\/\/suomenkuvalehti.fi\/vuorikoski\/intiaanipaahineesta-alkanut-sekoilu-toi-langettavan-ylelle-jsnlta-tarkea-viesti-medialle\/#breadcrumb\",\"itemListElement\":[{\"@type\":\"ListItem\",\"position\":1,\"name\":\"Home\",\"item\":\"https:\/\/suomenkuvalehti.fi\/vuorikoski\/\"},{\"@type\":\"ListItem\",\"position\":2,\"name\":\"Intiaanip\u00e4\u00e4hineest\u00e4 alkanut sekoilu toi langettavan Ylelle \u2013 JSN:lt\u00e4 t\u00e4rke\u00e4 viesti medialle\"}]},{\"@type\":\"WebSite\",\"@id\":\"https:\/\/suomenkuvalehti.fi\/vuorikoski\/#website\",\"url\":\"https:\/\/suomenkuvalehti.fi\/vuorikoski\/\",\"name\":\"Vuorikoski\",\"description\":\"Toimittaja Salla Vuorikosken viiltoja yhteiskunnan kuumiin puheenaiheisiin.\",\"potentialAction\":[{\"@type\":\"SearchAction\",\"target\":{\"@type\":\"EntryPoint\",\"urlTemplate\":\"https:\/\/suomenkuvalehti.fi\/haku\/?q={search_term_string}\"},\"query-input\":{\"@type\":\"PropertyValueSpecification\",\"valueRequired\":true,\"valueName\":\"search_term_string\"}}],\"inLanguage\":\"fi\"},{\"@type\":\"Person\",\"@id\":\"https:\/\/suomenkuvalehti.fi\/vuorikoski\/#\/schema\/person\/915e5c9cf73f8f9cbc5f1e50295dda2d\",\"name\":\"Salla Vuorikoski\",\"image\":{\"@type\":\"ImageObject\",\"inLanguage\":\"fi\",\"@id\":\"https:\/\/suomenkuvalehti.fi\/vuorikoski\/#\/schema\/person\/image\/\",\"url\":\"https:\/\/suomenkuvalehti.fi\/vuorikoski\/wp-content\/uploads\/sites\/41\/2017\/03\/salla_vuorikoski_-150x150.jpg\",\"contentUrl\":\"https:\/\/suomenkuvalehti.fi\/vuorikoski\/wp-content\/uploads\/sites\/41\/2017\/03\/salla_vuorikoski_-150x150.jpg\",\"caption\":\"Salla Vuorikoski\"},\"description\":\"Kirjoittaja on Suomen Kuvalehden toimittaja.\",\"sameAs\":[\"https:\/\/x.com\/https:\/\/twitter.com\/svuorikoski\"]}]}<\/script>\n<!-- \/ Yoast SEO plugin. -->","yoast_head_json":{"title":"Intiaanip\u00e4\u00e4hineest\u00e4 alkanut sekoilu toi langettavan Ylelle \u2013 JSN:lt\u00e4 t\u00e4rke\u00e4 viesti medialle - Vuorikoski","description":"Vaikka ajat toimituksissa ovat muuttuneet sosiaalisen median my\u00f6t\u00e4, vanhat periaatteet vallan ja kritiikin suhteesta p\u00e4tev\u00e4t yh\u00e4.","robots":{"index":"index","follow":"follow","max-snippet":"max-snippet:-1","max-image-preview":"max-image-preview:large","max-video-preview":"max-video-preview:-1"},"canonical":"https:\/\/suomenkuvalehti.fi\/vuorikoski\/intiaanipaahineesta-alkanut-sekoilu-toi-langettavan-ylelle-jsnlta-tarkea-viesti-medialle\/","og_locale":"fi_FI","og_type":"article","og_title":"Intiaanip\u00e4\u00e4hineest\u00e4 alkanut sekoilu toi langettavan Ylelle \u2013 JSN:lt\u00e4 t\u00e4rke\u00e4 viesti medialle - Vuorikoski","og_description":"Vaikka ajat toimituksissa ovat muuttuneet sosiaalisen median my\u00f6t\u00e4, vanhat periaatteet vallan ja kritiikin suhteesta p\u00e4tev\u00e4t yh\u00e4.","og_url":"https:\/\/suomenkuvalehti.fi\/vuorikoski\/intiaanipaahineesta-alkanut-sekoilu-toi-langettavan-ylelle-jsnlta-tarkea-viesti-medialle\/","og_site_name":"Vuorikoski","article_published_time":"2018-05-17T12:26:00+00:00","article_modified_time":"2018-05-17T14:52:16+00:00","og_image":[{"width":400,"height":400,"url":"https:\/\/suomenkuvalehti.fi\/vuorikoski\/wp-content\/uploads\/sites\/41\/2017\/03\/salla_vuorikoski_.jpg","type":"image\/jpeg"}],"author":"Salla Vuorikoski","twitter_card":"summary_large_image","twitter_creator":"@https:\/\/twitter.com\/svuorikoski","twitter_misc":{"Written by":"Salla Vuorikoski","Est. reading time":"3 minuuttia"},"schema":{"@context":"https:\/\/schema.org","@graph":[{"@type":"WebPage","@id":"https:\/\/suomenkuvalehti.fi\/vuorikoski\/intiaanipaahineesta-alkanut-sekoilu-toi-langettavan-ylelle-jsnlta-tarkea-viesti-medialle\/","url":"https:\/\/suomenkuvalehti.fi\/vuorikoski\/intiaanipaahineesta-alkanut-sekoilu-toi-langettavan-ylelle-jsnlta-tarkea-viesti-medialle\/","name":"Intiaanip\u00e4\u00e4hineest\u00e4 alkanut sekoilu toi langettavan Ylelle \u2013 JSN:lt\u00e4 t\u00e4rke\u00e4 viesti medialle - Vuorikoski","isPartOf":{"@id":"https:\/\/suomenkuvalehti.fi\/vuorikoski\/#website"},"datePublished":"2018-05-17T12:26:00+00:00","dateModified":"2018-05-17T14:52:16+00:00","author":{"@id":"https:\/\/suomenkuvalehti.fi\/vuorikoski\/#\/schema\/person\/915e5c9cf73f8f9cbc5f1e50295dda2d"},"description":"Vaikka ajat toimituksissa ovat muuttuneet sosiaalisen median my\u00f6t\u00e4, vanhat periaatteet vallan ja kritiikin suhteesta p\u00e4tev\u00e4t yh\u00e4.","breadcrumb":{"@id":"https:\/\/suomenkuvalehti.fi\/vuorikoski\/intiaanipaahineesta-alkanut-sekoilu-toi-langettavan-ylelle-jsnlta-tarkea-viesti-medialle\/#breadcrumb"},"inLanguage":"fi","potentialAction":[{"@type":"ReadAction","target":["https:\/\/suomenkuvalehti.fi\/vuorikoski\/intiaanipaahineesta-alkanut-sekoilu-toi-langettavan-ylelle-jsnlta-tarkea-viesti-medialle\/"]}]},{"@type":"BreadcrumbList","@id":"https:\/\/suomenkuvalehti.fi\/vuorikoski\/intiaanipaahineesta-alkanut-sekoilu-toi-langettavan-ylelle-jsnlta-tarkea-viesti-medialle\/#breadcrumb","itemListElement":[{"@type":"ListItem","position":1,"name":"Home","item":"https:\/\/suomenkuvalehti.fi\/vuorikoski\/"},{"@type":"ListItem","position":2,"name":"Intiaanip\u00e4\u00e4hineest\u00e4 alkanut sekoilu toi langettavan Ylelle \u2013 JSN:lt\u00e4 t\u00e4rke\u00e4 viesti medialle"}]},{"@type":"WebSite","@id":"https:\/\/suomenkuvalehti.fi\/vuorikoski\/#website","url":"https:\/\/suomenkuvalehti.fi\/vuorikoski\/","name":"Vuorikoski","description":"Toimittaja Salla Vuorikosken viiltoja yhteiskunnan kuumiin puheenaiheisiin.","potentialAction":[{"@type":"SearchAction","target":{"@type":"EntryPoint","urlTemplate":"https:\/\/suomenkuvalehti.fi\/haku\/?q={search_term_string}"},"query-input":{"@type":"PropertyValueSpecification","valueRequired":true,"valueName":"search_term_string"}}],"inLanguage":"fi"},{"@type":"Person","@id":"https:\/\/suomenkuvalehti.fi\/vuorikoski\/#\/schema\/person\/915e5c9cf73f8f9cbc5f1e50295dda2d","name":"Salla Vuorikoski","image":{"@type":"ImageObject","inLanguage":"fi","@id":"https:\/\/suomenkuvalehti.fi\/vuorikoski\/#\/schema\/person\/image\/","url":"https:\/\/suomenkuvalehti.fi\/vuorikoski\/wp-content\/uploads\/sites\/41\/2017\/03\/salla_vuorikoski_-150x150.jpg","contentUrl":"https:\/\/suomenkuvalehti.fi\/vuorikoski\/wp-content\/uploads\/sites\/41\/2017\/03\/salla_vuorikoski_-150x150.jpg","caption":"Salla Vuorikoski"},"description":"Kirjoittaja on Suomen Kuvalehden toimittaja.","sameAs":["https:\/\/x.com\/https:\/\/twitter.com\/svuorikoski"]}]}},"_links":{"self":[{"href":"https:\/\/suomenkuvalehti.fi\/vuorikoski\/wp-json\/wp\/v2\/posts\/774","targetHints":{"allow":["GET"]}}],"collection":[{"href":"https:\/\/suomenkuvalehti.fi\/vuorikoski\/wp-json\/wp\/v2\/posts"}],"about":[{"href":"https:\/\/suomenkuvalehti.fi\/vuorikoski\/wp-json\/wp\/v2\/types\/post"}],"author":[{"embeddable":true,"href":"https:\/\/suomenkuvalehti.fi\/vuorikoski\/wp-json\/wp\/v2\/users\/33152"}],"replies":[{"embeddable":true,"href":"https:\/\/suomenkuvalehti.fi\/vuorikoski\/wp-json\/wp\/v2\/comments?post=774"}],"version-history":[{"count":3,"href":"https:\/\/suomenkuvalehti.fi\/vuorikoski\/wp-json\/wp\/v2\/posts\/774\/revisions"}],"predecessor-version":[{"id":777,"href":"https:\/\/suomenkuvalehti.fi\/vuorikoski\/wp-json\/wp\/v2\/posts\/774\/revisions\/777"}],"wp:attachment":[{"href":"https:\/\/suomenkuvalehti.fi\/vuorikoski\/wp-json\/wp\/v2\/media?parent=774"}],"wp:term":[{"taxonomy":"category","embeddable":true,"href":"https:\/\/suomenkuvalehti.fi\/vuorikoski\/wp-json\/wp\/v2\/categories?post=774"},{"taxonomy":"post_tag","embeddable":true,"href":"https:\/\/suomenkuvalehti.fi\/vuorikoski\/wp-json\/wp\/v2\/tags?post=774"}],"curies":[{"name":"wp","href":"https:\/\/api.w.org\/{rel}","templated":true}]}}