{"id":392,"date":"2017-10-22T20:57:54","date_gmt":"2017-10-22T17:57:54","guid":{"rendered":"https:\/\/suomenkuvalehti.fi\/vuorikoski\/?p=392"},"modified":"2017-10-22T20:57:54","modified_gmt":"2017-10-22T17:57:54","slug":"maalittaako-media-natsiaatteesta-innostuneen-kauppiaan-kumppaneita","status":"publish","type":"post","link":"https:\/\/suomenkuvalehti.fi\/vuorikoski\/maalittaako-media-natsiaatteesta-innostuneen-kauppiaan-kumppaneita\/","title":{"rendered":"Maalittaako media natsiaatteesta innostuneen kauppiaan kumppaneita?"},"content":{"rendered":"\n<p>Helsingin Sanomat<a href=\"https:\/\/www.hs.fi\/sunnuntai\/art-2000005416974.html\" target=\"_blank\" rel=\"noopener\"> kirjoitti <\/a>t\u00e4n\u00e4\u00e4n 22. lokakuuta ylivieskalaisesta yritt\u00e4j\u00e4st\u00e4 <strong>Juha K\u00e4rkk\u00e4isest\u00e4 <\/strong>ja h\u00e4nen<b>&nbsp;<\/b>siteist\u00e4\u00e4n uusnatseihin.&nbsp;K\u00e4rkk\u00e4inen on l\u00e4hes 200 miljoonan euron liikevaihtoa py\u00f6ritt\u00e4v\u00e4n tavarataloketjun omistaja.&nbsp;<\/p>\n\n\n\n<p>K\u00e4rkk\u00e4isen natsi-intoilu ei sin\u00e4ns\u00e4 ole uutinen: h\u00e4net <a href=\"https:\/\/www.mtv.fi\/uutiset\/rikos\/artikkeli\/karkkaisen-tuomio-juutalaiskirjoituksista-pysyi-ennallaan\/4415980#gs.KxPMGPc\" target=\"_blank\" rel=\"noopener\">tuomittiin <\/a>vuonna 2014 kiihottamisesta kansanryhm\u00e4\u00e4 vastaan. Syyn\u00e4 olivat juutalaisvastaiset kirjoitukset Magneettimedia-julkaisussa.&nbsp;<\/p>\n\n\n\n<p>Helsingin Sanomien jutussa luetellaan yrityksi\u00e4, joiden tuotteita voi ostaa K\u00e4rkk\u00e4iselt\u00e4. On Arabiaa, Fazeria, Muumia, Luhtaa, Helkamaa. Kustannusyhti\u00f6 Otava <a href=\"https:\/\/www.facebook.com\/otavankirjat\/posts\/1726742970691113\" target=\"_blank\" rel=\"noopener\">korjasi <\/a>t\u00e4n\u00e4\u00e4n, ett\u00e4 se on jo vuonna 2015 tehnyt &#8221;arvopohjaisen p\u00e4\u00e4t\u00f6ksen&#8221; lopettaa yhteisty\u00f6 K\u00e4rkk\u00e4isen kanssa. Nyt yritys selvitt\u00e4\u00e4, mit\u00e4 kautta sen kirjat ovat p\u00e4\u00e4tyneet tavaratalon hyllyyn.<\/p>\n\n\n\n<p>Sosiaalisen median keskusteluissa muutamat kommentoijat ovat kiirehtineet nostamaan esille termin &#8221;maalitus&#8221;. Media maalittaa! Ajatus kulkee niin, ett\u00e4 toimittajat nostavat yrityksi\u00e4 esille, mink\u00e4 j\u00e4lkeen lukijat mahdollisesti kohdentavat ostoboikotteja tai muita toimia niit\u00e4 vastaan. T\u00e4llaista ajatusmallia <a href=\"https:\/\/twitter.com\/JaniMakelaFi\/status\/922072000314691584\" target=\"_blank\" rel=\"noopener\">esitti <\/a>Twitteriss\u00e4 muun muassa perussuomalaisten kansanedustaja <strong>Jani M\u00e4kel\u00e4<\/strong>.&nbsp;<\/p>\n\n\n\n<p>&nbsp;<\/p>\n\n\n\n<p><span class=\"capitalized\">Maalitus-termi\u00e4<\/span>&nbsp;k\u00e4ytettiin somemaailmassa aluksi kuvaamaan ilmi\u00f6t\u00e4, jossa vaikutusvaltainen taho masinoi omia kannattajiaan suoltamaan jollekin ihmiselle t\u00f6rkypostia tai muuten h\u00e4irik\u00f6im\u00e4\u00e4n h\u00e4nt\u00e4.&nbsp;<\/p>\n\n\n\n<p>Ei mennyt kauan t\u00e4m\u00e4nk\u00e4\u00e4n uuden termin kanssa, kunnes sen rajat h\u00e4m\u00e4rtyiv\u00e4t. Kun soveltamiskentt\u00e4\u00e4 laajennetaan riitt\u00e4v\u00e4sti, k\u00e4sitteet kokevat inflaation eli ne eiv\u00e4t lopulta tarkoita mit\u00e4\u00e4n. Esimerkiksi valeuutinen-termi v\u00e4lj\u00e4htyi muun muassa sen seurauksena, ett\u00e4 Yhdysvaltain presidentti <strong>Donald Trump<\/strong> alkoi syytt\u00e4\u00e4 valeuutisiksi (fake news) perinteisen median kriittisi\u00e4 Trump-juttuja.<\/p>\n\n\n\n<p>Termien h\u00e4m\u00e4rt\u00e4minen on ilmeisesti my\u00f6s joidenkin keskustelijoiden perimm\u00e4inen tavoite. Taktiikkana on napata vastustajaksi koetun porukan aseet pois ja k\u00e4ytt\u00e4\u00e4 niit\u00e4 heit\u00e4 itse\u00e4\u00e4n vastaan.&nbsp;<\/p>\n\n\n\n<p>Nyt siis maalituksena pit\u00e4isi n\u00e4hd\u00e4 se, ett\u00e4 jonkun yhteis\u00f6n tai henkil\u00f6n nimi mainitaan julkisuudessa kriittisess\u00e4 yhteydess\u00e4.&nbsp;Jos termi m\u00e4\u00e4ritell\u00e4\u00e4n t\u00e4ll\u00e4 tavalla, journalismi on itse asiassa perusolemukseltaan maalitusta. Media kertoo maailmassa tapahtuvista asioista. Kerrotuista asioista tietoiseksi tuleminen voi vaikuttaa median k\u00e4ytt\u00e4j\u00e4n toimintaan tavalla tai toisella.&nbsp;<\/p>\n\n\n\n<p>Yksitt\u00e4iseen henkil\u00f6\u00f6n kohdistuva kritiikki voi tietenkin joskus olla kohtuutonta, vaikka kerrotut tiedot pit\u00e4isiv\u00e4t paikkansa. T\u00e4st\u00e4 yksi esimerkki on niin sanottu risumiehen <a href=\"https:\/\/suomenkuvalehti.fi\/jutut\/kotimaa\/mielipide-kotimaa\/risumies-jai-kiinni-julkisella-paikalla-kuvaajakin-sai-syytteen-perkele-mun-tekis-mieli-ampua-sut\/?shared=957969-000aad75-999\" target=\"_blank\" rel=\"noopener\">tapaus<\/a>. Vaikka puutarhaj\u00e4tteen tuominen kaupungin kuntoradan kupeeseen oli v\u00e4\u00e4rin, siit\u00e4 kuvatun videon levittely ja risujen tuojaan kohdistunut mittava pilkka <a href=\"https:\/\/esaimaa.fi\/uutiset\/lahella\/bcd08e26-b3e3-4bdc-9106-cde2775a15e6\" target=\"_blank\" rel=\"noopener\">ei ollut <\/a>kohtuullista. Pilkkaaminen tosin tapahtui k\u00e4sitt\u00e4\u00e4kseni muualla kuin journalistisessa mediassa.&nbsp;<\/p>\n\n\n\n<p>Jos kyse olisi ollut j\u00e4tekuormaansa kuskaavasta ministerist\u00e4, asiaa olisi arvioitu eri tavalla. Teon luonteen lis\u00e4ksi olennaista merkityst\u00e4 on henkil\u00f6n tai yhteis\u00f6n valta-asemalla.&nbsp;K\u00e4rkk\u00e4inen on paitsi taloudellisen vallan, my\u00f6s mediavallan k\u00e4ytt\u00e4j\u00e4. KauppaSuomi-mainoslehti jatkaa Magneettimedian jalanj\u00e4ljiss\u00e4: se jakaa satoihintuhansiin kotitalouksiin K\u00e4rkk\u00e4isen ajatusmaailmaan istuvaa sis\u00e4lt\u00f6\u00e4.<\/p>\n\n\n\n<p>Kauppias K\u00e4rkk\u00e4inen ei siis nauti erityist\u00e4 suojaa journalismin kriittiselt\u00e4 katseelta. T\u00e4llaista suojaa eiv\u00e4t saa my\u00f6sk\u00e4\u00e4n isot yritykset. Jos K\u00e4rkk\u00e4isen natsisidokset eiv\u00e4t vaikuta yrityksen haluun tehd\u00e4 yhteisty\u00f6t\u00e4 h\u00e4nen kanssaan, sekin on yhteiskunnallisesti kiinnostava ja uutisarvoinen asia.<\/p>\n\n\n\n<p>Mit\u00e4 maalittamiseen tulee, ehk\u00e4 p\u00e4rj\u00e4\u00e4mme ilman t\u00e4t\u00e4kin h\u00f6tt\u00f6termi\u00e4. Jos todellinen tarve vaatii, suosittelen tilalle vanhaa kunnon &#8221;kimppuun usuttamista&#8221;. Journalismia voimme jatkossakin kutsua journalismiksi.<\/p>\n\n\n\n<p><em>Suomen Kuvalehte\u00e4 kustantava Otavamedia ja kustannusyhti\u00f6 Otava kuuluvat samaan Otava-konserniin.<\/em><\/p>\n\n\n","protected":false},"excerpt":{"rendered":"<p>Yhteiskunnallisen keskustelun uusi suosikkitermi on jo pahasti v\u00e4lj\u00e4htynyt. <\/p>\n","protected":false},"author":33152,"featured_media":0,"comment_status":"open","ping_status":"open","sticky":false,"template":"","format":"standard","meta":{"_acf_changed":false,"asauth_required_access_level":3,"asauth_cansharepaid":"true","om_header_attributes":[],"footnotes":"","om_featured_image_focal_point":[],"om_primary_tag":0,"om_contributors":[],"om_co_authors":[],"beyondwords_generate_audio":"","beyondwords_project_id":"","beyondwords_content_id":"","beyondwords_preview_token":"","beyondwords_player_content":"","beyondwords_player_style":"","beyondwords_language_code":"","beyondwords_language_id":"","beyondwords_title_voice_id":"","beyondwords_body_voice_id":"","beyondwords_summary_voice_id":"","beyondwords_error_message":"","beyondwords_disabled":"","beyondwords_delete_content":"","beyondwords_podcast_id":"","beyondwords_hash":"","publish_post_to_speechkit":"","speechkit_hash":"","speechkit_generate_audio":"","speechkit_project_id":"","speechkit_podcast_id":"","speechkit_error_message":"","speechkit_disabled":"","speechkit_access_key":"","speechkit_error":"","speechkit_info":"","speechkit_response":"","speechkit_retries":"","speechkit_status":"","speechkit_updated_at":"","_speechkit_link":"","_speechkit_text":""},"categories":[1],"tags":[10,40,39],"class_list":["post-392","post","type-post","status-publish","format-standard","hentry","category-vuorikoski","tag-journalismi","tag-juha-karkkainen","tag-uusnatsit"],"om_views":null,"acf":{"tuuma_off":false,"tuuma_kysymys":"","tuuma_vastaus":""},"asauth":{"required_access_level":1,"share_token":"","is_paid":false},"yoast_head":"<!-- This site is optimized with the Yoast SEO plugin v26.4 - https:\/\/yoast.com\/wordpress\/plugins\/seo\/ -->\n<title>Maalittaako media natsiaatteesta innostuneen kauppiaan kumppaneita? - Vuorikoski<\/title>\n<meta name=\"description\" content=\"Yhteiskunnallisen keskustelun uusi suosikkitermi on jo pahasti v\u00e4lj\u00e4htynyt.\" \/>\n<meta name=\"robots\" content=\"index, follow, max-snippet:-1, max-image-preview:large, max-video-preview:-1\" \/>\n<link rel=\"canonical\" href=\"https:\/\/suomenkuvalehti.fi\/vuorikoski\/maalittaako-media-natsiaatteesta-innostuneen-kauppiaan-kumppaneita\/\" \/>\n<meta property=\"og:locale\" content=\"fi_FI\" \/>\n<meta property=\"og:type\" content=\"article\" \/>\n<meta property=\"og:title\" content=\"Maalittaako media natsiaatteesta innostuneen kauppiaan kumppaneita? - Vuorikoski\" \/>\n<meta property=\"og:description\" content=\"Yhteiskunnallisen keskustelun uusi suosikkitermi on jo pahasti v\u00e4lj\u00e4htynyt.\" \/>\n<meta property=\"og:url\" content=\"https:\/\/suomenkuvalehti.fi\/vuorikoski\/maalittaako-media-natsiaatteesta-innostuneen-kauppiaan-kumppaneita\/\" \/>\n<meta property=\"og:site_name\" content=\"Vuorikoski\" \/>\n<meta property=\"article:published_time\" content=\"2017-10-22T17:57:54+00:00\" \/>\n<meta property=\"og:image\" content=\"https:\/\/suomenkuvalehti.fi\/vuorikoski\/wp-content\/uploads\/sites\/41\/2017\/03\/salla_vuorikoski_.jpg\" \/>\n\t<meta property=\"og:image:width\" content=\"400\" \/>\n\t<meta property=\"og:image:height\" content=\"400\" \/>\n\t<meta property=\"og:image:type\" content=\"image\/jpeg\" \/>\n<meta name=\"author\" content=\"Salla Vuorikoski\" \/>\n<meta name=\"twitter:card\" content=\"summary_large_image\" \/>\n<meta name=\"twitter:creator\" content=\"@https:\/\/twitter.com\/svuorikoski\" \/>\n<meta name=\"twitter:label1\" content=\"Written by\" \/>\n\t<meta name=\"twitter:data1\" content=\"Salla Vuorikoski\" \/>\n\t<meta name=\"twitter:label2\" content=\"Est. reading time\" \/>\n\t<meta name=\"twitter:data2\" content=\"3 minuuttia\" \/>\n<script type=\"application\/ld+json\" class=\"yoast-schema-graph\">{\"@context\":\"https:\/\/schema.org\",\"@graph\":[{\"@type\":\"WebPage\",\"@id\":\"https:\/\/suomenkuvalehti.fi\/vuorikoski\/maalittaako-media-natsiaatteesta-innostuneen-kauppiaan-kumppaneita\/\",\"url\":\"https:\/\/suomenkuvalehti.fi\/vuorikoski\/maalittaako-media-natsiaatteesta-innostuneen-kauppiaan-kumppaneita\/\",\"name\":\"Maalittaako media natsiaatteesta innostuneen kauppiaan kumppaneita? - Vuorikoski\",\"isPartOf\":{\"@id\":\"https:\/\/suomenkuvalehti.fi\/vuorikoski\/#website\"},\"datePublished\":\"2017-10-22T17:57:54+00:00\",\"author\":{\"@id\":\"https:\/\/suomenkuvalehti.fi\/vuorikoski\/#\/schema\/person\/915e5c9cf73f8f9cbc5f1e50295dda2d\"},\"description\":\"Yhteiskunnallisen keskustelun uusi suosikkitermi on jo pahasti v\u00e4lj\u00e4htynyt.\",\"breadcrumb\":{\"@id\":\"https:\/\/suomenkuvalehti.fi\/vuorikoski\/maalittaako-media-natsiaatteesta-innostuneen-kauppiaan-kumppaneita\/#breadcrumb\"},\"inLanguage\":\"fi\",\"potentialAction\":[{\"@type\":\"ReadAction\",\"target\":[\"https:\/\/suomenkuvalehti.fi\/vuorikoski\/maalittaako-media-natsiaatteesta-innostuneen-kauppiaan-kumppaneita\/\"]}]},{\"@type\":\"BreadcrumbList\",\"@id\":\"https:\/\/suomenkuvalehti.fi\/vuorikoski\/maalittaako-media-natsiaatteesta-innostuneen-kauppiaan-kumppaneita\/#breadcrumb\",\"itemListElement\":[{\"@type\":\"ListItem\",\"position\":1,\"name\":\"Home\",\"item\":\"https:\/\/suomenkuvalehti.fi\/vuorikoski\/\"},{\"@type\":\"ListItem\",\"position\":2,\"name\":\"Maalittaako media natsiaatteesta innostuneen kauppiaan kumppaneita?\"}]},{\"@type\":\"WebSite\",\"@id\":\"https:\/\/suomenkuvalehti.fi\/vuorikoski\/#website\",\"url\":\"https:\/\/suomenkuvalehti.fi\/vuorikoski\/\",\"name\":\"Vuorikoski\",\"description\":\"Toimittaja Salla Vuorikosken viiltoja yhteiskunnan kuumiin puheenaiheisiin.\",\"potentialAction\":[{\"@type\":\"SearchAction\",\"target\":{\"@type\":\"EntryPoint\",\"urlTemplate\":\"https:\/\/suomenkuvalehti.fi\/haku\/?q={search_term_string}\"},\"query-input\":{\"@type\":\"PropertyValueSpecification\",\"valueRequired\":true,\"valueName\":\"search_term_string\"}}],\"inLanguage\":\"fi\"},{\"@type\":\"Person\",\"@id\":\"https:\/\/suomenkuvalehti.fi\/vuorikoski\/#\/schema\/person\/915e5c9cf73f8f9cbc5f1e50295dda2d\",\"name\":\"Salla Vuorikoski\",\"image\":{\"@type\":\"ImageObject\",\"inLanguage\":\"fi\",\"@id\":\"https:\/\/suomenkuvalehti.fi\/vuorikoski\/#\/schema\/person\/image\/\",\"url\":\"https:\/\/suomenkuvalehti.fi\/vuorikoski\/wp-content\/uploads\/sites\/41\/2017\/03\/salla_vuorikoski_-150x150.jpg\",\"contentUrl\":\"https:\/\/suomenkuvalehti.fi\/vuorikoski\/wp-content\/uploads\/sites\/41\/2017\/03\/salla_vuorikoski_-150x150.jpg\",\"caption\":\"Salla Vuorikoski\"},\"description\":\"Kirjoittaja on Suomen Kuvalehden toimittaja.\",\"sameAs\":[\"https:\/\/x.com\/https:\/\/twitter.com\/svuorikoski\"]}]}<\/script>\n<!-- \/ Yoast SEO plugin. -->","yoast_head_json":{"title":"Maalittaako media natsiaatteesta innostuneen kauppiaan kumppaneita? - Vuorikoski","description":"Yhteiskunnallisen keskustelun uusi suosikkitermi on jo pahasti v\u00e4lj\u00e4htynyt.","robots":{"index":"index","follow":"follow","max-snippet":"max-snippet:-1","max-image-preview":"max-image-preview:large","max-video-preview":"max-video-preview:-1"},"canonical":"https:\/\/suomenkuvalehti.fi\/vuorikoski\/maalittaako-media-natsiaatteesta-innostuneen-kauppiaan-kumppaneita\/","og_locale":"fi_FI","og_type":"article","og_title":"Maalittaako media natsiaatteesta innostuneen kauppiaan kumppaneita? - Vuorikoski","og_description":"Yhteiskunnallisen keskustelun uusi suosikkitermi on jo pahasti v\u00e4lj\u00e4htynyt.","og_url":"https:\/\/suomenkuvalehti.fi\/vuorikoski\/maalittaako-media-natsiaatteesta-innostuneen-kauppiaan-kumppaneita\/","og_site_name":"Vuorikoski","article_published_time":"2017-10-22T17:57:54+00:00","og_image":[{"width":400,"height":400,"url":"https:\/\/suomenkuvalehti.fi\/vuorikoski\/wp-content\/uploads\/sites\/41\/2017\/03\/salla_vuorikoski_.jpg","type":"image\/jpeg"}],"author":"Salla Vuorikoski","twitter_card":"summary_large_image","twitter_creator":"@https:\/\/twitter.com\/svuorikoski","twitter_misc":{"Written by":"Salla Vuorikoski","Est. reading time":"3 minuuttia"},"schema":{"@context":"https:\/\/schema.org","@graph":[{"@type":"WebPage","@id":"https:\/\/suomenkuvalehti.fi\/vuorikoski\/maalittaako-media-natsiaatteesta-innostuneen-kauppiaan-kumppaneita\/","url":"https:\/\/suomenkuvalehti.fi\/vuorikoski\/maalittaako-media-natsiaatteesta-innostuneen-kauppiaan-kumppaneita\/","name":"Maalittaako media natsiaatteesta innostuneen kauppiaan kumppaneita? - Vuorikoski","isPartOf":{"@id":"https:\/\/suomenkuvalehti.fi\/vuorikoski\/#website"},"datePublished":"2017-10-22T17:57:54+00:00","author":{"@id":"https:\/\/suomenkuvalehti.fi\/vuorikoski\/#\/schema\/person\/915e5c9cf73f8f9cbc5f1e50295dda2d"},"description":"Yhteiskunnallisen keskustelun uusi suosikkitermi on jo pahasti v\u00e4lj\u00e4htynyt.","breadcrumb":{"@id":"https:\/\/suomenkuvalehti.fi\/vuorikoski\/maalittaako-media-natsiaatteesta-innostuneen-kauppiaan-kumppaneita\/#breadcrumb"},"inLanguage":"fi","potentialAction":[{"@type":"ReadAction","target":["https:\/\/suomenkuvalehti.fi\/vuorikoski\/maalittaako-media-natsiaatteesta-innostuneen-kauppiaan-kumppaneita\/"]}]},{"@type":"BreadcrumbList","@id":"https:\/\/suomenkuvalehti.fi\/vuorikoski\/maalittaako-media-natsiaatteesta-innostuneen-kauppiaan-kumppaneita\/#breadcrumb","itemListElement":[{"@type":"ListItem","position":1,"name":"Home","item":"https:\/\/suomenkuvalehti.fi\/vuorikoski\/"},{"@type":"ListItem","position":2,"name":"Maalittaako media natsiaatteesta innostuneen kauppiaan kumppaneita?"}]},{"@type":"WebSite","@id":"https:\/\/suomenkuvalehti.fi\/vuorikoski\/#website","url":"https:\/\/suomenkuvalehti.fi\/vuorikoski\/","name":"Vuorikoski","description":"Toimittaja Salla Vuorikosken viiltoja yhteiskunnan kuumiin puheenaiheisiin.","potentialAction":[{"@type":"SearchAction","target":{"@type":"EntryPoint","urlTemplate":"https:\/\/suomenkuvalehti.fi\/haku\/?q={search_term_string}"},"query-input":{"@type":"PropertyValueSpecification","valueRequired":true,"valueName":"search_term_string"}}],"inLanguage":"fi"},{"@type":"Person","@id":"https:\/\/suomenkuvalehti.fi\/vuorikoski\/#\/schema\/person\/915e5c9cf73f8f9cbc5f1e50295dda2d","name":"Salla Vuorikoski","image":{"@type":"ImageObject","inLanguage":"fi","@id":"https:\/\/suomenkuvalehti.fi\/vuorikoski\/#\/schema\/person\/image\/","url":"https:\/\/suomenkuvalehti.fi\/vuorikoski\/wp-content\/uploads\/sites\/41\/2017\/03\/salla_vuorikoski_-150x150.jpg","contentUrl":"https:\/\/suomenkuvalehti.fi\/vuorikoski\/wp-content\/uploads\/sites\/41\/2017\/03\/salla_vuorikoski_-150x150.jpg","caption":"Salla Vuorikoski"},"description":"Kirjoittaja on Suomen Kuvalehden toimittaja.","sameAs":["https:\/\/x.com\/https:\/\/twitter.com\/svuorikoski"]}]}},"_links":{"self":[{"href":"https:\/\/suomenkuvalehti.fi\/vuorikoski\/wp-json\/wp\/v2\/posts\/392","targetHints":{"allow":["GET"]}}],"collection":[{"href":"https:\/\/suomenkuvalehti.fi\/vuorikoski\/wp-json\/wp\/v2\/posts"}],"about":[{"href":"https:\/\/suomenkuvalehti.fi\/vuorikoski\/wp-json\/wp\/v2\/types\/post"}],"author":[{"embeddable":true,"href":"https:\/\/suomenkuvalehti.fi\/vuorikoski\/wp-json\/wp\/v2\/users\/33152"}],"replies":[{"embeddable":true,"href":"https:\/\/suomenkuvalehti.fi\/vuorikoski\/wp-json\/wp\/v2\/comments?post=392"}],"version-history":[{"count":12,"href":"https:\/\/suomenkuvalehti.fi\/vuorikoski\/wp-json\/wp\/v2\/posts\/392\/revisions"}],"predecessor-version":[{"id":405,"href":"https:\/\/suomenkuvalehti.fi\/vuorikoski\/wp-json\/wp\/v2\/posts\/392\/revisions\/405"}],"wp:attachment":[{"href":"https:\/\/suomenkuvalehti.fi\/vuorikoski\/wp-json\/wp\/v2\/media?parent=392"}],"wp:term":[{"taxonomy":"category","embeddable":true,"href":"https:\/\/suomenkuvalehti.fi\/vuorikoski\/wp-json\/wp\/v2\/categories?post=392"},{"taxonomy":"post_tag","embeddable":true,"href":"https:\/\/suomenkuvalehti.fi\/vuorikoski\/wp-json\/wp\/v2\/tags?post=392"}],"curies":[{"name":"wp","href":"https:\/\/api.w.org\/{rel}","templated":true}]}}