{"id":1396,"date":"2020-09-01T16:53:11","date_gmt":"2020-09-01T13:53:11","guid":{"rendered":"https:\/\/suomenkuvalehti.fi\/vuorikoski\/?p=1396"},"modified":"2020-09-01T17:04:36","modified_gmt":"2020-09-01T14:04:36","slug":"hupsista-suomi-paatyi-pohjois-korean-tielle-miksi-isokenkaiset-myllyttavat-nyt-poliitikkoja","status":"publish","type":"post","link":"https:\/\/suomenkuvalehti.fi\/vuorikoski\/hupsista-suomi-paatyi-pohjois-korean-tielle-miksi-isokenkaiset-myllyttavat-nyt-poliitikkoja\/","title":{"rendered":"Hupsista, Suomi p\u00e4\u00e4tyi Pohjois-Korean tielle \u2013 Miksi isokenk\u00e4iset myllytt\u00e4v\u00e4t nyt poliitikkoja?"},"content":{"rendered":"\n<p><span style=\"text-transform: uppercase;\"><b>Join <\/b><\/span>kahvia ison yrityksen johtajan kanssa. K\u00e4vimme taustakeskustelussa l\u00e4pi alan ajankohtaisia asioita, my\u00f6s politiikkaa. Jossain vaiheessa johtaja tokaisi: sen olen oppinut, ettei kannata julkisesti puuttua politiikkaan. Siit\u00e4 ei hyv\u00e4\u00e4 seuraa.<\/p>\n\n\n\n<p>T\u00e4m\u00e4 suhtautumistapa tuntuu olevan yleinen johtajien keskuudessa.<\/p>\n\n\n\n<p>He voivat kuitenkin tuulettaa ajatuksiaan ep\u00e4virallisissa keskusteluissa esimerkiksi toimittajien kanssa. Kuka tiet\u00e4\u00e4, hyv\u00e4ll\u00e4 tuurilla joku kolumnisti nappaa esitetyt ajatukset omikseen. Toisaalta, miksi ottaisi julkisesti kantaa, kun ovet p\u00e4\u00e4tt\u00e4jien luokse aukeavat muutenkin?<\/p>\n\n\n\n<p>Kaikki eiv\u00e4t noudata kahviseurani ohjenuoraa. Toisen tien kulkijoista ehk\u00e4 tunnetuin on Sampo-konsernin ja UPM:n hallitusten puheenjohtaja&nbsp;<strong>Bj\u00f6rn Wahlroos<\/strong>, jonka erikoishaastattelut <a href=\"https:\/\/suomenkuvalehti.fi\/vuorikoski\/vaistykaa-kaiken-maailman-dosentit-taalta-tulee-nalle\/?shared=406-d37e9fb2-999\">seuraavat<\/a> mediassa kuin vuodenajat toisiaan.<\/p>\n\n\n\n<p>Ei pid\u00e4 ymm\u00e4rt\u00e4\u00e4 v\u00e4\u00e4rin. On hyv\u00e4, ett\u00e4 johtajat kertovat ajatuksistaan. Se palvelee julkista keskustelua ja kertoo yleis\u00f6lle, mit\u00e4 n\u00e4kemyksi\u00e4 ja tavoitteita taloudellisten vallank\u00e4ytt\u00e4jien keskuudessa liikkuu.<\/p>\n\n\n\n<p>Median teht\u00e4v\u00e4 taas on varmistaa, ett\u00e4 keskustelu on monipuolista. Ett\u00e4 eri tahojen ja ihmisryhmien \u00e4\u00e4net kuuluvat, vaikka kaikilla niill\u00e4 ei olisi valtaa ja rahaa.<\/p>\n\n\n\n<p>&nbsp;<\/p>\n\n\n\n<p><span class=\"capitalized\">Monipuolisuuden<\/span> puute ei ole vaivannut UPM:n toimitusjohtajan&nbsp;<strong>Jussi Pesosen<\/strong>&nbsp;kannanotoista alkanutta keskustelua. Pesonen kirjoitti Kaipolan tehtaan sulkemissuunnitelmien julkaisun j\u00e4lkeen <a href=\"https:\/\/www.upm.com\/fi\/tietoa-meista\/medialle\/tiedotteet\/2020\/08\/jussi-pesonen-peraankuuluttaa-aitoa-teollisuuspolitiikkaa-avoimessa-kirjeessaan-suomalaiset-tehtaat-ansaitsevat-puolustuspuheensa.-niissa-tehdaan-hyvaa-tyota\/\" target=\"_blank\" rel=\"noopener\">avoimen kirjeen<\/a>, jossa h\u00e4n tylytti poliittista johtoa siit\u00e4, ett\u00e4 &#8221;ulkoisten kustannusten osuus ja verorasitus on k\u00e4ynyt Suomessa ylivoimaiseksi&#8221;.<\/p>\n\n\n\n<p>Osa kirjeen v\u00e4itteist\u00e4 oli v\u00e4hint\u00e4\u00e4n kiistanalaisia, asiantuntijat <a href=\"https:\/\/www.hs.fi\/talous\/art-2000006616900.html\" target=\"_blank\" rel=\"noopener\">huomauttivat<\/a>. Sit\u00e4kin ihmeteltiin, miksi Pesonen valittelee s\u00e4hk\u00f6veron tasoa, kun valtiovarainministeri\u00f6 on juuri esitt\u00e4nyt sen pudottamista matalimmalle mahdolliselle tasolle.<\/p>\n\n\n\n<p>Pesonen sai kiitosten lis\u00e4ksi siis kasan kritiikki\u00e4 eri puolilta yhteiskunnallista kentt\u00e4\u00e4. Lauantaina p\u00e4\u00e4ministeri <strong>Sanna Marin<\/strong> (sd) ei <a href=\"https:\/\/yle.fi\/uutiset\/3-11514522\" target=\"_blank\" rel=\"noopener\">suonut<\/a> Ylen haastattelussa v\u00e4h\u00e4\u00e4k\u00e4\u00e4n ymm\u00e4rryst\u00e4 UPM:n johdolle, vaan paukutti turhia kursailematta, ett\u00e4 tehdas py\u00f6risi jatkossakin, jos h\u00e4n p\u00e4\u00e4tt\u00e4isi asiasta.<\/p>\n\n\n\n<p>Marinin puheista maitonsa taas&nbsp;<a href=\"https:\/\/www.iltalehti.fi\/politiikka\/a\/b3d2a92a-fd6a-4031-a5f3-471015e3722d\" target=\"_blank\" rel=\"noopener\">kaatoi<\/a> muun muassa Suomen Yritt\u00e4jien <strong>Mikael Pentik\u00e4inen<\/strong>.<\/p>\n\n\n\n<p>&nbsp;<\/p>\n\n\n\n<p><span class=\"capitalized\">Pesosen<\/span> j\u00e4lkeen areenalle astui Keskon toimitusjohtaja&nbsp;<strong>Mikko Helander<\/strong>.<\/p>\n\n\n\n<p>Aiemmin niinik\u00e4\u00e4n mets\u00e4teollisuuden yritysten johdossa toiminut Helander ilmoitti Suomen olevan Kreikan \u2013 ja Pohjois-Korean tiell\u00e4.<\/p>\n\n\n\n<p>&#8221;Sosialismi on viety Suomessa pidemm\u00e4lle kuin miss\u00e4\u00e4n muualla maailmassa Pohjois-Koreaa lukuun ottamatta&#8221;, Helander <a href=\"https:\/\/www.karjalainen.fi\/uutiset\/uutis-alueet\/maakunta\/item\/258885\" target=\"_blank\" rel=\"noopener\">arvioi<\/a> vieraillessaan Pohjois-Karjalan kauppakamarin kokouksessa.<\/p>\n\n\n\n<p>Helanderin mielest\u00e4 vasemmistolaista talouspolitiikkaa on harjoitettu my\u00f6s oikeistohallitusten aikana. Toimiva markkinatalous on unohdettu. \u00c4kki\u00e4 p\u00e4lk\u00e4hti mieleeni, mahtaako yksi esimerkki markkinatalouden ongelmista olla Helanderin edustaman Keskon asema kahden j\u00e4tin dominoimilla p\u00e4ivitt\u00e4istavaramarkkinoilla.<\/p>\n\n\n\n<p>T\u00e4n\u00e4\u00e4n Keskon viestint\u00e4 aloitti vahinkojen minimoimisen. Se oli vain vitsi!<\/p>\n\n\n\n<p><blockquote class=\"twitter-tweet\" data-width=\"550\" data-dnt=\"true\"><p lang=\"fi\" dir=\"ltr\">Hei Olli, toivomme, ett\u00e4 huomaat t\u00e4m\u00e4n vastauksen toisesta keskusteluketjusta: <a href=\"https:\/\/t.co\/WYCp5VycF1\">https:\/\/t.co\/WYCp5VycF1<\/a><\/p>&mdash; K-ryhm\u00e4 (@kryhma) <a href=\"https:\/\/twitter.com\/kryhma\/status\/1300532461743595520?ref_src=twsrc%5Etfw\">August 31, 2020<\/a><\/blockquote><script async src=\"https:\/\/platform.twitter.com\/widgets.js\" charset=\"utf-8\"><\/script><\/p>\n\n\n\n<p>Keskolla on muuten aiempaakin kokemusta ylimm\u00e4n johdon sytytt\u00e4m\u00e4st\u00e4 tulipalosta. Osa muistaa entisen p\u00e4\u00e4johtajan&nbsp;<strong>Matti Halmesm\u00e4en<\/strong> <a href=\"https:\/\/yle.fi\/aihe\/artikkeli\/2014\/12\/04\/keskon-paajohtaja-sanoi-paaministeri-kiviniemea-kokovartaloministeriksi\" target=\"_blank\" rel=\"noopener\">luonnehdinnan<\/a> <strong>Mari Kiviniemest\u00e4<\/strong> (kesk) &#8221;kokovartalop\u00e4\u00e4ministerin\u00e4&#8221;. Sekin oli vitsi.<\/p>\n\n\n\n<p>&nbsp;<\/p>\n\n\n\n<p><span class=\"capitalized\">Johtajat<\/span> v\u00e4ist\u00e4v\u00e4t julkisuutta usein senkin takia, ett\u00e4 kovat puheet voivat olla riski liiketoiminnan kannalta. On turvallisempaa j\u00e4tt\u00e4\u00e4 julkinen kommentointi etuj\u00e4rjest\u00f6ille ja kauppakamari\u00e4\u00e4nitorville.<\/p>\n\n\n\n<p>Mutta miksi osa johtajista nyt ottaa voimakkaasti kantaa siihen, miten maata pit\u00e4isi johtaa?<\/p>\n\n\n\n<p>Mit\u00e4 tulee Kaipolaan ja UPM:n Pesoseen, voi olla, ett\u00e4 raskaan ja ty\u00f6ntekij\u00f6it\u00e4 suututtavan p\u00e4\u00e4t\u00f6ksen j\u00e4lkeen johdolla oli tarvetta siirt\u00e4\u00e4 syyllisyytt\u00e4 poliitiikkojen suuntaan.<\/p>\n\n\n\n<p>Selitys voi liitty\u00e4 my\u00f6s hallituksen tuleviin ratkaisuihin ja huoleen siit\u00e4, miten ne kohtelevat yrityksi\u00e4.<\/p>\n\n\n\n<p>Paine on kova ja riski jopa hallituksen liitosten l\u00f6ystymiselle ainakin jonkinlainen. Pit\u00e4isi tehd\u00e4 uskottavia ilmastotekoja, jotta vihreiden kannattajakunta pysyisi tyytyv\u00e4isen\u00e4. T\u00e4ytyisi pelastaa murheen laaksossa vaeltava keskusta. Olisi saatava aikaan ty\u00f6llisyytt\u00e4 oikeasti kohentavia toimia, mutta v\u00e4ltt\u00e4\u00e4 suututtamasta demareiden ja vasemmistoliiton kannattajia. Ja sitten se korona.<\/p>\n\n\n\n<p>Budjettiriihi eli hallituksen neuvottelu ensi vuoden talousarviosta k\u00e4yd\u00e4\u00e4n parin viikon kuluttua, syyskuun puoliv\u00e4liss\u00e4.<\/p>\n\n\n\n<p>&nbsp;<\/p>\n\n\n\n<p><span class=\"capitalized\">N\u00e4ytt\u00e4\u00e4<\/span> silt\u00e4, ett\u00e4 edes isokenk\u00e4isist\u00e4 isokenk\u00e4isimm\u00e4t <a href=\"https:\/\/www.mtvuutiset.fi\/artikkeli\/mtv-n-tiedot-marin-tapasi-elinkeinoelaman-vaikuttajia-kesakuussa-keskuskauppakamarin-toimitusjohtaja-vaittaa-paaministeri-ei-ole-suostunut-tapaamaan\/7909364\" target=\"_blank\" rel=\"noopener\">eiv\u00e4t p\u00e4\u00e4se<\/a>&nbsp;ainakaan omasta mielest\u00e4\u00e4n riitt\u00e4v\u00e4n helposti p\u00e4\u00e4ministeri Marinin puheille.<\/p>\n\n\n\n<p>Ja voiko tuota kovin suurena yll\u00e4tyksen\u00e4 pit\u00e4\u00e4, jos vasemmistodemareihin <a href=\"https:\/\/suomenkuvalehti.fi\/jutut\/kotimaa\/politiikka\/demareiden-vallanvaihto-saa-sinetin-sanna-marin-on-kirkasotsainen-punavihrea-joka-ei-kaihda-kompromisseja\/?shared=1136246-d18367ed-999\">kuuluva<\/a> Marin suhtautuu pense\u00e4hk\u00f6sti yritysel\u00e4m\u00e4n edustajiin, jotka yleens\u00e4 haluavat karsia ty\u00f6ntekij\u00f6iden saavutettuja etuja, kevent\u00e4\u00e4 verotusta ja julkista sektoria?<\/p>\n\n\n\n<p>Jos elinkeinoel\u00e4m\u00e4n johtajat eiv\u00e4t saa \u00e4\u00e4nt\u00e4\u00e4n muuten kuuluviin, paineen luominen julkisuuden kautta muuttuu aiempaa houkuttelevammaksi.<\/p>\n\n\n","protected":false},"excerpt":{"rendered":"<p>Join kahvia ison yrityksen johtajan kanssa. K\u00e4vimme taustakeskustelussa l\u00e4pi alan ajankohtaisia asioita, my\u00f6s politiikkaa. Jossain vaiheessa johtaja tokaisi: sen olen oppinut, ettei kannata julkisesti puuttua politiikkaan. Siit\u00e4 ei<br \/>\nhyv&hellip;<\/p>\n","protected":false},"author":33152,"featured_media":0,"comment_status":"open","ping_status":"open","sticky":false,"template":"","format":"standard","meta":{"_acf_changed":false,"asauth_required_access_level":3,"asauth_cansharepaid":"true","om_header_attributes":[],"footnotes":"","om_featured_image_focal_point":[],"om_primary_tag":0,"om_contributors":[],"om_co_authors":[],"beyondwords_generate_audio":"","beyondwords_project_id":"","beyondwords_content_id":"","beyondwords_preview_token":"","beyondwords_player_content":"","beyondwords_player_style":"","beyondwords_language_code":"","beyondwords_language_id":"","beyondwords_title_voice_id":"","beyondwords_body_voice_id":"","beyondwords_summary_voice_id":"","beyondwords_error_message":"","beyondwords_disabled":"","beyondwords_delete_content":"","beyondwords_podcast_id":"","beyondwords_hash":"","publish_post_to_speechkit":"","speechkit_hash":"","speechkit_generate_audio":"","speechkit_project_id":"","speechkit_podcast_id":"","speechkit_error_message":"","speechkit_disabled":"","speechkit_access_key":"","speechkit_error":"","speechkit_info":"","speechkit_response":"","speechkit_retries":"","speechkit_status":"","speechkit_updated_at":"","_speechkit_link":"","_speechkit_text":""},"categories":[1],"tags":[225,218,4,217,224,51],"class_list":["post-1396","post","type-post","status-publish","format-standard","hentry","category-vuorikoski","tag-kesko","tag-marin-i","tag-politiikka","tag-sanna-marin","tag-upm","tag-yrittajyys"],"om_views":null,"acf":{"tuuma_off":false,"tuuma_kysymys":"","tuuma_vastaus":""},"asauth":{"required_access_level":1,"share_token":"","is_paid":false},"yoast_head":"<!-- This site is optimized with the Yoast SEO plugin v26.4 - https:\/\/yoast.com\/wordpress\/plugins\/seo\/ -->\n<title>Hupsista, Suomi p\u00e4\u00e4tyi Pohjois-Korean tielle \u2013 Miksi isokenk\u00e4iset myllytt\u00e4v\u00e4t nyt poliitikkoja? - Vuorikoski<\/title>\n<meta name=\"robots\" content=\"index, follow, max-snippet:-1, max-image-preview:large, max-video-preview:-1\" \/>\n<link rel=\"canonical\" href=\"https:\/\/suomenkuvalehti.fi\/vuorikoski\/hupsista-suomi-paatyi-pohjois-korean-tielle-miksi-isokenkaiset-myllyttavat-nyt-poliitikkoja\/\" \/>\n<meta property=\"og:locale\" content=\"fi_FI\" \/>\n<meta property=\"og:type\" content=\"article\" \/>\n<meta property=\"og:title\" content=\"Hupsista, Suomi p\u00e4\u00e4tyi Pohjois-Korean tielle \u2013 Miksi isokenk\u00e4iset myllytt\u00e4v\u00e4t nyt poliitikkoja? - Vuorikoski\" \/>\n<meta property=\"og:description\" content=\"Join kahvia ison yrityksen johtajan kanssa. K\u00e4vimme taustakeskustelussa l\u00e4pi alan ajankohtaisia asioita, my\u00f6s politiikkaa. Jossain vaiheessa johtaja tokaisi: sen olen oppinut, ettei kannata julkisesti puuttua politiikkaan. Siit\u00e4 ei hyv&hellip;\" \/>\n<meta property=\"og:url\" content=\"https:\/\/suomenkuvalehti.fi\/vuorikoski\/hupsista-suomi-paatyi-pohjois-korean-tielle-miksi-isokenkaiset-myllyttavat-nyt-poliitikkoja\/\" \/>\n<meta property=\"og:site_name\" content=\"Vuorikoski\" \/>\n<meta property=\"article:published_time\" content=\"2020-09-01T13:53:11+00:00\" \/>\n<meta property=\"article:modified_time\" content=\"2020-09-01T14:04:36+00:00\" \/>\n<meta property=\"og:image\" content=\"https:\/\/suomenkuvalehti.fi\/vuorikoski\/wp-content\/uploads\/sites\/41\/2017\/03\/salla_vuorikoski_.jpg\" \/>\n\t<meta property=\"og:image:width\" content=\"400\" \/>\n\t<meta property=\"og:image:height\" content=\"400\" \/>\n\t<meta property=\"og:image:type\" content=\"image\/jpeg\" \/>\n<meta name=\"author\" content=\"Salla Vuorikoski\" \/>\n<meta name=\"twitter:card\" content=\"summary_large_image\" \/>\n<meta name=\"twitter:creator\" content=\"@https:\/\/twitter.com\/svuorikoski\" \/>\n<meta name=\"twitter:label1\" content=\"Written by\" \/>\n\t<meta name=\"twitter:data1\" content=\"Salla Vuorikoski\" \/>\n\t<meta name=\"twitter:label2\" content=\"Est. reading time\" \/>\n\t<meta name=\"twitter:data2\" content=\"3 minuuttia\" \/>\n<script type=\"application\/ld+json\" class=\"yoast-schema-graph\">{\"@context\":\"https:\/\/schema.org\",\"@graph\":[{\"@type\":\"WebPage\",\"@id\":\"https:\/\/suomenkuvalehti.fi\/vuorikoski\/hupsista-suomi-paatyi-pohjois-korean-tielle-miksi-isokenkaiset-myllyttavat-nyt-poliitikkoja\/\",\"url\":\"https:\/\/suomenkuvalehti.fi\/vuorikoski\/hupsista-suomi-paatyi-pohjois-korean-tielle-miksi-isokenkaiset-myllyttavat-nyt-poliitikkoja\/\",\"name\":\"Hupsista, Suomi p\u00e4\u00e4tyi Pohjois-Korean tielle \u2013 Miksi isokenk\u00e4iset myllytt\u00e4v\u00e4t nyt poliitikkoja? - Vuorikoski\",\"isPartOf\":{\"@id\":\"https:\/\/suomenkuvalehti.fi\/vuorikoski\/#website\"},\"datePublished\":\"2020-09-01T13:53:11+00:00\",\"dateModified\":\"2020-09-01T14:04:36+00:00\",\"author\":{\"@id\":\"https:\/\/suomenkuvalehti.fi\/vuorikoski\/#\/schema\/person\/915e5c9cf73f8f9cbc5f1e50295dda2d\"},\"breadcrumb\":{\"@id\":\"https:\/\/suomenkuvalehti.fi\/vuorikoski\/hupsista-suomi-paatyi-pohjois-korean-tielle-miksi-isokenkaiset-myllyttavat-nyt-poliitikkoja\/#breadcrumb\"},\"inLanguage\":\"fi\",\"potentialAction\":[{\"@type\":\"ReadAction\",\"target\":[\"https:\/\/suomenkuvalehti.fi\/vuorikoski\/hupsista-suomi-paatyi-pohjois-korean-tielle-miksi-isokenkaiset-myllyttavat-nyt-poliitikkoja\/\"]}]},{\"@type\":\"BreadcrumbList\",\"@id\":\"https:\/\/suomenkuvalehti.fi\/vuorikoski\/hupsista-suomi-paatyi-pohjois-korean-tielle-miksi-isokenkaiset-myllyttavat-nyt-poliitikkoja\/#breadcrumb\",\"itemListElement\":[{\"@type\":\"ListItem\",\"position\":1,\"name\":\"Home\",\"item\":\"https:\/\/suomenkuvalehti.fi\/vuorikoski\/\"},{\"@type\":\"ListItem\",\"position\":2,\"name\":\"Hupsista, Suomi p\u00e4\u00e4tyi Pohjois-Korean tielle \u2013 Miksi isokenk\u00e4iset myllytt\u00e4v\u00e4t nyt poliitikkoja?\"}]},{\"@type\":\"WebSite\",\"@id\":\"https:\/\/suomenkuvalehti.fi\/vuorikoski\/#website\",\"url\":\"https:\/\/suomenkuvalehti.fi\/vuorikoski\/\",\"name\":\"Vuorikoski\",\"description\":\"Toimittaja Salla Vuorikosken viiltoja yhteiskunnan kuumiin puheenaiheisiin.\",\"potentialAction\":[{\"@type\":\"SearchAction\",\"target\":{\"@type\":\"EntryPoint\",\"urlTemplate\":\"https:\/\/suomenkuvalehti.fi\/haku\/?q={search_term_string}\"},\"query-input\":{\"@type\":\"PropertyValueSpecification\",\"valueRequired\":true,\"valueName\":\"search_term_string\"}}],\"inLanguage\":\"fi\"},{\"@type\":\"Person\",\"@id\":\"https:\/\/suomenkuvalehti.fi\/vuorikoski\/#\/schema\/person\/915e5c9cf73f8f9cbc5f1e50295dda2d\",\"name\":\"Salla Vuorikoski\",\"image\":{\"@type\":\"ImageObject\",\"inLanguage\":\"fi\",\"@id\":\"https:\/\/suomenkuvalehti.fi\/vuorikoski\/#\/schema\/person\/image\/\",\"url\":\"https:\/\/suomenkuvalehti.fi\/vuorikoski\/wp-content\/uploads\/sites\/41\/2017\/03\/salla_vuorikoski_-150x150.jpg\",\"contentUrl\":\"https:\/\/suomenkuvalehti.fi\/vuorikoski\/wp-content\/uploads\/sites\/41\/2017\/03\/salla_vuorikoski_-150x150.jpg\",\"caption\":\"Salla Vuorikoski\"},\"description\":\"Kirjoittaja on Suomen Kuvalehden toimittaja.\",\"sameAs\":[\"https:\/\/x.com\/https:\/\/twitter.com\/svuorikoski\"]}]}<\/script>\n<!-- \/ Yoast SEO plugin. -->","yoast_head_json":{"title":"Hupsista, Suomi p\u00e4\u00e4tyi Pohjois-Korean tielle \u2013 Miksi isokenk\u00e4iset myllytt\u00e4v\u00e4t nyt poliitikkoja? - Vuorikoski","robots":{"index":"index","follow":"follow","max-snippet":"max-snippet:-1","max-image-preview":"max-image-preview:large","max-video-preview":"max-video-preview:-1"},"canonical":"https:\/\/suomenkuvalehti.fi\/vuorikoski\/hupsista-suomi-paatyi-pohjois-korean-tielle-miksi-isokenkaiset-myllyttavat-nyt-poliitikkoja\/","og_locale":"fi_FI","og_type":"article","og_title":"Hupsista, Suomi p\u00e4\u00e4tyi Pohjois-Korean tielle \u2013 Miksi isokenk\u00e4iset myllytt\u00e4v\u00e4t nyt poliitikkoja? - Vuorikoski","og_description":"Join kahvia ison yrityksen johtajan kanssa. K\u00e4vimme taustakeskustelussa l\u00e4pi alan ajankohtaisia asioita, my\u00f6s politiikkaa. Jossain vaiheessa johtaja tokaisi: sen olen oppinut, ettei kannata julkisesti puuttua politiikkaan. Siit\u00e4 ei hyv&hellip;","og_url":"https:\/\/suomenkuvalehti.fi\/vuorikoski\/hupsista-suomi-paatyi-pohjois-korean-tielle-miksi-isokenkaiset-myllyttavat-nyt-poliitikkoja\/","og_site_name":"Vuorikoski","article_published_time":"2020-09-01T13:53:11+00:00","article_modified_time":"2020-09-01T14:04:36+00:00","og_image":[{"width":400,"height":400,"url":"https:\/\/suomenkuvalehti.fi\/vuorikoski\/wp-content\/uploads\/sites\/41\/2017\/03\/salla_vuorikoski_.jpg","type":"image\/jpeg"}],"author":"Salla Vuorikoski","twitter_card":"summary_large_image","twitter_creator":"@https:\/\/twitter.com\/svuorikoski","twitter_misc":{"Written by":"Salla Vuorikoski","Est. reading time":"3 minuuttia"},"schema":{"@context":"https:\/\/schema.org","@graph":[{"@type":"WebPage","@id":"https:\/\/suomenkuvalehti.fi\/vuorikoski\/hupsista-suomi-paatyi-pohjois-korean-tielle-miksi-isokenkaiset-myllyttavat-nyt-poliitikkoja\/","url":"https:\/\/suomenkuvalehti.fi\/vuorikoski\/hupsista-suomi-paatyi-pohjois-korean-tielle-miksi-isokenkaiset-myllyttavat-nyt-poliitikkoja\/","name":"Hupsista, Suomi p\u00e4\u00e4tyi Pohjois-Korean tielle \u2013 Miksi isokenk\u00e4iset myllytt\u00e4v\u00e4t nyt poliitikkoja? - Vuorikoski","isPartOf":{"@id":"https:\/\/suomenkuvalehti.fi\/vuorikoski\/#website"},"datePublished":"2020-09-01T13:53:11+00:00","dateModified":"2020-09-01T14:04:36+00:00","author":{"@id":"https:\/\/suomenkuvalehti.fi\/vuorikoski\/#\/schema\/person\/915e5c9cf73f8f9cbc5f1e50295dda2d"},"breadcrumb":{"@id":"https:\/\/suomenkuvalehti.fi\/vuorikoski\/hupsista-suomi-paatyi-pohjois-korean-tielle-miksi-isokenkaiset-myllyttavat-nyt-poliitikkoja\/#breadcrumb"},"inLanguage":"fi","potentialAction":[{"@type":"ReadAction","target":["https:\/\/suomenkuvalehti.fi\/vuorikoski\/hupsista-suomi-paatyi-pohjois-korean-tielle-miksi-isokenkaiset-myllyttavat-nyt-poliitikkoja\/"]}]},{"@type":"BreadcrumbList","@id":"https:\/\/suomenkuvalehti.fi\/vuorikoski\/hupsista-suomi-paatyi-pohjois-korean-tielle-miksi-isokenkaiset-myllyttavat-nyt-poliitikkoja\/#breadcrumb","itemListElement":[{"@type":"ListItem","position":1,"name":"Home","item":"https:\/\/suomenkuvalehti.fi\/vuorikoski\/"},{"@type":"ListItem","position":2,"name":"Hupsista, Suomi p\u00e4\u00e4tyi Pohjois-Korean tielle \u2013 Miksi isokenk\u00e4iset myllytt\u00e4v\u00e4t nyt poliitikkoja?"}]},{"@type":"WebSite","@id":"https:\/\/suomenkuvalehti.fi\/vuorikoski\/#website","url":"https:\/\/suomenkuvalehti.fi\/vuorikoski\/","name":"Vuorikoski","description":"Toimittaja Salla Vuorikosken viiltoja yhteiskunnan kuumiin puheenaiheisiin.","potentialAction":[{"@type":"SearchAction","target":{"@type":"EntryPoint","urlTemplate":"https:\/\/suomenkuvalehti.fi\/haku\/?q={search_term_string}"},"query-input":{"@type":"PropertyValueSpecification","valueRequired":true,"valueName":"search_term_string"}}],"inLanguage":"fi"},{"@type":"Person","@id":"https:\/\/suomenkuvalehti.fi\/vuorikoski\/#\/schema\/person\/915e5c9cf73f8f9cbc5f1e50295dda2d","name":"Salla Vuorikoski","image":{"@type":"ImageObject","inLanguage":"fi","@id":"https:\/\/suomenkuvalehti.fi\/vuorikoski\/#\/schema\/person\/image\/","url":"https:\/\/suomenkuvalehti.fi\/vuorikoski\/wp-content\/uploads\/sites\/41\/2017\/03\/salla_vuorikoski_-150x150.jpg","contentUrl":"https:\/\/suomenkuvalehti.fi\/vuorikoski\/wp-content\/uploads\/sites\/41\/2017\/03\/salla_vuorikoski_-150x150.jpg","caption":"Salla Vuorikoski"},"description":"Kirjoittaja on Suomen Kuvalehden toimittaja.","sameAs":["https:\/\/x.com\/https:\/\/twitter.com\/svuorikoski"]}]}},"_links":{"self":[{"href":"https:\/\/suomenkuvalehti.fi\/vuorikoski\/wp-json\/wp\/v2\/posts\/1396","targetHints":{"allow":["GET"]}}],"collection":[{"href":"https:\/\/suomenkuvalehti.fi\/vuorikoski\/wp-json\/wp\/v2\/posts"}],"about":[{"href":"https:\/\/suomenkuvalehti.fi\/vuorikoski\/wp-json\/wp\/v2\/types\/post"}],"author":[{"embeddable":true,"href":"https:\/\/suomenkuvalehti.fi\/vuorikoski\/wp-json\/wp\/v2\/users\/33152"}],"replies":[{"embeddable":true,"href":"https:\/\/suomenkuvalehti.fi\/vuorikoski\/wp-json\/wp\/v2\/comments?post=1396"}],"version-history":[{"count":2,"href":"https:\/\/suomenkuvalehti.fi\/vuorikoski\/wp-json\/wp\/v2\/posts\/1396\/revisions"}],"predecessor-version":[{"id":1399,"href":"https:\/\/suomenkuvalehti.fi\/vuorikoski\/wp-json\/wp\/v2\/posts\/1396\/revisions\/1399"}],"wp:attachment":[{"href":"https:\/\/suomenkuvalehti.fi\/vuorikoski\/wp-json\/wp\/v2\/media?parent=1396"}],"wp:term":[{"taxonomy":"category","embeddable":true,"href":"https:\/\/suomenkuvalehti.fi\/vuorikoski\/wp-json\/wp\/v2\/categories?post=1396"},{"taxonomy":"post_tag","embeddable":true,"href":"https:\/\/suomenkuvalehti.fi\/vuorikoski\/wp-json\/wp\/v2\/tags?post=1396"}],"curies":[{"name":"wp","href":"https:\/\/api.w.org\/{rel}","templated":true}]}}