{"id":1160,"date":"2019-04-15T16:39:42","date_gmt":"2019-04-15T13:39:42","guid":{"rendered":"https:\/\/suomenkuvalehti.fi\/vuorikoski\/?p=1160"},"modified":"2019-04-15T16:39:42","modified_gmt":"2019-04-15T13:39:42","slug":"kokoomuksen-vaalivalvojaisissa-havaintoja-persuhaaveilusta-voisiko-linjat-sovittaa-yhteiseen-hallitukseen","status":"publish","type":"post","link":"https:\/\/suomenkuvalehti.fi\/vuorikoski\/kokoomuksen-vaalivalvojaisissa-havaintoja-persuhaaveilusta-voisiko-linjat-sovittaa-yhteiseen-hallitukseen\/","title":{"rendered":"Kokoomuksen vaalivalvojaisissa havaintoja persuhaaveilusta \u2013 voisiko linjat sovittaa yhteiseen hallitukseen?"},"content":{"rendered":"\n<p><span class=\"capitalized\">Tunnelma <\/span>kokoomuksen vaalivalvojaisissa helsinkil\u00e4isess\u00e4 y\u00f6kerhossa oli eilen illalla huolestuneen helpottunut.&nbsp;Yhden paikan lis\u00e4ys on vaalivoitto, mutta parempaankin eli p\u00e4\u00e4ministeripuolueen asemaan olisi ollut aineksia.<\/p>\n\n\n\n<p>Kameralle annettava vakiovastaus hallituspohjakysymykseen kuului t\u00e4ss\u00e4kin tilaisuudessa suurin piirtein niin, ett\u00e4 &#8221;katsotaan tulokset ensin ja otetaan rauhallisesti&#8221;.&nbsp;Todellisuudessa spekulaatiot olivat vauhdissa. Punaviherosaston pit\u00e4isi tehd\u00e4 t\u00e4ysk\u00e4\u00e4nn\u00f6s talouspolitiikassa, jotta niiden kanssa l\u00e4hdett\u00e4isiin yhteiseen hallitukseen, jotkut uhosivat.<\/p>\n\n\n\n<p>Osa puhui perussuomalaisista. Ett\u00e4 jos sittenkin porvarihallitukselle jatkoa?&nbsp;<strong>Jussi Halla-ahon<\/strong> kanssa ei voisi l\u00e4hte\u00e4 kimppaan heti, mutta kovan v\u00e4\u00e4nn\u00f6n ja ep\u00e4onnistuneiden hallituksenmuodostusyritysten j\u00e4lkeen sen kyll\u00e4 pystyisi myym\u00e4\u00e4n kannattajille. N\u00e4in pohti kokenut kokoomusveteraani.<\/p>\n\n\n\n<p>Perussuomalaisten talouspoliittinen linja kuulostaa monen kokoomuslaisen korviin melkeinp\u00e4 liian ihanalta p\u00e4iv\u00e4unelta. Perussuomalaisten <a href=\"https:\/\/www.perussuomalaiset.fi\/wp-content\/uploads\/2019\/02\/Eduskuntavaaliohjelma-2019.pdf\" target=\"_blank\" rel=\"noopener\">vaaliohjelma<\/a> kiteytt\u00e4\u00e4 asian n\u00e4in:<\/p>\n\n\n\n<p><em>&#8221;Yhteiskuntamme velaksi el\u00e4minen on lopetettava.&#8221;&nbsp;<\/em><\/p>\n\n\n\n<p>&#8221;<em>Menoja on merkitt\u00e4v\u00e4sti leikattava, jotta hyvinvointiyhteiskunta kyet\u00e4\u00e4n turvaamaan<\/em>.&#8221;<\/p>\n\n\n\n<p><em>&#8221;Valtion teht\u00e4v\u00e4 on j\u00e4rjest\u00e4\u00e4 kansalaisilleen sellaiset&nbsp;<\/em><em>puitteet, joissa omalla ty\u00f6nteolla p\u00e4rj\u00e4\u00e4, ahkeruudesta palkitaan ja vaurastuminen sallitaan.&#8221;<\/em><\/p>\n\n\n\n<p><span class=\"article_list\">Kokoomuksen <a href=\"https:\/\/www.kokoomus.fi\/eduskuntavaaliohjelma-2019\/\" target=\"_blank\" rel=\"noopener\">ohjelmassa<\/a> suunnitellaan uudistuksia verotukseen, sosiaaliturvaan ja ty\u00f6el\u00e4m\u00e4\u00e4n, jotta ty\u00f6llisyysaste nousisi 75 prosenttiin. Samalla todetaan, ett\u00e4 leikkauksiin ollaan valmiita, jos muut toimenpiteet eiv\u00e4t riit\u00e4.&nbsp;<\/span><\/p>\n\n\n\n<p>&nbsp;<\/p>\n\n\n\n<p><span class=\"capitalized\">Maahanmuuttopolitiikassa<\/span>&nbsp;tekee tiukempaa. Perussuomalaisten kova rajat kiinni -linja puistattaa huolella osaa kokoomuslaisista.<\/p>\n\n\n\n<p>(Vaan ei kaikkia. <em>Seura<\/em>-lehti <a href=\"https:\/\/seura.fi\/asiat\/ajankohtaista\/ovatko-puolueiden-erilaiset-arvot-silmanlumetta-kymmenia-halla-aholaisia-porvariehdokkaita-pyrkii-eduskuntaan\/\" target=\"_blank\" rel=\"noopener\">uutisoi<\/a> vaalikoneiden pohjalta, ett\u00e4 kokoomuksesta l\u00f6ytyi iso joukko ehdokkaita, joiden arvomaailma oli yhteensopiva Halla-ahon kanssa.)<\/p>\n\n\n\n<p>Maahanmuuttopolitiikalla on tiivis yhtym\u00e4kohta kokoomukselle t\u00e4rke\u00e4\u00e4n ty\u00f6llisyyspolitiikkaan. Syntyvyys laskee ja huoltosuhde heikkenee, mihin yksi kokoomuksen vastauksista on ty\u00f6voiman saaminen ulkomailta.&nbsp;Perussuomalaiset ei usko, ett\u00e4 maahanmuutosta on apua. Puolue kaipaa &#8221;osaavaa kotimaista ty\u00f6voimaa&#8221;.&nbsp;Perussuomalaiset vastustaa saatavuusharkinnan poistamista ulkomaiselta ty\u00f6voimalta, kokoomus kannattaa.<\/p>\n\n\n\n<p>Halla-aho on <a href=\"https:\/\/yle.fi\/uutiset\/3-10209953\" target=\"_blank\" rel=\"noopener\">v\u00e4l\u00e4ytellyt<\/a> vaihtoehtona Japanin tiet\u00e4. Karkeasti ottaen ajatus on, ett\u00e4 annetaan v\u00e4est\u00f6n vanhentua, otetaan apua robotisaatiosta ynn\u00e4 muusta ja jos resurssit eiv\u00e4t sittenk\u00e4\u00e4n riit\u00e4, leikataan menoja. Varapuheenjohtaja <a href=\"https:\/\/www.suomenuutiset.fi\/huhtasaari-vanhukset-hoidetaan-jatkossakin-tarvita-maahanmuuttoa\/\" target=\"_blank\" rel=\"noopener\">Huhtasaaren<\/a>&nbsp;suunnitelmien mukaan &#8221;v\u00e4est\u00f6pyramidi korjaa itse itse\u00e4\u00e4n ajan kanssa&#8221;.<\/p>\n\n\n\n<p>N\u00e4ist\u00e4 l\u00e4ht\u00f6kohdista voi olla hankalaa l\u00f6yt\u00e4\u00e4 yhteisymm\u00e4rryst\u00e4. Lis\u00e4kierteen persuhaaveisiin tuo kokoomuksen puheenjohtajan&nbsp;<strong>Petteri Orpon <\/strong>toistuvat&nbsp;<a href=\"https:\/\/suomenkuvalehti.fi\/vuorikoski\/kun-ehdoton-kynnyskysymys-muuttuu-kaytannolliseksi-takinkaannoksi\/?shared=1036-df40ebb1-999\">kommentit<\/a>, joiden mukaan yhteisty\u00f6 Halla-ahon perussuomalaisten kanssa ei sovi h\u00e4nelle. Samalla linjalla on paljon aktiiveja ja \u00e4\u00e4nest\u00e4ji\u00e4, jotka voisivat heitt\u00e4\u00e4 hyv\u00e4stit kokoomukselle, mik\u00e4li puolue l\u00e4htisi Halla-ahon matkaan. Kuvio olisi kokoomuksen kannalta riskialtis.<\/p>\n\n\n\n<p>Vaikka puolueet l\u00f6yt\u00e4isiv\u00e4t toisensa, koko rakennelma voisi romahtaa niist\u00e4 riippumattomaan syyhyyn. Porvarihallituksen jatko vaatisi keskustan mukaantuloa. Kokoomuksen persuhaaveilijat pelk\u00e4\u00e4v\u00e4t, ett\u00e4 surkeaakin surkeamman vaalituloksen tehnyt keskusta tajuaa olla l\u00e4htem\u00e4tt\u00e4 hallitukseen.<\/p>\n\n\n\n<p>&nbsp;<\/p>\n\n\n\n<p><a href=\"https:\/\/suomenkuvalehti.fi\/jutut\/kotimaa\/politiikka\/tutustu-juuri-valittuihin-kansanedustajiin-esittelemme-jokaisen-eduskuntaan-paasseen\/?shared=1071624-58e65cb6-999\">Tutustu juuri valittuihin kansanedustajiin \u2013 esittelemme jokaisen eduskuntaan p\u00e4\u00e4sseen&nbsp;<\/a><\/p>\n\n\n","protected":false},"excerpt":{"rendered":"<p>Perussuomalaisten talouspoliittinen linja kuulostaa monen kokoomuslaisen korviin melkeinp\u00e4 liian ihanalta p\u00e4iv\u00e4unelta. <\/p>\n","protected":false},"author":33152,"featured_media":0,"comment_status":"open","ping_status":"open","sticky":false,"template":"","format":"standard","meta":{"_acf_changed":false,"asauth_required_access_level":3,"asauth_cansharepaid":"true","om_header_attributes":[],"footnotes":"","om_featured_image_focal_point":[],"om_primary_tag":0,"om_contributors":[],"om_co_authors":[],"beyondwords_generate_audio":"","beyondwords_project_id":"","beyondwords_content_id":"","beyondwords_preview_token":"","beyondwords_player_content":"","beyondwords_player_style":"","beyondwords_language_code":"","beyondwords_language_id":"","beyondwords_title_voice_id":"","beyondwords_body_voice_id":"","beyondwords_summary_voice_id":"","beyondwords_error_message":"","beyondwords_disabled":"","beyondwords_delete_content":"","beyondwords_podcast_id":"","beyondwords_hash":"","publish_post_to_speechkit":"","speechkit_hash":"","speechkit_generate_audio":"","speechkit_project_id":"","speechkit_podcast_id":"","speechkit_error_message":"","speechkit_disabled":"","speechkit_access_key":"","speechkit_error":"","speechkit_info":"","speechkit_response":"","speechkit_retries":"","speechkit_status":"","speechkit_updated_at":"","_speechkit_link":"","_speechkit_text":""},"categories":[1],"tags":[197,6,146],"class_list":["post-1160","post","type-post","status-publish","format-standard","hentry","category-vuorikoski","tag-eduskuntavaalit","tag-jussi-halla-aho","tag-petteri-orpo"],"om_views":null,"acf":{"tuuma_off":false,"tuuma_kysymys":"","tuuma_vastaus":""},"asauth":{"required_access_level":1,"share_token":"","is_paid":false},"yoast_head":"<!-- This site is optimized with the Yoast SEO plugin v26.4 - https:\/\/yoast.com\/wordpress\/plugins\/seo\/ -->\n<title>Kokoomuksen vaalivalvojaisissa havaintoja persuhaaveilusta \u2013 voisiko linjat sovittaa yhteiseen hallitukseen? - Vuorikoski<\/title>\n<meta name=\"robots\" content=\"index, follow, max-snippet:-1, max-image-preview:large, max-video-preview:-1\" \/>\n<link rel=\"canonical\" href=\"https:\/\/suomenkuvalehti.fi\/vuorikoski\/kokoomuksen-vaalivalvojaisissa-havaintoja-persuhaaveilusta-voisiko-linjat-sovittaa-yhteiseen-hallitukseen\/\" \/>\n<meta property=\"og:locale\" content=\"fi_FI\" \/>\n<meta property=\"og:type\" content=\"article\" \/>\n<meta property=\"og:title\" content=\"Kokoomuksen vaalivalvojaisissa havaintoja persuhaaveilusta \u2013 voisiko linjat sovittaa yhteiseen hallitukseen? - Vuorikoski\" \/>\n<meta property=\"og:description\" content=\"Perussuomalaisten talouspoliittinen linja kuulostaa monen kokoomuslaisen korviin melkeinp\u00e4 liian ihanalta p\u00e4iv\u00e4unelta.\" \/>\n<meta property=\"og:url\" content=\"https:\/\/suomenkuvalehti.fi\/vuorikoski\/kokoomuksen-vaalivalvojaisissa-havaintoja-persuhaaveilusta-voisiko-linjat-sovittaa-yhteiseen-hallitukseen\/\" \/>\n<meta property=\"og:site_name\" content=\"Vuorikoski\" \/>\n<meta property=\"article:published_time\" content=\"2019-04-15T13:39:42+00:00\" \/>\n<meta property=\"og:image\" content=\"https:\/\/suomenkuvalehti.fi\/vuorikoski\/wp-content\/uploads\/sites\/41\/2017\/03\/salla_vuorikoski_.jpg\" \/>\n\t<meta property=\"og:image:width\" content=\"400\" \/>\n\t<meta property=\"og:image:height\" content=\"400\" \/>\n\t<meta property=\"og:image:type\" content=\"image\/jpeg\" \/>\n<meta name=\"author\" content=\"Salla Vuorikoski\" \/>\n<meta name=\"twitter:card\" content=\"summary_large_image\" \/>\n<meta name=\"twitter:creator\" content=\"@https:\/\/twitter.com\/svuorikoski\" \/>\n<meta name=\"twitter:label1\" content=\"Written by\" \/>\n\t<meta name=\"twitter:data1\" content=\"Salla Vuorikoski\" \/>\n\t<meta name=\"twitter:label2\" content=\"Est. reading time\" \/>\n\t<meta name=\"twitter:data2\" content=\"2 minuuttia\" \/>\n<script type=\"application\/ld+json\" class=\"yoast-schema-graph\">{\"@context\":\"https:\/\/schema.org\",\"@graph\":[{\"@type\":\"WebPage\",\"@id\":\"https:\/\/suomenkuvalehti.fi\/vuorikoski\/kokoomuksen-vaalivalvojaisissa-havaintoja-persuhaaveilusta-voisiko-linjat-sovittaa-yhteiseen-hallitukseen\/\",\"url\":\"https:\/\/suomenkuvalehti.fi\/vuorikoski\/kokoomuksen-vaalivalvojaisissa-havaintoja-persuhaaveilusta-voisiko-linjat-sovittaa-yhteiseen-hallitukseen\/\",\"name\":\"Kokoomuksen vaalivalvojaisissa havaintoja persuhaaveilusta \u2013 voisiko linjat sovittaa yhteiseen hallitukseen? - Vuorikoski\",\"isPartOf\":{\"@id\":\"https:\/\/suomenkuvalehti.fi\/vuorikoski\/#website\"},\"datePublished\":\"2019-04-15T13:39:42+00:00\",\"author\":{\"@id\":\"https:\/\/suomenkuvalehti.fi\/vuorikoski\/#\/schema\/person\/915e5c9cf73f8f9cbc5f1e50295dda2d\"},\"breadcrumb\":{\"@id\":\"https:\/\/suomenkuvalehti.fi\/vuorikoski\/kokoomuksen-vaalivalvojaisissa-havaintoja-persuhaaveilusta-voisiko-linjat-sovittaa-yhteiseen-hallitukseen\/#breadcrumb\"},\"inLanguage\":\"fi\",\"potentialAction\":[{\"@type\":\"ReadAction\",\"target\":[\"https:\/\/suomenkuvalehti.fi\/vuorikoski\/kokoomuksen-vaalivalvojaisissa-havaintoja-persuhaaveilusta-voisiko-linjat-sovittaa-yhteiseen-hallitukseen\/\"]}]},{\"@type\":\"BreadcrumbList\",\"@id\":\"https:\/\/suomenkuvalehti.fi\/vuorikoski\/kokoomuksen-vaalivalvojaisissa-havaintoja-persuhaaveilusta-voisiko-linjat-sovittaa-yhteiseen-hallitukseen\/#breadcrumb\",\"itemListElement\":[{\"@type\":\"ListItem\",\"position\":1,\"name\":\"Home\",\"item\":\"https:\/\/suomenkuvalehti.fi\/vuorikoski\/\"},{\"@type\":\"ListItem\",\"position\":2,\"name\":\"Kokoomuksen vaalivalvojaisissa havaintoja persuhaaveilusta \u2013 voisiko linjat sovittaa yhteiseen hallitukseen?\"}]},{\"@type\":\"WebSite\",\"@id\":\"https:\/\/suomenkuvalehti.fi\/vuorikoski\/#website\",\"url\":\"https:\/\/suomenkuvalehti.fi\/vuorikoski\/\",\"name\":\"Vuorikoski\",\"description\":\"Toimittaja Salla Vuorikosken viiltoja yhteiskunnan kuumiin puheenaiheisiin.\",\"potentialAction\":[{\"@type\":\"SearchAction\",\"target\":{\"@type\":\"EntryPoint\",\"urlTemplate\":\"https:\/\/suomenkuvalehti.fi\/haku\/?q={search_term_string}\"},\"query-input\":{\"@type\":\"PropertyValueSpecification\",\"valueRequired\":true,\"valueName\":\"search_term_string\"}}],\"inLanguage\":\"fi\"},{\"@type\":\"Person\",\"@id\":\"https:\/\/suomenkuvalehti.fi\/vuorikoski\/#\/schema\/person\/915e5c9cf73f8f9cbc5f1e50295dda2d\",\"name\":\"Salla Vuorikoski\",\"image\":{\"@type\":\"ImageObject\",\"inLanguage\":\"fi\",\"@id\":\"https:\/\/suomenkuvalehti.fi\/vuorikoski\/#\/schema\/person\/image\/\",\"url\":\"https:\/\/suomenkuvalehti.fi\/vuorikoski\/wp-content\/uploads\/sites\/41\/2017\/03\/salla_vuorikoski_-150x150.jpg\",\"contentUrl\":\"https:\/\/suomenkuvalehti.fi\/vuorikoski\/wp-content\/uploads\/sites\/41\/2017\/03\/salla_vuorikoski_-150x150.jpg\",\"caption\":\"Salla Vuorikoski\"},\"description\":\"Kirjoittaja on Suomen Kuvalehden toimittaja.\",\"sameAs\":[\"https:\/\/x.com\/https:\/\/twitter.com\/svuorikoski\"]}]}<\/script>\n<!-- \/ Yoast SEO plugin. -->","yoast_head_json":{"title":"Kokoomuksen vaalivalvojaisissa havaintoja persuhaaveilusta \u2013 voisiko linjat sovittaa yhteiseen hallitukseen? - Vuorikoski","robots":{"index":"index","follow":"follow","max-snippet":"max-snippet:-1","max-image-preview":"max-image-preview:large","max-video-preview":"max-video-preview:-1"},"canonical":"https:\/\/suomenkuvalehti.fi\/vuorikoski\/kokoomuksen-vaalivalvojaisissa-havaintoja-persuhaaveilusta-voisiko-linjat-sovittaa-yhteiseen-hallitukseen\/","og_locale":"fi_FI","og_type":"article","og_title":"Kokoomuksen vaalivalvojaisissa havaintoja persuhaaveilusta \u2013 voisiko linjat sovittaa yhteiseen hallitukseen? - Vuorikoski","og_description":"Perussuomalaisten talouspoliittinen linja kuulostaa monen kokoomuslaisen korviin melkeinp\u00e4 liian ihanalta p\u00e4iv\u00e4unelta.","og_url":"https:\/\/suomenkuvalehti.fi\/vuorikoski\/kokoomuksen-vaalivalvojaisissa-havaintoja-persuhaaveilusta-voisiko-linjat-sovittaa-yhteiseen-hallitukseen\/","og_site_name":"Vuorikoski","article_published_time":"2019-04-15T13:39:42+00:00","og_image":[{"width":400,"height":400,"url":"https:\/\/suomenkuvalehti.fi\/vuorikoski\/wp-content\/uploads\/sites\/41\/2017\/03\/salla_vuorikoski_.jpg","type":"image\/jpeg"}],"author":"Salla Vuorikoski","twitter_card":"summary_large_image","twitter_creator":"@https:\/\/twitter.com\/svuorikoski","twitter_misc":{"Written by":"Salla Vuorikoski","Est. reading time":"2 minuuttia"},"schema":{"@context":"https:\/\/schema.org","@graph":[{"@type":"WebPage","@id":"https:\/\/suomenkuvalehti.fi\/vuorikoski\/kokoomuksen-vaalivalvojaisissa-havaintoja-persuhaaveilusta-voisiko-linjat-sovittaa-yhteiseen-hallitukseen\/","url":"https:\/\/suomenkuvalehti.fi\/vuorikoski\/kokoomuksen-vaalivalvojaisissa-havaintoja-persuhaaveilusta-voisiko-linjat-sovittaa-yhteiseen-hallitukseen\/","name":"Kokoomuksen vaalivalvojaisissa havaintoja persuhaaveilusta \u2013 voisiko linjat sovittaa yhteiseen hallitukseen? - Vuorikoski","isPartOf":{"@id":"https:\/\/suomenkuvalehti.fi\/vuorikoski\/#website"},"datePublished":"2019-04-15T13:39:42+00:00","author":{"@id":"https:\/\/suomenkuvalehti.fi\/vuorikoski\/#\/schema\/person\/915e5c9cf73f8f9cbc5f1e50295dda2d"},"breadcrumb":{"@id":"https:\/\/suomenkuvalehti.fi\/vuorikoski\/kokoomuksen-vaalivalvojaisissa-havaintoja-persuhaaveilusta-voisiko-linjat-sovittaa-yhteiseen-hallitukseen\/#breadcrumb"},"inLanguage":"fi","potentialAction":[{"@type":"ReadAction","target":["https:\/\/suomenkuvalehti.fi\/vuorikoski\/kokoomuksen-vaalivalvojaisissa-havaintoja-persuhaaveilusta-voisiko-linjat-sovittaa-yhteiseen-hallitukseen\/"]}]},{"@type":"BreadcrumbList","@id":"https:\/\/suomenkuvalehti.fi\/vuorikoski\/kokoomuksen-vaalivalvojaisissa-havaintoja-persuhaaveilusta-voisiko-linjat-sovittaa-yhteiseen-hallitukseen\/#breadcrumb","itemListElement":[{"@type":"ListItem","position":1,"name":"Home","item":"https:\/\/suomenkuvalehti.fi\/vuorikoski\/"},{"@type":"ListItem","position":2,"name":"Kokoomuksen vaalivalvojaisissa havaintoja persuhaaveilusta \u2013 voisiko linjat sovittaa yhteiseen hallitukseen?"}]},{"@type":"WebSite","@id":"https:\/\/suomenkuvalehti.fi\/vuorikoski\/#website","url":"https:\/\/suomenkuvalehti.fi\/vuorikoski\/","name":"Vuorikoski","description":"Toimittaja Salla Vuorikosken viiltoja yhteiskunnan kuumiin puheenaiheisiin.","potentialAction":[{"@type":"SearchAction","target":{"@type":"EntryPoint","urlTemplate":"https:\/\/suomenkuvalehti.fi\/haku\/?q={search_term_string}"},"query-input":{"@type":"PropertyValueSpecification","valueRequired":true,"valueName":"search_term_string"}}],"inLanguage":"fi"},{"@type":"Person","@id":"https:\/\/suomenkuvalehti.fi\/vuorikoski\/#\/schema\/person\/915e5c9cf73f8f9cbc5f1e50295dda2d","name":"Salla Vuorikoski","image":{"@type":"ImageObject","inLanguage":"fi","@id":"https:\/\/suomenkuvalehti.fi\/vuorikoski\/#\/schema\/person\/image\/","url":"https:\/\/suomenkuvalehti.fi\/vuorikoski\/wp-content\/uploads\/sites\/41\/2017\/03\/salla_vuorikoski_-150x150.jpg","contentUrl":"https:\/\/suomenkuvalehti.fi\/vuorikoski\/wp-content\/uploads\/sites\/41\/2017\/03\/salla_vuorikoski_-150x150.jpg","caption":"Salla Vuorikoski"},"description":"Kirjoittaja on Suomen Kuvalehden toimittaja.","sameAs":["https:\/\/x.com\/https:\/\/twitter.com\/svuorikoski"]}]}},"_links":{"self":[{"href":"https:\/\/suomenkuvalehti.fi\/vuorikoski\/wp-json\/wp\/v2\/posts\/1160","targetHints":{"allow":["GET"]}}],"collection":[{"href":"https:\/\/suomenkuvalehti.fi\/vuorikoski\/wp-json\/wp\/v2\/posts"}],"about":[{"href":"https:\/\/suomenkuvalehti.fi\/vuorikoski\/wp-json\/wp\/v2\/types\/post"}],"author":[{"embeddable":true,"href":"https:\/\/suomenkuvalehti.fi\/vuorikoski\/wp-json\/wp\/v2\/users\/33152"}],"replies":[{"embeddable":true,"href":"https:\/\/suomenkuvalehti.fi\/vuorikoski\/wp-json\/wp\/v2\/comments?post=1160"}],"version-history":[{"count":1,"href":"https:\/\/suomenkuvalehti.fi\/vuorikoski\/wp-json\/wp\/v2\/posts\/1160\/revisions"}],"predecessor-version":[{"id":1164,"href":"https:\/\/suomenkuvalehti.fi\/vuorikoski\/wp-json\/wp\/v2\/posts\/1160\/revisions\/1164"}],"wp:attachment":[{"href":"https:\/\/suomenkuvalehti.fi\/vuorikoski\/wp-json\/wp\/v2\/media?parent=1160"}],"wp:term":[{"taxonomy":"category","embeddable":true,"href":"https:\/\/suomenkuvalehti.fi\/vuorikoski\/wp-json\/wp\/v2\/categories?post=1160"},{"taxonomy":"post_tag","embeddable":true,"href":"https:\/\/suomenkuvalehti.fi\/vuorikoski\/wp-json\/wp\/v2\/tags?post=1160"}],"curies":[{"name":"wp","href":"https:\/\/api.w.org\/{rel}","templated":true}]}}