{"id":9881,"date":"2023-12-22T13:39:56","date_gmt":"2023-12-22T11:39:56","guid":{"rendered":"https:\/\/suomenkuvalehti.fi\/vallan-mahotonta\/?p=9881"},"modified":"2023-12-22T18:29:18","modified_gmt":"2023-12-22T16:29:18","slug":"ukrainan-sodan-strategia-tulee-maarittaa-tarkemmin-kun-selkavoitto-venajasta-ei-ole-enaa-realismia","status":"publish","type":"post","link":"https:\/\/suomenkuvalehti.fi\/vallan-mahotonta\/ukrainan-sodan-strategia-tulee-maarittaa-tarkemmin-kun-selkavoitto-venajasta-ei-ole-enaa-realismia\/","title":{"rendered":"Ukrainan sodan strategia tulee m\u00e4\u00e4ritt\u00e4\u00e4 tarkemmin, kun selk\u00e4voitto Ven\u00e4j\u00e4st\u00e4 ei ole en\u00e4\u00e4 realismia"},"content":{"rendered":"\n<p><a href=\"https:\/\/areena.yle.fi\/1-66656156\">Ylen presidenttivaalitentiss\u00e4<\/a> ehdokkailta kysyttiin, miten he varmistaisivat Ukrainan tuen jatkumisen. Ehdokkaat mainitsivat diplomatian lis\u00e4ksi EU:n (ja sen juristien) kyvyn toimia Unkarin p\u00e4\u00e4ministeri <strong>Viktor Orbanista<\/strong> v\u00e4litt\u00e4m\u00e4tt\u00e4, Ven\u00e4j\u00e4n keskuspankin j\u00e4\u00e4dytettyjen varojen k\u00e4yt\u00f6n ja eurokriisin aikana luodun Euroopan vakausmekanismin hy\u00f6dynt\u00e4misen.<\/p>\n\n\n\n<p>Mielipidemittausten perusteella eurooppalaisten halu tukea Ukrainaa on edelleen suuri ja Suomessa Euroopan k\u00e4rkitasoa. Sen sijaan eurooppalaisten pitk\u00e4n aikav\u00e4lin tavoitteet Ukrainan sodan suhteen <a href=\"https:\/\/ore.exeter.ac.uk\/repository\/handle\/10871\/133703\">jakautuvat jo enemm\u00e4n sodan ja rauhan<\/a>, mutta my\u00f6s Ukrainan Nato-j\u00e4senyyden suhteen. Esimerkiksi 100 p\u00e4iv\u00e4\u00e4 sodan alkamisen j\u00e4lkeen <a href=\"https:\/\/ecfr.eu\/publication\/peace-versus-justice-the-coming-european-split-over-the-war-in-ukraine\/\">ECFR:n tekem\u00e4ss\u00e4 laajassa kyselyss\u00e4<\/a> ainoastaan Puolassa haastatellut kannattivat enemm\u00e4n Ven\u00e4j\u00e4n ty\u00f6nt\u00e4mist\u00e4 pois Ukrainasta kuin rauhaa, vaikka se tarkoittaisi aluemenetyksi\u00e4 Ven\u00e4j\u00e4lle. <\/p>\n\n\n\n<p>Jatkokysymys presidenttiehdokkaille kuuluukin, mihin Ukrainan tukemisella pyrit\u00e4\u00e4n pitemm\u00e4ll\u00e4 aikav\u00e4lill\u00e4. Esimerkiksi <a href=\"https:\/\/www.mtvuutiset.fi\/artikkeli\/stubb-ja-haavisto-naista-syista-ukraina-on-jo-voittaja\/8839418#gs.1r57oh\"><strong>Pekka Haavisto<\/strong> ja <strong>Alexander Stubb<\/strong><\/a> sanoivat viimeviikkoisessa MTV3:n tentiss\u00e4, ett\u00e4 Ukraina on jo voittanut sodan, koska se on s\u00e4ilytt\u00e4nyt itsen\u00e4isyytens\u00e4. <a href=\"https:\/\/yle.fi\/a\/74-20065527\"><strong>Olli Rehn<\/strong> kritisoi k\u00e4rkikaksikon n\u00e4kemyksi\u00e4 liian ruusuisiksi<\/a>, koska sodan pitkittyess\u00e4 ja avun tyrehtyess\u00e4 aika on Ven\u00e4j\u00e4n puolella. <\/p>\n\n\n\n<p>Ukrainan ep\u00e4onnistuneen vastahy\u00f6kk\u00e4yksen j\u00e4lkeen n\u00e4ytt\u00e4\u00e4kin koko ajan selvemm\u00e4lt\u00e4, ettei presidentti <strong>Volodymyr Zelenskyin<\/strong> ajatukset Ven\u00e4j\u00e4n valtaamien alueiden vapauttamisesta ole en\u00e4\u00e4 realismia. Yhdysvaltain ulkoministeri <a href=\"https:\/\/twitter.com\/stillgray\/status\/1737835002178703747\"><strong>Anthony Blinkenin<\/strong> mukaan<\/a> Ukrainan tuen pit\u00e4minen nykytasolla ei ole en\u00e4\u00e4 tarpeellista. <\/p>\n\n\n\n<p>Zelenskyin vieraillessa Yhdysvalloissa <em>New York Times<\/em> julkaisi laajan jutun <a href=\"http:\/\/nytimes.com\/2023\/12\/11\/us\/politics\/us-ukraine-war-strategy.html\">Yhdysvaltain uusista n\u00e4kemyksist\u00e4 Ukrainan sodasta<\/a>. Tavoitteena olisi sementoida nykyiset rintamalinjat, est\u00e4\u00e4 Ven\u00e4j\u00e4\u00e4 valtaamasta lis\u00e4\u00e4 alueita ja varmistaa Ukrainalle joitain strategisia ja symbolisia voittoja, jotta se voisi k\u00e4yd\u00e4 tarpeeksi hyviss\u00e4 asemissa aikanaan alkaviin rauhanneuvotteluihin (Yle teki jutusta <a href=\"https:\/\/yle.fi\/a\/74-20064669\">laajan referaatin<\/a> kuitenkaan mainitsematta mahdollista rauhaa).<\/p>\n\n\n\n<p>Zelenskyin <em>Kansan palvelija<\/em> -puolueen parlamenttiryhm\u00e4n johtajan <a href=\"https:\/\/www.kyivpost.com\/post\/24645\"><strong>David Arahamiyan<\/strong> mukaan<\/a> Ven\u00e4j\u00e4 olisi ollut valmis lopettamaan sodan, jos Ukraina luopuisi Nato-j\u00e4senyyden tavoittelusta. Nato on laajentunut sodan varjolla Suomeen ja Ruotsiin, mutta voi olla, ettei Ukraina p\u00e4\u00e4se Natoon sodaan j\u00e4lkeenk\u00e4\u00e4n. Rauhaa ajatellen Ukraina tarvitsee joka tapauksessa riitt\u00e4v\u00e4t turvatakuut. <\/p>\n\n\n\n<p>Ven\u00e4j\u00e4 on vallannut vajaat 20 % Ukrainan maa-alueista, mutta toisaalta sen tavoitteet Ukrainan denatsifikaatiosta ja Ven\u00e4j\u00e4-mielisen hallinnon valtaansaattamisesta ovat ep\u00e4onnistuneet t\u00e4ysin valtaisista tappioista huolimatta. Sotatieteiden dosentti <a href=\"https:\/\/suomenkuvalehti.fi\/uutisviikko\/ukraina-joutunee-myontymaan-aluemenetyksiin-tutkija-arvioi-itsenaisyyden-sailyttaminen-nahtava-saavutuksena\/?shared=1277235-2b9a3288-999\"><strong>Ilmari K\u00e4ihk\u00f6n<\/strong> mukaan<\/a> vuoden 1991 rajoja tuskin saadaan en\u00e4\u00e4 palautettua, mutta Ukrainan itsen\u00e4isyyden s\u00e4ilytt\u00e4mist\u00e4 voidaan pit\u00e4\u00e4 torjuntavoittona (kuten Suomenkin itsen\u00e4isyytt\u00e4 II maailmansodan j\u00e4lkeen).<\/p>\n\n\n\n<p><em>Financial Timesin<\/em> kolumnisti <a href=\"https:\/\/www.ft.com\/content\/75da21e8-8209-4144-bd18-3c3f45d4c95c\"><strong>Gideon Rachman<\/strong> vaati strategisempaa keskustelua<\/a> Ukrainasta l\u00e4nteen sitoutuneena valtiona. Ensimm\u00e4ist\u00e4 kertaa vuosikymmeniin Ven\u00e4j\u00e4n liittolaiset Euroopassa ovat v\u00e4hiss\u00e4 samaan aikaan kun Ukraina nauttii laajaa luottamusta. Rachman nostaa rauhanneuvotteluiden ja j\u00e4\u00e4tyneen konfliktin lis\u00e4ksi mahdollisuuden Koreoiden tyylisest\u00e4 aselevosta, joka on siivitt\u00e4nyt Etel\u00e4-Korean valtaisaan taloudelliseen menestykseen. <\/p>\n\n\n\n<p><a href=\"https:\/\/www.hs.fi\/paakirjoitukset\/art-2000010053833.html\"><strong>Saska Saarikoski<\/strong> kirjoitti osuvasti<\/a>, ett\u00e4 vaikka Suomen ulkopoliittista linjaa on nyt muutettu varsin nopeasti, ulkopoliittinen linja on aina ollut oikea, koska siit\u00e4 ei haluta ylip\u00e4\u00e4t\u00e4\u00e4n keskustella. Nyt kun sodan alussa toivottu selk\u00e4voitto Ven\u00e4j\u00e4st\u00e4 ei en\u00e4\u00e4 n\u00e4yt\u00e4 todenn\u00e4k\u00f6iselt\u00e4, Suomessa onkin siirrytty puhumaan alarmistisesti <a href=\"https:\/\/www.hs.fi\/politiikka\/art-2000010073894.html\">varautumisesta sotaan Ven\u00e4j\u00e4n kanssa<\/a>. <\/p>\n\n\n\n<p>Koska presidentti johtaa Suomen ulkopolitiikkaa, sapelin kalistelun sijaan ehdokkailta tulisikin kysy\u00e4 Ukrainan sodan tarkemmista tavoitteista ja seurauksista. Kannattavatko he sodan jatkamista Krimin valtaukseen asti vai tulisiko pyrki\u00e4 aselepoon? Miten he ymm\u00e4rt\u00e4v\u00e4t sodan ja rauhan ja mill\u00e4 ehdoilla rauhasta ylip\u00e4\u00e4t\u00e4\u00e4n voitaisiin keskustella? Mit\u00e4 voitettavaa sotilasliitolla on viel\u00e4 Ukrainan sodasta ja miten he suhtautuvat Ukrainan Nato-j\u00e4senyyteen? Tai mit\u00e4 he ajattelevat Ukrainan EU-j\u00e4senyydest\u00e4, joka tulisi v\u00e4ist\u00e4m\u00e4tt\u00e4 kasvattamaan j\u00e4senmaksuja ja tulonsiirtoja EU-maiden v\u00e4lill\u00e4?<\/p>\n\n\n\n<p>Kaikki t\u00e4m\u00e4 palautuu siihen, mink\u00e4 vuoksi Ukrainaa ylip\u00e4\u00e4t\u00e4\u00e4n autetaan.<\/p>\n","protected":false},"excerpt":{"rendered":"<p>Ylen presidenttivaalitentiss\u00e4 ehdokkailta kysyttiin, miten he varmistaisivat Ukrainan tuen jatkumisen. Ehdokkaat mainitsivat diplomatian lis\u00e4ksi EU:n (ja sen juristien) kyvyn toimia Unkarin p\u00e4\u00e4ministeri Viktor Orbanista<br \/>\nv\u00e4l&hellip;<\/p>\n","protected":false},"author":37967,"featured_media":0,"comment_status":"open","ping_status":"open","sticky":false,"template":"","format":"standard","meta":{"_acf_changed":false,"asauth_required_access_level":3,"asauth_cansharepaid":"true","om_header_attributes":[],"footnotes":"","om_featured_image_focal_point":[],"om_primary_tag":553,"om_contributors":[],"om_co_authors":[],"beyondwords_generate_audio":"","beyondwords_project_id":"","beyondwords_content_id":"","beyondwords_preview_token":"","beyondwords_player_content":"","beyondwords_player_style":"","beyondwords_language_code":"","beyondwords_language_id":"","beyondwords_title_voice_id":"","beyondwords_body_voice_id":"","beyondwords_summary_voice_id":"","beyondwords_error_message":"","beyondwords_disabled":"","beyondwords_delete_content":"","beyondwords_podcast_id":"","beyondwords_hash":"","publish_post_to_speechkit":"","speechkit_hash":"","speechkit_generate_audio":"","speechkit_project_id":"","speechkit_podcast_id":"","speechkit_error_message":"","speechkit_disabled":"","speechkit_access_key":"","speechkit_error":"","speechkit_info":"","speechkit_response":"","speechkit_retries":"","speechkit_status":"","speechkit_updated_at":"","_speechkit_link":"","_speechkit_text":""},"categories":[1],"tags":[696,583,553,697,222],"class_list":["post-9881","post","type-post","status-publish","format-standard","hentry","category-vallan-mahotonta","tag-suomen-presidentinvaalit","tag-ukraina","tag-ukrainan-sota","tag-ulkopolitiikka","tag-venaja"],"om_views":null,"acf":{"tuuma_off":false,"tuuma_kysymys":"","tuuma_vastaus":""},"asauth":{"required_access_level":1,"share_token":"","is_paid":false},"yoast_head":"<!-- This site is optimized with the Yoast SEO plugin v26.4 - https:\/\/yoast.com\/wordpress\/plugins\/seo\/ -->\n<title>Ukrainan sodan strategia tulee m\u00e4\u00e4ritt\u00e4\u00e4 tarkemmin, kun selk\u00e4voitto Ven\u00e4j\u00e4st\u00e4 ei ole en\u00e4\u00e4 realismia - Vallan mahotonta!<\/title>\n<meta name=\"robots\" content=\"index, follow, max-snippet:-1, max-image-preview:large, max-video-preview:-1\" \/>\n<link rel=\"canonical\" href=\"https:\/\/suomenkuvalehti.fi\/vallan-mahotonta\/ukrainan-sodan-strategia-tulee-maarittaa-tarkemmin-kun-selkavoitto-venajasta-ei-ole-enaa-realismia\/\" \/>\n<meta property=\"og:locale\" content=\"fi_FI\" \/>\n<meta property=\"og:type\" content=\"article\" \/>\n<meta property=\"og:title\" content=\"Ukrainan sodan strategia tulee m\u00e4\u00e4ritt\u00e4\u00e4 tarkemmin, kun selk\u00e4voitto Ven\u00e4j\u00e4st\u00e4 ei ole en\u00e4\u00e4 realismia - Vallan mahotonta!\" \/>\n<meta property=\"og:description\" content=\"Ylen presidenttivaalitentiss\u00e4 ehdokkailta kysyttiin, miten he varmistaisivat Ukrainan tuen jatkumisen. Ehdokkaat mainitsivat diplomatian lis\u00e4ksi EU:n (ja sen juristien) kyvyn toimia Unkarin p\u00e4\u00e4ministeri Viktor Orbanista v\u00e4l&hellip;\" \/>\n<meta property=\"og:url\" content=\"https:\/\/suomenkuvalehti.fi\/vallan-mahotonta\/ukrainan-sodan-strategia-tulee-maarittaa-tarkemmin-kun-selkavoitto-venajasta-ei-ole-enaa-realismia\/\" \/>\n<meta property=\"og:site_name\" content=\"Vallan mahotonta!\" \/>\n<meta property=\"article:author\" content=\"https:\/\/www.facebook.com\/a.ronkainen\" \/>\n<meta property=\"article:published_time\" content=\"2023-12-22T11:39:56+00:00\" \/>\n<meta property=\"article:modified_time\" content=\"2023-12-22T16:29:18+00:00\" \/>\n<meta property=\"og:image\" content=\"https:\/\/suomenkuvalehti.fi\/vallan-mahotonta\/wp-content\/uploads\/sites\/42\/2018\/05\/antti_j_ronkainen_blogi_pieni.jpg\" \/>\n\t<meta property=\"og:image:width\" content=\"600\" \/>\n\t<meta property=\"og:image:height\" content=\"600\" \/>\n\t<meta property=\"og:image:type\" content=\"image\/jpeg\" \/>\n<meta name=\"author\" content=\"Antti Ronkainen\" \/>\n<meta name=\"twitter:card\" content=\"summary_large_image\" \/>\n<meta name=\"twitter:creator\" content=\"@https:\/\/twitter.com\/anttironkainen\" \/>\n<meta name=\"twitter:label1\" content=\"Written by\" \/>\n\t<meta name=\"twitter:data1\" content=\"Antti Ronkainen\" \/>\n\t<meta name=\"twitter:label2\" content=\"Est. reading time\" \/>\n\t<meta name=\"twitter:data2\" content=\"4 minuuttia\" \/>\n<script type=\"application\/ld+json\" class=\"yoast-schema-graph\">{\"@context\":\"https:\/\/schema.org\",\"@graph\":[{\"@type\":\"WebPage\",\"@id\":\"https:\/\/suomenkuvalehti.fi\/vallan-mahotonta\/ukrainan-sodan-strategia-tulee-maarittaa-tarkemmin-kun-selkavoitto-venajasta-ei-ole-enaa-realismia\/\",\"url\":\"https:\/\/suomenkuvalehti.fi\/vallan-mahotonta\/ukrainan-sodan-strategia-tulee-maarittaa-tarkemmin-kun-selkavoitto-venajasta-ei-ole-enaa-realismia\/\",\"name\":\"Ukrainan sodan strategia tulee m\u00e4\u00e4ritt\u00e4\u00e4 tarkemmin, kun selk\u00e4voitto Ven\u00e4j\u00e4st\u00e4 ei ole en\u00e4\u00e4 realismia - Vallan mahotonta!\",\"isPartOf\":{\"@id\":\"https:\/\/suomenkuvalehti.fi\/vallan-mahotonta\/#website\"},\"datePublished\":\"2023-12-22T11:39:56+00:00\",\"dateModified\":\"2023-12-22T16:29:18+00:00\",\"author\":{\"@id\":\"https:\/\/suomenkuvalehti.fi\/vallan-mahotonta\/#\/schema\/person\/aa34015af7a4bce21e1cdcf566bb57b0\"},\"breadcrumb\":{\"@id\":\"https:\/\/suomenkuvalehti.fi\/vallan-mahotonta\/ukrainan-sodan-strategia-tulee-maarittaa-tarkemmin-kun-selkavoitto-venajasta-ei-ole-enaa-realismia\/#breadcrumb\"},\"inLanguage\":\"fi\",\"potentialAction\":[{\"@type\":\"ReadAction\",\"target\":[\"https:\/\/suomenkuvalehti.fi\/vallan-mahotonta\/ukrainan-sodan-strategia-tulee-maarittaa-tarkemmin-kun-selkavoitto-venajasta-ei-ole-enaa-realismia\/\"]}]},{\"@type\":\"BreadcrumbList\",\"@id\":\"https:\/\/suomenkuvalehti.fi\/vallan-mahotonta\/ukrainan-sodan-strategia-tulee-maarittaa-tarkemmin-kun-selkavoitto-venajasta-ei-ole-enaa-realismia\/#breadcrumb\",\"itemListElement\":[{\"@type\":\"ListItem\",\"position\":1,\"name\":\"Home\",\"item\":\"https:\/\/suomenkuvalehti.fi\/vallan-mahotonta\/\"},{\"@type\":\"ListItem\",\"position\":2,\"name\":\"Ukrainan sodan strategia tulee m\u00e4\u00e4ritt\u00e4\u00e4 tarkemmin, kun selk\u00e4voitto Ven\u00e4j\u00e4st\u00e4 ei ole en\u00e4\u00e4 realismia\"}]},{\"@type\":\"WebSite\",\"@id\":\"https:\/\/suomenkuvalehti.fi\/vallan-mahotonta\/#website\",\"url\":\"https:\/\/suomenkuvalehti.fi\/vallan-mahotonta\/\",\"name\":\"Vallan mahotonta!\",\"description\":\"Tutkija Antti Ronkainen seuraa maailmantalouden murrosta.\",\"potentialAction\":[{\"@type\":\"SearchAction\",\"target\":{\"@type\":\"EntryPoint\",\"urlTemplate\":\"https:\/\/suomenkuvalehti.fi\/haku\/?q={search_term_string}\"},\"query-input\":{\"@type\":\"PropertyValueSpecification\",\"valueRequired\":true,\"valueName\":\"search_term_string\"}}],\"inLanguage\":\"fi\"},{\"@type\":\"Person\",\"@id\":\"https:\/\/suomenkuvalehti.fi\/vallan-mahotonta\/#\/schema\/person\/aa34015af7a4bce21e1cdcf566bb57b0\",\"name\":\"Antti Ronkainen\",\"image\":{\"@type\":\"ImageObject\",\"inLanguage\":\"fi\",\"@id\":\"https:\/\/suomenkuvalehti.fi\/vallan-mahotonta\/#\/schema\/person\/image\/\",\"url\":\"https:\/\/suomenkuvalehti.fi\/vallan-mahotonta\/wp-content\/uploads\/sites\/42\/2018\/05\/antti_j_ronkainen_blogi_pieni-150x150.jpg\",\"contentUrl\":\"https:\/\/suomenkuvalehti.fi\/vallan-mahotonta\/wp-content\/uploads\/sites\/42\/2018\/05\/antti_j_ronkainen_blogi_pieni-150x150.jpg\",\"caption\":\"Antti Ronkainen\"},\"description\":\"Antti Ronkainen on poliittisen talouden v\u00e4it\u00f6skirjatutkija Helsingin yliopistolla.\",\"sameAs\":[\"http:\/\/anttironkainen.fi\",\"https:\/\/www.facebook.com\/a.ronkainen\",\"https:\/\/www.instagram.com\/antti.ronkainen\/\",\"https:\/\/x.com\/https:\/\/twitter.com\/anttironkainen\"]}]}<\/script>\n<!-- \/ Yoast SEO plugin. -->","yoast_head_json":{"title":"Ukrainan sodan strategia tulee m\u00e4\u00e4ritt\u00e4\u00e4 tarkemmin, kun selk\u00e4voitto Ven\u00e4j\u00e4st\u00e4 ei ole en\u00e4\u00e4 realismia - Vallan mahotonta!","robots":{"index":"index","follow":"follow","max-snippet":"max-snippet:-1","max-image-preview":"max-image-preview:large","max-video-preview":"max-video-preview:-1"},"canonical":"https:\/\/suomenkuvalehti.fi\/vallan-mahotonta\/ukrainan-sodan-strategia-tulee-maarittaa-tarkemmin-kun-selkavoitto-venajasta-ei-ole-enaa-realismia\/","og_locale":"fi_FI","og_type":"article","og_title":"Ukrainan sodan strategia tulee m\u00e4\u00e4ritt\u00e4\u00e4 tarkemmin, kun selk\u00e4voitto Ven\u00e4j\u00e4st\u00e4 ei ole en\u00e4\u00e4 realismia - Vallan mahotonta!","og_description":"Ylen presidenttivaalitentiss\u00e4 ehdokkailta kysyttiin, miten he varmistaisivat Ukrainan tuen jatkumisen. Ehdokkaat mainitsivat diplomatian lis\u00e4ksi EU:n (ja sen juristien) kyvyn toimia Unkarin p\u00e4\u00e4ministeri Viktor Orbanista v\u00e4l&hellip;","og_url":"https:\/\/suomenkuvalehti.fi\/vallan-mahotonta\/ukrainan-sodan-strategia-tulee-maarittaa-tarkemmin-kun-selkavoitto-venajasta-ei-ole-enaa-realismia\/","og_site_name":"Vallan mahotonta!","article_author":"https:\/\/www.facebook.com\/a.ronkainen","article_published_time":"2023-12-22T11:39:56+00:00","article_modified_time":"2023-12-22T16:29:18+00:00","og_image":[{"width":600,"height":600,"url":"https:\/\/suomenkuvalehti.fi\/vallan-mahotonta\/wp-content\/uploads\/sites\/42\/2018\/05\/antti_j_ronkainen_blogi_pieni.jpg","type":"image\/jpeg"}],"author":"Antti Ronkainen","twitter_card":"summary_large_image","twitter_creator":"@https:\/\/twitter.com\/anttironkainen","twitter_misc":{"Written by":"Antti Ronkainen","Est. reading time":"4 minuuttia"},"schema":{"@context":"https:\/\/schema.org","@graph":[{"@type":"WebPage","@id":"https:\/\/suomenkuvalehti.fi\/vallan-mahotonta\/ukrainan-sodan-strategia-tulee-maarittaa-tarkemmin-kun-selkavoitto-venajasta-ei-ole-enaa-realismia\/","url":"https:\/\/suomenkuvalehti.fi\/vallan-mahotonta\/ukrainan-sodan-strategia-tulee-maarittaa-tarkemmin-kun-selkavoitto-venajasta-ei-ole-enaa-realismia\/","name":"Ukrainan sodan strategia tulee m\u00e4\u00e4ritt\u00e4\u00e4 tarkemmin, kun selk\u00e4voitto Ven\u00e4j\u00e4st\u00e4 ei ole en\u00e4\u00e4 realismia - Vallan mahotonta!","isPartOf":{"@id":"https:\/\/suomenkuvalehti.fi\/vallan-mahotonta\/#website"},"datePublished":"2023-12-22T11:39:56+00:00","dateModified":"2023-12-22T16:29:18+00:00","author":{"@id":"https:\/\/suomenkuvalehti.fi\/vallan-mahotonta\/#\/schema\/person\/aa34015af7a4bce21e1cdcf566bb57b0"},"breadcrumb":{"@id":"https:\/\/suomenkuvalehti.fi\/vallan-mahotonta\/ukrainan-sodan-strategia-tulee-maarittaa-tarkemmin-kun-selkavoitto-venajasta-ei-ole-enaa-realismia\/#breadcrumb"},"inLanguage":"fi","potentialAction":[{"@type":"ReadAction","target":["https:\/\/suomenkuvalehti.fi\/vallan-mahotonta\/ukrainan-sodan-strategia-tulee-maarittaa-tarkemmin-kun-selkavoitto-venajasta-ei-ole-enaa-realismia\/"]}]},{"@type":"BreadcrumbList","@id":"https:\/\/suomenkuvalehti.fi\/vallan-mahotonta\/ukrainan-sodan-strategia-tulee-maarittaa-tarkemmin-kun-selkavoitto-venajasta-ei-ole-enaa-realismia\/#breadcrumb","itemListElement":[{"@type":"ListItem","position":1,"name":"Home","item":"https:\/\/suomenkuvalehti.fi\/vallan-mahotonta\/"},{"@type":"ListItem","position":2,"name":"Ukrainan sodan strategia tulee m\u00e4\u00e4ritt\u00e4\u00e4 tarkemmin, kun selk\u00e4voitto Ven\u00e4j\u00e4st\u00e4 ei ole en\u00e4\u00e4 realismia"}]},{"@type":"WebSite","@id":"https:\/\/suomenkuvalehti.fi\/vallan-mahotonta\/#website","url":"https:\/\/suomenkuvalehti.fi\/vallan-mahotonta\/","name":"Vallan mahotonta!","description":"Tutkija Antti Ronkainen seuraa maailmantalouden murrosta.","potentialAction":[{"@type":"SearchAction","target":{"@type":"EntryPoint","urlTemplate":"https:\/\/suomenkuvalehti.fi\/haku\/?q={search_term_string}"},"query-input":{"@type":"PropertyValueSpecification","valueRequired":true,"valueName":"search_term_string"}}],"inLanguage":"fi"},{"@type":"Person","@id":"https:\/\/suomenkuvalehti.fi\/vallan-mahotonta\/#\/schema\/person\/aa34015af7a4bce21e1cdcf566bb57b0","name":"Antti Ronkainen","image":{"@type":"ImageObject","inLanguage":"fi","@id":"https:\/\/suomenkuvalehti.fi\/vallan-mahotonta\/#\/schema\/person\/image\/","url":"https:\/\/suomenkuvalehti.fi\/vallan-mahotonta\/wp-content\/uploads\/sites\/42\/2018\/05\/antti_j_ronkainen_blogi_pieni-150x150.jpg","contentUrl":"https:\/\/suomenkuvalehti.fi\/vallan-mahotonta\/wp-content\/uploads\/sites\/42\/2018\/05\/antti_j_ronkainen_blogi_pieni-150x150.jpg","caption":"Antti Ronkainen"},"description":"Antti Ronkainen on poliittisen talouden v\u00e4it\u00f6skirjatutkija Helsingin yliopistolla.","sameAs":["http:\/\/anttironkainen.fi","https:\/\/www.facebook.com\/a.ronkainen","https:\/\/www.instagram.com\/antti.ronkainen\/","https:\/\/x.com\/https:\/\/twitter.com\/anttironkainen"]}]}},"_links":{"self":[{"href":"https:\/\/suomenkuvalehti.fi\/vallan-mahotonta\/wp-json\/wp\/v2\/posts\/9881","targetHints":{"allow":["GET"]}}],"collection":[{"href":"https:\/\/suomenkuvalehti.fi\/vallan-mahotonta\/wp-json\/wp\/v2\/posts"}],"about":[{"href":"https:\/\/suomenkuvalehti.fi\/vallan-mahotonta\/wp-json\/wp\/v2\/types\/post"}],"author":[{"embeddable":true,"href":"https:\/\/suomenkuvalehti.fi\/vallan-mahotonta\/wp-json\/wp\/v2\/users\/37967"}],"replies":[{"embeddable":true,"href":"https:\/\/suomenkuvalehti.fi\/vallan-mahotonta\/wp-json\/wp\/v2\/comments?post=9881"}],"version-history":[{"count":12,"href":"https:\/\/suomenkuvalehti.fi\/vallan-mahotonta\/wp-json\/wp\/v2\/posts\/9881\/revisions"}],"predecessor-version":[{"id":9893,"href":"https:\/\/suomenkuvalehti.fi\/vallan-mahotonta\/wp-json\/wp\/v2\/posts\/9881\/revisions\/9893"}],"wp:attachment":[{"href":"https:\/\/suomenkuvalehti.fi\/vallan-mahotonta\/wp-json\/wp\/v2\/media?parent=9881"}],"wp:term":[{"taxonomy":"category","embeddable":true,"href":"https:\/\/suomenkuvalehti.fi\/vallan-mahotonta\/wp-json\/wp\/v2\/categories?post=9881"},{"taxonomy":"post_tag","embeddable":true,"href":"https:\/\/suomenkuvalehti.fi\/vallan-mahotonta\/wp-json\/wp\/v2\/tags?post=9881"}],"curies":[{"name":"wp","href":"https:\/\/api.w.org\/{rel}","templated":true}]}}