{"id":9872,"date":"2023-12-11T13:58:31","date_gmt":"2023-12-11T11:58:31","guid":{"rendered":"https:\/\/suomenkuvalehti.fi\/vallan-mahotonta\/?p=9872"},"modified":"2023-12-11T13:58:32","modified_gmt":"2023-12-11T11:58:32","slug":"keskustaoikeisto-on-valtavirtaistanut-laitaoikeiston-eika-paluuta-enaa-ole","status":"publish","type":"post","link":"https:\/\/suomenkuvalehti.fi\/vallan-mahotonta\/keskustaoikeisto-on-valtavirtaistanut-laitaoikeiston-eika-paluuta-enaa-ole\/","title":{"rendered":"Keskustaoikeisto on valtavirtaistanut laitaoikeiston, eik\u00e4 paluuta en\u00e4\u00e4 ole"},"content":{"rendered":"\n<p>Muutaman viikon takaisissa Alankomaiden vaaleissa laitaoikeistolaisen ja islamofobisen <strong>Geert Wildersin<\/strong> PVV-puolue nousi maan suurimmaksi puolueeksi ja tuplasi kannatuksensa.<\/p>\n\n\n\n<p>Wildersin jytkyn j\u00e4lkeen keskustaoikeistolaisen Euroopan kansanpuolueen (EPP) johtaja <strong>Manfred Weber<\/strong> sanoi, ett\u00e4 maahanmuuttoon on puututtava entist\u00e4 kovemmin tai muuten laitaoikeisto tekee sen. Samoin ulkoministeri <strong>Elina Valtonen<\/strong> sanoi <em><a href=\"https:\/\/www.ft.com\/content\/f7587dc3-3518-4084-b68a-1dd00ab83e2e\">Financial Timesille<\/a><\/em> jo syksyll\u00e4, ett\u00e4 laitaoikeistolaisiin puolueisiin on sopeudettuva Euroopassa, koska niiden erist\u00e4minen ei ole toiminut esimerkiksi Ruotsissa. <\/p>\n\n\n\n<p><strong>Caroline de Gruyterin<\/strong> mukaan juuri <a href=\"https:\/\/euobserver.com\/opinion\/157744\">t\u00e4m\u00e4nkaltainen laitaoikeiston my\u00f6t\u00e4ily on tehnyt sen politiikasta hyv\u00e4ksytt\u00e4v\u00e4\u00e4 ja valtavirtaa<\/a>. Laitaoikeistolla on vakaa kannatus useimmissa maissa, mutta kannatuksen realisoituminen riippuu keskustaoikeistosta. <\/p>\n\n\n\n<p>Keskustaoikeistolaisen VVD-puolueen v\u00e4istynyt johtaja ja maata 13 vuotta hallinnut p\u00e4\u00e4ministeri <strong>Mark Rutte<\/strong> kielt\u00e4ytyi vuosikymmenen ajan yhteisty\u00f6st\u00e4 Wildersin kanssa, mutta my\u00f6t\u00e4ili h\u00e4nen kovia maahanmuuttokantoja ainoastaan huomatakseen, ett\u00e4 niist\u00e4 oli tullut 2020-luvulla valtavirtaa. Kun VVD:n uusi johtaja <strong>Dilan Ye\u015filg\u00f6z<\/strong> ei sulkenut ovea yhteisty\u00f6lt\u00e4 Wildersin kanssa, ihmiset \u00e4\u00e4nestiv\u00e4t Wildersi\u00e4. \u00c4\u00e4ni laitaoikeistolle ei ollut en\u00e4\u00e4 hukkaan heitetty \u00e4\u00e4ni. <\/p>\n\n\n\n<p><strong>Cas Mudden<\/strong> mukaan kyseess\u00e4 onkin <a href=\"https:\/\/www.theguardian.com\/commentisfree\/2023\/nov\/30\/geert-wilders-win-far-right-western-europe\">laitaoikeiston uusi vaihe<\/a> L\u00e4nsi-Euroopassa, jossa sen mielipiteist\u00e4 ei tule ainoastaan valtavirtaa vaan se on my\u00f6s hallitseva voima oikeiston sis\u00e4ll\u00e4. Vuoden 2015 pakolaiskriisin j\u00e4lkeen keskustaoikeistolaiset puolueet eiv\u00e4t ole ainoastaan omaksuneet laitaoikeiston puhetapaa vaan my\u00f6s sen politiikkasuositukset. Laitaoikeisto on noussut valtaan Italiassa, Ruotsissa ja Suomessa ja hyvin mahdollisesti pian my\u00f6s Alankomaissa. My\u00f6s Saksassa kristillisdemokraattien (CDU\/CSU) ja laitaoikeistolaisen Alternative f\u00fcr Deutschlandin kannatus riitt\u00e4isi jo enemmist\u00f6hallituksen muodostamiseen. <\/p>\n\n\n\n<p>Mudden mukaan laitaoikeistolaisen politiikan valtavirtaistuessa n\u00e4iden puolueiden kannatus on ainoastaan kasvanut. Laitaoikeisto on suurin gallupeissa jo It\u00e4vallassa, Belgiassa, Ranskassa, Italiassa ja Alankomaissa. Lis\u00e4ksi ruotsidemokraatit on paljon suositumpi kuin kokoomuksen sisarpuolue moderaatit. <a href=\"https:\/\/europeelects.eu\/2023\/11\/30\/november-2023\/\">Ensi kes\u00e4kuun eurovaaleissa<\/a> laitaoikeistolaisten ID- ja ECR-parlamenttiryhmien yhteenlaskettu kannatus on nousemassa 170 paikkaan, joka on ainoastaan 5 paikkaa v\u00e4hemm\u00e4n kuin parlementin suurimman EPP:n kannatus. <\/p>\n\n\n\n<p>Keskustaoikeisto pysyy vallassa laitaoikeiston tuella ja se voi harjoittaa oikeistohallituksissa haluaamaansa talouspolitiikkaa paremmin kuin sinipunahallituksissa sosiaalidemokraattien kanssa. Hinta voi olla kuitenkin arvaamaton. Yhdysvalloissa Trump on nielaissut republikaanipuolueen, samoin Iso-Britanniassa tory-puolue on radikalisoitunut niin paljon brexitin j\u00e4lkeen, ett\u00e4 maltilliset oikeistolaiset siirtyv\u00e4t t\u00e4ll\u00e4 hetkell\u00e4 <strong>Keir Starmerin <\/strong>ty\u00f6v\u00e4enpuolueeseen. <\/p>\n\n\n\n<p>Onkin kyseenalaista, voiko keskustaoikeisto hallita laitaoikeiston nousua mukautumalla niiden politiikkaan, kuten Weber, Valtonen ja monet muut oikeistopoliitikot ehdottavat. <\/p>\n","protected":false},"excerpt":{"rendered":"<p>Muutaman viikon takaisissa Alankomaiden vaaleissa laitaoikeistolaisen ja islamofobisen Geert Wildersin PVV-puolue nousi maan suurimmaksi puolueeksi ja tuplasi kannatuksensa. Wildersin jytkyn j\u00e4lkeen keskustaoikeistolaisen Euroopan kansanpuolueen (EPP)<br \/>\n&hellip;<\/p>\n","protected":false},"author":37967,"featured_media":0,"comment_status":"open","ping_status":"open","sticky":false,"template":"","format":"standard","meta":{"_acf_changed":false,"asauth_required_access_level":3,"asauth_cansharepaid":"true","om_header_attributes":[],"footnotes":"","om_featured_image_focal_point":[],"om_primary_tag":435,"om_contributors":[],"om_co_authors":[],"beyondwords_generate_audio":"","beyondwords_project_id":"","beyondwords_content_id":"","beyondwords_preview_token":"","beyondwords_player_content":"","beyondwords_player_style":"","beyondwords_language_code":"","beyondwords_language_id":"","beyondwords_title_voice_id":"","beyondwords_body_voice_id":"","beyondwords_summary_voice_id":"","beyondwords_error_message":"","beyondwords_disabled":"","beyondwords_delete_content":"","beyondwords_podcast_id":"","beyondwords_hash":"","publish_post_to_speechkit":"","speechkit_hash":"","speechkit_generate_audio":"","speechkit_project_id":"","speechkit_podcast_id":"","speechkit_error_message":"","speechkit_disabled":"","speechkit_access_key":"","speechkit_error":"","speechkit_info":"","speechkit_response":"","speechkit_retries":"","speechkit_status":"","speechkit_updated_at":"","_speechkit_link":"","_speechkit_text":""},"categories":[1],"tags":[695,692,435,663,694,364],"class_list":["post-9872","post","type-post","status-publish","format-standard","hentry","category-vallan-mahotonta","tag-elina-valtonen","tag-geert-wilders","tag-keskustaoikeisto","tag-laitaoikeisto","tag-manfred-weber","tag-mark-rutte"],"om_views":null,"acf":{"tuuma_off":false,"tuuma_kysymys":"","tuuma_vastaus":""},"asauth":{"required_access_level":1,"share_token":"","is_paid":false},"yoast_head":"<!-- This site is optimized with the Yoast SEO plugin v26.4 - https:\/\/yoast.com\/wordpress\/plugins\/seo\/ -->\n<title>Keskustaoikeisto on valtavirtaistanut laitaoikeiston, eik\u00e4 paluuta en\u00e4\u00e4 ole - Vallan mahotonta!<\/title>\n<meta name=\"robots\" content=\"index, follow, max-snippet:-1, max-image-preview:large, max-video-preview:-1\" \/>\n<link rel=\"canonical\" href=\"https:\/\/suomenkuvalehti.fi\/vallan-mahotonta\/keskustaoikeisto-on-valtavirtaistanut-laitaoikeiston-eika-paluuta-enaa-ole\/\" \/>\n<meta property=\"og:locale\" content=\"fi_FI\" \/>\n<meta property=\"og:type\" content=\"article\" \/>\n<meta property=\"og:title\" content=\"Keskustaoikeisto on valtavirtaistanut laitaoikeiston, eik\u00e4 paluuta en\u00e4\u00e4 ole - Vallan mahotonta!\" \/>\n<meta property=\"og:description\" content=\"Muutaman viikon takaisissa Alankomaiden vaaleissa laitaoikeistolaisen ja islamofobisen Geert Wildersin PVV-puolue nousi maan suurimmaksi puolueeksi ja tuplasi kannatuksensa. Wildersin jytkyn j\u00e4lkeen keskustaoikeistolaisen Euroopan kansanpuolueen (EPP) &hellip;\" \/>\n<meta property=\"og:url\" content=\"https:\/\/suomenkuvalehti.fi\/vallan-mahotonta\/keskustaoikeisto-on-valtavirtaistanut-laitaoikeiston-eika-paluuta-enaa-ole\/\" \/>\n<meta property=\"og:site_name\" content=\"Vallan mahotonta!\" \/>\n<meta property=\"article:author\" content=\"https:\/\/www.facebook.com\/a.ronkainen\" \/>\n<meta property=\"article:published_time\" content=\"2023-12-11T11:58:31+00:00\" \/>\n<meta property=\"article:modified_time\" content=\"2023-12-11T11:58:32+00:00\" \/>\n<meta property=\"og:image\" content=\"https:\/\/suomenkuvalehti.fi\/vallan-mahotonta\/wp-content\/uploads\/sites\/42\/2018\/05\/antti_j_ronkainen_blogi_pieni.jpg\" \/>\n\t<meta property=\"og:image:width\" content=\"600\" \/>\n\t<meta property=\"og:image:height\" content=\"600\" \/>\n\t<meta property=\"og:image:type\" content=\"image\/jpeg\" \/>\n<meta name=\"author\" content=\"Antti Ronkainen\" \/>\n<meta name=\"twitter:card\" content=\"summary_large_image\" \/>\n<meta name=\"twitter:creator\" content=\"@https:\/\/twitter.com\/anttironkainen\" \/>\n<meta name=\"twitter:label1\" content=\"Written by\" \/>\n\t<meta name=\"twitter:data1\" content=\"Antti Ronkainen\" \/>\n\t<meta name=\"twitter:label2\" content=\"Est. reading time\" \/>\n\t<meta name=\"twitter:data2\" content=\"2 minuuttia\" \/>\n<script type=\"application\/ld+json\" class=\"yoast-schema-graph\">{\"@context\":\"https:\/\/schema.org\",\"@graph\":[{\"@type\":\"WebPage\",\"@id\":\"https:\/\/suomenkuvalehti.fi\/vallan-mahotonta\/keskustaoikeisto-on-valtavirtaistanut-laitaoikeiston-eika-paluuta-enaa-ole\/\",\"url\":\"https:\/\/suomenkuvalehti.fi\/vallan-mahotonta\/keskustaoikeisto-on-valtavirtaistanut-laitaoikeiston-eika-paluuta-enaa-ole\/\",\"name\":\"Keskustaoikeisto on valtavirtaistanut laitaoikeiston, eik\u00e4 paluuta en\u00e4\u00e4 ole - Vallan mahotonta!\",\"isPartOf\":{\"@id\":\"https:\/\/suomenkuvalehti.fi\/vallan-mahotonta\/#website\"},\"datePublished\":\"2023-12-11T11:58:31+00:00\",\"dateModified\":\"2023-12-11T11:58:32+00:00\",\"author\":{\"@id\":\"https:\/\/suomenkuvalehti.fi\/vallan-mahotonta\/#\/schema\/person\/aa34015af7a4bce21e1cdcf566bb57b0\"},\"breadcrumb\":{\"@id\":\"https:\/\/suomenkuvalehti.fi\/vallan-mahotonta\/keskustaoikeisto-on-valtavirtaistanut-laitaoikeiston-eika-paluuta-enaa-ole\/#breadcrumb\"},\"inLanguage\":\"fi\",\"potentialAction\":[{\"@type\":\"ReadAction\",\"target\":[\"https:\/\/suomenkuvalehti.fi\/vallan-mahotonta\/keskustaoikeisto-on-valtavirtaistanut-laitaoikeiston-eika-paluuta-enaa-ole\/\"]}]},{\"@type\":\"BreadcrumbList\",\"@id\":\"https:\/\/suomenkuvalehti.fi\/vallan-mahotonta\/keskustaoikeisto-on-valtavirtaistanut-laitaoikeiston-eika-paluuta-enaa-ole\/#breadcrumb\",\"itemListElement\":[{\"@type\":\"ListItem\",\"position\":1,\"name\":\"Home\",\"item\":\"https:\/\/suomenkuvalehti.fi\/vallan-mahotonta\/\"},{\"@type\":\"ListItem\",\"position\":2,\"name\":\"Keskustaoikeisto on valtavirtaistanut laitaoikeiston, eik\u00e4 paluuta en\u00e4\u00e4 ole\"}]},{\"@type\":\"WebSite\",\"@id\":\"https:\/\/suomenkuvalehti.fi\/vallan-mahotonta\/#website\",\"url\":\"https:\/\/suomenkuvalehti.fi\/vallan-mahotonta\/\",\"name\":\"Vallan mahotonta!\",\"description\":\"Tutkija Antti Ronkainen seuraa maailmantalouden murrosta.\",\"potentialAction\":[{\"@type\":\"SearchAction\",\"target\":{\"@type\":\"EntryPoint\",\"urlTemplate\":\"https:\/\/suomenkuvalehti.fi\/haku\/?q={search_term_string}\"},\"query-input\":{\"@type\":\"PropertyValueSpecification\",\"valueRequired\":true,\"valueName\":\"search_term_string\"}}],\"inLanguage\":\"fi\"},{\"@type\":\"Person\",\"@id\":\"https:\/\/suomenkuvalehti.fi\/vallan-mahotonta\/#\/schema\/person\/aa34015af7a4bce21e1cdcf566bb57b0\",\"name\":\"Antti Ronkainen\",\"image\":{\"@type\":\"ImageObject\",\"inLanguage\":\"fi\",\"@id\":\"https:\/\/suomenkuvalehti.fi\/vallan-mahotonta\/#\/schema\/person\/image\/\",\"url\":\"https:\/\/suomenkuvalehti.fi\/vallan-mahotonta\/wp-content\/uploads\/sites\/42\/2018\/05\/antti_j_ronkainen_blogi_pieni-150x150.jpg\",\"contentUrl\":\"https:\/\/suomenkuvalehti.fi\/vallan-mahotonta\/wp-content\/uploads\/sites\/42\/2018\/05\/antti_j_ronkainen_blogi_pieni-150x150.jpg\",\"caption\":\"Antti Ronkainen\"},\"description\":\"Antti Ronkainen on poliittisen talouden v\u00e4it\u00f6skirjatutkija Helsingin yliopistolla.\",\"sameAs\":[\"http:\/\/anttironkainen.fi\",\"https:\/\/www.facebook.com\/a.ronkainen\",\"https:\/\/www.instagram.com\/antti.ronkainen\/\",\"https:\/\/x.com\/https:\/\/twitter.com\/anttironkainen\"]}]}<\/script>\n<!-- \/ Yoast SEO plugin. -->","yoast_head_json":{"title":"Keskustaoikeisto on valtavirtaistanut laitaoikeiston, eik\u00e4 paluuta en\u00e4\u00e4 ole - Vallan mahotonta!","robots":{"index":"index","follow":"follow","max-snippet":"max-snippet:-1","max-image-preview":"max-image-preview:large","max-video-preview":"max-video-preview:-1"},"canonical":"https:\/\/suomenkuvalehti.fi\/vallan-mahotonta\/keskustaoikeisto-on-valtavirtaistanut-laitaoikeiston-eika-paluuta-enaa-ole\/","og_locale":"fi_FI","og_type":"article","og_title":"Keskustaoikeisto on valtavirtaistanut laitaoikeiston, eik\u00e4 paluuta en\u00e4\u00e4 ole - Vallan mahotonta!","og_description":"Muutaman viikon takaisissa Alankomaiden vaaleissa laitaoikeistolaisen ja islamofobisen Geert Wildersin PVV-puolue nousi maan suurimmaksi puolueeksi ja tuplasi kannatuksensa. Wildersin jytkyn j\u00e4lkeen keskustaoikeistolaisen Euroopan kansanpuolueen (EPP) &hellip;","og_url":"https:\/\/suomenkuvalehti.fi\/vallan-mahotonta\/keskustaoikeisto-on-valtavirtaistanut-laitaoikeiston-eika-paluuta-enaa-ole\/","og_site_name":"Vallan mahotonta!","article_author":"https:\/\/www.facebook.com\/a.ronkainen","article_published_time":"2023-12-11T11:58:31+00:00","article_modified_time":"2023-12-11T11:58:32+00:00","og_image":[{"width":600,"height":600,"url":"https:\/\/suomenkuvalehti.fi\/vallan-mahotonta\/wp-content\/uploads\/sites\/42\/2018\/05\/antti_j_ronkainen_blogi_pieni.jpg","type":"image\/jpeg"}],"author":"Antti Ronkainen","twitter_card":"summary_large_image","twitter_creator":"@https:\/\/twitter.com\/anttironkainen","twitter_misc":{"Written by":"Antti Ronkainen","Est. reading time":"2 minuuttia"},"schema":{"@context":"https:\/\/schema.org","@graph":[{"@type":"WebPage","@id":"https:\/\/suomenkuvalehti.fi\/vallan-mahotonta\/keskustaoikeisto-on-valtavirtaistanut-laitaoikeiston-eika-paluuta-enaa-ole\/","url":"https:\/\/suomenkuvalehti.fi\/vallan-mahotonta\/keskustaoikeisto-on-valtavirtaistanut-laitaoikeiston-eika-paluuta-enaa-ole\/","name":"Keskustaoikeisto on valtavirtaistanut laitaoikeiston, eik\u00e4 paluuta en\u00e4\u00e4 ole - Vallan mahotonta!","isPartOf":{"@id":"https:\/\/suomenkuvalehti.fi\/vallan-mahotonta\/#website"},"datePublished":"2023-12-11T11:58:31+00:00","dateModified":"2023-12-11T11:58:32+00:00","author":{"@id":"https:\/\/suomenkuvalehti.fi\/vallan-mahotonta\/#\/schema\/person\/aa34015af7a4bce21e1cdcf566bb57b0"},"breadcrumb":{"@id":"https:\/\/suomenkuvalehti.fi\/vallan-mahotonta\/keskustaoikeisto-on-valtavirtaistanut-laitaoikeiston-eika-paluuta-enaa-ole\/#breadcrumb"},"inLanguage":"fi","potentialAction":[{"@type":"ReadAction","target":["https:\/\/suomenkuvalehti.fi\/vallan-mahotonta\/keskustaoikeisto-on-valtavirtaistanut-laitaoikeiston-eika-paluuta-enaa-ole\/"]}]},{"@type":"BreadcrumbList","@id":"https:\/\/suomenkuvalehti.fi\/vallan-mahotonta\/keskustaoikeisto-on-valtavirtaistanut-laitaoikeiston-eika-paluuta-enaa-ole\/#breadcrumb","itemListElement":[{"@type":"ListItem","position":1,"name":"Home","item":"https:\/\/suomenkuvalehti.fi\/vallan-mahotonta\/"},{"@type":"ListItem","position":2,"name":"Keskustaoikeisto on valtavirtaistanut laitaoikeiston, eik\u00e4 paluuta en\u00e4\u00e4 ole"}]},{"@type":"WebSite","@id":"https:\/\/suomenkuvalehti.fi\/vallan-mahotonta\/#website","url":"https:\/\/suomenkuvalehti.fi\/vallan-mahotonta\/","name":"Vallan mahotonta!","description":"Tutkija Antti Ronkainen seuraa maailmantalouden murrosta.","potentialAction":[{"@type":"SearchAction","target":{"@type":"EntryPoint","urlTemplate":"https:\/\/suomenkuvalehti.fi\/haku\/?q={search_term_string}"},"query-input":{"@type":"PropertyValueSpecification","valueRequired":true,"valueName":"search_term_string"}}],"inLanguage":"fi"},{"@type":"Person","@id":"https:\/\/suomenkuvalehti.fi\/vallan-mahotonta\/#\/schema\/person\/aa34015af7a4bce21e1cdcf566bb57b0","name":"Antti Ronkainen","image":{"@type":"ImageObject","inLanguage":"fi","@id":"https:\/\/suomenkuvalehti.fi\/vallan-mahotonta\/#\/schema\/person\/image\/","url":"https:\/\/suomenkuvalehti.fi\/vallan-mahotonta\/wp-content\/uploads\/sites\/42\/2018\/05\/antti_j_ronkainen_blogi_pieni-150x150.jpg","contentUrl":"https:\/\/suomenkuvalehti.fi\/vallan-mahotonta\/wp-content\/uploads\/sites\/42\/2018\/05\/antti_j_ronkainen_blogi_pieni-150x150.jpg","caption":"Antti Ronkainen"},"description":"Antti Ronkainen on poliittisen talouden v\u00e4it\u00f6skirjatutkija Helsingin yliopistolla.","sameAs":["http:\/\/anttironkainen.fi","https:\/\/www.facebook.com\/a.ronkainen","https:\/\/www.instagram.com\/antti.ronkainen\/","https:\/\/x.com\/https:\/\/twitter.com\/anttironkainen"]}]}},"_links":{"self":[{"href":"https:\/\/suomenkuvalehti.fi\/vallan-mahotonta\/wp-json\/wp\/v2\/posts\/9872","targetHints":{"allow":["GET"]}}],"collection":[{"href":"https:\/\/suomenkuvalehti.fi\/vallan-mahotonta\/wp-json\/wp\/v2\/posts"}],"about":[{"href":"https:\/\/suomenkuvalehti.fi\/vallan-mahotonta\/wp-json\/wp\/v2\/types\/post"}],"author":[{"embeddable":true,"href":"https:\/\/suomenkuvalehti.fi\/vallan-mahotonta\/wp-json\/wp\/v2\/users\/37967"}],"replies":[{"embeddable":true,"href":"https:\/\/suomenkuvalehti.fi\/vallan-mahotonta\/wp-json\/wp\/v2\/comments?post=9872"}],"version-history":[{"count":6,"href":"https:\/\/suomenkuvalehti.fi\/vallan-mahotonta\/wp-json\/wp\/v2\/posts\/9872\/revisions"}],"predecessor-version":[{"id":9879,"href":"https:\/\/suomenkuvalehti.fi\/vallan-mahotonta\/wp-json\/wp\/v2\/posts\/9872\/revisions\/9879"}],"wp:attachment":[{"href":"https:\/\/suomenkuvalehti.fi\/vallan-mahotonta\/wp-json\/wp\/v2\/media?parent=9872"}],"wp:term":[{"taxonomy":"category","embeddable":true,"href":"https:\/\/suomenkuvalehti.fi\/vallan-mahotonta\/wp-json\/wp\/v2\/categories?post=9872"},{"taxonomy":"post_tag","embeddable":true,"href":"https:\/\/suomenkuvalehti.fi\/vallan-mahotonta\/wp-json\/wp\/v2\/tags?post=9872"}],"curies":[{"name":"wp","href":"https:\/\/api.w.org\/{rel}","templated":true}]}}