{"id":9804,"date":"2023-10-25T10:50:31","date_gmt":"2023-10-25T07:50:31","guid":{"rendered":"https:\/\/suomenkuvalehti.fi\/vallan-mahotonta\/?p=9804"},"modified":"2023-10-25T11:04:42","modified_gmt":"2023-10-25T08:04:42","slug":"sahra-wagenknechtin-uusi-vasemmistokonservatismi-haastaa-liberaalin-ilmasto-ja-pakolaispolitiikan","status":"publish","type":"post","link":"https:\/\/suomenkuvalehti.fi\/vallan-mahotonta\/sahra-wagenknechtin-uusi-vasemmistokonservatismi-haastaa-liberaalin-ilmasto-ja-pakolaispolitiikan\/","title":{"rendered":"Sahra Wagenknechtin uusi vasemmistokonservatismi haastaa liberaalin ilmasto- ja pakolaispolitiikan"},"content":{"rendered":"\n<p>Saksan suosituimpiin poliitikoihin kuuluva <strong>Sahra Wagenknecht<\/strong> ilmoitti maanantaina eroavansa Vasemmistoliiton sisarpuolue <em>Die Linkest\u00e4<\/em> ja perustavansa uuden vasemmistokonservatiivisen <em>F\u00fcr Vernunft und Gerechtigkeit<\/em> -puolueen (vapaasti k\u00e4\u00e4nnettyn\u00e4 &#8221;J\u00e4rjen ja oikeuden puolesta&#8221;). Wagenknechtin itsens\u00e4 mukaan puolue on niille, jotka ovat aiemmin \u00e4\u00e4nest\u00e4neet laitaoikeistolaista <em>Alternative f\u00fcr Deutsclandia<\/em> &#8211; eiv\u00e4t oikeistolaisuuttaan vaan vaihtoehtojen puutteen vuoksi. <\/p>\n\n\n\n<p>Wagenknecht toimi Linken parlamenttiryhm\u00e4n toisena johtajana vuosina 2015-2019, mutta pakolaiskriisiin, koronarokotuksiin ja Ukrainan sotaan liittyvien erimielisyyksien vuoksi h\u00e4n on harkinnut oman puolueen perustamista vuodesta 2021 l\u00e4htien. Viimeinen niitti oli lokakuun alun Baijerin ja Hessenin osavaltiovaalit, joissa Linke ei saavuttanut 5 prosentin \u00e4\u00e4nikynnyst\u00e4. <\/p>\n\n\n\n<p><a href=\"https:\/\/www.deutschlandfunk.de\/sahra-wagenknecht-eigene-partei-linke-100.html\">Wagenknechtin mukaan<\/a> Saksan tulee luopua &#8221;sokeasta ekoaktivismista&#8221; ja &#8221;hallitsemattomasta maahanmuutosta&#8221;, mink\u00e4 lis\u00e4ksi &#8221;suurkaupunkien vasemmisto&#8221; on keskittynyt taistelemaan ennemmin &#8221;outojen v\u00e4hemmist\u00f6jen&#8221; kuin &#8221;normaalien ihmisten&#8221; puolesta. Wagenknecht on vaatinut my\u00f6s Ukrainan aseavun lopettamista, Ven\u00e4j\u00e4n sanktioista luopumista sek\u00e4 diplomaattista ratkaisua sotaan, sill\u00e4 &#8221;sodat eiv\u00e4t lopu sotimalla&#8221;. <\/p>\n\n\n\n<p>Wagenknecht pyrkii hyvinkoulutetun keskiluokan sijaan puhuttelemaan ennemminkin konservatiivisia ty\u00f6l\u00e4isi\u00e4 ja yksinyritt\u00e4ji\u00e4, jotka ovat vieraantuneet puolueista ja ay-liikkeest\u00e4 ja jotka pelk\u00e4\u00e4v\u00e4t oman ja lastensa luokka-aseman puolesta. Esimerkiksi <a href=\"https:\/\/blogs.lse.ac.uk\/europpblog\/2019\/09\/16\/the-brahmin-left-vs-the-merchant-right-a-comment-on-thomas-pikettys-new-book\/\"><strong>Thomas Piketty<\/strong> on tuonut esiin<\/a>, kuinka korkeastikoulutetut ovat taipuvaisempia \u00e4\u00e4nest\u00e4m\u00e4\u00e4n vasemmistoa samalla kuitenkin erkaannuttaen t\u00e4m\u00e4n &#8221;brahmaanivasemmiston&#8221; yh\u00e4 kauemmas perinteisest\u00e4 ty\u00f6v\u00e4est\u00e4. Vastaavanlainen kehitys on ollut n\u00e4ht\u00e4viss\u00e4 my\u00f6s Suomen vasemmiston piiriss\u00e4, mink\u00e4 seurauksena perussuomalaiset ovat kasvattaneet tasaisesti kannatustaan ay-liikkeess\u00e4.<\/p>\n\n\n\n<p>Wagenknechti\u00e4 on uutisoinnissa laitettu laitavasemmistoon, mutta h\u00e4nen talouspoliittiset kantansa eiv\u00e4t ole kovinkaan selkeit\u00e4: h\u00e4n on syytt\u00e4nyt Linke\u00e4 talouspoliittisten kysymysten unohtamisesta, mutta vastaavasti <a href=\"https:\/\/jacobin.com\/2023\/10\/sahra-wagenknecht-new-german-party-left-conservativism\">h\u00e4nen kannattamansa<\/a> &#8221;sosiaalisen markkinatalouden&#8221; on syytetty h\u00e4nnystelev\u00e4n saksalaista ordoliberalismia ja olevan l\u00e4hemp\u00e4n\u00e4 <strong>Joseph Schumpeteri\u00e4<\/strong> kuin <strong>Karl Marxia<\/strong>. Toisaalta Wagenknecht on kritisoinut voimakkaasti uusliberalismia ja yritysten valtaa sek\u00e4 kannattanut minimipalkan nostoa ja sosiaalietuuksia.<\/p>\n\n\n\n<p>Wagenknecht on nimennyt vasemmiston lis\u00e4ksi vihre\u00e4t suurimmaksi vastustajakseen ja puolue voikin houkutella konservatiivisella ilmasto- ja maahanmuuttopolitiikalla AfD:n lis\u00e4ksi niin maltillisia sosiaalidemokraattien (SPD) kuin kristillisdemokraattien (CDU\/CSU) \u00e4\u00e4nest\u00e4ji\u00e4. Gallupeissa Wagenknechtin puolue on ollut saamassa noin 10 prosentin valtakunnallisen ja jopa 30-40 prosentin kannatuksen It\u00e4-Saksan osavaltioissa. Puolue asettuu ehdolle ensi kes\u00e4kuun eurovaaleissa, jolloin sen todellinen kannatus sek\u00e4 vaikutus Linkeen ja AfD:hen n\u00e4hd\u00e4\u00e4n tarkemmin. <\/p>\n\n\n\n<p>Wagenknechtin pyrkimyksen\u00e4 on est\u00e4\u00e4 laitaoikeiston nousu samalla kuitenkin vet\u00e4en poliittista keskustaa entist\u00e4 enemm\u00e4n oikealle. Uusi puolue onkin saanut nuivan vastaanoton esimerkiksi <a href=\"https:\/\/www.ku.fi\/artikkeli\/4929107-saksan-vasemmistopuolue-hajosi-ex-puheenjohtaja-toteutti-vihdoin-uhkauksensa\">Vasemmistoliiton puoluelehdess\u00e4<\/a>, mutta se kannattaa laittaa silti tarkempaan seurantaan, sill\u00e4 vasemmistokonservatismin kehitys kertoo laajemmin Euroopan ty\u00f6l\u00e4isten ja alemman keskiluokan suhtautumisesta aikamme kohtalonkysymyksiin, kuten pakolaisuuteen, ilmastonmuutokseen ja kiihtyv\u00e4\u00e4n suurvaltakamppailuun. <\/p>\n","protected":false},"excerpt":{"rendered":"<p>Saksan suosituimpiin poliitikoihin kuuluva Sahra Wagenknecht ilmoitti maanantaina eroavansa Vasemmistoliiton sisarpuolue Die Linkest\u00e4 ja perustavansa uuden vasemmistokonservatiivisen F\u00fcr Vernunft und Gerechtigkeit -puolueen<br \/>\n(&hellip;<\/p>\n","protected":false},"author":37967,"featured_media":0,"comment_status":"open","ping_status":"open","sticky":false,"template":"","format":"standard","meta":{"_acf_changed":false,"asauth_required_access_level":3,"asauth_cansharepaid":"true","om_header_attributes":[],"footnotes":"","om_featured_image_focal_point":[],"om_primary_tag":506,"om_contributors":[],"om_co_authors":[],"beyondwords_generate_audio":"","beyondwords_project_id":"","beyondwords_content_id":"","beyondwords_preview_token":"","beyondwords_player_content":"","beyondwords_player_style":"","beyondwords_language_code":"","beyondwords_language_id":"","beyondwords_title_voice_id":"","beyondwords_body_voice_id":"","beyondwords_summary_voice_id":"","beyondwords_error_message":"","beyondwords_disabled":"","beyondwords_delete_content":"","beyondwords_podcast_id":"","beyondwords_hash":"","publish_post_to_speechkit":"","speechkit_hash":"","speechkit_generate_audio":"","speechkit_project_id":"","speechkit_podcast_id":"","speechkit_error_message":"","speechkit_disabled":"","speechkit_access_key":"","speechkit_error":"","speechkit_info":"","speechkit_response":"","speechkit_retries":"","speechkit_status":"","speechkit_updated_at":"","_speechkit_link":"","_speechkit_text":""},"categories":[1],"tags":[531,506,663,70,684,277],"class_list":["post-9804","post","type-post","status-publish","format-standard","hentry","category-vallan-mahotonta","tag-ilmastopolitiikka","tag-kulttuurivasemmisto","tag-laitaoikeisto","tag-maahanmuutto","tag-vasemmistkonservatismi","tag-vasemmisto"],"om_views":null,"acf":{"tuuma_off":false,"tuuma_kysymys":"","tuuma_vastaus":""},"asauth":{"required_access_level":1,"share_token":"","is_paid":false},"yoast_head":"<!-- This site is optimized with the Yoast SEO plugin v26.4 - https:\/\/yoast.com\/wordpress\/plugins\/seo\/ -->\n<title>Sahra Wagenknechtin uusi vasemmistokonservatismi haastaa liberaalin ilmasto- ja pakolaispolitiikan - Vallan mahotonta!<\/title>\n<meta name=\"robots\" content=\"index, follow, max-snippet:-1, max-image-preview:large, max-video-preview:-1\" \/>\n<link rel=\"canonical\" href=\"https:\/\/suomenkuvalehti.fi\/vallan-mahotonta\/sahra-wagenknechtin-uusi-vasemmistokonservatismi-haastaa-liberaalin-ilmasto-ja-pakolaispolitiikan\/\" \/>\n<meta property=\"og:locale\" content=\"fi_FI\" \/>\n<meta property=\"og:type\" content=\"article\" \/>\n<meta property=\"og:title\" content=\"Sahra Wagenknechtin uusi vasemmistokonservatismi haastaa liberaalin ilmasto- ja pakolaispolitiikan - Vallan mahotonta!\" \/>\n<meta property=\"og:description\" content=\"Saksan suosituimpiin poliitikoihin kuuluva Sahra Wagenknecht ilmoitti maanantaina eroavansa Vasemmistoliiton sisarpuolue Die Linkest\u00e4 ja perustavansa uuden vasemmistokonservatiivisen F\u00fcr Vernunft und Gerechtigkeit -puolueen (&hellip;\" \/>\n<meta property=\"og:url\" content=\"https:\/\/suomenkuvalehti.fi\/vallan-mahotonta\/sahra-wagenknechtin-uusi-vasemmistokonservatismi-haastaa-liberaalin-ilmasto-ja-pakolaispolitiikan\/\" \/>\n<meta property=\"og:site_name\" content=\"Vallan mahotonta!\" \/>\n<meta property=\"article:author\" content=\"https:\/\/www.facebook.com\/a.ronkainen\" \/>\n<meta property=\"article:published_time\" content=\"2023-10-25T07:50:31+00:00\" \/>\n<meta property=\"article:modified_time\" content=\"2023-10-25T08:04:42+00:00\" \/>\n<meta property=\"og:image\" content=\"https:\/\/suomenkuvalehti.fi\/vallan-mahotonta\/wp-content\/uploads\/sites\/42\/2018\/05\/antti_j_ronkainen_blogi_pieni.jpg\" \/>\n\t<meta property=\"og:image:width\" content=\"600\" \/>\n\t<meta property=\"og:image:height\" content=\"600\" \/>\n\t<meta property=\"og:image:type\" content=\"image\/jpeg\" \/>\n<meta name=\"author\" content=\"Antti Ronkainen\" \/>\n<meta name=\"twitter:card\" content=\"summary_large_image\" \/>\n<meta name=\"twitter:creator\" content=\"@https:\/\/twitter.com\/anttironkainen\" \/>\n<meta name=\"twitter:label1\" content=\"Written by\" \/>\n\t<meta name=\"twitter:data1\" content=\"Antti Ronkainen\" \/>\n\t<meta name=\"twitter:label2\" content=\"Est. reading time\" \/>\n\t<meta name=\"twitter:data2\" content=\"3 minuuttia\" \/>\n<script type=\"application\/ld+json\" class=\"yoast-schema-graph\">{\"@context\":\"https:\/\/schema.org\",\"@graph\":[{\"@type\":\"WebPage\",\"@id\":\"https:\/\/suomenkuvalehti.fi\/vallan-mahotonta\/sahra-wagenknechtin-uusi-vasemmistokonservatismi-haastaa-liberaalin-ilmasto-ja-pakolaispolitiikan\/\",\"url\":\"https:\/\/suomenkuvalehti.fi\/vallan-mahotonta\/sahra-wagenknechtin-uusi-vasemmistokonservatismi-haastaa-liberaalin-ilmasto-ja-pakolaispolitiikan\/\",\"name\":\"Sahra Wagenknechtin uusi vasemmistokonservatismi haastaa liberaalin ilmasto- ja pakolaispolitiikan - Vallan mahotonta!\",\"isPartOf\":{\"@id\":\"https:\/\/suomenkuvalehti.fi\/vallan-mahotonta\/#website\"},\"datePublished\":\"2023-10-25T07:50:31+00:00\",\"dateModified\":\"2023-10-25T08:04:42+00:00\",\"author\":{\"@id\":\"https:\/\/suomenkuvalehti.fi\/vallan-mahotonta\/#\/schema\/person\/aa34015af7a4bce21e1cdcf566bb57b0\"},\"breadcrumb\":{\"@id\":\"https:\/\/suomenkuvalehti.fi\/vallan-mahotonta\/sahra-wagenknechtin-uusi-vasemmistokonservatismi-haastaa-liberaalin-ilmasto-ja-pakolaispolitiikan\/#breadcrumb\"},\"inLanguage\":\"fi\",\"potentialAction\":[{\"@type\":\"ReadAction\",\"target\":[\"https:\/\/suomenkuvalehti.fi\/vallan-mahotonta\/sahra-wagenknechtin-uusi-vasemmistokonservatismi-haastaa-liberaalin-ilmasto-ja-pakolaispolitiikan\/\"]}]},{\"@type\":\"BreadcrumbList\",\"@id\":\"https:\/\/suomenkuvalehti.fi\/vallan-mahotonta\/sahra-wagenknechtin-uusi-vasemmistokonservatismi-haastaa-liberaalin-ilmasto-ja-pakolaispolitiikan\/#breadcrumb\",\"itemListElement\":[{\"@type\":\"ListItem\",\"position\":1,\"name\":\"Home\",\"item\":\"https:\/\/suomenkuvalehti.fi\/vallan-mahotonta\/\"},{\"@type\":\"ListItem\",\"position\":2,\"name\":\"Sahra Wagenknechtin uusi vasemmistokonservatismi haastaa liberaalin ilmasto- ja pakolaispolitiikan\"}]},{\"@type\":\"WebSite\",\"@id\":\"https:\/\/suomenkuvalehti.fi\/vallan-mahotonta\/#website\",\"url\":\"https:\/\/suomenkuvalehti.fi\/vallan-mahotonta\/\",\"name\":\"Vallan mahotonta!\",\"description\":\"Tutkija Antti Ronkainen seuraa maailmantalouden murrosta.\",\"potentialAction\":[{\"@type\":\"SearchAction\",\"target\":{\"@type\":\"EntryPoint\",\"urlTemplate\":\"https:\/\/suomenkuvalehti.fi\/haku\/?q={search_term_string}\"},\"query-input\":{\"@type\":\"PropertyValueSpecification\",\"valueRequired\":true,\"valueName\":\"search_term_string\"}}],\"inLanguage\":\"fi\"},{\"@type\":\"Person\",\"@id\":\"https:\/\/suomenkuvalehti.fi\/vallan-mahotonta\/#\/schema\/person\/aa34015af7a4bce21e1cdcf566bb57b0\",\"name\":\"Antti Ronkainen\",\"image\":{\"@type\":\"ImageObject\",\"inLanguage\":\"fi\",\"@id\":\"https:\/\/suomenkuvalehti.fi\/vallan-mahotonta\/#\/schema\/person\/image\/\",\"url\":\"https:\/\/suomenkuvalehti.fi\/vallan-mahotonta\/wp-content\/uploads\/sites\/42\/2018\/05\/antti_j_ronkainen_blogi_pieni-150x150.jpg\",\"contentUrl\":\"https:\/\/suomenkuvalehti.fi\/vallan-mahotonta\/wp-content\/uploads\/sites\/42\/2018\/05\/antti_j_ronkainen_blogi_pieni-150x150.jpg\",\"caption\":\"Antti Ronkainen\"},\"description\":\"Antti Ronkainen on poliittisen talouden v\u00e4it\u00f6skirjatutkija Helsingin yliopistolla.\",\"sameAs\":[\"http:\/\/anttironkainen.fi\",\"https:\/\/www.facebook.com\/a.ronkainen\",\"https:\/\/www.instagram.com\/antti.ronkainen\/\",\"https:\/\/x.com\/https:\/\/twitter.com\/anttironkainen\"]}]}<\/script>\n<!-- \/ Yoast SEO plugin. -->","yoast_head_json":{"title":"Sahra Wagenknechtin uusi vasemmistokonservatismi haastaa liberaalin ilmasto- ja pakolaispolitiikan - Vallan mahotonta!","robots":{"index":"index","follow":"follow","max-snippet":"max-snippet:-1","max-image-preview":"max-image-preview:large","max-video-preview":"max-video-preview:-1"},"canonical":"https:\/\/suomenkuvalehti.fi\/vallan-mahotonta\/sahra-wagenknechtin-uusi-vasemmistokonservatismi-haastaa-liberaalin-ilmasto-ja-pakolaispolitiikan\/","og_locale":"fi_FI","og_type":"article","og_title":"Sahra Wagenknechtin uusi vasemmistokonservatismi haastaa liberaalin ilmasto- ja pakolaispolitiikan - Vallan mahotonta!","og_description":"Saksan suosituimpiin poliitikoihin kuuluva Sahra Wagenknecht ilmoitti maanantaina eroavansa Vasemmistoliiton sisarpuolue Die Linkest\u00e4 ja perustavansa uuden vasemmistokonservatiivisen F\u00fcr Vernunft und Gerechtigkeit -puolueen (&hellip;","og_url":"https:\/\/suomenkuvalehti.fi\/vallan-mahotonta\/sahra-wagenknechtin-uusi-vasemmistokonservatismi-haastaa-liberaalin-ilmasto-ja-pakolaispolitiikan\/","og_site_name":"Vallan mahotonta!","article_author":"https:\/\/www.facebook.com\/a.ronkainen","article_published_time":"2023-10-25T07:50:31+00:00","article_modified_time":"2023-10-25T08:04:42+00:00","og_image":[{"width":600,"height":600,"url":"https:\/\/suomenkuvalehti.fi\/vallan-mahotonta\/wp-content\/uploads\/sites\/42\/2018\/05\/antti_j_ronkainen_blogi_pieni.jpg","type":"image\/jpeg"}],"author":"Antti Ronkainen","twitter_card":"summary_large_image","twitter_creator":"@https:\/\/twitter.com\/anttironkainen","twitter_misc":{"Written by":"Antti Ronkainen","Est. reading time":"3 minuuttia"},"schema":{"@context":"https:\/\/schema.org","@graph":[{"@type":"WebPage","@id":"https:\/\/suomenkuvalehti.fi\/vallan-mahotonta\/sahra-wagenknechtin-uusi-vasemmistokonservatismi-haastaa-liberaalin-ilmasto-ja-pakolaispolitiikan\/","url":"https:\/\/suomenkuvalehti.fi\/vallan-mahotonta\/sahra-wagenknechtin-uusi-vasemmistokonservatismi-haastaa-liberaalin-ilmasto-ja-pakolaispolitiikan\/","name":"Sahra Wagenknechtin uusi vasemmistokonservatismi haastaa liberaalin ilmasto- ja pakolaispolitiikan - Vallan mahotonta!","isPartOf":{"@id":"https:\/\/suomenkuvalehti.fi\/vallan-mahotonta\/#website"},"datePublished":"2023-10-25T07:50:31+00:00","dateModified":"2023-10-25T08:04:42+00:00","author":{"@id":"https:\/\/suomenkuvalehti.fi\/vallan-mahotonta\/#\/schema\/person\/aa34015af7a4bce21e1cdcf566bb57b0"},"breadcrumb":{"@id":"https:\/\/suomenkuvalehti.fi\/vallan-mahotonta\/sahra-wagenknechtin-uusi-vasemmistokonservatismi-haastaa-liberaalin-ilmasto-ja-pakolaispolitiikan\/#breadcrumb"},"inLanguage":"fi","potentialAction":[{"@type":"ReadAction","target":["https:\/\/suomenkuvalehti.fi\/vallan-mahotonta\/sahra-wagenknechtin-uusi-vasemmistokonservatismi-haastaa-liberaalin-ilmasto-ja-pakolaispolitiikan\/"]}]},{"@type":"BreadcrumbList","@id":"https:\/\/suomenkuvalehti.fi\/vallan-mahotonta\/sahra-wagenknechtin-uusi-vasemmistokonservatismi-haastaa-liberaalin-ilmasto-ja-pakolaispolitiikan\/#breadcrumb","itemListElement":[{"@type":"ListItem","position":1,"name":"Home","item":"https:\/\/suomenkuvalehti.fi\/vallan-mahotonta\/"},{"@type":"ListItem","position":2,"name":"Sahra Wagenknechtin uusi vasemmistokonservatismi haastaa liberaalin ilmasto- ja pakolaispolitiikan"}]},{"@type":"WebSite","@id":"https:\/\/suomenkuvalehti.fi\/vallan-mahotonta\/#website","url":"https:\/\/suomenkuvalehti.fi\/vallan-mahotonta\/","name":"Vallan mahotonta!","description":"Tutkija Antti Ronkainen seuraa maailmantalouden murrosta.","potentialAction":[{"@type":"SearchAction","target":{"@type":"EntryPoint","urlTemplate":"https:\/\/suomenkuvalehti.fi\/haku\/?q={search_term_string}"},"query-input":{"@type":"PropertyValueSpecification","valueRequired":true,"valueName":"search_term_string"}}],"inLanguage":"fi"},{"@type":"Person","@id":"https:\/\/suomenkuvalehti.fi\/vallan-mahotonta\/#\/schema\/person\/aa34015af7a4bce21e1cdcf566bb57b0","name":"Antti Ronkainen","image":{"@type":"ImageObject","inLanguage":"fi","@id":"https:\/\/suomenkuvalehti.fi\/vallan-mahotonta\/#\/schema\/person\/image\/","url":"https:\/\/suomenkuvalehti.fi\/vallan-mahotonta\/wp-content\/uploads\/sites\/42\/2018\/05\/antti_j_ronkainen_blogi_pieni-150x150.jpg","contentUrl":"https:\/\/suomenkuvalehti.fi\/vallan-mahotonta\/wp-content\/uploads\/sites\/42\/2018\/05\/antti_j_ronkainen_blogi_pieni-150x150.jpg","caption":"Antti Ronkainen"},"description":"Antti Ronkainen on poliittisen talouden v\u00e4it\u00f6skirjatutkija Helsingin yliopistolla.","sameAs":["http:\/\/anttironkainen.fi","https:\/\/www.facebook.com\/a.ronkainen","https:\/\/www.instagram.com\/antti.ronkainen\/","https:\/\/x.com\/https:\/\/twitter.com\/anttironkainen"]}]}},"_links":{"self":[{"href":"https:\/\/suomenkuvalehti.fi\/vallan-mahotonta\/wp-json\/wp\/v2\/posts\/9804","targetHints":{"allow":["GET"]}}],"collection":[{"href":"https:\/\/suomenkuvalehti.fi\/vallan-mahotonta\/wp-json\/wp\/v2\/posts"}],"about":[{"href":"https:\/\/suomenkuvalehti.fi\/vallan-mahotonta\/wp-json\/wp\/v2\/types\/post"}],"author":[{"embeddable":true,"href":"https:\/\/suomenkuvalehti.fi\/vallan-mahotonta\/wp-json\/wp\/v2\/users\/37967"}],"replies":[{"embeddable":true,"href":"https:\/\/suomenkuvalehti.fi\/vallan-mahotonta\/wp-json\/wp\/v2\/comments?post=9804"}],"version-history":[{"count":3,"href":"https:\/\/suomenkuvalehti.fi\/vallan-mahotonta\/wp-json\/wp\/v2\/posts\/9804\/revisions"}],"predecessor-version":[{"id":9807,"href":"https:\/\/suomenkuvalehti.fi\/vallan-mahotonta\/wp-json\/wp\/v2\/posts\/9804\/revisions\/9807"}],"wp:attachment":[{"href":"https:\/\/suomenkuvalehti.fi\/vallan-mahotonta\/wp-json\/wp\/v2\/media?parent=9804"}],"wp:term":[{"taxonomy":"category","embeddable":true,"href":"https:\/\/suomenkuvalehti.fi\/vallan-mahotonta\/wp-json\/wp\/v2\/categories?post=9804"},{"taxonomy":"post_tag","embeddable":true,"href":"https:\/\/suomenkuvalehti.fi\/vallan-mahotonta\/wp-json\/wp\/v2\/tags?post=9804"}],"curies":[{"name":"wp","href":"https:\/\/api.w.org\/{rel}","templated":true}]}}