{"id":9720,"date":"2023-08-30T10:50:28","date_gmt":"2023-08-30T07:50:28","guid":{"rendered":"https:\/\/suomenkuvalehti.fi\/vallan-mahotonta\/?p=9720"},"modified":"2023-08-30T16:24:28","modified_gmt":"2023-08-30T13:24:28","slug":"orpolle-ja-purralle-velka-ei-ole-periaate-vaan-keino-luokkapolitiikan-toteuttamiseksi","status":"publish","type":"post","link":"https:\/\/suomenkuvalehti.fi\/vallan-mahotonta\/orpolle-ja-purralle-velka-ei-ole-periaate-vaan-keino-luokkapolitiikan-toteuttamiseksi\/","title":{"rendered":"Orpolle ja Purralle velka ei ole periaate vaan keino luokkapolitiikan toteuttamiseksi"},"content":{"rendered":"\n<p><strong>Riikka Purran<\/strong> budjetin 10 miljardin alij\u00e4\u00e4m\u00e4 osoittaa, ettei <strong>Orpon<\/strong> hallitus poikkea merkitt\u00e4v\u00e4sti <strong>Marinin<\/strong> hallituksesta suhtautumisessa velkaan. Hallitukselle naljailtaessa &#8221;velkarallin&#8221; jatkamisesta tulee huomata, ett\u00e4 Orpo ja Purra n\u00e4ytt\u00e4v\u00e4t ymm\u00e4rt\u00e4v\u00e4n, ett\u00e4 j\u00e4re\u00e4mm\u00e4t leikkaukset nykyisess\u00e4 suhdanteessa lis\u00e4isi taloudellisia ongelmia entisest\u00e4\u00e4n. Velka pit\u00e4\u00e4 pinnalla. <\/p>\n\n\n\n<p>Hallitus ei halua hillit\u00e4 velkaantumista lainkaan veronkorotuksilla, vaikka <a href=\"https:\/\/www.sttk.fi\/2023\/08\/16\/orponomics-tarjoaa-kylmaa-kyytia-palkansaajille\/\">veroasteen pit\u00e4minen Marinin hallituksen tasolla<\/a> hillitsisi merkitt\u00e4v\u00e4sti velkaantumista tai poistaisi leikkaustarpeen l\u00e4hes kokonaan. Ei ole my\u00f6sk\u00e4\u00e4n kirkossa kuulutettu, ett\u00e4 kaavaillut 1,4 miljardin leikkaukset soteen ylip\u00e4\u00e4t\u00e4\u00e4n toteutuvat, koska niit\u00e4 on tekem\u00e4ss\u00e4 hallituksen sijaan hyvinvointialueet. Lis\u00e4ksi sosiaaliturvan leikkauksien, ansiosidonnaisen uudistusten ja veronalennusten on onnistuttava luomaan 100 000 uutta ty\u00f6paikkaa, jotta valtiontalous todella tasapainottuu halutut vajaat 2 miljardia. Lis\u00e4ksi hallitus toteuttaa 4 miljardin infrainvestoinnit valtionomaisuutta myym\u00e4ll\u00e4, joka pit\u00e4\u00e4 finanssipolitiikan suhteellisen neutraalina.<\/p>\n\n\n\n<p>Velkaantumisen kuriin laittaminen ei n\u00e4yt\u00e4k\u00e4\u00e4n olevan Orpon hallitukselle niink\u00e4\u00e4n periaatekysymys vaan keino luokkapolitiikan toteuttamiseksi. &#8221;Orponomicsin&#8221; varsinainen talouspoliittinen maali on ty\u00f6voimapolitiikka ja ammattiyhdistysliike. Hallituksen on m\u00e4\u00e4r\u00e4 saada jo loppuvuoden aikana eduskunnan l\u00e4pi <a href=\"https:\/\/www.iltalehti.fi\/politiikka\/a\/68aadaf3-2856-4fb0-bd01-6bd44c09532a\">sosiaaliturvan leikkaukset<\/a> ja <a href=\"https:\/\/yle.fi\/a\/74-20045994\">lakko-oikeuden rajoittaminen<\/a>, jotta ensi vuonna voidaan edet\u00e4 muihin uudistuksiin. Onnistuipa Orpon hallitus velkaantumisen hillitsemisess\u00e4 miten tahansa, toteutuessaan n\u00e4ill\u00e4 uudistuksilla tulee olemaan pysyv\u00e4t ja radikaalit vaikutukset tulonjakoon ja ammattiyhdistysliikkeen asemaan Suomessa. Leikkaukset kasautuvat erityisesti niille k\u00f6yhille ja sairaille, jotka eiv\u00e4t kaikesta huolimatta onnistu ty\u00f6llistym\u00e4\u00e4n. Lapsiasiavaltuutettu <a href=\"https:\/\/www.sttinfo.fi\/tiedote\/lapsiasiavaltuutettu-lahetti-valtioneuvoston-jasenille-kirjelman-hallitusohjelman-vaikutuksista-lapsikoyhyyteen?publisherId=17712812&amp;releaseId=69995227\"><strong>Elina Pekkarinen<\/strong> on aiheellisesti huolissaan<\/a>, ett\u00e4 toimet tulevat lis\u00e4\u00e4m\u00e4\u00e4n lapsik\u00f6yhyytt\u00e4 ja siihen liittyvi\u00e4 sosiaalisia ongelmia. Samaan aikaan rikkaille annetaan veronhelpotuksia ja solidaarisuusveron alaraja tuplaantuu 150 000 euroon. <\/p>\n\n\n\n<p>Kyseess\u00e4 on <strong>Margaret Thathcerin<\/strong> innoittama versio pohjoismaisesta hyvinvointivaltiosta, jota Suomessakin voidaan viimein toteuttaa perussuomalaisten tuella. Oikeistohegemonian suurimpia saavutuksia on ollut vied\u00e4 huomio politiikan sis\u00e4ll\u00f6ist\u00e4 ja erityisesti seurauksista yhteiskuntaluokille jatkuviin rasismikohuihin ja loputtomaan taivasteluun velkaantumisesta. Hallitukselle t\u00e4m\u00e4 k\u00e4y varsin hyvin, vaikka hintana on rasismin normalisoiminen ja fagerstr\u00f6mil\u00e4isen puheen vahvistuminen k\u00f6yhist\u00e4. T\u00e4ss\u00e4 mieless\u00e4 <a href=\"https:\/\/suomenkuvalehti.fi\/vallan-mahotonta\/orpo-on-marinia-marxilaisempi\/?shared=9603-97422863-999\">Orpo on todellakin Marinia luokkatietoisempi<\/a>, sill\u00e4 kokoomuksen eturyhmien etujen ajaminen on imagoja, maabr\u00e4ndej\u00e4 ja HBO:n reality-sarjoja t\u00e4rke\u00e4mp\u00e4\u00e4.  <\/p>\n\n\n\n<p>Kuten ulkoministeri <strong>Elina Valtonen<\/strong> sanoi <em>Financial Timesille<\/em>, <a href=\"https:\/\/www.ft.com\/content\/f7587dc3-3518-4084-b68a-1dd00ab83e2e\">Euroopan oikeiston tulee vain sopeutua perussuomalaisten kaltaisiin puolueiden nousuun<\/a>. Kun kokoomus on saanut koko talouspoliittisen manifestinsa hallitusohjelmaan, se tulee nielem\u00e4\u00e4n loputtomasti perussuomalaisten aiheuttamia kohuja. Ja kun RKP sai hallitusohjelmaan sis\u00e4\u00e4n <a href=\"https:\/\/www.hs.fi\/politiikka\/art-2000009771001.html\">paljon pitk\u00e4aikaisia tavoitteitaan ruotsinkielisten asemasta<\/a> ja HBL:n gallupin mukaan <a href=\"https:\/\/www.hbl.fi\/artikel\/c68c2b2c-3ed4-5c9a-ba68-f1fdb2ebc62d\">56 prosenttia suomenruotsalaisista toivoi puolueen jatkavan hallituksessa<\/a>, Orpo voi nukkua y\u00f6ns\u00e4 rauhassa. RKP:n pit\u00e4\u00e4 tietenkin jatkaa viestimist\u00e4 liberaaleille, ett\u00e4 se ottaa rasismin tosissaan, mutta todenn\u00e4k\u00f6isyys hallituksen kaatumiselle on kes\u00e4n j\u00e4lkeen oleellisesti laskenut. Kuten RKP:n entinen puheenjohtaja <a href=\"https:\/\/www.hs.fi\/politiikka\/art-2000009746349.html\"><strong>P\u00e4r Stenb\u00e4ck<\/strong> sanoi<\/a>, ken leikkiin ryhtyy se leikin kest\u00e4k\u00f6\u00f6n. Jos kuitenkin kokoomuksen ja perussuomalaisten gallup-kannatus jatkaa laskuaan, ay-liike laittaa syksyll\u00e4 tiilen syntikan p\u00e4\u00e4lle ja taloudelliset ongelmat alkavat kasaantua, hallituksen toimintakyky joutuu ensimm\u00e4ist\u00e4 kertaa todelliseen mankeliin.<\/p>\n\n\n\n<figure class=\"wp-block-embed is-type-wp-embed is-provider-suomenkuvalehti-fi wp-block-embed-suomenkuvalehti-fi\"><div class=\"wp-block-embed__wrapper\">\n<blockquote class=\"wp-embedded-content\" data-secret=\"dupGNFXhqC\"><a href=\"https:\/\/suomenkuvalehti.fi\/paajutut\/orpon-hallituksella-on-edessaan-tukala-syksy-aivan-ensin-pitaisi-valttaa-hajoaminen\/\">Orpon hallituksella on edess\u00e4\u00e4n tukala syksy \u2013 aivan ensin pit\u00e4isi v\u00e4ltt\u00e4\u00e4 hajoaminen<\/a><\/blockquote><iframe loading=\"lazy\" class=\"wp-embedded-content\" sandbox=\"allow-scripts\" security=\"restricted\" style=\"position: absolute; clip: rect(1px, 1px, 1px, 1px);\" title=\"&#8220;Orpon hallituksella on edess\u00e4\u00e4n tukala syksy \u2013 aivan ensin pit\u00e4isi v\u00e4ltt\u00e4\u00e4 hajoaminen&#8221; &#8212; Suomenkuvalehti.fi\" src=\"https:\/\/suomenkuvalehti.fi\/paajutut\/orpon-hallituksella-on-edessaan-tukala-syksy-aivan-ensin-pitaisi-valttaa-hajoaminen\/embed\/#?secret=PmJeYaXF2t#?secret=dupGNFXhqC\" data-secret=\"dupGNFXhqC\" width=\"600\" height=\"338\" frameborder=\"0\" marginwidth=\"0\" marginheight=\"0\" scrolling=\"no\"><\/iframe>\n<\/div><\/figure>\n","protected":false},"excerpt":{"rendered":"<p>Riikka Purran budjetin 10 miljardin alij\u00e4\u00e4m\u00e4 osoittaa, ettei Orpon hallitus poikkea merkitt\u00e4v\u00e4sti Marinin hallituksesta suhtautumisessa velkaan. Hallitukselle naljailtaessa &#8221;velkarallin&#8221; jatkamisesta tulee huomata, ett\u00e4 Orpo ja<br \/>\nPurra&hellip;<\/p>\n","protected":false},"author":37967,"featured_media":0,"comment_status":"open","ping_status":"open","sticky":false,"template":"","format":"standard","meta":{"_acf_changed":false,"asauth_required_access_level":3,"asauth_cansharepaid":"true","om_header_attributes":[],"footnotes":"","om_featured_image_focal_point":[],"om_primary_tag":18,"om_contributors":[],"om_co_authors":[],"beyondwords_generate_audio":"","beyondwords_project_id":"","beyondwords_content_id":"","beyondwords_preview_token":"","beyondwords_player_content":"","beyondwords_player_style":"","beyondwords_language_code":"","beyondwords_language_id":"","beyondwords_title_voice_id":"","beyondwords_body_voice_id":"","beyondwords_summary_voice_id":"","beyondwords_error_message":"","beyondwords_disabled":"","beyondwords_delete_content":"","beyondwords_podcast_id":"","beyondwords_hash":"","publish_post_to_speechkit":"","speechkit_hash":"","speechkit_generate_audio":"","speechkit_project_id":"","speechkit_podcast_id":"","speechkit_error_message":"","speechkit_disabled":"","speechkit_access_key":"","speechkit_error":"","speechkit_info":"","speechkit_response":"","speechkit_retries":"","speechkit_status":"","speechkit_updated_at":"","_speechkit_link":"","_speechkit_text":""},"categories":[1],"tags":[675,18,634,308,359],"class_list":["post-9720","post","type-post","status-publish","format-standard","hentry","category-vallan-mahotonta","tag-orponomics","tag-petteri-orpo","tag-riikka-purra","tag-sanna-marin","tag-velkaantuminen"],"om_views":null,"acf":{"tuuma_off":false,"tuuma_kysymys":"","tuuma_vastaus":""},"asauth":{"required_access_level":1,"share_token":"","is_paid":false},"yoast_head":"<!-- This site is optimized with the Yoast SEO plugin v26.4 - https:\/\/yoast.com\/wordpress\/plugins\/seo\/ -->\n<title>Orpolle ja Purralle velka ei ole periaate vaan keino luokkapolitiikan toteuttamiseksi - Vallan mahotonta!<\/title>\n<meta name=\"robots\" content=\"index, follow, max-snippet:-1, max-image-preview:large, max-video-preview:-1\" \/>\n<link rel=\"canonical\" href=\"https:\/\/suomenkuvalehti.fi\/vallan-mahotonta\/orpolle-ja-purralle-velka-ei-ole-periaate-vaan-keino-luokkapolitiikan-toteuttamiseksi\/\" \/>\n<meta property=\"og:locale\" content=\"fi_FI\" \/>\n<meta property=\"og:type\" content=\"article\" \/>\n<meta property=\"og:title\" content=\"Orpolle ja Purralle velka ei ole periaate vaan keino luokkapolitiikan toteuttamiseksi - Vallan mahotonta!\" \/>\n<meta property=\"og:description\" content=\"Riikka Purran budjetin 10 miljardin alij\u00e4\u00e4m\u00e4 osoittaa, ettei Orpon hallitus poikkea merkitt\u00e4v\u00e4sti Marinin hallituksesta suhtautumisessa velkaan. Hallitukselle naljailtaessa &#8221;velkarallin&#8221; jatkamisesta tulee huomata, ett\u00e4 Orpo ja Purra&hellip;\" \/>\n<meta property=\"og:url\" content=\"https:\/\/suomenkuvalehti.fi\/vallan-mahotonta\/orpolle-ja-purralle-velka-ei-ole-periaate-vaan-keino-luokkapolitiikan-toteuttamiseksi\/\" \/>\n<meta property=\"og:site_name\" content=\"Vallan mahotonta!\" \/>\n<meta property=\"article:author\" content=\"https:\/\/www.facebook.com\/a.ronkainen\" \/>\n<meta property=\"article:published_time\" content=\"2023-08-30T07:50:28+00:00\" \/>\n<meta property=\"article:modified_time\" content=\"2023-08-30T13:24:28+00:00\" \/>\n<meta property=\"og:image\" content=\"https:\/\/suomenkuvalehti.fi\/vallan-mahotonta\/wp-content\/uploads\/sites\/42\/2018\/05\/antti_j_ronkainen_blogi_pieni.jpg\" \/>\n\t<meta property=\"og:image:width\" content=\"600\" \/>\n\t<meta property=\"og:image:height\" content=\"600\" \/>\n\t<meta property=\"og:image:type\" content=\"image\/jpeg\" \/>\n<meta name=\"author\" content=\"Antti Ronkainen\" \/>\n<meta name=\"twitter:card\" content=\"summary_large_image\" \/>\n<meta name=\"twitter:creator\" content=\"@https:\/\/twitter.com\/anttironkainen\" \/>\n<meta name=\"twitter:label1\" content=\"Written by\" \/>\n\t<meta name=\"twitter:data1\" content=\"Antti Ronkainen\" \/>\n\t<meta name=\"twitter:label2\" content=\"Est. reading time\" \/>\n\t<meta name=\"twitter:data2\" content=\"3 minuuttia\" \/>\n<script type=\"application\/ld+json\" class=\"yoast-schema-graph\">{\"@context\":\"https:\/\/schema.org\",\"@graph\":[{\"@type\":\"WebPage\",\"@id\":\"https:\/\/suomenkuvalehti.fi\/vallan-mahotonta\/orpolle-ja-purralle-velka-ei-ole-periaate-vaan-keino-luokkapolitiikan-toteuttamiseksi\/\",\"url\":\"https:\/\/suomenkuvalehti.fi\/vallan-mahotonta\/orpolle-ja-purralle-velka-ei-ole-periaate-vaan-keino-luokkapolitiikan-toteuttamiseksi\/\",\"name\":\"Orpolle ja Purralle velka ei ole periaate vaan keino luokkapolitiikan toteuttamiseksi - Vallan mahotonta!\",\"isPartOf\":{\"@id\":\"https:\/\/suomenkuvalehti.fi\/vallan-mahotonta\/#website\"},\"datePublished\":\"2023-08-30T07:50:28+00:00\",\"dateModified\":\"2023-08-30T13:24:28+00:00\",\"author\":{\"@id\":\"https:\/\/suomenkuvalehti.fi\/vallan-mahotonta\/#\/schema\/person\/aa34015af7a4bce21e1cdcf566bb57b0\"},\"breadcrumb\":{\"@id\":\"https:\/\/suomenkuvalehti.fi\/vallan-mahotonta\/orpolle-ja-purralle-velka-ei-ole-periaate-vaan-keino-luokkapolitiikan-toteuttamiseksi\/#breadcrumb\"},\"inLanguage\":\"fi\",\"potentialAction\":[{\"@type\":\"ReadAction\",\"target\":[\"https:\/\/suomenkuvalehti.fi\/vallan-mahotonta\/orpolle-ja-purralle-velka-ei-ole-periaate-vaan-keino-luokkapolitiikan-toteuttamiseksi\/\"]}]},{\"@type\":\"BreadcrumbList\",\"@id\":\"https:\/\/suomenkuvalehti.fi\/vallan-mahotonta\/orpolle-ja-purralle-velka-ei-ole-periaate-vaan-keino-luokkapolitiikan-toteuttamiseksi\/#breadcrumb\",\"itemListElement\":[{\"@type\":\"ListItem\",\"position\":1,\"name\":\"Home\",\"item\":\"https:\/\/suomenkuvalehti.fi\/vallan-mahotonta\/\"},{\"@type\":\"ListItem\",\"position\":2,\"name\":\"Orpolle ja Purralle velka ei ole periaate vaan keino luokkapolitiikan toteuttamiseksi\"}]},{\"@type\":\"WebSite\",\"@id\":\"https:\/\/suomenkuvalehti.fi\/vallan-mahotonta\/#website\",\"url\":\"https:\/\/suomenkuvalehti.fi\/vallan-mahotonta\/\",\"name\":\"Vallan mahotonta!\",\"description\":\"Tutkija Antti Ronkainen seuraa maailmantalouden murrosta.\",\"potentialAction\":[{\"@type\":\"SearchAction\",\"target\":{\"@type\":\"EntryPoint\",\"urlTemplate\":\"https:\/\/suomenkuvalehti.fi\/haku\/?q={search_term_string}\"},\"query-input\":{\"@type\":\"PropertyValueSpecification\",\"valueRequired\":true,\"valueName\":\"search_term_string\"}}],\"inLanguage\":\"fi\"},{\"@type\":\"Person\",\"@id\":\"https:\/\/suomenkuvalehti.fi\/vallan-mahotonta\/#\/schema\/person\/aa34015af7a4bce21e1cdcf566bb57b0\",\"name\":\"Antti Ronkainen\",\"image\":{\"@type\":\"ImageObject\",\"inLanguage\":\"fi\",\"@id\":\"https:\/\/suomenkuvalehti.fi\/vallan-mahotonta\/#\/schema\/person\/image\/\",\"url\":\"https:\/\/suomenkuvalehti.fi\/vallan-mahotonta\/wp-content\/uploads\/sites\/42\/2018\/05\/antti_j_ronkainen_blogi_pieni-150x150.jpg\",\"contentUrl\":\"https:\/\/suomenkuvalehti.fi\/vallan-mahotonta\/wp-content\/uploads\/sites\/42\/2018\/05\/antti_j_ronkainen_blogi_pieni-150x150.jpg\",\"caption\":\"Antti Ronkainen\"},\"description\":\"Antti Ronkainen on poliittisen talouden v\u00e4it\u00f6skirjatutkija Helsingin yliopistolla.\",\"sameAs\":[\"http:\/\/anttironkainen.fi\",\"https:\/\/www.facebook.com\/a.ronkainen\",\"https:\/\/www.instagram.com\/antti.ronkainen\/\",\"https:\/\/x.com\/https:\/\/twitter.com\/anttironkainen\"]}]}<\/script>\n<!-- \/ Yoast SEO plugin. -->","yoast_head_json":{"title":"Orpolle ja Purralle velka ei ole periaate vaan keino luokkapolitiikan toteuttamiseksi - Vallan mahotonta!","robots":{"index":"index","follow":"follow","max-snippet":"max-snippet:-1","max-image-preview":"max-image-preview:large","max-video-preview":"max-video-preview:-1"},"canonical":"https:\/\/suomenkuvalehti.fi\/vallan-mahotonta\/orpolle-ja-purralle-velka-ei-ole-periaate-vaan-keino-luokkapolitiikan-toteuttamiseksi\/","og_locale":"fi_FI","og_type":"article","og_title":"Orpolle ja Purralle velka ei ole periaate vaan keino luokkapolitiikan toteuttamiseksi - Vallan mahotonta!","og_description":"Riikka Purran budjetin 10 miljardin alij\u00e4\u00e4m\u00e4 osoittaa, ettei Orpon hallitus poikkea merkitt\u00e4v\u00e4sti Marinin hallituksesta suhtautumisessa velkaan. Hallitukselle naljailtaessa &#8221;velkarallin&#8221; jatkamisesta tulee huomata, ett\u00e4 Orpo ja Purra&hellip;","og_url":"https:\/\/suomenkuvalehti.fi\/vallan-mahotonta\/orpolle-ja-purralle-velka-ei-ole-periaate-vaan-keino-luokkapolitiikan-toteuttamiseksi\/","og_site_name":"Vallan mahotonta!","article_author":"https:\/\/www.facebook.com\/a.ronkainen","article_published_time":"2023-08-30T07:50:28+00:00","article_modified_time":"2023-08-30T13:24:28+00:00","og_image":[{"width":600,"height":600,"url":"https:\/\/suomenkuvalehti.fi\/vallan-mahotonta\/wp-content\/uploads\/sites\/42\/2018\/05\/antti_j_ronkainen_blogi_pieni.jpg","type":"image\/jpeg"}],"author":"Antti Ronkainen","twitter_card":"summary_large_image","twitter_creator":"@https:\/\/twitter.com\/anttironkainen","twitter_misc":{"Written by":"Antti Ronkainen","Est. reading time":"3 minuuttia"},"schema":{"@context":"https:\/\/schema.org","@graph":[{"@type":"WebPage","@id":"https:\/\/suomenkuvalehti.fi\/vallan-mahotonta\/orpolle-ja-purralle-velka-ei-ole-periaate-vaan-keino-luokkapolitiikan-toteuttamiseksi\/","url":"https:\/\/suomenkuvalehti.fi\/vallan-mahotonta\/orpolle-ja-purralle-velka-ei-ole-periaate-vaan-keino-luokkapolitiikan-toteuttamiseksi\/","name":"Orpolle ja Purralle velka ei ole periaate vaan keino luokkapolitiikan toteuttamiseksi - Vallan mahotonta!","isPartOf":{"@id":"https:\/\/suomenkuvalehti.fi\/vallan-mahotonta\/#website"},"datePublished":"2023-08-30T07:50:28+00:00","dateModified":"2023-08-30T13:24:28+00:00","author":{"@id":"https:\/\/suomenkuvalehti.fi\/vallan-mahotonta\/#\/schema\/person\/aa34015af7a4bce21e1cdcf566bb57b0"},"breadcrumb":{"@id":"https:\/\/suomenkuvalehti.fi\/vallan-mahotonta\/orpolle-ja-purralle-velka-ei-ole-periaate-vaan-keino-luokkapolitiikan-toteuttamiseksi\/#breadcrumb"},"inLanguage":"fi","potentialAction":[{"@type":"ReadAction","target":["https:\/\/suomenkuvalehti.fi\/vallan-mahotonta\/orpolle-ja-purralle-velka-ei-ole-periaate-vaan-keino-luokkapolitiikan-toteuttamiseksi\/"]}]},{"@type":"BreadcrumbList","@id":"https:\/\/suomenkuvalehti.fi\/vallan-mahotonta\/orpolle-ja-purralle-velka-ei-ole-periaate-vaan-keino-luokkapolitiikan-toteuttamiseksi\/#breadcrumb","itemListElement":[{"@type":"ListItem","position":1,"name":"Home","item":"https:\/\/suomenkuvalehti.fi\/vallan-mahotonta\/"},{"@type":"ListItem","position":2,"name":"Orpolle ja Purralle velka ei ole periaate vaan keino luokkapolitiikan toteuttamiseksi"}]},{"@type":"WebSite","@id":"https:\/\/suomenkuvalehti.fi\/vallan-mahotonta\/#website","url":"https:\/\/suomenkuvalehti.fi\/vallan-mahotonta\/","name":"Vallan mahotonta!","description":"Tutkija Antti Ronkainen seuraa maailmantalouden murrosta.","potentialAction":[{"@type":"SearchAction","target":{"@type":"EntryPoint","urlTemplate":"https:\/\/suomenkuvalehti.fi\/haku\/?q={search_term_string}"},"query-input":{"@type":"PropertyValueSpecification","valueRequired":true,"valueName":"search_term_string"}}],"inLanguage":"fi"},{"@type":"Person","@id":"https:\/\/suomenkuvalehti.fi\/vallan-mahotonta\/#\/schema\/person\/aa34015af7a4bce21e1cdcf566bb57b0","name":"Antti Ronkainen","image":{"@type":"ImageObject","inLanguage":"fi","@id":"https:\/\/suomenkuvalehti.fi\/vallan-mahotonta\/#\/schema\/person\/image\/","url":"https:\/\/suomenkuvalehti.fi\/vallan-mahotonta\/wp-content\/uploads\/sites\/42\/2018\/05\/antti_j_ronkainen_blogi_pieni-150x150.jpg","contentUrl":"https:\/\/suomenkuvalehti.fi\/vallan-mahotonta\/wp-content\/uploads\/sites\/42\/2018\/05\/antti_j_ronkainen_blogi_pieni-150x150.jpg","caption":"Antti Ronkainen"},"description":"Antti Ronkainen on poliittisen talouden v\u00e4it\u00f6skirjatutkija Helsingin yliopistolla.","sameAs":["http:\/\/anttironkainen.fi","https:\/\/www.facebook.com\/a.ronkainen","https:\/\/www.instagram.com\/antti.ronkainen\/","https:\/\/x.com\/https:\/\/twitter.com\/anttironkainen"]}]}},"_links":{"self":[{"href":"https:\/\/suomenkuvalehti.fi\/vallan-mahotonta\/wp-json\/wp\/v2\/posts\/9720","targetHints":{"allow":["GET"]}}],"collection":[{"href":"https:\/\/suomenkuvalehti.fi\/vallan-mahotonta\/wp-json\/wp\/v2\/posts"}],"about":[{"href":"https:\/\/suomenkuvalehti.fi\/vallan-mahotonta\/wp-json\/wp\/v2\/types\/post"}],"author":[{"embeddable":true,"href":"https:\/\/suomenkuvalehti.fi\/vallan-mahotonta\/wp-json\/wp\/v2\/users\/37967"}],"replies":[{"embeddable":true,"href":"https:\/\/suomenkuvalehti.fi\/vallan-mahotonta\/wp-json\/wp\/v2\/comments?post=9720"}],"version-history":[{"count":10,"href":"https:\/\/suomenkuvalehti.fi\/vallan-mahotonta\/wp-json\/wp\/v2\/posts\/9720\/revisions"}],"predecessor-version":[{"id":9730,"href":"https:\/\/suomenkuvalehti.fi\/vallan-mahotonta\/wp-json\/wp\/v2\/posts\/9720\/revisions\/9730"}],"wp:attachment":[{"href":"https:\/\/suomenkuvalehti.fi\/vallan-mahotonta\/wp-json\/wp\/v2\/media?parent=9720"}],"wp:term":[{"taxonomy":"category","embeddable":true,"href":"https:\/\/suomenkuvalehti.fi\/vallan-mahotonta\/wp-json\/wp\/v2\/categories?post=9720"},{"taxonomy":"post_tag","embeddable":true,"href":"https:\/\/suomenkuvalehti.fi\/vallan-mahotonta\/wp-json\/wp\/v2\/tags?post=9720"}],"curies":[{"name":"wp","href":"https:\/\/api.w.org\/{rel}","templated":true}]}}