{"id":9581,"date":"2023-06-30T11:06:51","date_gmt":"2023-06-30T08:06:51","guid":{"rendered":"https:\/\/suomenkuvalehti.fi\/vallan-mahotonta\/?p=9581"},"modified":"2023-07-03T07:11:07","modified_gmt":"2023-07-03T04:11:07","slug":"haavat-markivat-ja-pahaa-verta-valutetaan-viela-pitkaan","status":"publish","type":"post","link":"https:\/\/suomenkuvalehti.fi\/vallan-mahotonta\/haavat-markivat-ja-pahaa-verta-valutetaan-viela-pitkaan\/","title":{"rendered":"Haavat m\u00e4rkiv\u00e4t ja pahaa verta valutetaan viel\u00e4 pitk\u00e4\u00e4n"},"content":{"rendered":"\n<p><span class=\"capitalized\">Jos opposition<\/span> kaikki Suomessa olleet kansanedustajat olisivat olleet keskiviikkona eduskunnassa, eiv\u00e4tk\u00e4 esimerkiksi Porissa, elinkeinoministeri <strong>Vilhelm Junnila<\/strong> olisi h\u00e4vinnyt luottamus\u00e4\u00e4nestyksen ja joutunut eroamaan. Jos taas oppositiolla olisi ollut rivit suorina, Rkp olisi tuskin voinut \u00e4\u00e4nest\u00e4\u00e4 Junnilan luottamusta vastaan, sill\u00e4 valtiovarainministeri <strong>Riikka Purra<\/strong> uhkasi kaataa koko hallituksen, jos Junnila ei olisi saanut luottamusta. <\/p>\n\n\n\n<p><\/p>\n\n\n\n<p><span class=\"capitalized\">Ironian kanssa leikkiess\u00e4<\/span> tulee muistaa sosiologi <strong>Veikko Erannin<\/strong> viisaus, <a href=\"https:\/\/www.hs.fi\/politiikka\/art-2000009689141.html\" target=\"_blank\" rel=\"noreferrer noopener\">ettei ironiaa ole olemassa<\/a>. Erannin mukaan ironia on keino suojelle itse\u00e4\u00e4n todellisten tunteiden ja ajatusten n\u00e4ytt\u00e4miselt\u00e4, mutta ironia lakkaa olemasta, kun vitsit tuodaan julkiseen tilaan. Koska kukin tulkitsee vitsej\u00e4 omista l\u00e4ht\u00f6kohdistaan, ironia k\u00e4\u00e4ntyy esimerkiksi tahalliseksi provosoimiseksi tai omille tarkoitetuksi kaksoisviestinn\u00e4ksi. T\u00e4m\u00e4n kahtiajakautumisen lietsominen ja omien \u00e4\u00e4nest\u00e4j\u00e4ryhmien huomioiminen lienee my\u00f6s syy, miksi perussuomalaiset ovat ylip\u00e4\u00e4t\u00e4\u00e4n jakaneet elinkeinoministerin salkun <strong>Sakari Puiston<\/strong> ja Junnilan v\u00e4lill\u00e4. <\/p>\n\n\n\n<p><\/p>\n\n\n\n<p><span class=\"capitalized\">Tapaus osoittaa<\/span>, ett\u00e4 hallituskumppanit Sdp, keskusta, vihre\u00e4t ja vasemmistoliitto viel\u00e4 harjoittelevat oppositiotoimintaa. Voi olla, ett\u00e4 oppositio ei tiennyt Rkp:n aikeista vaan kuvitteli vain pakottavansa hallituspuolueiden kansanedustajat Rkp mukaan lukien \u00e4\u00e4nest\u00e4m\u00e4\u00e4n omatuntoaan vastaan hallituksen s\u00e4ilytt\u00e4miseksi, er\u00e4\u00e4nlaisena ulkoministeri <strong>Soinin<\/strong> luottamus\u00e4\u00e4nestyksen toisintona. Jos oppositio ei kuitenkaan ollut valmis viem\u00e4\u00e4n ep\u00e4luottamus\u00e4\u00e4nestyst\u00e4 loppuun asti, man\u00f6\u00f6veri vaikuttaa my\u00f6s kahtiajaon lietsomiselta, joka tulee osaltaan normalisoimaan KKK-lumiukkoja, afrikkalaisten pakkoabortteja ja natsivitsej\u00e4. Kulttuurisotia ei voi voittaa.<\/p>\n\n\n\n<p><\/p>\n\n\n\n<p><span class=\"capitalized\">Vaikka<\/span> hallitus selvisi, haavat m\u00e4rkiv\u00e4t ja pahaa verta valutetaan viel\u00e4 pitk\u00e4\u00e4n hallituspuoleiden v\u00e4lill\u00e4. Jos Junnila ei eroa, oppositio tulee jokaisen vienninedist\u00e4mismatkan yhteydess\u00e4 muistuttamaan Suomen maabr\u00e4ndin pilaamisesta. Ja jos hallituspuolueiden luottamus ei ollut viikko sitten kovin suurta, se tuskin paljoa paranee, vaikka Junnila lopulta eroaisi. Rkp lieneekin tapauksen ainoa voittaja, sill\u00e4 sen ei tarvitse muiden hallituspuolueiden tavoin selitell\u00e4, miksi he \u00e4\u00e4nestiv\u00e4t Junnilan puolesta. Sen lis\u00e4ksi, ett\u00e4 Rkp sai hallitusohjelmaan suuren osan tavoitteistaan l\u00e4pi, se on edelleen hallituksen vaa\u2019ankieli ja t\u00e4llaiset irtiotot ja iltalypsyt tulevat varmasti jatkumaan \u2013 varsinkin jos oppositio ei ole tarkkana.<\/p>\n\n\n\n<p> Hulinavalmius vaikuttaisi joka tapauksessa olevan sek\u00e4 hallituksessa ett\u00e4 oppositiossa eritt\u00e4in korkea ja voikin vain kuvitella, mink\u00e4lainen meininki on kes\u00e4n j\u00e4lkeen, kun hallitusohjelmaa aletaan vied\u00e4 eduskunnan l\u00e4pi. <\/p>\n","protected":false},"excerpt":{"rendered":"<p>Tapus Vilhelm Junnila osoittaa, ett\u00e4 Sdp, keskusta, vihre\u00e4t ja vasemmistoliitto viel\u00e4 harjoittelevat oppositiotoimintaa.<\/p>\n","protected":false},"author":37967,"featured_media":0,"comment_status":"open","ping_status":"open","sticky":false,"template":"","format":"standard","meta":{"_acf_changed":false,"asauth_required_access_level":3,"asauth_cansharepaid":"true","om_header_attributes":[],"footnotes":"","om_featured_image_focal_point":[],"om_primary_tag":224,"om_contributors":[{"id":"author-override","type":"fixed","role":"Kirjoittajan yliajo","name":""},{"id":"photographer","type":"fixed","role":"Kuvat","name":""}],"om_co_authors":[],"beyondwords_generate_audio":"","beyondwords_project_id":"","beyondwords_content_id":"","beyondwords_preview_token":"","beyondwords_player_content":"","beyondwords_player_style":"","beyondwords_language_code":"","beyondwords_language_id":"","beyondwords_title_voice_id":"","beyondwords_body_voice_id":"","beyondwords_summary_voice_id":"","beyondwords_error_message":"","beyondwords_disabled":"","beyondwords_delete_content":"","beyondwords_podcast_id":"","beyondwords_hash":"","publish_post_to_speechkit":"","speechkit_hash":"","speechkit_generate_audio":"","speechkit_project_id":"","speechkit_podcast_id":"","speechkit_error_message":"","speechkit_disabled":"","speechkit_access_key":"","speechkit_error":"","speechkit_info":"","speechkit_response":"","speechkit_retries":"","speechkit_status":"","speechkit_updated_at":"","_speechkit_link":"","_speechkit_text":""},"categories":[1],"tags":[400,165,224,667],"class_list":["post-9581","post","type-post","status-publish","format-standard","hentry","category-vallan-mahotonta","tag-hulinavalmius","tag-ironia","tag-kulttuurisodat","tag-vilhelm-junnila"],"om_views":null,"acf":{"tuuma_off":false,"tuuma_kysymys":"","tuuma_vastaus":""},"asauth":{"required_access_level":1,"share_token":"","is_paid":false},"yoast_head":"<!-- This site is optimized with the Yoast SEO plugin v26.4 - https:\/\/yoast.com\/wordpress\/plugins\/seo\/ -->\n<title>Haavat m\u00e4rkiv\u00e4t ja pahaa verta valutetaan viel\u00e4 pitk\u00e4\u00e4n - Vallan mahotonta!<\/title>\n<meta name=\"description\" content=\"Tapus Vilhelm Junnila osoittaa, ett\u00e4 Sdp, keskusta, vihre\u00e4t ja vasemmistoliitto viel\u00e4 harjoittelevat oppositiotoimintaa.\" \/>\n<meta name=\"robots\" content=\"index, follow, max-snippet:-1, max-image-preview:large, max-video-preview:-1\" \/>\n<link rel=\"canonical\" href=\"https:\/\/suomenkuvalehti.fi\/vallan-mahotonta\/haavat-markivat-ja-pahaa-verta-valutetaan-viela-pitkaan\/\" \/>\n<meta property=\"og:locale\" content=\"fi_FI\" \/>\n<meta property=\"og:type\" content=\"article\" \/>\n<meta property=\"og:title\" content=\"Haavat m\u00e4rkiv\u00e4t ja pahaa verta valutetaan viel\u00e4 pitk\u00e4\u00e4n - Vallan mahotonta!\" \/>\n<meta property=\"og:description\" content=\"Tapus Vilhelm Junnila osoittaa, ett\u00e4 Sdp, keskusta, vihre\u00e4t ja vasemmistoliitto viel\u00e4 harjoittelevat oppositiotoimintaa.\" \/>\n<meta property=\"og:url\" content=\"https:\/\/suomenkuvalehti.fi\/vallan-mahotonta\/haavat-markivat-ja-pahaa-verta-valutetaan-viela-pitkaan\/\" \/>\n<meta property=\"og:site_name\" content=\"Vallan mahotonta!\" \/>\n<meta property=\"article:author\" content=\"https:\/\/www.facebook.com\/a.ronkainen\" \/>\n<meta property=\"article:published_time\" content=\"2023-06-30T08:06:51+00:00\" \/>\n<meta property=\"article:modified_time\" content=\"2023-07-03T04:11:07+00:00\" \/>\n<meta property=\"og:image\" content=\"https:\/\/suomenkuvalehti.fi\/vallan-mahotonta\/wp-content\/uploads\/sites\/42\/2018\/05\/antti_j_ronkainen_blogi_pieni.jpg\" \/>\n\t<meta property=\"og:image:width\" content=\"600\" \/>\n\t<meta property=\"og:image:height\" content=\"600\" \/>\n\t<meta property=\"og:image:type\" content=\"image\/jpeg\" \/>\n<meta name=\"author\" content=\"Antti Ronkainen\" \/>\n<meta name=\"twitter:card\" content=\"summary_large_image\" \/>\n<meta name=\"twitter:creator\" content=\"@https:\/\/twitter.com\/anttironkainen\" \/>\n<meta name=\"twitter:label1\" content=\"Written by\" \/>\n\t<meta name=\"twitter:data1\" content=\"Antti Ronkainen\" \/>\n\t<meta name=\"twitter:label2\" content=\"Est. reading time\" \/>\n\t<meta name=\"twitter:data2\" content=\"2 minuuttia\" \/>\n<script type=\"application\/ld+json\" class=\"yoast-schema-graph\">{\"@context\":\"https:\/\/schema.org\",\"@graph\":[{\"@type\":\"WebPage\",\"@id\":\"https:\/\/suomenkuvalehti.fi\/vallan-mahotonta\/haavat-markivat-ja-pahaa-verta-valutetaan-viela-pitkaan\/\",\"url\":\"https:\/\/suomenkuvalehti.fi\/vallan-mahotonta\/haavat-markivat-ja-pahaa-verta-valutetaan-viela-pitkaan\/\",\"name\":\"Haavat m\u00e4rkiv\u00e4t ja pahaa verta valutetaan viel\u00e4 pitk\u00e4\u00e4n - Vallan mahotonta!\",\"isPartOf\":{\"@id\":\"https:\/\/suomenkuvalehti.fi\/vallan-mahotonta\/#website\"},\"datePublished\":\"2023-06-30T08:06:51+00:00\",\"dateModified\":\"2023-07-03T04:11:07+00:00\",\"author\":{\"@id\":\"https:\/\/suomenkuvalehti.fi\/vallan-mahotonta\/#\/schema\/person\/aa34015af7a4bce21e1cdcf566bb57b0\"},\"description\":\"Tapus Vilhelm Junnila osoittaa, ett\u00e4 Sdp, keskusta, vihre\u00e4t ja vasemmistoliitto viel\u00e4 harjoittelevat oppositiotoimintaa.\",\"breadcrumb\":{\"@id\":\"https:\/\/suomenkuvalehti.fi\/vallan-mahotonta\/haavat-markivat-ja-pahaa-verta-valutetaan-viela-pitkaan\/#breadcrumb\"},\"inLanguage\":\"fi\",\"potentialAction\":[{\"@type\":\"ReadAction\",\"target\":[\"https:\/\/suomenkuvalehti.fi\/vallan-mahotonta\/haavat-markivat-ja-pahaa-verta-valutetaan-viela-pitkaan\/\"]}]},{\"@type\":\"BreadcrumbList\",\"@id\":\"https:\/\/suomenkuvalehti.fi\/vallan-mahotonta\/haavat-markivat-ja-pahaa-verta-valutetaan-viela-pitkaan\/#breadcrumb\",\"itemListElement\":[{\"@type\":\"ListItem\",\"position\":1,\"name\":\"Home\",\"item\":\"https:\/\/suomenkuvalehti.fi\/vallan-mahotonta\/\"},{\"@type\":\"ListItem\",\"position\":2,\"name\":\"Haavat m\u00e4rkiv\u00e4t ja pahaa verta valutetaan viel\u00e4 pitk\u00e4\u00e4n\"}]},{\"@type\":\"WebSite\",\"@id\":\"https:\/\/suomenkuvalehti.fi\/vallan-mahotonta\/#website\",\"url\":\"https:\/\/suomenkuvalehti.fi\/vallan-mahotonta\/\",\"name\":\"Vallan mahotonta!\",\"description\":\"Tutkija Antti Ronkainen seuraa maailmantalouden murrosta.\",\"potentialAction\":[{\"@type\":\"SearchAction\",\"target\":{\"@type\":\"EntryPoint\",\"urlTemplate\":\"https:\/\/suomenkuvalehti.fi\/haku\/?q={search_term_string}\"},\"query-input\":{\"@type\":\"PropertyValueSpecification\",\"valueRequired\":true,\"valueName\":\"search_term_string\"}}],\"inLanguage\":\"fi\"},{\"@type\":\"Person\",\"@id\":\"https:\/\/suomenkuvalehti.fi\/vallan-mahotonta\/#\/schema\/person\/aa34015af7a4bce21e1cdcf566bb57b0\",\"name\":\"Antti Ronkainen\",\"image\":{\"@type\":\"ImageObject\",\"inLanguage\":\"fi\",\"@id\":\"https:\/\/suomenkuvalehti.fi\/vallan-mahotonta\/#\/schema\/person\/image\/\",\"url\":\"https:\/\/suomenkuvalehti.fi\/vallan-mahotonta\/wp-content\/uploads\/sites\/42\/2018\/05\/antti_j_ronkainen_blogi_pieni-150x150.jpg\",\"contentUrl\":\"https:\/\/suomenkuvalehti.fi\/vallan-mahotonta\/wp-content\/uploads\/sites\/42\/2018\/05\/antti_j_ronkainen_blogi_pieni-150x150.jpg\",\"caption\":\"Antti Ronkainen\"},\"description\":\"Antti Ronkainen on poliittisen talouden v\u00e4it\u00f6skirjatutkija Helsingin yliopistolla.\",\"sameAs\":[\"http:\/\/anttironkainen.fi\",\"https:\/\/www.facebook.com\/a.ronkainen\",\"https:\/\/www.instagram.com\/antti.ronkainen\/\",\"https:\/\/x.com\/https:\/\/twitter.com\/anttironkainen\"]}]}<\/script>\n<!-- \/ Yoast SEO plugin. -->","yoast_head_json":{"title":"Haavat m\u00e4rkiv\u00e4t ja pahaa verta valutetaan viel\u00e4 pitk\u00e4\u00e4n - Vallan mahotonta!","description":"Tapus Vilhelm Junnila osoittaa, ett\u00e4 Sdp, keskusta, vihre\u00e4t ja vasemmistoliitto viel\u00e4 harjoittelevat oppositiotoimintaa.","robots":{"index":"index","follow":"follow","max-snippet":"max-snippet:-1","max-image-preview":"max-image-preview:large","max-video-preview":"max-video-preview:-1"},"canonical":"https:\/\/suomenkuvalehti.fi\/vallan-mahotonta\/haavat-markivat-ja-pahaa-verta-valutetaan-viela-pitkaan\/","og_locale":"fi_FI","og_type":"article","og_title":"Haavat m\u00e4rkiv\u00e4t ja pahaa verta valutetaan viel\u00e4 pitk\u00e4\u00e4n - Vallan mahotonta!","og_description":"Tapus Vilhelm Junnila osoittaa, ett\u00e4 Sdp, keskusta, vihre\u00e4t ja vasemmistoliitto viel\u00e4 harjoittelevat oppositiotoimintaa.","og_url":"https:\/\/suomenkuvalehti.fi\/vallan-mahotonta\/haavat-markivat-ja-pahaa-verta-valutetaan-viela-pitkaan\/","og_site_name":"Vallan mahotonta!","article_author":"https:\/\/www.facebook.com\/a.ronkainen","article_published_time":"2023-06-30T08:06:51+00:00","article_modified_time":"2023-07-03T04:11:07+00:00","og_image":[{"width":600,"height":600,"url":"https:\/\/suomenkuvalehti.fi\/vallan-mahotonta\/wp-content\/uploads\/sites\/42\/2018\/05\/antti_j_ronkainen_blogi_pieni.jpg","type":"image\/jpeg"}],"author":"Antti Ronkainen","twitter_card":"summary_large_image","twitter_creator":"@https:\/\/twitter.com\/anttironkainen","twitter_misc":{"Written by":"Antti Ronkainen","Est. reading time":"2 minuuttia"},"schema":{"@context":"https:\/\/schema.org","@graph":[{"@type":"WebPage","@id":"https:\/\/suomenkuvalehti.fi\/vallan-mahotonta\/haavat-markivat-ja-pahaa-verta-valutetaan-viela-pitkaan\/","url":"https:\/\/suomenkuvalehti.fi\/vallan-mahotonta\/haavat-markivat-ja-pahaa-verta-valutetaan-viela-pitkaan\/","name":"Haavat m\u00e4rkiv\u00e4t ja pahaa verta valutetaan viel\u00e4 pitk\u00e4\u00e4n - Vallan mahotonta!","isPartOf":{"@id":"https:\/\/suomenkuvalehti.fi\/vallan-mahotonta\/#website"},"datePublished":"2023-06-30T08:06:51+00:00","dateModified":"2023-07-03T04:11:07+00:00","author":{"@id":"https:\/\/suomenkuvalehti.fi\/vallan-mahotonta\/#\/schema\/person\/aa34015af7a4bce21e1cdcf566bb57b0"},"description":"Tapus Vilhelm Junnila osoittaa, ett\u00e4 Sdp, keskusta, vihre\u00e4t ja vasemmistoliitto viel\u00e4 harjoittelevat oppositiotoimintaa.","breadcrumb":{"@id":"https:\/\/suomenkuvalehti.fi\/vallan-mahotonta\/haavat-markivat-ja-pahaa-verta-valutetaan-viela-pitkaan\/#breadcrumb"},"inLanguage":"fi","potentialAction":[{"@type":"ReadAction","target":["https:\/\/suomenkuvalehti.fi\/vallan-mahotonta\/haavat-markivat-ja-pahaa-verta-valutetaan-viela-pitkaan\/"]}]},{"@type":"BreadcrumbList","@id":"https:\/\/suomenkuvalehti.fi\/vallan-mahotonta\/haavat-markivat-ja-pahaa-verta-valutetaan-viela-pitkaan\/#breadcrumb","itemListElement":[{"@type":"ListItem","position":1,"name":"Home","item":"https:\/\/suomenkuvalehti.fi\/vallan-mahotonta\/"},{"@type":"ListItem","position":2,"name":"Haavat m\u00e4rkiv\u00e4t ja pahaa verta valutetaan viel\u00e4 pitk\u00e4\u00e4n"}]},{"@type":"WebSite","@id":"https:\/\/suomenkuvalehti.fi\/vallan-mahotonta\/#website","url":"https:\/\/suomenkuvalehti.fi\/vallan-mahotonta\/","name":"Vallan mahotonta!","description":"Tutkija Antti Ronkainen seuraa maailmantalouden murrosta.","potentialAction":[{"@type":"SearchAction","target":{"@type":"EntryPoint","urlTemplate":"https:\/\/suomenkuvalehti.fi\/haku\/?q={search_term_string}"},"query-input":{"@type":"PropertyValueSpecification","valueRequired":true,"valueName":"search_term_string"}}],"inLanguage":"fi"},{"@type":"Person","@id":"https:\/\/suomenkuvalehti.fi\/vallan-mahotonta\/#\/schema\/person\/aa34015af7a4bce21e1cdcf566bb57b0","name":"Antti Ronkainen","image":{"@type":"ImageObject","inLanguage":"fi","@id":"https:\/\/suomenkuvalehti.fi\/vallan-mahotonta\/#\/schema\/person\/image\/","url":"https:\/\/suomenkuvalehti.fi\/vallan-mahotonta\/wp-content\/uploads\/sites\/42\/2018\/05\/antti_j_ronkainen_blogi_pieni-150x150.jpg","contentUrl":"https:\/\/suomenkuvalehti.fi\/vallan-mahotonta\/wp-content\/uploads\/sites\/42\/2018\/05\/antti_j_ronkainen_blogi_pieni-150x150.jpg","caption":"Antti Ronkainen"},"description":"Antti Ronkainen on poliittisen talouden v\u00e4it\u00f6skirjatutkija Helsingin yliopistolla.","sameAs":["http:\/\/anttironkainen.fi","https:\/\/www.facebook.com\/a.ronkainen","https:\/\/www.instagram.com\/antti.ronkainen\/","https:\/\/x.com\/https:\/\/twitter.com\/anttironkainen"]}]}},"_links":{"self":[{"href":"https:\/\/suomenkuvalehti.fi\/vallan-mahotonta\/wp-json\/wp\/v2\/posts\/9581","targetHints":{"allow":["GET"]}}],"collection":[{"href":"https:\/\/suomenkuvalehti.fi\/vallan-mahotonta\/wp-json\/wp\/v2\/posts"}],"about":[{"href":"https:\/\/suomenkuvalehti.fi\/vallan-mahotonta\/wp-json\/wp\/v2\/types\/post"}],"author":[{"embeddable":true,"href":"https:\/\/suomenkuvalehti.fi\/vallan-mahotonta\/wp-json\/wp\/v2\/users\/37967"}],"replies":[{"embeddable":true,"href":"https:\/\/suomenkuvalehti.fi\/vallan-mahotonta\/wp-json\/wp\/v2\/comments?post=9581"}],"version-history":[{"count":15,"href":"https:\/\/suomenkuvalehti.fi\/vallan-mahotonta\/wp-json\/wp\/v2\/posts\/9581\/revisions"}],"predecessor-version":[{"id":9597,"href":"https:\/\/suomenkuvalehti.fi\/vallan-mahotonta\/wp-json\/wp\/v2\/posts\/9581\/revisions\/9597"}],"wp:attachment":[{"href":"https:\/\/suomenkuvalehti.fi\/vallan-mahotonta\/wp-json\/wp\/v2\/media?parent=9581"}],"wp:term":[{"taxonomy":"category","embeddable":true,"href":"https:\/\/suomenkuvalehti.fi\/vallan-mahotonta\/wp-json\/wp\/v2\/categories?post=9581"},{"taxonomy":"post_tag","embeddable":true,"href":"https:\/\/suomenkuvalehti.fi\/vallan-mahotonta\/wp-json\/wp\/v2\/tags?post=9581"}],"curies":[{"name":"wp","href":"https:\/\/api.w.org\/{rel}","templated":true}]}}