{"id":9402,"date":"2023-04-04T10:55:48","date_gmt":"2023-04-04T07:55:48","guid":{"rendered":"https:\/\/suomenkuvalehti.fi\/vallan-mahotonta\/?p=9402"},"modified":"2023-04-04T13:41:35","modified_gmt":"2023-04-04T10:41:35","slug":"punavihreat-syyttavat-vaalitappiostaan-demareita-vaikka-kansa-tahtoi-muutosta-punavihreaan-politiikkaan","status":"publish","type":"post","link":"https:\/\/suomenkuvalehti.fi\/vallan-mahotonta\/punavihreat-syyttavat-vaalitappiostaan-demareita-vaikka-kansa-tahtoi-muutosta-punavihreaan-politiikkaan\/","title":{"rendered":"Punavihre\u00e4t syytt\u00e4v\u00e4t vaalitappiostaan demareita, vaikka kansa tahtoi muutosta punavihre\u00e4\u00e4n politiikkaan"},"content":{"rendered":"\n<p><span class=\"capitalized\">Eduskuntavaalit<\/span> on k\u00e4yty ja oikeisto voitti. Kokoomuksen ja perussuomalaisten kannatus nousi 6,4 prosenttiyksikk\u00f6\u00e4, ja vaikka keskusta, Rkp ja kristillisdemokraatit laskettaisiin mukaan, nousua on edelleen nelj\u00e4 prosenttiyksikk\u00f6\u00e4. <\/p>\n\n\n\n<p>Sdp kasvatti kannatustaan p\u00e4\u00e4ministeripuolueena ensimm\u00e4ist\u00e4 kertaa 20 vuoteen ja sai kolme kansanedustajaa lis\u00e4\u00e4 samalla kun vihre\u00e4t ja vasemmistoliitto menettiv\u00e4t 12 kansanedustajaa. Ilman taktista \u00e4\u00e4nest\u00e4mist\u00e4 punavihreiden tappio olisi ollut muutaman kansanedustajapaikan pienempi, mutta kokonaisuudessaan vasemmistoblokki h\u00e4visi vaalit: Sdp:n, vihreiden ja vasemmistoliiton kannatus putosi 3,4 prosenttiyksikk\u00f6\u00e4. Pulinat pois. <\/p>\n\n\n<figure class=\"wp-block-otavamedia-image alignnone\">\n  <div class=\"wp-block-otavamedia-image__inner-container\">\n    <a href='https:\/\/suomenkuvalehti.fi\/awpo\/img\/sites\/42\/2023\/04\/screenshot-2023-04-04-at-10-22-25-tulospalvelu-eduskuntavaalit-2023-yle.fi_.png?s=800127d5bd2b8d90d5c5bd657dedb8ec'><img loading=\"lazy\" decoding=\"async\" src=\"https:\/\/suomenkuvalehti.fi\/awpo\/img\/sites\/42\/2023\/04\/screenshot-2023-04-04-at-10-22-25-tulospalvelu-eduskuntavaalit-2023-yle.fi_.png?w=680&#038;h=680&#038;fit=crop-50-50-1&#038;s=800127d5bd2b8d90d5c5bd657dedb8ec\" alt=\"\" class=\"wp-image-9415\" width=\"680\" height=\"571\" style=\"--aspect-ratio: 1.19--aspect-ratio:1.19\" srcset=\"https:\/\/suomenkuvalehti.fi\/vallan-mahotonta\/wp-content\/uploads\/sites\/42\/2023\/04\/screenshot-2023-04-04-at-10-22-25-tulospalvelu-eduskuntavaalit-2023-yle.fi_.png 680w, https:\/\/suomenkuvalehti.fi\/vallan-mahotonta\/wp-content\/uploads\/sites\/42\/2023\/04\/screenshot-2023-04-04-at-10-22-25-tulospalvelu-eduskuntavaalit-2023-yle.fi_-300x252.png 300w\" sizes=\"auto, (max-width: 680px) 100vw, 680px\" \/><\/a>  <\/div>\n<\/figure>\n\n\n\n<p><span class=\"capitalized\">Punavihreiden<\/span> tappiota tulee etsi\u00e4 taktisen \u00e4\u00e4nestyksen sijaan kampanjoinnista. Sdp asettui kulttuurisodissa vastavoimaksi perussuomalaisille, eiv\u00e4tk\u00e4 punavihre\u00e4t voineet kuin seurata per\u00e4ss\u00e4. Talouspolitiikassa Sdp hy\u00f6kk\u00e4si kokoomusta vastaan ja meni p\u00e4\u00e4ministeripuolueena vasemmalta ohi vasemmistoliitosta. Vihreille ja vasemmistoliitolle j\u00e4i statistin rooli <strong>Sanna<\/strong> <strong>Marinin<\/strong> vet\u00e4m\u00e4ss\u00e4 kampanjassa kokoomusta ja perussuomalaisia vastaan, vaikka niiden olisi tullut esiinty\u00e4 demareitakin radikaalimpina vaihtoehtoina, jotka kiritt\u00e4v\u00e4t demarien talous- ja ilmastopolitiikkaa. <\/p>\n\n\n\n<p>Lis\u00e4ksi vihreiden alam\u00e4ki oli alkanut jo kuntavaaleista, eik\u00e4 se oikein koskaan l\u00f6yt\u00e4nyt paikkaansa hallituksessa. Vihreiden olisi tullut jo hallitusneuvotteluissa valita elinkeinoministerin salkku, jos se olisi halunnut tehd\u00e4 kunnianhimoista ilmastopolitiikkaa. Vihreiden ainoa hy\u00f6tyj\u00e4 taitaakin olla ensi vuoden presidentinvaaleihin valmistautuva <strong>Pekka Haavisto<\/strong>. <\/p>\n\n\n\n<p><\/p>\n\n\n\n<p><span class=\"capitalized\">Vasemmisto<\/span> h\u00e4visi vaalit my\u00f6s sis\u00e4ll\u00f6llisesti. Vaalien melkeinp\u00e4 ainoa vaaliteema oli valtiovarainministeri\u00f6n (VM) kehyst\u00e4m\u00e4 kuuden miljardin sopeutustarve. Vaikka leikkauksista ja veronkorotuksista v\u00e4iteltiin, sopeutustarvetta eiv\u00e4t lopulta kyseenalaistaneet sen enemp\u00e4\u00e4 puolueet kuin mediakaan. Debatti ei ylt\u00e4nyt VM:n asettamiin talouspolitiikan ongelmiin (julkinen velka) ja p\u00e4\u00e4m\u00e4\u00e4riin (budjettitasapaino), mik\u00e4 ilment\u00e4\u00e4, ett\u00e4 talouskurin paradigma el\u00e4\u00e4 ja voi edelleen hyvin Suomessa. <\/p>\n\n\n\n<p>Lis\u00e4ksi asennetutkimusten perusteella kansalaisia huolestutti ennen kaikkea julkisvelka, eiv\u00e4tk\u00e4 esimerkiksi ilmastonmuutos, energiakriisi, EU:n asema suurvaltapeliss\u00e4, Ukrainan sota tai ylip\u00e4\u00e4t\u00e4\u00e4n geopoliittinen myllerrys nousseet oikeastaan mitenk\u00e4\u00e4n vaaliagendalle. Huomioiden, ett\u00e4 jo edellisess\u00e4 eduskunnassa oli oikeiston enemmist\u00f6 (jos keskusta lasketaan porvaripuolueeksi), koronapandemian j\u00e4lkeen saattoikin muodostua illuusio vasemmiston kokoaan suuremmasta vallasta ja talouskurin murtumisesta. <\/p>\n\n\n\n<p>N\u00e4iss\u00e4 asetelmissa kokoomuksen ja perussuomalaisten esitt\u00e4m\u00e4 kritiikki Marinin hallituksen velkaantumisesta oli lopulta helppo ja toimiva strategia. Vaalitulos ilment\u00e4\u00e4kin vastalausetta edellisen hallituksen harjoittamalle politiikalle. <\/p>\n\n\n\n<p><\/p>\n\n\n\n<p><span class=\"capitalized\">Viimeinen naula<\/span> vasemmistoblokin arkkuun oli keskustan puheenjohtaja <strong>Annika Saarikon<\/strong> ilmoitus, ettei se jatka en\u00e4\u00e4 Marinin hallituksessa. T\u00e4m\u00e4 l\u00f6i entisest\u00e4\u00e4n kiilaa punavihre\u00e4n blokin sis\u00e4\u00e4n ja lis\u00e4si kokoomuksen ja perussuomalaisten varaan rakentuvan porvarihallituksen todenn\u00e4k\u00f6isyytt\u00e4. <\/p>\n\n\n\n<p>Vaalien poliittisesti merkitt\u00e4vimpi\u00e4 tuloksia kuitenkin oli, ett\u00e4 perusporvarihallitus on mahdollinen my\u00f6s ilman keskustaa. N\u00e4in kuninkaantekij\u00e4ksi muodostuukin Suomen ruotsalainen kansanpuolue Rkp, joka voi vapaasti ulosmitata <strong>Petteri Orpon<\/strong> ja <strong>Riikka Purran <\/strong>vaalivoittoja. <\/p>\n\n\n\n<p>Hauskimman heiton on toistaiseksi esitt\u00e4nyt HS:n politiikan toimittaja <strong>Marko Junkkari<\/strong>, jonka mukaan Rkp:n puheenjohtaja <strong>Anna-Maja Henriksson<\/strong> voisi vaatia itselleen porvarihallituksen p\u00e4\u00e4ministeriytt\u00e4. Leikki sikseen \u2013 talouspolitiikasta tuskin tulee porvariblokissa ongelmaa, mutta ainakin perussuomalaisten on l\u00f6ysennett\u00e4v\u00e4 maahanmuuttolinjaansa, koska Rkp ei mene hallitukseen, joka tekee \u201dperussuomalaista politiikkaa\u201d. <\/p>\n\n\n\n<p>Lis\u00e4ksi kokoomuksen on arvioitava, voiko perussuomalaisten kanssa harjoittaa sellaista ilmastopolitiikkaa, jolla p\u00e4\u00e4st\u00e4\u00e4n uskottavasti kohti vuoden 2035 hiilineutraalisuustavoitetta, josta kiinnipit\u00e4misen kokoomus on ilmoittanut kynnyskysymyksekseen. My\u00f6s ty\u00f6markkinapomot ovat ilmaisseet huolensa perussuomalaisten nihke\u00e4st\u00e4 suhtautumisesta ty\u00f6per\u00e4iseen maahanmuuttoon ja ilmastotoimiin. Jos alkaa n\u00e4ytt\u00e4\u00e4, ett\u00e4 EU-, ilmasto- ja maahanmuuttopolitiikka alkavat menn\u00e4 liian hulinaksi perussuomalaisten kanssa, kokoomus voi edelleen katsoa sinipunaiseen hallitukseen sill\u00e4 edellytyksell\u00e4, ett\u00e4 se on valmis tulemaan demareita vastaan julkisen talouden sopeutustarpeessa. <\/p>\n\n\n\n<p><\/p>\n\n\n\n<p><span class=\"capitalized\">Jos Suomeen<\/span> tulisi vaalituloksen mukainen kokoomuksen, perussuomalaisten, Rkp:n ja kristillisdemokraattien hallitus, mielenkiintoista olisikin, mink\u00e4laisena Marinin hallituksen vasemmistoblokin yhteisty\u00f6 jatkuisi oppositiossa. Marin voisi hyvin jatkaa oppositiojohtajana perussuomalaisten ja kokoomusten arvostelua. Suosio olisi taattu, jos hallitus alkaisi hakea julkisen talouden tasapainoa leikkauspainotteisesti el\u00e4kkeist\u00e4, terveydenhuollosta ja sosiaaliturvasta tai varsinkin jos se puuttuisi yleissitoviin ty\u00f6ehtosopimuksiin, lakko-oikeuksiin ja laittaisi ay-liikkeen verolle. Sdp voi kuitenkin olla ongelmissa, jos Marin j\u00e4tt\u00e4isi puheenjohtajuuden. <\/p>\n\n\n\n<p>Toinen kysymys on, mill\u00e4 tavoin vasemmistoliitto ja Sdp ylip\u00e4\u00e4t\u00e4\u00e4n eroavat toisistaan, kun demarit ovat Marinin johdolla menneet vasemmalle. Mik\u00e4 on ylip\u00e4\u00e4t\u00e4\u00e4n vasemmistoliiton tarkoitus Nato-Suomessa? Vasemmistoliitto n\u00e4ytt\u00e4isi edustavan koko ajan selvemmin korkeastikoulutettua keskiluokkaa ja kulttuuriv\u00e4ke\u00e4, joka ajaa v\u00e4hemmist\u00f6n asioita.<\/p>\n\n\n\n<p> Perussuomalaiset on esimerkiksi jo paljon vasemmistoliittoa suositumpi puolue Teollisuusliiton j\u00e4senten keskuudessa. Vaalitulos osoitti, kuinka brutaalisti vaalitapa kohtelee alle kahdeksan prosentin puolueita, joten vasemmistossa olisi pohdittava, keit\u00e4 puolue ylip\u00e4\u00e4t\u00e4\u00e4n haluaa puhutella ja vaatiiko se duunareilta liikaa. <\/p>\n\n\n\n<p>Vihreiden ongelma alkaa olla, ett\u00e4 heid\u00e4n on vaikeaa l\u00f6yt\u00e4\u00e4 paikkaansa alituisesti \u201dei vasemmalla eik\u00e4 oikealla vaan edell\u00e4\u201d olevana ymp\u00e4rist\u00f6puolueena. Ensimm\u00e4isten itseruoskintojen perusteella puolue olisi suuntaamassa vasemmistohallituksen j\u00e4lkeen <strong>Osmo Soininvaaran<\/strong> jalanj\u00e4ljiss\u00e4 oikeistoliberaalimpaan pro market -suuntaan, esimerkiksi <strong>Atte Harjanteen<\/strong> vet\u00e4m\u00e4n\u00e4. <\/p>\n\n\n\n<p>Ja jos Suomeen tulisi perusporvarihallitus ilman keskustaa, puolue p\u00e4\u00e4tyisi Marinin hallituksesta oppositioon vihaamansa vasemmistoblokin kanssa, johon se koetti tehd\u00e4 pes\u00e4eroa koko hallituskauden ajan. Kuinka hyvin oikeistohallituksen kritisointi oppositiossa yhdess\u00e4 punavihreiden kanssa edist\u00e4isi puolueen kadonneen identiteetin l\u00f6ytymist\u00e4? Oletettavaa onkin, ett\u00e4 kepu n\u00e4kisi mieluummin kokoomuksen ja demarien varaan rakentuvan \u201dvihan hallituksen\u201d kuin ideologisesti yhten\u00e4isemm\u00e4n perusporvarihallituksen.<\/p>\n\n\n\n<p><\/p>\n\n\n\n<p><span class=\"capitalized\">Presidentti<\/span> <strong>Sauli Niinist\u00f6<\/strong> vetosi eduskunnan vaalikauden p\u00e4\u00e4tt\u00e4j\u00e4isiss\u00e4 vajaa viikko sitten, ett\u00e4 Suomeen olisi hyv\u00e4 saada toimintakykyinen hallitus mahdollisimman pian. Orpon johtamat hallitustunnustelut alkavat p\u00e4\u00e4si\u00e4isen j\u00e4lkeen. Toimintakykyiseen hallituspohjaan vaikuttavat viel\u00e4 loputtomat samanaikaiset prosessit, ja hallitusneuvotteluihin lopullisesti osallistuvia puolueita on vaikea spekuloida pelkkien puolueiden profiilien tai vaalikeskustelujen perusteella. <\/p>\n\n\n\n<p>Koska vaalinaluskeskustelut olivat lopulta niin suppeat, paljon selvitett\u00e4v\u00e4\u00e4 j\u00e4\u00e4 viel\u00e4 S\u00e4\u00e4tytalolle. Silti jos kolmesta suurimmasta v\u00e4hint\u00e4\u00e4n kaksi ovat valmiita joustamaan vaalipuheistaan, hallituksen muodostaminen on mahdollista nopeallakin aikataululla. <\/p>\n","protected":false},"excerpt":{"rendered":"<p>Eduskuntavaalit on k\u00e4yty ja oikeisto voitti. Kokoomuksen ja perussuomalaisten kannatus nousi 6,4 prosenttiyksikk\u00f6\u00e4, ja vaikka keskusta, Rkp ja kristillisdemokraatit laskettaisiin mukaan, nousua on edelleen nelj\u00e4<br \/>\npro&hellip;<\/p>\n","protected":false},"author":37967,"featured_media":9419,"comment_status":"open","ping_status":"open","sticky":false,"template":"","format":"standard","meta":{"_acf_changed":false,"asauth_required_access_level":3,"asauth_cansharepaid":"true","om_header_attributes":[],"footnotes":"","om_featured_image_focal_point":[],"om_primary_tag":656,"om_contributors":[{"id":"author-override","type":"fixed","role":"Kirjoittajan yliajo","name":""},{"id":"photographer","type":"fixed","role":"Kuvat","name":""}],"om_co_authors":[],"beyondwords_generate_audio":"","beyondwords_project_id":"","beyondwords_content_id":"","beyondwords_preview_token":"","beyondwords_player_content":"","beyondwords_player_style":"","beyondwords_language_code":"","beyondwords_language_id":"","beyondwords_title_voice_id":"","beyondwords_body_voice_id":"","beyondwords_summary_voice_id":"","beyondwords_error_message":"","beyondwords_disabled":"","beyondwords_delete_content":"","beyondwords_podcast_id":"","beyondwords_hash":"","publish_post_to_speechkit":"","speechkit_hash":"","speechkit_generate_audio":"","speechkit_project_id":"","speechkit_podcast_id":"","speechkit_error_message":"","speechkit_disabled":"","speechkit_access_key":"","speechkit_error":"","speechkit_info":"","speechkit_response":"","speechkit_retries":"","speechkit_status":"","speechkit_updated_at":"","_speechkit_link":"","_speechkit_text":""},"categories":[1],"tags":[653,656,652,655,654,18,634,308],"class_list":["post-9402","post","type-post","status-publish","format-standard","has-post-thumbnail","hentry","category-vallan-mahotonta","tag-anna-maja-henriksson","tag-edusuntavaalit-2023","tag-li-andersson","tag-oikeistohallitus","tag-perusporvarihallitus","tag-petteri-orpo","tag-riikka-purra","tag-sanna-marin"],"om_views":null,"acf":{"tuuma_off":false,"tuuma_kysymys":"","tuuma_vastaus":""},"asauth":{"required_access_level":1,"share_token":"","is_paid":false},"yoast_head":"<!-- This site is optimized with the Yoast SEO plugin v26.4 - https:\/\/yoast.com\/wordpress\/plugins\/seo\/ -->\n<title>Punavihre\u00e4t syytt\u00e4v\u00e4t vaalitappiostaan demareita, vaikka kansa tahtoi muutosta punavihre\u00e4\u00e4n politiikkaan - Vallan mahotonta!<\/title>\n<meta name=\"robots\" content=\"index, follow, max-snippet:-1, max-image-preview:large, max-video-preview:-1\" \/>\n<link rel=\"canonical\" href=\"https:\/\/suomenkuvalehti.fi\/vallan-mahotonta\/punavihreat-syyttavat-vaalitappiostaan-demareita-vaikka-kansa-tahtoi-muutosta-punavihreaan-politiikkaan\/\" \/>\n<meta property=\"og:locale\" content=\"fi_FI\" \/>\n<meta property=\"og:type\" content=\"article\" \/>\n<meta property=\"og:title\" content=\"Punavihre\u00e4t syytt\u00e4v\u00e4t vaalitappiostaan demareita, vaikka kansa tahtoi muutosta punavihre\u00e4\u00e4n politiikkaan - Vallan mahotonta!\" \/>\n<meta property=\"og:description\" content=\"Eduskuntavaalit on k\u00e4yty ja oikeisto voitti. Kokoomuksen ja perussuomalaisten kannatus nousi 6,4 prosenttiyksikk\u00f6\u00e4, ja vaikka keskusta, Rkp ja kristillisdemokraatit laskettaisiin mukaan, nousua on edelleen nelj\u00e4 pro&hellip;\" \/>\n<meta property=\"og:url\" content=\"https:\/\/suomenkuvalehti.fi\/vallan-mahotonta\/punavihreat-syyttavat-vaalitappiostaan-demareita-vaikka-kansa-tahtoi-muutosta-punavihreaan-politiikkaan\/\" \/>\n<meta property=\"og:site_name\" content=\"Vallan mahotonta!\" \/>\n<meta property=\"article:author\" content=\"https:\/\/www.facebook.com\/a.ronkainen\" \/>\n<meta property=\"article:published_time\" content=\"2023-04-04T07:55:48+00:00\" \/>\n<meta property=\"article:modified_time\" content=\"2023-04-04T10:41:35+00:00\" \/>\n<meta property=\"og:image\" content=\"https:\/\/suomenkuvalehti.fi\/vallan-mahotonta\/wp-content\/uploads\/sites\/42\/2023\/04\/fr2fzoywibqwn6d.jpeg\" \/>\n\t<meta property=\"og:image:width\" content=\"1349\" \/>\n\t<meta property=\"og:image:height\" content=\"1123\" \/>\n\t<meta property=\"og:image:type\" content=\"image\/jpeg\" \/>\n<meta name=\"author\" content=\"Antti Ronkainen\" \/>\n<meta name=\"twitter:card\" content=\"summary_large_image\" \/>\n<meta name=\"twitter:creator\" content=\"@https:\/\/twitter.com\/anttironkainen\" \/>\n<meta name=\"twitter:label1\" content=\"Written by\" \/>\n\t<meta name=\"twitter:data1\" content=\"Antti Ronkainen\" \/>\n\t<meta name=\"twitter:label2\" content=\"Est. reading time\" \/>\n\t<meta name=\"twitter:data2\" content=\"5 minuuttia\" \/>\n<script type=\"application\/ld+json\" class=\"yoast-schema-graph\">{\"@context\":\"https:\/\/schema.org\",\"@graph\":[{\"@type\":\"WebPage\",\"@id\":\"https:\/\/suomenkuvalehti.fi\/vallan-mahotonta\/punavihreat-syyttavat-vaalitappiostaan-demareita-vaikka-kansa-tahtoi-muutosta-punavihreaan-politiikkaan\/\",\"url\":\"https:\/\/suomenkuvalehti.fi\/vallan-mahotonta\/punavihreat-syyttavat-vaalitappiostaan-demareita-vaikka-kansa-tahtoi-muutosta-punavihreaan-politiikkaan\/\",\"name\":\"Punavihre\u00e4t syytt\u00e4v\u00e4t vaalitappiostaan demareita, vaikka kansa tahtoi muutosta punavihre\u00e4\u00e4n politiikkaan - Vallan mahotonta!\",\"isPartOf\":{\"@id\":\"https:\/\/suomenkuvalehti.fi\/vallan-mahotonta\/#website\"},\"primaryImageOfPage\":{\"@id\":\"https:\/\/suomenkuvalehti.fi\/vallan-mahotonta\/punavihreat-syyttavat-vaalitappiostaan-demareita-vaikka-kansa-tahtoi-muutosta-punavihreaan-politiikkaan\/#primaryimage\"},\"image\":{\"@id\":\"https:\/\/suomenkuvalehti.fi\/vallan-mahotonta\/punavihreat-syyttavat-vaalitappiostaan-demareita-vaikka-kansa-tahtoi-muutosta-punavihreaan-politiikkaan\/#primaryimage\"},\"thumbnailUrl\":\"https:\/\/suomenkuvalehti.fi\/vallan-mahotonta\/wp-content\/uploads\/sites\/42\/2023\/04\/fr2fzoywibqwn6d.jpeg\",\"datePublished\":\"2023-04-04T07:55:48+00:00\",\"dateModified\":\"2023-04-04T10:41:35+00:00\",\"author\":{\"@id\":\"https:\/\/suomenkuvalehti.fi\/vallan-mahotonta\/#\/schema\/person\/aa34015af7a4bce21e1cdcf566bb57b0\"},\"breadcrumb\":{\"@id\":\"https:\/\/suomenkuvalehti.fi\/vallan-mahotonta\/punavihreat-syyttavat-vaalitappiostaan-demareita-vaikka-kansa-tahtoi-muutosta-punavihreaan-politiikkaan\/#breadcrumb\"},\"inLanguage\":\"fi\",\"potentialAction\":[{\"@type\":\"ReadAction\",\"target\":[\"https:\/\/suomenkuvalehti.fi\/vallan-mahotonta\/punavihreat-syyttavat-vaalitappiostaan-demareita-vaikka-kansa-tahtoi-muutosta-punavihreaan-politiikkaan\/\"]}]},{\"@type\":\"ImageObject\",\"inLanguage\":\"fi\",\"@id\":\"https:\/\/suomenkuvalehti.fi\/vallan-mahotonta\/punavihreat-syyttavat-vaalitappiostaan-demareita-vaikka-kansa-tahtoi-muutosta-punavihreaan-politiikkaan\/#primaryimage\",\"url\":\"https:\/\/suomenkuvalehti.fi\/vallan-mahotonta\/wp-content\/uploads\/sites\/42\/2023\/04\/fr2fzoywibqwn6d.jpeg\",\"contentUrl\":\"https:\/\/suomenkuvalehti.fi\/vallan-mahotonta\/wp-content\/uploads\/sites\/42\/2023\/04\/fr2fzoywibqwn6d.jpeg\",\"width\":1349,\"height\":1123,\"caption\":\"Kuvakaappaus Ylen j\u00e4rjest\u00e4m\u00e4st\u00e4 Purran, Marinin ja Orpon vaalitentist\u00e4\"},{\"@type\":\"BreadcrumbList\",\"@id\":\"https:\/\/suomenkuvalehti.fi\/vallan-mahotonta\/punavihreat-syyttavat-vaalitappiostaan-demareita-vaikka-kansa-tahtoi-muutosta-punavihreaan-politiikkaan\/#breadcrumb\",\"itemListElement\":[{\"@type\":\"ListItem\",\"position\":1,\"name\":\"Home\",\"item\":\"https:\/\/suomenkuvalehti.fi\/vallan-mahotonta\/\"},{\"@type\":\"ListItem\",\"position\":2,\"name\":\"Punavihre\u00e4t syytt\u00e4v\u00e4t vaalitappiostaan demareita, vaikka kansa tahtoi muutosta punavihre\u00e4\u00e4n politiikkaan\"}]},{\"@type\":\"WebSite\",\"@id\":\"https:\/\/suomenkuvalehti.fi\/vallan-mahotonta\/#website\",\"url\":\"https:\/\/suomenkuvalehti.fi\/vallan-mahotonta\/\",\"name\":\"Vallan mahotonta!\",\"description\":\"Tutkija Antti Ronkainen seuraa maailmantalouden murrosta.\",\"potentialAction\":[{\"@type\":\"SearchAction\",\"target\":{\"@type\":\"EntryPoint\",\"urlTemplate\":\"https:\/\/suomenkuvalehti.fi\/haku\/?q={search_term_string}\"},\"query-input\":{\"@type\":\"PropertyValueSpecification\",\"valueRequired\":true,\"valueName\":\"search_term_string\"}}],\"inLanguage\":\"fi\"},{\"@type\":\"Person\",\"@id\":\"https:\/\/suomenkuvalehti.fi\/vallan-mahotonta\/#\/schema\/person\/aa34015af7a4bce21e1cdcf566bb57b0\",\"name\":\"Antti Ronkainen\",\"image\":{\"@type\":\"ImageObject\",\"inLanguage\":\"fi\",\"@id\":\"https:\/\/suomenkuvalehti.fi\/vallan-mahotonta\/#\/schema\/person\/image\/\",\"url\":\"https:\/\/suomenkuvalehti.fi\/vallan-mahotonta\/wp-content\/uploads\/sites\/42\/2018\/05\/antti_j_ronkainen_blogi_pieni-150x150.jpg\",\"contentUrl\":\"https:\/\/suomenkuvalehti.fi\/vallan-mahotonta\/wp-content\/uploads\/sites\/42\/2018\/05\/antti_j_ronkainen_blogi_pieni-150x150.jpg\",\"caption\":\"Antti Ronkainen\"},\"description\":\"Antti Ronkainen on poliittisen talouden v\u00e4it\u00f6skirjatutkija Helsingin yliopistolla.\",\"sameAs\":[\"http:\/\/anttironkainen.fi\",\"https:\/\/www.facebook.com\/a.ronkainen\",\"https:\/\/www.instagram.com\/antti.ronkainen\/\",\"https:\/\/x.com\/https:\/\/twitter.com\/anttironkainen\"]}]}<\/script>\n<!-- \/ Yoast SEO plugin. -->","yoast_head_json":{"title":"Punavihre\u00e4t syytt\u00e4v\u00e4t vaalitappiostaan demareita, vaikka kansa tahtoi muutosta punavihre\u00e4\u00e4n politiikkaan - Vallan mahotonta!","robots":{"index":"index","follow":"follow","max-snippet":"max-snippet:-1","max-image-preview":"max-image-preview:large","max-video-preview":"max-video-preview:-1"},"canonical":"https:\/\/suomenkuvalehti.fi\/vallan-mahotonta\/punavihreat-syyttavat-vaalitappiostaan-demareita-vaikka-kansa-tahtoi-muutosta-punavihreaan-politiikkaan\/","og_locale":"fi_FI","og_type":"article","og_title":"Punavihre\u00e4t syytt\u00e4v\u00e4t vaalitappiostaan demareita, vaikka kansa tahtoi muutosta punavihre\u00e4\u00e4n politiikkaan - Vallan mahotonta!","og_description":"Eduskuntavaalit on k\u00e4yty ja oikeisto voitti. Kokoomuksen ja perussuomalaisten kannatus nousi 6,4 prosenttiyksikk\u00f6\u00e4, ja vaikka keskusta, Rkp ja kristillisdemokraatit laskettaisiin mukaan, nousua on edelleen nelj\u00e4 pro&hellip;","og_url":"https:\/\/suomenkuvalehti.fi\/vallan-mahotonta\/punavihreat-syyttavat-vaalitappiostaan-demareita-vaikka-kansa-tahtoi-muutosta-punavihreaan-politiikkaan\/","og_site_name":"Vallan mahotonta!","article_author":"https:\/\/www.facebook.com\/a.ronkainen","article_published_time":"2023-04-04T07:55:48+00:00","article_modified_time":"2023-04-04T10:41:35+00:00","og_image":[{"width":1349,"height":1123,"url":"https:\/\/suomenkuvalehti.fi\/vallan-mahotonta\/wp-content\/uploads\/sites\/42\/2023\/04\/fr2fzoywibqwn6d.jpeg","type":"image\/jpeg"}],"author":"Antti Ronkainen","twitter_card":"summary_large_image","twitter_creator":"@https:\/\/twitter.com\/anttironkainen","twitter_misc":{"Written by":"Antti Ronkainen","Est. reading time":"5 minuuttia"},"schema":{"@context":"https:\/\/schema.org","@graph":[{"@type":"WebPage","@id":"https:\/\/suomenkuvalehti.fi\/vallan-mahotonta\/punavihreat-syyttavat-vaalitappiostaan-demareita-vaikka-kansa-tahtoi-muutosta-punavihreaan-politiikkaan\/","url":"https:\/\/suomenkuvalehti.fi\/vallan-mahotonta\/punavihreat-syyttavat-vaalitappiostaan-demareita-vaikka-kansa-tahtoi-muutosta-punavihreaan-politiikkaan\/","name":"Punavihre\u00e4t syytt\u00e4v\u00e4t vaalitappiostaan demareita, vaikka kansa tahtoi muutosta punavihre\u00e4\u00e4n politiikkaan - Vallan mahotonta!","isPartOf":{"@id":"https:\/\/suomenkuvalehti.fi\/vallan-mahotonta\/#website"},"primaryImageOfPage":{"@id":"https:\/\/suomenkuvalehti.fi\/vallan-mahotonta\/punavihreat-syyttavat-vaalitappiostaan-demareita-vaikka-kansa-tahtoi-muutosta-punavihreaan-politiikkaan\/#primaryimage"},"image":{"@id":"https:\/\/suomenkuvalehti.fi\/vallan-mahotonta\/punavihreat-syyttavat-vaalitappiostaan-demareita-vaikka-kansa-tahtoi-muutosta-punavihreaan-politiikkaan\/#primaryimage"},"thumbnailUrl":"https:\/\/suomenkuvalehti.fi\/vallan-mahotonta\/wp-content\/uploads\/sites\/42\/2023\/04\/fr2fzoywibqwn6d.jpeg","datePublished":"2023-04-04T07:55:48+00:00","dateModified":"2023-04-04T10:41:35+00:00","author":{"@id":"https:\/\/suomenkuvalehti.fi\/vallan-mahotonta\/#\/schema\/person\/aa34015af7a4bce21e1cdcf566bb57b0"},"breadcrumb":{"@id":"https:\/\/suomenkuvalehti.fi\/vallan-mahotonta\/punavihreat-syyttavat-vaalitappiostaan-demareita-vaikka-kansa-tahtoi-muutosta-punavihreaan-politiikkaan\/#breadcrumb"},"inLanguage":"fi","potentialAction":[{"@type":"ReadAction","target":["https:\/\/suomenkuvalehti.fi\/vallan-mahotonta\/punavihreat-syyttavat-vaalitappiostaan-demareita-vaikka-kansa-tahtoi-muutosta-punavihreaan-politiikkaan\/"]}]},{"@type":"ImageObject","inLanguage":"fi","@id":"https:\/\/suomenkuvalehti.fi\/vallan-mahotonta\/punavihreat-syyttavat-vaalitappiostaan-demareita-vaikka-kansa-tahtoi-muutosta-punavihreaan-politiikkaan\/#primaryimage","url":"https:\/\/suomenkuvalehti.fi\/vallan-mahotonta\/wp-content\/uploads\/sites\/42\/2023\/04\/fr2fzoywibqwn6d.jpeg","contentUrl":"https:\/\/suomenkuvalehti.fi\/vallan-mahotonta\/wp-content\/uploads\/sites\/42\/2023\/04\/fr2fzoywibqwn6d.jpeg","width":1349,"height":1123,"caption":"Kuvakaappaus Ylen j\u00e4rjest\u00e4m\u00e4st\u00e4 Purran, Marinin ja Orpon vaalitentist\u00e4"},{"@type":"BreadcrumbList","@id":"https:\/\/suomenkuvalehti.fi\/vallan-mahotonta\/punavihreat-syyttavat-vaalitappiostaan-demareita-vaikka-kansa-tahtoi-muutosta-punavihreaan-politiikkaan\/#breadcrumb","itemListElement":[{"@type":"ListItem","position":1,"name":"Home","item":"https:\/\/suomenkuvalehti.fi\/vallan-mahotonta\/"},{"@type":"ListItem","position":2,"name":"Punavihre\u00e4t syytt\u00e4v\u00e4t vaalitappiostaan demareita, vaikka kansa tahtoi muutosta punavihre\u00e4\u00e4n politiikkaan"}]},{"@type":"WebSite","@id":"https:\/\/suomenkuvalehti.fi\/vallan-mahotonta\/#website","url":"https:\/\/suomenkuvalehti.fi\/vallan-mahotonta\/","name":"Vallan mahotonta!","description":"Tutkija Antti Ronkainen seuraa maailmantalouden murrosta.","potentialAction":[{"@type":"SearchAction","target":{"@type":"EntryPoint","urlTemplate":"https:\/\/suomenkuvalehti.fi\/haku\/?q={search_term_string}"},"query-input":{"@type":"PropertyValueSpecification","valueRequired":true,"valueName":"search_term_string"}}],"inLanguage":"fi"},{"@type":"Person","@id":"https:\/\/suomenkuvalehti.fi\/vallan-mahotonta\/#\/schema\/person\/aa34015af7a4bce21e1cdcf566bb57b0","name":"Antti Ronkainen","image":{"@type":"ImageObject","inLanguage":"fi","@id":"https:\/\/suomenkuvalehti.fi\/vallan-mahotonta\/#\/schema\/person\/image\/","url":"https:\/\/suomenkuvalehti.fi\/vallan-mahotonta\/wp-content\/uploads\/sites\/42\/2018\/05\/antti_j_ronkainen_blogi_pieni-150x150.jpg","contentUrl":"https:\/\/suomenkuvalehti.fi\/vallan-mahotonta\/wp-content\/uploads\/sites\/42\/2018\/05\/antti_j_ronkainen_blogi_pieni-150x150.jpg","caption":"Antti Ronkainen"},"description":"Antti Ronkainen on poliittisen talouden v\u00e4it\u00f6skirjatutkija Helsingin yliopistolla.","sameAs":["http:\/\/anttironkainen.fi","https:\/\/www.facebook.com\/a.ronkainen","https:\/\/www.instagram.com\/antti.ronkainen\/","https:\/\/x.com\/https:\/\/twitter.com\/anttironkainen"]}]}},"_links":{"self":[{"href":"https:\/\/suomenkuvalehti.fi\/vallan-mahotonta\/wp-json\/wp\/v2\/posts\/9402","targetHints":{"allow":["GET"]}}],"collection":[{"href":"https:\/\/suomenkuvalehti.fi\/vallan-mahotonta\/wp-json\/wp\/v2\/posts"}],"about":[{"href":"https:\/\/suomenkuvalehti.fi\/vallan-mahotonta\/wp-json\/wp\/v2\/types\/post"}],"author":[{"embeddable":true,"href":"https:\/\/suomenkuvalehti.fi\/vallan-mahotonta\/wp-json\/wp\/v2\/users\/37967"}],"replies":[{"embeddable":true,"href":"https:\/\/suomenkuvalehti.fi\/vallan-mahotonta\/wp-json\/wp\/v2\/comments?post=9402"}],"version-history":[{"count":23,"href":"https:\/\/suomenkuvalehti.fi\/vallan-mahotonta\/wp-json\/wp\/v2\/posts\/9402\/revisions"}],"predecessor-version":[{"id":9430,"href":"https:\/\/suomenkuvalehti.fi\/vallan-mahotonta\/wp-json\/wp\/v2\/posts\/9402\/revisions\/9430"}],"wp:featuredmedia":[{"embeddable":true,"href":"https:\/\/suomenkuvalehti.fi\/vallan-mahotonta\/wp-json\/wp\/v2\/media\/9419"}],"wp:attachment":[{"href":"https:\/\/suomenkuvalehti.fi\/vallan-mahotonta\/wp-json\/wp\/v2\/media?parent=9402"}],"wp:term":[{"taxonomy":"category","embeddable":true,"href":"https:\/\/suomenkuvalehti.fi\/vallan-mahotonta\/wp-json\/wp\/v2\/categories?post=9402"},{"taxonomy":"post_tag","embeddable":true,"href":"https:\/\/suomenkuvalehti.fi\/vallan-mahotonta\/wp-json\/wp\/v2\/tags?post=9402"}],"curies":[{"name":"wp","href":"https:\/\/api.w.org\/{rel}","templated":true}]}}