{"id":9351,"date":"2023-03-19T12:48:29","date_gmt":"2023-03-19T10:48:29","guid":{"rendered":"https:\/\/suomenkuvalehti.fi\/vallan-mahotonta\/?p=9351"},"modified":"2023-03-21T08:47:07","modified_gmt":"2023-03-21T06:47:07","slug":"macronismi-on-kuollut-kauan-elakoon-macron","status":"publish","type":"post","link":"https:\/\/suomenkuvalehti.fi\/vallan-mahotonta\/macronismi-on-kuollut-kauan-elakoon-macron\/","title":{"rendered":"Macronismi on kuollut, kauan el\u00e4k\u00f6\u00f6n Macron!"},"content":{"rendered":"\n<p><strong>Emmanuel Macron<\/strong> menetti viime kes\u00e4n vaaleissa enemmist\u00f6n kansalliskokouksessa, joten h\u00e4n on joutunut nojautumaan talouspolitiikassa oppositiossa olevan republikaani-puolueen tukeen. Identiteettikriisiss\u00e4 rypev\u00e4 puolue ei kuitenkaan uskaltanut kannattaa erityisen laajaa vastarintaa her\u00e4tt\u00e4nytt\u00e4 el\u00e4keuudistusta, joten p\u00e4\u00e4ministeri <strong>\u00c9lisabeth Borne<\/strong> joutui viem\u00e4\u00e4n uudistuksen l\u00e4pi ilman parlamentin hyv\u00e4ksynt\u00e4\u00e4 perustuslain artiklan 49.3 nojalla. <\/p>\n\n\n\n<p>Artikla 49.3:n seurauksena oppositio j\u00e4rjest\u00e4\u00e4 maanantaina Bornen ep\u00e4luottamus\u00e4\u00e4nestyksen (<em>motion de censure<\/em>), jonka h\u00e4vi\u00e4minen tarkoittaisi sek\u00e4 hallituksen ett\u00e4 el\u00e4keuudistuksen kaatumista. Ep\u00e4luottamus edellytt\u00e4\u00e4 289 \u00e4\u00e4nt\u00e4 ja <strong>Jean-Luc M\u00e9lenchonin<\/strong> johtamalla laitavasemmistolla, <strong>Marine Le Penin<\/strong> laitaoikeistolla ja riippumattomilla on yhteens\u00e4 257 \u00e4\u00e4nt\u00e4, joten puolet republikaanien 61 kansanedustajasta riitt\u00e4\u00e4 kaatamaan Bornen. T\u00e4m\u00e4nhetkisten laskelmien mukaan oppositiolta puuttuu viel\u00e4 <a href=\"https:\/\/www.latribune.fr\/economie\/france\/apres-le-49-3-emmanuel-macron-plus-que-jamais-seul-955718.html\" target=\"_blank\" rel=\"noreferrer noopener\">kymmenisen \u00e4\u00e4nt\u00e4<\/a>. <\/p>\n\n\n\n<p>Panokset ovat kovat. Macron on ilmoittanut hajottavansa kansalliskokouksen ja j\u00e4rjest\u00e4v\u00e4ns\u00e4 ennenaikaiset vaalit, jos hallitus ja el\u00e4keuudistus kaatuvat. Vaalien uhalla Macron pyrkii varmistamaan republikaanien tuen, jotka tuskin haluavat sis\u00e4isess\u00e4 hajaannuksessa uusiin vaaleihin. Toisaalta vaalien j\u00e4rjest\u00e4minen historiallisen ep\u00e4suositun el\u00e4keuudistuksen vuoksi voisi vahvistaa laitavasemmistoa ja laitaoikeistoa sek\u00e4 heikent\u00e4\u00e4 Macronia entisest\u00e4\u00e4n. Oppositio onkin ottanut mahdolliset ennenaikaiset vaalit ilolla vastaan ja <strong>Jordan Bardella<\/strong> on jo ilmoittanut, ett\u00e4 <a href=\"https:\/\/www.bfmtv.com\/economie\/economie-social\/social\/en-direct-reforme-des-retraites-motions-de-censure-rassemblements-devant-des-prefectures-pour-l-executif-au-parlement-comme-dans-la-rue-la-bataille-des-retraites-s-accelere-ce-vendredi-17-mars_LN-202303170036.html\" target=\"_blank\" rel=\"noreferrer noopener\">laitaoikeiston <em>Rassemblement National<\/em> ei asettaisi ehdokkaitaan niit\u00e4 republikaaneja vastaan<\/a>, jotka \u00e4\u00e4nest\u00e4v\u00e4t hallituksen ja el\u00e4keuudistuksen kaatamisen puolesta. <\/p>\n\n\n\n<p>Luottamus\u00e4\u00e4nestyksess\u00e4 onkin kyse siit\u00e4, jatkavatko republikaanit Macronin talouspolitiikan takaajana. Jos hallitus saa kansalliskokouksen luottamuksen, Macron todenn\u00e4k\u00f6isesti erottaa kuitenkin p\u00e4\u00e4ministeri Bornen, koska t\u00e4m\u00e4 ep\u00e4onnistui el\u00e4keuudistuksen kanssa. Macron on ollut itse el\u00e4keuudistuksen ja erityisesti artikla 49.3:n suhteen hiljaa ja h\u00e4n antaisi todenn\u00e4k\u00f6isesti my\u00f6s tulevan p\u00e4\u00e4ministerin tehd\u00e4 macronismin suhteen likaisen ty\u00f6n kansalliskokouksessa.<\/p>\n\n\n\n<p>Pitk\u00e4aikainen Pariisin kirjeenvaihtaja <a href=\"https:\/\/www.politico.eu\/article\/emmanuel-macron-france-politics-pension-reform-elisabeth-borne\/\" target=\"_blank\" rel=\"noreferrer noopener\"><strong>John Lichfieldin<\/strong> mukaan el\u00e4keuudistus kertoo kuitenkin laajemmin macronismin ep\u00e4onnistumisesta<\/a>. Macron on ep\u00e4onnistunut vakuuttamaan ranskalaiset uudistusten tarpeesta, keltaliivit ovat tulleet takaisin, laitavasemmisto on painunut entist\u00e4 vasemmalle ja laitaoikeisto entist\u00e4 oikeammalle, mink\u00e4 lis\u00e4ksi Macron on saanut ammattiliitot kimppuunsa. Himmentyneen br\u00e4ndin vuoksi Macronin on entist\u00e4 vaikeampi l\u00f6yt\u00e4\u00e4 uusia p\u00e4\u00e4ministereit\u00e4 ja viidennen tasavallan johtamisesta tulee entist\u00e4 vaikeampaa. Vaikka Macron selvinnee t\u00e4st\u00e4kin, macronismi tuskin on valttikortti en\u00e4\u00e4 vuoden 2027 presidentinvaaleissa. <\/p>\n","protected":false},"excerpt":{"rendered":"<p>Emmanuel Macron menetti viime kes\u00e4n vaaleissa enemmist\u00f6n kansalliskokouksessa, joten h\u00e4n on joutunut nojautumaan talouspolitiikassa oppositiossa olevan republikaani-puolueen tukeen. Identiteettikriisiss\u00e4 rypev\u00e4 puolue ei kuitenkaan uskaltanut kannattaa erityisen laajaa vastarintaa<br \/>\nher\u00e4&hellip;<\/p>\n","protected":false},"author":37967,"featured_media":0,"comment_status":"open","ping_status":"open","sticky":false,"template":"","format":"standard","meta":{"_acf_changed":false,"asauth_required_access_level":3,"asauth_cansharepaid":"true","om_header_attributes":[],"footnotes":"","om_featured_image_focal_point":[],"om_primary_tag":646,"om_contributors":[{"id":"author-override","type":"fixed","role":"Kirjoittajan yliajo","name":""},{"id":"photographer","type":"fixed","role":"Kuvat","name":""}],"om_co_authors":[],"beyondwords_generate_audio":"","beyondwords_project_id":"","beyondwords_content_id":"","beyondwords_preview_token":"","beyondwords_player_content":"","beyondwords_player_style":"","beyondwords_language_code":"","beyondwords_language_id":"","beyondwords_title_voice_id":"","beyondwords_body_voice_id":"","beyondwords_summary_voice_id":"","beyondwords_error_message":"","beyondwords_disabled":"","beyondwords_delete_content":"","beyondwords_podcast_id":"","beyondwords_hash":"","publish_post_to_speechkit":"","speechkit_hash":"","speechkit_generate_audio":"","speechkit_project_id":"","speechkit_podcast_id":"","speechkit_error_message":"","speechkit_disabled":"","speechkit_access_key":"","speechkit_error":"","speechkit_info":"","speechkit_response":"","speechkit_retries":"","speechkit_status":"","speechkit_updated_at":"","_speechkit_link":"","_speechkit_text":""},"categories":[1],"tags":[647,646,6,197,5],"class_list":["post-9351","post","type-post","status-publish","format-standard","hentry","category-vallan-mahotonta","tag-49-3","tag-elakeuudistus","tag-emmanuel-macron","tag-macronismi","tag-ranska"],"om_views":null,"acf":{"tuuma_off":false,"tuuma_kysymys":"","tuuma_vastaus":""},"asauth":{"required_access_level":1,"share_token":"","is_paid":false},"yoast_head":"<!-- This site is optimized with the Yoast SEO plugin v26.4 - https:\/\/yoast.com\/wordpress\/plugins\/seo\/ -->\n<title>Macronismi on kuollut, kauan el\u00e4k\u00f6\u00f6n Macron! - Vallan mahotonta!<\/title>\n<meta name=\"robots\" content=\"index, follow, max-snippet:-1, max-image-preview:large, max-video-preview:-1\" \/>\n<link rel=\"canonical\" href=\"https:\/\/suomenkuvalehti.fi\/vallan-mahotonta\/macronismi-on-kuollut-kauan-elakoon-macron\/\" \/>\n<meta property=\"og:locale\" content=\"fi_FI\" \/>\n<meta property=\"og:type\" content=\"article\" \/>\n<meta property=\"og:title\" content=\"Macronismi on kuollut, kauan el\u00e4k\u00f6\u00f6n Macron! - Vallan mahotonta!\" \/>\n<meta property=\"og:description\" content=\"Emmanuel Macron menetti viime kes\u00e4n vaaleissa enemmist\u00f6n kansalliskokouksessa, joten h\u00e4n on joutunut nojautumaan talouspolitiikassa oppositiossa olevan republikaani-puolueen tukeen. Identiteettikriisiss\u00e4 rypev\u00e4 puolue ei kuitenkaan uskaltanut kannattaa erityisen laajaa vastarintaa her\u00e4&hellip;\" \/>\n<meta property=\"og:url\" content=\"https:\/\/suomenkuvalehti.fi\/vallan-mahotonta\/macronismi-on-kuollut-kauan-elakoon-macron\/\" \/>\n<meta property=\"og:site_name\" content=\"Vallan mahotonta!\" \/>\n<meta property=\"article:author\" content=\"https:\/\/www.facebook.com\/a.ronkainen\" \/>\n<meta property=\"article:published_time\" content=\"2023-03-19T10:48:29+00:00\" \/>\n<meta property=\"article:modified_time\" content=\"2023-03-21T06:47:07+00:00\" \/>\n<meta property=\"og:image\" content=\"https:\/\/suomenkuvalehti.fi\/vallan-mahotonta\/wp-content\/uploads\/sites\/42\/2018\/05\/antti_j_ronkainen_blogi_pieni.jpg\" \/>\n\t<meta property=\"og:image:width\" content=\"600\" \/>\n\t<meta property=\"og:image:height\" content=\"600\" \/>\n\t<meta property=\"og:image:type\" content=\"image\/jpeg\" \/>\n<meta name=\"author\" content=\"Antti Ronkainen\" \/>\n<meta name=\"twitter:card\" content=\"summary_large_image\" \/>\n<meta name=\"twitter:creator\" content=\"@https:\/\/twitter.com\/anttironkainen\" \/>\n<meta name=\"twitter:label1\" content=\"Written by\" \/>\n\t<meta name=\"twitter:data1\" content=\"Antti Ronkainen\" \/>\n\t<meta name=\"twitter:label2\" content=\"Est. reading time\" \/>\n\t<meta name=\"twitter:data2\" content=\"2 minuuttia\" \/>\n<script type=\"application\/ld+json\" class=\"yoast-schema-graph\">{\"@context\":\"https:\/\/schema.org\",\"@graph\":[{\"@type\":\"WebPage\",\"@id\":\"https:\/\/suomenkuvalehti.fi\/vallan-mahotonta\/macronismi-on-kuollut-kauan-elakoon-macron\/\",\"url\":\"https:\/\/suomenkuvalehti.fi\/vallan-mahotonta\/macronismi-on-kuollut-kauan-elakoon-macron\/\",\"name\":\"Macronismi on kuollut, kauan el\u00e4k\u00f6\u00f6n Macron! - Vallan mahotonta!\",\"isPartOf\":{\"@id\":\"https:\/\/suomenkuvalehti.fi\/vallan-mahotonta\/#website\"},\"datePublished\":\"2023-03-19T10:48:29+00:00\",\"dateModified\":\"2023-03-21T06:47:07+00:00\",\"author\":{\"@id\":\"https:\/\/suomenkuvalehti.fi\/vallan-mahotonta\/#\/schema\/person\/aa34015af7a4bce21e1cdcf566bb57b0\"},\"breadcrumb\":{\"@id\":\"https:\/\/suomenkuvalehti.fi\/vallan-mahotonta\/macronismi-on-kuollut-kauan-elakoon-macron\/#breadcrumb\"},\"inLanguage\":\"fi\",\"potentialAction\":[{\"@type\":\"ReadAction\",\"target\":[\"https:\/\/suomenkuvalehti.fi\/vallan-mahotonta\/macronismi-on-kuollut-kauan-elakoon-macron\/\"]}]},{\"@type\":\"BreadcrumbList\",\"@id\":\"https:\/\/suomenkuvalehti.fi\/vallan-mahotonta\/macronismi-on-kuollut-kauan-elakoon-macron\/#breadcrumb\",\"itemListElement\":[{\"@type\":\"ListItem\",\"position\":1,\"name\":\"Home\",\"item\":\"https:\/\/suomenkuvalehti.fi\/vallan-mahotonta\/\"},{\"@type\":\"ListItem\",\"position\":2,\"name\":\"Macronismi on kuollut, kauan el\u00e4k\u00f6\u00f6n Macron!\"}]},{\"@type\":\"WebSite\",\"@id\":\"https:\/\/suomenkuvalehti.fi\/vallan-mahotonta\/#website\",\"url\":\"https:\/\/suomenkuvalehti.fi\/vallan-mahotonta\/\",\"name\":\"Vallan mahotonta!\",\"description\":\"Tutkija Antti Ronkainen seuraa maailmantalouden murrosta.\",\"potentialAction\":[{\"@type\":\"SearchAction\",\"target\":{\"@type\":\"EntryPoint\",\"urlTemplate\":\"https:\/\/suomenkuvalehti.fi\/haku\/?q={search_term_string}\"},\"query-input\":{\"@type\":\"PropertyValueSpecification\",\"valueRequired\":true,\"valueName\":\"search_term_string\"}}],\"inLanguage\":\"fi\"},{\"@type\":\"Person\",\"@id\":\"https:\/\/suomenkuvalehti.fi\/vallan-mahotonta\/#\/schema\/person\/aa34015af7a4bce21e1cdcf566bb57b0\",\"name\":\"Antti Ronkainen\",\"image\":{\"@type\":\"ImageObject\",\"inLanguage\":\"fi\",\"@id\":\"https:\/\/suomenkuvalehti.fi\/vallan-mahotonta\/#\/schema\/person\/image\/\",\"url\":\"https:\/\/suomenkuvalehti.fi\/vallan-mahotonta\/wp-content\/uploads\/sites\/42\/2018\/05\/antti_j_ronkainen_blogi_pieni-150x150.jpg\",\"contentUrl\":\"https:\/\/suomenkuvalehti.fi\/vallan-mahotonta\/wp-content\/uploads\/sites\/42\/2018\/05\/antti_j_ronkainen_blogi_pieni-150x150.jpg\",\"caption\":\"Antti Ronkainen\"},\"description\":\"Antti Ronkainen on poliittisen talouden v\u00e4it\u00f6skirjatutkija Helsingin yliopistolla.\",\"sameAs\":[\"http:\/\/anttironkainen.fi\",\"https:\/\/www.facebook.com\/a.ronkainen\",\"https:\/\/www.instagram.com\/antti.ronkainen\/\",\"https:\/\/x.com\/https:\/\/twitter.com\/anttironkainen\"]}]}<\/script>\n<!-- \/ Yoast SEO plugin. -->","yoast_head_json":{"title":"Macronismi on kuollut, kauan el\u00e4k\u00f6\u00f6n Macron! - Vallan mahotonta!","robots":{"index":"index","follow":"follow","max-snippet":"max-snippet:-1","max-image-preview":"max-image-preview:large","max-video-preview":"max-video-preview:-1"},"canonical":"https:\/\/suomenkuvalehti.fi\/vallan-mahotonta\/macronismi-on-kuollut-kauan-elakoon-macron\/","og_locale":"fi_FI","og_type":"article","og_title":"Macronismi on kuollut, kauan el\u00e4k\u00f6\u00f6n Macron! - Vallan mahotonta!","og_description":"Emmanuel Macron menetti viime kes\u00e4n vaaleissa enemmist\u00f6n kansalliskokouksessa, joten h\u00e4n on joutunut nojautumaan talouspolitiikassa oppositiossa olevan republikaani-puolueen tukeen. Identiteettikriisiss\u00e4 rypev\u00e4 puolue ei kuitenkaan uskaltanut kannattaa erityisen laajaa vastarintaa her\u00e4&hellip;","og_url":"https:\/\/suomenkuvalehti.fi\/vallan-mahotonta\/macronismi-on-kuollut-kauan-elakoon-macron\/","og_site_name":"Vallan mahotonta!","article_author":"https:\/\/www.facebook.com\/a.ronkainen","article_published_time":"2023-03-19T10:48:29+00:00","article_modified_time":"2023-03-21T06:47:07+00:00","og_image":[{"width":600,"height":600,"url":"https:\/\/suomenkuvalehti.fi\/vallan-mahotonta\/wp-content\/uploads\/sites\/42\/2018\/05\/antti_j_ronkainen_blogi_pieni.jpg","type":"image\/jpeg"}],"author":"Antti Ronkainen","twitter_card":"summary_large_image","twitter_creator":"@https:\/\/twitter.com\/anttironkainen","twitter_misc":{"Written by":"Antti Ronkainen","Est. reading time":"2 minuuttia"},"schema":{"@context":"https:\/\/schema.org","@graph":[{"@type":"WebPage","@id":"https:\/\/suomenkuvalehti.fi\/vallan-mahotonta\/macronismi-on-kuollut-kauan-elakoon-macron\/","url":"https:\/\/suomenkuvalehti.fi\/vallan-mahotonta\/macronismi-on-kuollut-kauan-elakoon-macron\/","name":"Macronismi on kuollut, kauan el\u00e4k\u00f6\u00f6n Macron! - Vallan mahotonta!","isPartOf":{"@id":"https:\/\/suomenkuvalehti.fi\/vallan-mahotonta\/#website"},"datePublished":"2023-03-19T10:48:29+00:00","dateModified":"2023-03-21T06:47:07+00:00","author":{"@id":"https:\/\/suomenkuvalehti.fi\/vallan-mahotonta\/#\/schema\/person\/aa34015af7a4bce21e1cdcf566bb57b0"},"breadcrumb":{"@id":"https:\/\/suomenkuvalehti.fi\/vallan-mahotonta\/macronismi-on-kuollut-kauan-elakoon-macron\/#breadcrumb"},"inLanguage":"fi","potentialAction":[{"@type":"ReadAction","target":["https:\/\/suomenkuvalehti.fi\/vallan-mahotonta\/macronismi-on-kuollut-kauan-elakoon-macron\/"]}]},{"@type":"BreadcrumbList","@id":"https:\/\/suomenkuvalehti.fi\/vallan-mahotonta\/macronismi-on-kuollut-kauan-elakoon-macron\/#breadcrumb","itemListElement":[{"@type":"ListItem","position":1,"name":"Home","item":"https:\/\/suomenkuvalehti.fi\/vallan-mahotonta\/"},{"@type":"ListItem","position":2,"name":"Macronismi on kuollut, kauan el\u00e4k\u00f6\u00f6n Macron!"}]},{"@type":"WebSite","@id":"https:\/\/suomenkuvalehti.fi\/vallan-mahotonta\/#website","url":"https:\/\/suomenkuvalehti.fi\/vallan-mahotonta\/","name":"Vallan mahotonta!","description":"Tutkija Antti Ronkainen seuraa maailmantalouden murrosta.","potentialAction":[{"@type":"SearchAction","target":{"@type":"EntryPoint","urlTemplate":"https:\/\/suomenkuvalehti.fi\/haku\/?q={search_term_string}"},"query-input":{"@type":"PropertyValueSpecification","valueRequired":true,"valueName":"search_term_string"}}],"inLanguage":"fi"},{"@type":"Person","@id":"https:\/\/suomenkuvalehti.fi\/vallan-mahotonta\/#\/schema\/person\/aa34015af7a4bce21e1cdcf566bb57b0","name":"Antti Ronkainen","image":{"@type":"ImageObject","inLanguage":"fi","@id":"https:\/\/suomenkuvalehti.fi\/vallan-mahotonta\/#\/schema\/person\/image\/","url":"https:\/\/suomenkuvalehti.fi\/vallan-mahotonta\/wp-content\/uploads\/sites\/42\/2018\/05\/antti_j_ronkainen_blogi_pieni-150x150.jpg","contentUrl":"https:\/\/suomenkuvalehti.fi\/vallan-mahotonta\/wp-content\/uploads\/sites\/42\/2018\/05\/antti_j_ronkainen_blogi_pieni-150x150.jpg","caption":"Antti Ronkainen"},"description":"Antti Ronkainen on poliittisen talouden v\u00e4it\u00f6skirjatutkija Helsingin yliopistolla.","sameAs":["http:\/\/anttironkainen.fi","https:\/\/www.facebook.com\/a.ronkainen","https:\/\/www.instagram.com\/antti.ronkainen\/","https:\/\/x.com\/https:\/\/twitter.com\/anttironkainen"]}]}},"_links":{"self":[{"href":"https:\/\/suomenkuvalehti.fi\/vallan-mahotonta\/wp-json\/wp\/v2\/posts\/9351","targetHints":{"allow":["GET"]}}],"collection":[{"href":"https:\/\/suomenkuvalehti.fi\/vallan-mahotonta\/wp-json\/wp\/v2\/posts"}],"about":[{"href":"https:\/\/suomenkuvalehti.fi\/vallan-mahotonta\/wp-json\/wp\/v2\/types\/post"}],"author":[{"embeddable":true,"href":"https:\/\/suomenkuvalehti.fi\/vallan-mahotonta\/wp-json\/wp\/v2\/users\/37967"}],"replies":[{"embeddable":true,"href":"https:\/\/suomenkuvalehti.fi\/vallan-mahotonta\/wp-json\/wp\/v2\/comments?post=9351"}],"version-history":[{"count":12,"href":"https:\/\/suomenkuvalehti.fi\/vallan-mahotonta\/wp-json\/wp\/v2\/posts\/9351\/revisions"}],"predecessor-version":[{"id":9363,"href":"https:\/\/suomenkuvalehti.fi\/vallan-mahotonta\/wp-json\/wp\/v2\/posts\/9351\/revisions\/9363"}],"wp:attachment":[{"href":"https:\/\/suomenkuvalehti.fi\/vallan-mahotonta\/wp-json\/wp\/v2\/media?parent=9351"}],"wp:term":[{"taxonomy":"category","embeddable":true,"href":"https:\/\/suomenkuvalehti.fi\/vallan-mahotonta\/wp-json\/wp\/v2\/categories?post=9351"},{"taxonomy":"post_tag","embeddable":true,"href":"https:\/\/suomenkuvalehti.fi\/vallan-mahotonta\/wp-json\/wp\/v2\/tags?post=9351"}],"curies":[{"name":"wp","href":"https:\/\/api.w.org\/{rel}","templated":true}]}}