{"id":9325,"date":"2023-03-07T11:11:32","date_gmt":"2023-03-07T09:11:32","guid":{"rendered":"https:\/\/suomenkuvalehti.fi\/vallan-mahotonta\/?p=9325"},"modified":"2023-03-07T11:15:46","modified_gmt":"2023-03-07T09:15:46","slug":"kaja-kallaksen-liberaalijytkyn-opit-suomen-vaaleihin","status":"publish","type":"post","link":"https:\/\/suomenkuvalehti.fi\/vallan-mahotonta\/kaja-kallaksen-liberaalijytkyn-opit-suomen-vaaleihin\/","title":{"rendered":"Kaja Kallaksen liberaalijytkyn opetukset Suomen oikeistolle"},"content":{"rendered":"\n<p>Viron sunnuntaiset parlamenttivaalit k\u00e4ytiin liberaali- ja konservatiiviblokkien v\u00e4lill\u00e4, jotka p\u00e4\u00e4ttyiv\u00e4t liberaalijytkyyn. Istuva p\u00e4\u00e4ministeri <strong>Kaja Kallas<\/strong> teki Viron enn\u00e4tyksen 31 821 henkil\u00f6kohtaisella \u00e4\u00e4nell\u00e4 ja h\u00e4nen johtamansa keskustaoikeistolainen Reformi-puolue l\u00f6i gallupit reilun 31 % kannatuksella ja 37 paikalla parlamentissa. Toinen vaalivoittaja oli uusi liberaalipuolue Eesti 200, joka nousi rymin\u00e4ll\u00e4 parlamenttiin reilun 13 % kannatuksella ja 14 paikalla. Vaalien h\u00e4vi\u00e4ji\u00e4 olivat keskustaoikeistolainen Keskusta (-10 paikkaa), kristillisdemokraattinen Isamaa (-4 paikkaa), kansalliskonservatiivinen EKRE (-2 paikkaa) ja demaripuolue SDE (-1 paikka). <\/p>\n\n\n\n<p>Kallas ilmoitti tiistaina, ett\u00e4 hallitusneuvottelut alkavat reformipuolueen, Eesti 200:n ja sosiaalidemokraattien v\u00e4lill\u00e4. Kallas on my\u00f6s ilmoittanut, ett\u00e4 vaalituloksen perusteella reformipuolue saa enemm\u00e4n ministerisalkkuja. Kyseess\u00e4 olisi Kallaksen III hallitus. Ensimm\u00e4inen hallitus muodostui reformi- &amp; keskusta-puolueiden varaan, mutta Ukrainan sodan alettua Kallas potki keskustaministerit pois ja muodosti II hallituksensa demarien ja Isamaan kanssa. Kallaksen taustoja tuntemattomille mainittakoon, ett\u00e4 Reformi-puolueen on perustanut Kallaksen is\u00e4 <strong>Siim Kallas<\/strong>, joka on toiminut Viron p\u00e4\u00e4ministerin\u00e4, ulkoministerin\u00e4, valtiovarainministerin\u00e4, Viron keskuspankin johtajana sek\u00e4 useita kertoja komissaarina.<\/p>\n\n\n\n<p>Mit\u00e4 Viron vaaleista voidaan sitten p\u00e4\u00e4tell\u00e4 suhteessa Suomen ensi kuun eduskuntavaaleihin? <\/p>\n\n\n\n<p>Ensinn\u00e4kin \u00e4\u00e4nest\u00e4j\u00e4t palkitsevat haukkamaisen asenteen Ven\u00e4j\u00e4n suhteen. Kallaksen p\u00e4\u00e4ministerikaudella Viro on tarjonnut Ukrainalle eniten aseapua Euroopassa asukasta kohden ja vaatinut Ven\u00e4j\u00e4n sanktioiden koventamista, esimerkiksi Ven\u00e4j\u00e4n keskuspankin j\u00e4\u00e4dytettyjen varojen konfiskointia. <strong>Marinin<\/strong> hallituksen p\u00e4\u00e4t\u00f6s vied\u00e4 Suomi Natoon ja Kallaksen kaltainen kova kansainv\u00e4linen puhe Ven\u00e4j\u00e4st\u00e4 ja Ukrainan tukemisesta vie kokoomukselta keskeisen kilpailuedun. <\/p>\n\n\n\n<p>Toiseksi Virossa on laajasti jaettu konsensus, ett\u00e4 velka on Saatanasta ja valtion tulee olla mahdollisimman pieni, joten Kallas kykeni kampanjoimaan sosiaaliliberaaleilla teemoilla, kuten 10 % tasaverolla, verohelpotuksilla, yksityist\u00e4misill\u00e4, ty\u00f6lains\u00e4\u00e4d\u00e4nn\u00f6n uudistuksilla sek\u00e4 minimiel\u00e4kkeiden ja opettajien palkkojen korotuksilla. Suomenlahden t\u00e4ll\u00e4 puolen talouskuri on kyseenalaistettu ja kokoomus menett\u00e4\u00e4 etumatkaansa, vaikka valtiovarainministeri\u00f6 tarjoaa tulitukea raporteillaan valtiontalouden sopeutuksesta. Suomessa onkin liberaalin agendan tai strategisten kysymysten sijaan korostunut v\u00e4ittely julkisesta velasta, sopeutustarpeen suuruudesta ja leikkauskohteista. <\/p>\n\n\n\n<p>Kolmanneksi ilmastokysymyksiss\u00e4 n\u00e4ytt\u00e4isi, ett\u00e4 \u00e4\u00e4nest\u00e4ji\u00e4 kiinnostaa enemm\u00e4n realismi ja energiaomavaraisuus kuin kunnianhimoiset ymp\u00e4rist\u00f6tavoitteet. Virossa kansallinen saastuttava energiavaranto palavakivi tunnustetaan menneisyyden ratkaisuksi. Jos Kallaksen johtama liberaaliblokki onnistuu suunnitelmissaan, Viro on nettos\u00e4hk\u00f6nviej\u00e4 seuraavalla vuosikymmenell\u00e4 ja sen my\u00f6t\u00e4 entist\u00e4 t\u00e4rke\u00e4mpi kumppani Suomelle. Suomessa ilmastokeskustelu on konkretian sijaan junnannut esimerkiksi hiilineutraalisuustavoitteen siirrossa, turpeenk\u00e4yt\u00f6n jatkamisessa ja <strong>Teemu Sel\u00e4nteen<\/strong> lihansy\u00f6nniss\u00e4.<\/p>\n\n\n\n<p>Viimeiseksi Viron liberaalijytky muistuttaa, ett\u00e4 kulttuurisodista palkitaan ruhtinaallisemmin tylsin\u00e4 ja j\u00e4m\u00e4ht\u00e4nein\u00e4 aikoina kuin nykyisenkaltaisina murroskausina. <\/p>\n","protected":false},"excerpt":{"rendered":"<p>Viron sunnuntaiset parlamenttivaalit k\u00e4ytiin liberaali- ja konservatiiviblokkien v\u00e4lill\u00e4, jotka p\u00e4\u00e4ttyiv\u00e4t liberaalijytkyyn. Istuva p\u00e4\u00e4ministeri Kaja Kallas teki Viron enn\u00e4tyksen 31 821 henkil\u00f6kohtaisella \u00e4\u00e4nell\u00e4 ja h\u00e4nen johtamansa keskustaoikeistolainen<br \/>\nReformi-puolu&hellip;<\/p>\n","protected":false},"author":37967,"featured_media":0,"comment_status":"open","ping_status":"open","sticky":false,"template":"","format":"standard","meta":{"_acf_changed":false,"asauth_required_access_level":3,"asauth_cansharepaid":"true","om_header_attributes":[],"footnotes":"","om_featured_image_focal_point":[],"om_primary_tag":44,"om_contributors":[],"om_co_authors":[],"beyondwords_generate_audio":"","beyondwords_project_id":"","beyondwords_content_id":"","beyondwords_preview_token":"","beyondwords_player_content":"","beyondwords_player_style":"","beyondwords_language_code":"","beyondwords_language_id":"","beyondwords_title_voice_id":"","beyondwords_body_voice_id":"","beyondwords_summary_voice_id":"","beyondwords_error_message":"","beyondwords_disabled":"","beyondwords_delete_content":"","beyondwords_podcast_id":"","beyondwords_hash":"","publish_post_to_speechkit":"","speechkit_hash":"","speechkit_generate_audio":"","speechkit_project_id":"","speechkit_podcast_id":"","speechkit_error_message":"","speechkit_disabled":"","speechkit_access_key":"","speechkit_error":"","speechkit_info":"","speechkit_response":"","speechkit_retries":"","speechkit_status":"","speechkit_updated_at":"","_speechkit_link":"","_speechkit_text":""},"categories":[1],"tags":[643,224,44,53,642,255],"class_list":["post-9325","post","type-post","status-publish","format-standard","hentry","category-vallan-mahotonta","tag-kaja-kallas","tag-kulttuurisodat","tag-parlamenttivaalit","tag-talouspolitiikka","tag-viro","tag-ymparistopolitiikka"],"om_views":null,"acf":{"tuuma_off":false,"tuuma_kysymys":"","tuuma_vastaus":""},"asauth":{"required_access_level":1,"share_token":"","is_paid":false},"yoast_head":"<!-- This site is optimized with the Yoast SEO plugin v26.4 - https:\/\/yoast.com\/wordpress\/plugins\/seo\/ -->\n<title>Kaja Kallaksen liberaalijytkyn opetukset Suomen oikeistolle - Vallan mahotonta!<\/title>\n<meta name=\"robots\" content=\"index, follow, max-snippet:-1, max-image-preview:large, max-video-preview:-1\" \/>\n<link rel=\"canonical\" href=\"https:\/\/suomenkuvalehti.fi\/vallan-mahotonta\/kaja-kallaksen-liberaalijytkyn-opit-suomen-vaaleihin\/\" \/>\n<meta property=\"og:locale\" content=\"fi_FI\" \/>\n<meta property=\"og:type\" content=\"article\" \/>\n<meta property=\"og:title\" content=\"Kaja Kallaksen liberaalijytkyn opetukset Suomen oikeistolle - Vallan mahotonta!\" \/>\n<meta property=\"og:description\" content=\"Viron sunnuntaiset parlamenttivaalit k\u00e4ytiin liberaali- ja konservatiiviblokkien v\u00e4lill\u00e4, jotka p\u00e4\u00e4ttyiv\u00e4t liberaalijytkyyn. Istuva p\u00e4\u00e4ministeri Kaja Kallas teki Viron enn\u00e4tyksen 31 821 henkil\u00f6kohtaisella \u00e4\u00e4nell\u00e4 ja h\u00e4nen johtamansa keskustaoikeistolainen Reformi-puolu&hellip;\" \/>\n<meta property=\"og:url\" content=\"https:\/\/suomenkuvalehti.fi\/vallan-mahotonta\/kaja-kallaksen-liberaalijytkyn-opit-suomen-vaaleihin\/\" \/>\n<meta property=\"og:site_name\" content=\"Vallan mahotonta!\" \/>\n<meta property=\"article:author\" content=\"https:\/\/www.facebook.com\/a.ronkainen\" \/>\n<meta property=\"article:published_time\" content=\"2023-03-07T09:11:32+00:00\" \/>\n<meta property=\"article:modified_time\" content=\"2023-03-07T09:15:46+00:00\" \/>\n<meta property=\"og:image\" content=\"https:\/\/suomenkuvalehti.fi\/vallan-mahotonta\/wp-content\/uploads\/sites\/42\/2018\/05\/antti_j_ronkainen_blogi_pieni.jpg\" \/>\n\t<meta property=\"og:image:width\" content=\"600\" \/>\n\t<meta property=\"og:image:height\" content=\"600\" \/>\n\t<meta property=\"og:image:type\" content=\"image\/jpeg\" \/>\n<meta name=\"author\" content=\"Antti Ronkainen\" \/>\n<meta name=\"twitter:card\" content=\"summary_large_image\" \/>\n<meta name=\"twitter:creator\" content=\"@https:\/\/twitter.com\/anttironkainen\" \/>\n<meta name=\"twitter:label1\" content=\"Written by\" \/>\n\t<meta name=\"twitter:data1\" content=\"Antti Ronkainen\" \/>\n\t<meta name=\"twitter:label2\" content=\"Est. reading time\" \/>\n\t<meta name=\"twitter:data2\" content=\"3 minuuttia\" \/>\n<script type=\"application\/ld+json\" class=\"yoast-schema-graph\">{\"@context\":\"https:\/\/schema.org\",\"@graph\":[{\"@type\":\"WebPage\",\"@id\":\"https:\/\/suomenkuvalehti.fi\/vallan-mahotonta\/kaja-kallaksen-liberaalijytkyn-opit-suomen-vaaleihin\/\",\"url\":\"https:\/\/suomenkuvalehti.fi\/vallan-mahotonta\/kaja-kallaksen-liberaalijytkyn-opit-suomen-vaaleihin\/\",\"name\":\"Kaja Kallaksen liberaalijytkyn opetukset Suomen oikeistolle - Vallan mahotonta!\",\"isPartOf\":{\"@id\":\"https:\/\/suomenkuvalehti.fi\/vallan-mahotonta\/#website\"},\"datePublished\":\"2023-03-07T09:11:32+00:00\",\"dateModified\":\"2023-03-07T09:15:46+00:00\",\"author\":{\"@id\":\"https:\/\/suomenkuvalehti.fi\/vallan-mahotonta\/#\/schema\/person\/aa34015af7a4bce21e1cdcf566bb57b0\"},\"breadcrumb\":{\"@id\":\"https:\/\/suomenkuvalehti.fi\/vallan-mahotonta\/kaja-kallaksen-liberaalijytkyn-opit-suomen-vaaleihin\/#breadcrumb\"},\"inLanguage\":\"fi\",\"potentialAction\":[{\"@type\":\"ReadAction\",\"target\":[\"https:\/\/suomenkuvalehti.fi\/vallan-mahotonta\/kaja-kallaksen-liberaalijytkyn-opit-suomen-vaaleihin\/\"]}]},{\"@type\":\"BreadcrumbList\",\"@id\":\"https:\/\/suomenkuvalehti.fi\/vallan-mahotonta\/kaja-kallaksen-liberaalijytkyn-opit-suomen-vaaleihin\/#breadcrumb\",\"itemListElement\":[{\"@type\":\"ListItem\",\"position\":1,\"name\":\"Home\",\"item\":\"https:\/\/suomenkuvalehti.fi\/vallan-mahotonta\/\"},{\"@type\":\"ListItem\",\"position\":2,\"name\":\"Kaja Kallaksen liberaalijytkyn opetukset Suomen oikeistolle\"}]},{\"@type\":\"WebSite\",\"@id\":\"https:\/\/suomenkuvalehti.fi\/vallan-mahotonta\/#website\",\"url\":\"https:\/\/suomenkuvalehti.fi\/vallan-mahotonta\/\",\"name\":\"Vallan mahotonta!\",\"description\":\"Tutkija Antti Ronkainen seuraa maailmantalouden murrosta.\",\"potentialAction\":[{\"@type\":\"SearchAction\",\"target\":{\"@type\":\"EntryPoint\",\"urlTemplate\":\"https:\/\/suomenkuvalehti.fi\/haku\/?q={search_term_string}\"},\"query-input\":{\"@type\":\"PropertyValueSpecification\",\"valueRequired\":true,\"valueName\":\"search_term_string\"}}],\"inLanguage\":\"fi\"},{\"@type\":\"Person\",\"@id\":\"https:\/\/suomenkuvalehti.fi\/vallan-mahotonta\/#\/schema\/person\/aa34015af7a4bce21e1cdcf566bb57b0\",\"name\":\"Antti Ronkainen\",\"image\":{\"@type\":\"ImageObject\",\"inLanguage\":\"fi\",\"@id\":\"https:\/\/suomenkuvalehti.fi\/vallan-mahotonta\/#\/schema\/person\/image\/\",\"url\":\"https:\/\/suomenkuvalehti.fi\/vallan-mahotonta\/wp-content\/uploads\/sites\/42\/2018\/05\/antti_j_ronkainen_blogi_pieni-150x150.jpg\",\"contentUrl\":\"https:\/\/suomenkuvalehti.fi\/vallan-mahotonta\/wp-content\/uploads\/sites\/42\/2018\/05\/antti_j_ronkainen_blogi_pieni-150x150.jpg\",\"caption\":\"Antti Ronkainen\"},\"description\":\"Antti Ronkainen on poliittisen talouden v\u00e4it\u00f6skirjatutkija Helsingin yliopistolla.\",\"sameAs\":[\"http:\/\/anttironkainen.fi\",\"https:\/\/www.facebook.com\/a.ronkainen\",\"https:\/\/www.instagram.com\/antti.ronkainen\/\",\"https:\/\/x.com\/https:\/\/twitter.com\/anttironkainen\"]}]}<\/script>\n<!-- \/ Yoast SEO plugin. -->","yoast_head_json":{"title":"Kaja Kallaksen liberaalijytkyn opetukset Suomen oikeistolle - Vallan mahotonta!","robots":{"index":"index","follow":"follow","max-snippet":"max-snippet:-1","max-image-preview":"max-image-preview:large","max-video-preview":"max-video-preview:-1"},"canonical":"https:\/\/suomenkuvalehti.fi\/vallan-mahotonta\/kaja-kallaksen-liberaalijytkyn-opit-suomen-vaaleihin\/","og_locale":"fi_FI","og_type":"article","og_title":"Kaja Kallaksen liberaalijytkyn opetukset Suomen oikeistolle - Vallan mahotonta!","og_description":"Viron sunnuntaiset parlamenttivaalit k\u00e4ytiin liberaali- ja konservatiiviblokkien v\u00e4lill\u00e4, jotka p\u00e4\u00e4ttyiv\u00e4t liberaalijytkyyn. Istuva p\u00e4\u00e4ministeri Kaja Kallas teki Viron enn\u00e4tyksen 31 821 henkil\u00f6kohtaisella \u00e4\u00e4nell\u00e4 ja h\u00e4nen johtamansa keskustaoikeistolainen Reformi-puolu&hellip;","og_url":"https:\/\/suomenkuvalehti.fi\/vallan-mahotonta\/kaja-kallaksen-liberaalijytkyn-opit-suomen-vaaleihin\/","og_site_name":"Vallan mahotonta!","article_author":"https:\/\/www.facebook.com\/a.ronkainen","article_published_time":"2023-03-07T09:11:32+00:00","article_modified_time":"2023-03-07T09:15:46+00:00","og_image":[{"width":600,"height":600,"url":"https:\/\/suomenkuvalehti.fi\/vallan-mahotonta\/wp-content\/uploads\/sites\/42\/2018\/05\/antti_j_ronkainen_blogi_pieni.jpg","type":"image\/jpeg"}],"author":"Antti Ronkainen","twitter_card":"summary_large_image","twitter_creator":"@https:\/\/twitter.com\/anttironkainen","twitter_misc":{"Written by":"Antti Ronkainen","Est. reading time":"3 minuuttia"},"schema":{"@context":"https:\/\/schema.org","@graph":[{"@type":"WebPage","@id":"https:\/\/suomenkuvalehti.fi\/vallan-mahotonta\/kaja-kallaksen-liberaalijytkyn-opit-suomen-vaaleihin\/","url":"https:\/\/suomenkuvalehti.fi\/vallan-mahotonta\/kaja-kallaksen-liberaalijytkyn-opit-suomen-vaaleihin\/","name":"Kaja Kallaksen liberaalijytkyn opetukset Suomen oikeistolle - Vallan mahotonta!","isPartOf":{"@id":"https:\/\/suomenkuvalehti.fi\/vallan-mahotonta\/#website"},"datePublished":"2023-03-07T09:11:32+00:00","dateModified":"2023-03-07T09:15:46+00:00","author":{"@id":"https:\/\/suomenkuvalehti.fi\/vallan-mahotonta\/#\/schema\/person\/aa34015af7a4bce21e1cdcf566bb57b0"},"breadcrumb":{"@id":"https:\/\/suomenkuvalehti.fi\/vallan-mahotonta\/kaja-kallaksen-liberaalijytkyn-opit-suomen-vaaleihin\/#breadcrumb"},"inLanguage":"fi","potentialAction":[{"@type":"ReadAction","target":["https:\/\/suomenkuvalehti.fi\/vallan-mahotonta\/kaja-kallaksen-liberaalijytkyn-opit-suomen-vaaleihin\/"]}]},{"@type":"BreadcrumbList","@id":"https:\/\/suomenkuvalehti.fi\/vallan-mahotonta\/kaja-kallaksen-liberaalijytkyn-opit-suomen-vaaleihin\/#breadcrumb","itemListElement":[{"@type":"ListItem","position":1,"name":"Home","item":"https:\/\/suomenkuvalehti.fi\/vallan-mahotonta\/"},{"@type":"ListItem","position":2,"name":"Kaja Kallaksen liberaalijytkyn opetukset Suomen oikeistolle"}]},{"@type":"WebSite","@id":"https:\/\/suomenkuvalehti.fi\/vallan-mahotonta\/#website","url":"https:\/\/suomenkuvalehti.fi\/vallan-mahotonta\/","name":"Vallan mahotonta!","description":"Tutkija Antti Ronkainen seuraa maailmantalouden murrosta.","potentialAction":[{"@type":"SearchAction","target":{"@type":"EntryPoint","urlTemplate":"https:\/\/suomenkuvalehti.fi\/haku\/?q={search_term_string}"},"query-input":{"@type":"PropertyValueSpecification","valueRequired":true,"valueName":"search_term_string"}}],"inLanguage":"fi"},{"@type":"Person","@id":"https:\/\/suomenkuvalehti.fi\/vallan-mahotonta\/#\/schema\/person\/aa34015af7a4bce21e1cdcf566bb57b0","name":"Antti Ronkainen","image":{"@type":"ImageObject","inLanguage":"fi","@id":"https:\/\/suomenkuvalehti.fi\/vallan-mahotonta\/#\/schema\/person\/image\/","url":"https:\/\/suomenkuvalehti.fi\/vallan-mahotonta\/wp-content\/uploads\/sites\/42\/2018\/05\/antti_j_ronkainen_blogi_pieni-150x150.jpg","contentUrl":"https:\/\/suomenkuvalehti.fi\/vallan-mahotonta\/wp-content\/uploads\/sites\/42\/2018\/05\/antti_j_ronkainen_blogi_pieni-150x150.jpg","caption":"Antti Ronkainen"},"description":"Antti Ronkainen on poliittisen talouden v\u00e4it\u00f6skirjatutkija Helsingin yliopistolla.","sameAs":["http:\/\/anttironkainen.fi","https:\/\/www.facebook.com\/a.ronkainen","https:\/\/www.instagram.com\/antti.ronkainen\/","https:\/\/x.com\/https:\/\/twitter.com\/anttironkainen"]}]}},"_links":{"self":[{"href":"https:\/\/suomenkuvalehti.fi\/vallan-mahotonta\/wp-json\/wp\/v2\/posts\/9325","targetHints":{"allow":["GET"]}}],"collection":[{"href":"https:\/\/suomenkuvalehti.fi\/vallan-mahotonta\/wp-json\/wp\/v2\/posts"}],"about":[{"href":"https:\/\/suomenkuvalehti.fi\/vallan-mahotonta\/wp-json\/wp\/v2\/types\/post"}],"author":[{"embeddable":true,"href":"https:\/\/suomenkuvalehti.fi\/vallan-mahotonta\/wp-json\/wp\/v2\/users\/37967"}],"replies":[{"embeddable":true,"href":"https:\/\/suomenkuvalehti.fi\/vallan-mahotonta\/wp-json\/wp\/v2\/comments?post=9325"}],"version-history":[{"count":7,"href":"https:\/\/suomenkuvalehti.fi\/vallan-mahotonta\/wp-json\/wp\/v2\/posts\/9325\/revisions"}],"predecessor-version":[{"id":9333,"href":"https:\/\/suomenkuvalehti.fi\/vallan-mahotonta\/wp-json\/wp\/v2\/posts\/9325\/revisions\/9333"}],"wp:attachment":[{"href":"https:\/\/suomenkuvalehti.fi\/vallan-mahotonta\/wp-json\/wp\/v2\/media?parent=9325"}],"wp:term":[{"taxonomy":"category","embeddable":true,"href":"https:\/\/suomenkuvalehti.fi\/vallan-mahotonta\/wp-json\/wp\/v2\/categories?post=9325"},{"taxonomy":"post_tag","embeddable":true,"href":"https:\/\/suomenkuvalehti.fi\/vallan-mahotonta\/wp-json\/wp\/v2\/tags?post=9325"}],"curies":[{"name":"wp","href":"https:\/\/api.w.org\/{rel}","templated":true}]}}