{"id":9207,"date":"2023-01-31T15:36:32","date_gmt":"2023-01-31T13:36:32","guid":{"rendered":"https:\/\/suomenkuvalehti.fi\/vallan-mahotonta\/?p=9207"},"modified":"2023-02-01T13:02:38","modified_gmt":"2023-02-01T11:02:38","slug":"trumpismi-on-hiipinyt-euroopan-komissioonkin","status":"publish","type":"post","link":"https:\/\/suomenkuvalehti.fi\/vallan-mahotonta\/trumpismi-on-hiipinyt-euroopan-komissioonkin\/","title":{"rendered":"Europe First eli kun trumpismi hiipi EU-komissioon"},"content":{"rendered":"\n<p>L\u00e4nsimaat koittivat pitk\u00e4\u00e4n sitoa Kiinaa s\u00e4\u00e4nt\u00f6pohjaiseen vapaakauppaan, jonka aikana Kiinan kommunistinen puolue ainoastaan vahvisti valtiovetoista kasvumalliaan. Kun viel\u00e4 pari vuotta sitten protektionismista puhuttiin Euroopassa kautta rantain &#8221;strategisena autonomiana&#8221;, nyt pandemian ja koventuneen suurvaltapelin j\u00e4lkeen EU-komissio on avoimesti luopumassa globaalin markkinatalouden keskeisest\u00e4 periaatteesta &#8211; s\u00e4\u00e4nt\u00f6pohjaisesta vapaakaupasta. <\/p>\n\n\n\n<p>Kiinan lis\u00e4ksi Yhdysvallat on alkanut jaella yritystukia ja verohelpotuksia, jonka seurauksena erityisesti vihreiden investointien pel\u00e4t\u00e4\u00e4n siirtyv\u00e4n vanhalta uudelle mantereelle. My\u00f6s EU:n on jaettava yritystukia ja verohelpotuksia entist\u00e4 avok\u00e4tisemmin, jos se mielii pysy\u00e4 kilpailussa mukana. Toiseksi, EU-maiden kyky jakaa tukia vaihtelee rajusti: koronapandemian j\u00e4lkeen <a href=\"https:\/\/www.euractiv.com\/section\/economy-jobs\/news\/eu-commissions-vestager-proposes-change-to-state-aid-rules\/\" target=\"_blank\" rel=\"noreferrer noopener\">EU-maiden jakamista vajaan 700 miljardin tukiaisista<\/a> yli puolet on tullut Saksasta, noin nelj\u00e4sosa Ranskasta ja loppu viidesosa muista EU-maista yhteens\u00e4. <\/p>\n\n\n\n<p>Komissio valmisteleekin kaksiosaista esityst\u00e4. Se kaavailee <a href=\"https:\/\/www.euractiv.com\/section\/economy-jobs\/news\/leak-eu-commission-plan-to-counter-us-green-subsidy-bill\/\" target=\"_blank\" rel=\"noreferrer noopener\">valtiontukis\u00e4\u00e4nt\u00f6jen yksinkertaistamista ja l\u00f6ys\u00e4\u00e4mist\u00e4<\/a>, mik\u00e4 mahdollistaisi entist\u00e4 avok\u00e4tisemm\u00e4t tuet ja verohelpotukset erityisesti vihre\u00e4\u00e4n siirtym\u00e4\u00e4n. Lis\u00e4ksi n\u00e4iden alojen s\u00e4\u00e4ntely\u00e4 ollaan h\u00f6ll\u00e4\u00e4m\u00e4ss\u00e4 nopeammaksi sis\u00e4markkinoille p\u00e4\u00e4semiseksi. Toiseksi komissio on j\u00e4tt\u00e4m\u00e4ss\u00e4 kes\u00e4ll\u00e4 EU-budjetin vuotuisen tarkastelun yhteydess\u00e4 esityksen erityisest\u00e4 &#8221;suvereniteettirahastosta&#8221;, joka tasaisi j\u00e4senmaiden v\u00e4lisi\u00e4 eroja tukikilpailussa. EU-maiden johtajista muodostuvan Eurooppa-neuvoston on m\u00e4\u00e4r\u00e4 keskustella komission esityksest\u00e4 jo ensi viikon huippukokouksessa. <\/p>\n\n\n\n<p>Kyseess\u00e4 on EU:n identiteettikriisi, johon EU-maat suhtautuvat hyvin eri tavoin. Suomi kuuluu idealisteihin, jotka vastustavat sek\u00e4 <a href=\"https:\/\/yle.fi\/a\/74-20014659\" target=\"_blank\" rel=\"noreferrer noopener\">valtionapus\u00e4\u00e4nt\u00f6jen liian radikaalia l\u00f6ys\u00e4\u00e4mist\u00e4<\/a> ett\u00e4 <a href=\"https:\/\/www.irishtimes.com\/business\/2023\/01\/27\/seven-eu-countries-oppose-new-eu-funding-as-response-to-us-green-subsidy-plan\/\" target=\"_blank\" rel=\"noreferrer noopener\">uutta yhteisvelkaa<\/a> EU-maiden v\u00e4listen erojen tasaamiseksi. Suomi luottaa, ett\u00e4 unionissa Saksa, Alankomaat, muut pohjoismaat ja it\u00e4iset EU-maat kantavat vapaan markkinatalouden soihtua, mutta kuinka kauan t\u00e4h\u00e4n voidaan en\u00e4\u00e4 luottaa? Vaikka Saksa vastustaa viel\u00e4 jyrk\u00e4sti uutta yhteisvelkaa, sen voi olla vaikeaa jatkaa vastustustaan huomioiden miten paljon sen jakamat valtionavut v\u00e4\u00e4rist\u00e4v\u00e4t sis\u00e4markkinoita taloudellisesti ja kuinka paljon Germany First aiheuttaa poliittista pahaa silm\u00e4\u00e4 muissa j\u00e4senmaissa. <\/p>\n\n\n\n<p><strong>Trumpia<\/strong> oli viel\u00e4 helppo vastustaa, mutta sen j\u00e4lkeen <strong>Biden<\/strong> on ainoastaan jatkanut America Firsti\u00e4. Nyt kun ajatukset Europe Firstist\u00e4 ovat rantautuneet EU-komissioonkin, ei deglobalisaatiolta voida en\u00e4\u00e4 sulkea silmi\u00e4 1990-luvun markkintalouden ideaaleita julistaen. <\/p>\n","protected":false},"excerpt":{"rendered":"<p>L\u00e4nsimaat koittivat pitk\u00e4\u00e4n sitoa Kiinaa s\u00e4\u00e4nt\u00f6pohjaiseen vapaakauppaan, jonka aikana Kiinan kommunistinen puolue ainoastaan vahvisti valtiovetoista kasvumalliaan. Kun viel\u00e4 pari vuotta sitten protektionismista puhuttiin Euroopassa kautta rantain &#8221;strategisena<br \/>\nautono&hellip;<\/p>\n","protected":false},"author":37967,"featured_media":0,"comment_status":"open","ping_status":"open","sticky":false,"template":"","format":"standard","meta":{"_acf_changed":false,"asauth_required_access_level":3,"asauth_cansharepaid":"true","om_header_attributes":[],"footnotes":"","om_featured_image_focal_point":[],"om_primary_tag":7,"om_contributors":[{"id":"author-override","type":"fixed","role":"Kirjoittajan yliajo","name":""},{"id":"photographer","type":"fixed","role":"Kuvat","name":""}],"om_co_authors":[],"beyondwords_generate_audio":"","beyondwords_project_id":"","beyondwords_content_id":"","beyondwords_preview_token":"","beyondwords_player_content":"","beyondwords_player_style":"","beyondwords_language_code":"","beyondwords_language_id":"","beyondwords_title_voice_id":"","beyondwords_body_voice_id":"","beyondwords_summary_voice_id":"","beyondwords_error_message":"","beyondwords_disabled":"","beyondwords_delete_content":"","beyondwords_podcast_id":"","beyondwords_hash":"","publish_post_to_speechkit":"","speechkit_hash":"","speechkit_generate_audio":"","speechkit_project_id":"","speechkit_podcast_id":"","speechkit_error_message":"","speechkit_disabled":"","speechkit_access_key":"","speechkit_error":"","speechkit_info":"","speechkit_response":"","speechkit_retries":"","speechkit_status":"","speechkit_updated_at":"","_speechkit_link":"","_speechkit_text":""},"categories":[1],"tags":[7,636,243,635],"class_list":["post-9207","post","type-post","status-publish","format-standard","hentry","category-vallan-mahotonta","tag-eu","tag-europe-first","tag-komissio","tag-markkinatalous"],"om_views":null,"acf":{"tuuma_off":false,"tuuma_kysymys":"","tuuma_vastaus":""},"asauth":{"required_access_level":1,"share_token":"","is_paid":false},"yoast_head":"<!-- This site is optimized with the Yoast SEO plugin v26.4 - https:\/\/yoast.com\/wordpress\/plugins\/seo\/ -->\n<title>Europe First eli kun trumpismi hiipi EU-komissioon - Vallan mahotonta!<\/title>\n<meta name=\"robots\" content=\"index, follow, max-snippet:-1, max-image-preview:large, max-video-preview:-1\" \/>\n<link rel=\"canonical\" href=\"https:\/\/suomenkuvalehti.fi\/vallan-mahotonta\/trumpismi-on-hiipinyt-euroopan-komissioonkin\/\" \/>\n<meta property=\"og:locale\" content=\"fi_FI\" \/>\n<meta property=\"og:type\" content=\"article\" \/>\n<meta property=\"og:title\" content=\"Europe First eli kun trumpismi hiipi EU-komissioon - Vallan mahotonta!\" \/>\n<meta property=\"og:description\" content=\"L\u00e4nsimaat koittivat pitk\u00e4\u00e4n sitoa Kiinaa s\u00e4\u00e4nt\u00f6pohjaiseen vapaakauppaan, jonka aikana Kiinan kommunistinen puolue ainoastaan vahvisti valtiovetoista kasvumalliaan. Kun viel\u00e4 pari vuotta sitten protektionismista puhuttiin Euroopassa kautta rantain &#8221;strategisena autono&hellip;\" \/>\n<meta property=\"og:url\" content=\"https:\/\/suomenkuvalehti.fi\/vallan-mahotonta\/trumpismi-on-hiipinyt-euroopan-komissioonkin\/\" \/>\n<meta property=\"og:site_name\" content=\"Vallan mahotonta!\" \/>\n<meta property=\"article:author\" content=\"https:\/\/www.facebook.com\/a.ronkainen\" \/>\n<meta property=\"article:published_time\" content=\"2023-01-31T13:36:32+00:00\" \/>\n<meta property=\"article:modified_time\" content=\"2023-02-01T11:02:38+00:00\" \/>\n<meta property=\"og:image\" content=\"https:\/\/suomenkuvalehti.fi\/vallan-mahotonta\/wp-content\/uploads\/sites\/42\/2018\/05\/antti_j_ronkainen_blogi_pieni.jpg\" \/>\n\t<meta property=\"og:image:width\" content=\"600\" \/>\n\t<meta property=\"og:image:height\" content=\"600\" \/>\n\t<meta property=\"og:image:type\" content=\"image\/jpeg\" \/>\n<meta name=\"author\" content=\"Antti Ronkainen\" \/>\n<meta name=\"twitter:card\" content=\"summary_large_image\" \/>\n<meta name=\"twitter:creator\" content=\"@https:\/\/twitter.com\/anttironkainen\" \/>\n<meta name=\"twitter:label1\" content=\"Written by\" \/>\n\t<meta name=\"twitter:data1\" content=\"Antti Ronkainen\" \/>\n\t<meta name=\"twitter:label2\" content=\"Est. reading time\" \/>\n\t<meta name=\"twitter:data2\" content=\"2 minuuttia\" \/>\n<script type=\"application\/ld+json\" class=\"yoast-schema-graph\">{\"@context\":\"https:\/\/schema.org\",\"@graph\":[{\"@type\":\"WebPage\",\"@id\":\"https:\/\/suomenkuvalehti.fi\/vallan-mahotonta\/trumpismi-on-hiipinyt-euroopan-komissioonkin\/\",\"url\":\"https:\/\/suomenkuvalehti.fi\/vallan-mahotonta\/trumpismi-on-hiipinyt-euroopan-komissioonkin\/\",\"name\":\"Europe First eli kun trumpismi hiipi EU-komissioon - Vallan mahotonta!\",\"isPartOf\":{\"@id\":\"https:\/\/suomenkuvalehti.fi\/vallan-mahotonta\/#website\"},\"datePublished\":\"2023-01-31T13:36:32+00:00\",\"dateModified\":\"2023-02-01T11:02:38+00:00\",\"author\":{\"@id\":\"https:\/\/suomenkuvalehti.fi\/vallan-mahotonta\/#\/schema\/person\/aa34015af7a4bce21e1cdcf566bb57b0\"},\"breadcrumb\":{\"@id\":\"https:\/\/suomenkuvalehti.fi\/vallan-mahotonta\/trumpismi-on-hiipinyt-euroopan-komissioonkin\/#breadcrumb\"},\"inLanguage\":\"fi\",\"potentialAction\":[{\"@type\":\"ReadAction\",\"target\":[\"https:\/\/suomenkuvalehti.fi\/vallan-mahotonta\/trumpismi-on-hiipinyt-euroopan-komissioonkin\/\"]}]},{\"@type\":\"BreadcrumbList\",\"@id\":\"https:\/\/suomenkuvalehti.fi\/vallan-mahotonta\/trumpismi-on-hiipinyt-euroopan-komissioonkin\/#breadcrumb\",\"itemListElement\":[{\"@type\":\"ListItem\",\"position\":1,\"name\":\"Home\",\"item\":\"https:\/\/suomenkuvalehti.fi\/vallan-mahotonta\/\"},{\"@type\":\"ListItem\",\"position\":2,\"name\":\"Europe First eli kun trumpismi hiipi EU-komissioon\"}]},{\"@type\":\"WebSite\",\"@id\":\"https:\/\/suomenkuvalehti.fi\/vallan-mahotonta\/#website\",\"url\":\"https:\/\/suomenkuvalehti.fi\/vallan-mahotonta\/\",\"name\":\"Vallan mahotonta!\",\"description\":\"Tutkija Antti Ronkainen seuraa maailmantalouden murrosta.\",\"potentialAction\":[{\"@type\":\"SearchAction\",\"target\":{\"@type\":\"EntryPoint\",\"urlTemplate\":\"https:\/\/suomenkuvalehti.fi\/haku\/?q={search_term_string}\"},\"query-input\":{\"@type\":\"PropertyValueSpecification\",\"valueRequired\":true,\"valueName\":\"search_term_string\"}}],\"inLanguage\":\"fi\"},{\"@type\":\"Person\",\"@id\":\"https:\/\/suomenkuvalehti.fi\/vallan-mahotonta\/#\/schema\/person\/aa34015af7a4bce21e1cdcf566bb57b0\",\"name\":\"Antti Ronkainen\",\"image\":{\"@type\":\"ImageObject\",\"inLanguage\":\"fi\",\"@id\":\"https:\/\/suomenkuvalehti.fi\/vallan-mahotonta\/#\/schema\/person\/image\/\",\"url\":\"https:\/\/suomenkuvalehti.fi\/vallan-mahotonta\/wp-content\/uploads\/sites\/42\/2018\/05\/antti_j_ronkainen_blogi_pieni-150x150.jpg\",\"contentUrl\":\"https:\/\/suomenkuvalehti.fi\/vallan-mahotonta\/wp-content\/uploads\/sites\/42\/2018\/05\/antti_j_ronkainen_blogi_pieni-150x150.jpg\",\"caption\":\"Antti Ronkainen\"},\"description\":\"Antti Ronkainen on poliittisen talouden v\u00e4it\u00f6skirjatutkija Helsingin yliopistolla.\",\"sameAs\":[\"http:\/\/anttironkainen.fi\",\"https:\/\/www.facebook.com\/a.ronkainen\",\"https:\/\/www.instagram.com\/antti.ronkainen\/\",\"https:\/\/x.com\/https:\/\/twitter.com\/anttironkainen\"]}]}<\/script>\n<!-- \/ Yoast SEO plugin. -->","yoast_head_json":{"title":"Europe First eli kun trumpismi hiipi EU-komissioon - Vallan mahotonta!","robots":{"index":"index","follow":"follow","max-snippet":"max-snippet:-1","max-image-preview":"max-image-preview:large","max-video-preview":"max-video-preview:-1"},"canonical":"https:\/\/suomenkuvalehti.fi\/vallan-mahotonta\/trumpismi-on-hiipinyt-euroopan-komissioonkin\/","og_locale":"fi_FI","og_type":"article","og_title":"Europe First eli kun trumpismi hiipi EU-komissioon - Vallan mahotonta!","og_description":"L\u00e4nsimaat koittivat pitk\u00e4\u00e4n sitoa Kiinaa s\u00e4\u00e4nt\u00f6pohjaiseen vapaakauppaan, jonka aikana Kiinan kommunistinen puolue ainoastaan vahvisti valtiovetoista kasvumalliaan. Kun viel\u00e4 pari vuotta sitten protektionismista puhuttiin Euroopassa kautta rantain &#8221;strategisena autono&hellip;","og_url":"https:\/\/suomenkuvalehti.fi\/vallan-mahotonta\/trumpismi-on-hiipinyt-euroopan-komissioonkin\/","og_site_name":"Vallan mahotonta!","article_author":"https:\/\/www.facebook.com\/a.ronkainen","article_published_time":"2023-01-31T13:36:32+00:00","article_modified_time":"2023-02-01T11:02:38+00:00","og_image":[{"width":600,"height":600,"url":"https:\/\/suomenkuvalehti.fi\/vallan-mahotonta\/wp-content\/uploads\/sites\/42\/2018\/05\/antti_j_ronkainen_blogi_pieni.jpg","type":"image\/jpeg"}],"author":"Antti Ronkainen","twitter_card":"summary_large_image","twitter_creator":"@https:\/\/twitter.com\/anttironkainen","twitter_misc":{"Written by":"Antti Ronkainen","Est. reading time":"2 minuuttia"},"schema":{"@context":"https:\/\/schema.org","@graph":[{"@type":"WebPage","@id":"https:\/\/suomenkuvalehti.fi\/vallan-mahotonta\/trumpismi-on-hiipinyt-euroopan-komissioonkin\/","url":"https:\/\/suomenkuvalehti.fi\/vallan-mahotonta\/trumpismi-on-hiipinyt-euroopan-komissioonkin\/","name":"Europe First eli kun trumpismi hiipi EU-komissioon - Vallan mahotonta!","isPartOf":{"@id":"https:\/\/suomenkuvalehti.fi\/vallan-mahotonta\/#website"},"datePublished":"2023-01-31T13:36:32+00:00","dateModified":"2023-02-01T11:02:38+00:00","author":{"@id":"https:\/\/suomenkuvalehti.fi\/vallan-mahotonta\/#\/schema\/person\/aa34015af7a4bce21e1cdcf566bb57b0"},"breadcrumb":{"@id":"https:\/\/suomenkuvalehti.fi\/vallan-mahotonta\/trumpismi-on-hiipinyt-euroopan-komissioonkin\/#breadcrumb"},"inLanguage":"fi","potentialAction":[{"@type":"ReadAction","target":["https:\/\/suomenkuvalehti.fi\/vallan-mahotonta\/trumpismi-on-hiipinyt-euroopan-komissioonkin\/"]}]},{"@type":"BreadcrumbList","@id":"https:\/\/suomenkuvalehti.fi\/vallan-mahotonta\/trumpismi-on-hiipinyt-euroopan-komissioonkin\/#breadcrumb","itemListElement":[{"@type":"ListItem","position":1,"name":"Home","item":"https:\/\/suomenkuvalehti.fi\/vallan-mahotonta\/"},{"@type":"ListItem","position":2,"name":"Europe First eli kun trumpismi hiipi EU-komissioon"}]},{"@type":"WebSite","@id":"https:\/\/suomenkuvalehti.fi\/vallan-mahotonta\/#website","url":"https:\/\/suomenkuvalehti.fi\/vallan-mahotonta\/","name":"Vallan mahotonta!","description":"Tutkija Antti Ronkainen seuraa maailmantalouden murrosta.","potentialAction":[{"@type":"SearchAction","target":{"@type":"EntryPoint","urlTemplate":"https:\/\/suomenkuvalehti.fi\/haku\/?q={search_term_string}"},"query-input":{"@type":"PropertyValueSpecification","valueRequired":true,"valueName":"search_term_string"}}],"inLanguage":"fi"},{"@type":"Person","@id":"https:\/\/suomenkuvalehti.fi\/vallan-mahotonta\/#\/schema\/person\/aa34015af7a4bce21e1cdcf566bb57b0","name":"Antti Ronkainen","image":{"@type":"ImageObject","inLanguage":"fi","@id":"https:\/\/suomenkuvalehti.fi\/vallan-mahotonta\/#\/schema\/person\/image\/","url":"https:\/\/suomenkuvalehti.fi\/vallan-mahotonta\/wp-content\/uploads\/sites\/42\/2018\/05\/antti_j_ronkainen_blogi_pieni-150x150.jpg","contentUrl":"https:\/\/suomenkuvalehti.fi\/vallan-mahotonta\/wp-content\/uploads\/sites\/42\/2018\/05\/antti_j_ronkainen_blogi_pieni-150x150.jpg","caption":"Antti Ronkainen"},"description":"Antti Ronkainen on poliittisen talouden v\u00e4it\u00f6skirjatutkija Helsingin yliopistolla.","sameAs":["http:\/\/anttironkainen.fi","https:\/\/www.facebook.com\/a.ronkainen","https:\/\/www.instagram.com\/antti.ronkainen\/","https:\/\/x.com\/https:\/\/twitter.com\/anttironkainen"]}]}},"_links":{"self":[{"href":"https:\/\/suomenkuvalehti.fi\/vallan-mahotonta\/wp-json\/wp\/v2\/posts\/9207","targetHints":{"allow":["GET"]}}],"collection":[{"href":"https:\/\/suomenkuvalehti.fi\/vallan-mahotonta\/wp-json\/wp\/v2\/posts"}],"about":[{"href":"https:\/\/suomenkuvalehti.fi\/vallan-mahotonta\/wp-json\/wp\/v2\/types\/post"}],"author":[{"embeddable":true,"href":"https:\/\/suomenkuvalehti.fi\/vallan-mahotonta\/wp-json\/wp\/v2\/users\/37967"}],"replies":[{"embeddable":true,"href":"https:\/\/suomenkuvalehti.fi\/vallan-mahotonta\/wp-json\/wp\/v2\/comments?post=9207"}],"version-history":[{"count":12,"href":"https:\/\/suomenkuvalehti.fi\/vallan-mahotonta\/wp-json\/wp\/v2\/posts\/9207\/revisions"}],"predecessor-version":[{"id":9219,"href":"https:\/\/suomenkuvalehti.fi\/vallan-mahotonta\/wp-json\/wp\/v2\/posts\/9207\/revisions\/9219"}],"wp:attachment":[{"href":"https:\/\/suomenkuvalehti.fi\/vallan-mahotonta\/wp-json\/wp\/v2\/media?parent=9207"}],"wp:term":[{"taxonomy":"category","embeddable":true,"href":"https:\/\/suomenkuvalehti.fi\/vallan-mahotonta\/wp-json\/wp\/v2\/categories?post=9207"},{"taxonomy":"post_tag","embeddable":true,"href":"https:\/\/suomenkuvalehti.fi\/vallan-mahotonta\/wp-json\/wp\/v2\/tags?post=9207"}],"curies":[{"name":"wp","href":"https:\/\/api.w.org\/{rel}","templated":true}]}}