{"id":9181,"date":"2023-01-28T12:05:51","date_gmt":"2023-01-28T10:05:51","guid":{"rendered":"https:\/\/suomenkuvalehti.fi\/vallan-mahotonta\/?p=9181"},"modified":"2023-01-28T12:05:53","modified_gmt":"2023-01-28T10:05:53","slug":"perussuomalaiset-ovat-valmiita-eroamaan-eusta-mutta-bluffaavatko-kokoomus-ja-sdp-unionin-yhteisvastuusta","status":"publish","type":"post","link":"https:\/\/suomenkuvalehti.fi\/vallan-mahotonta\/perussuomalaiset-ovat-valmiita-eroamaan-eusta-mutta-bluffaavatko-kokoomus-ja-sdp-unionin-yhteisvastuusta\/","title":{"rendered":"Perussuomalaiset ovat valmiita eroamaan EU:sta, mutta bluffaavatko kokoomus ja SDP unionin yhteisvastuusta?"},"content":{"rendered":"\n<p>Perussuomalaisten puheenjohtaja <strong>Riikka Purra<\/strong> laittoi vauhtia vaalinaluskeskusteluihin my\u00f6nt\u00e4ess\u00e4\u00e4n, ett\u00e4 <a href=\"https:\/\/www.iltalehti.fi\/politiikka\/a\/edad025c-4792-46d1-be97-c483dfd4fbf8\" target=\"_blank\" rel=\"noreferrer noopener\">Suomen EU-ero on &#8221;edelleenkin pitk\u00e4n t\u00e4ht\u00e4imen tavoitteemme&#8221;<\/a>. Ulostulo tietenkin <a href=\"https:\/\/www.uusisuomi.fi\/uutiset\/uskomatonta-perussuomalaisten-eu-linjasta-laaja-tyrmistys\/61fc0017-41ab-47a8-b837-97f03a3c8c03\" target=\"_blank\" rel=\"noreferrer noopener\">tyrm\u00e4ttiin laajasti<\/a>, mutta Purran kunniaksi voidaan todeta, ett\u00e4 se nostaa laajemmin esiin Suomen EU-poliittisen keskustelun kipupisteit\u00e4.<\/p>\n\n\n\n<p>Suomen EU-politiikan pitk\u00e4 linja on perustunut &#8221;kukin vastatkoot itsest\u00e4\u00e4n&#8221; -periaatteeseen, s\u00e4\u00e4nt\u00f6pohjaisuuteen ja yhteisvastuun vastustamiseen. Poliittisen yhteis\u00f6n sijaan Suomi on korostanut sis\u00e4markkinoita ja taloudellista yhteisty\u00f6t\u00e4. Nykyisen hallituskauden aikana on kuitenkin k\u00e4ynyt selv\u00e4ksi, ett\u00e4 t\u00e4m\u00e4n EU-linjan per\u00e4laudat ovat pahasti lahonneet &#8211; Suomesta riippumattomista syist\u00e4. <\/p>\n\n\n\n<p>Brexitin my\u00f6t\u00e4 unionista l\u00e4hti yhteisvastuun keskeinen vastustaja, mill\u00e4 oli merkitt\u00e4v\u00e4 vaikutus EU:n voimasuhteisiin. Koronapandemian alettua sek\u00e4 EU:n julkista velkaantumista rajoittavat budjettis\u00e4\u00e4nn\u00f6t ett\u00e4 sis\u00e4markkinoita vaalivat valtiontukis\u00e4\u00e4nn\u00f6kset laitettiin piippuhyllylle, jotta EU-maat pystyiv\u00e4t vastaamaan kansallisesti koronarajoitusten aiheuttamaan taloudelliseen t\u00e4lliin. Koronapandemiassa meni murskaksi my\u00f6s <strong>Merkelin<\/strong> eurokriisin aikainen lupaus, ettei yhteisvastuuta tule h\u00e4nen elinaikanaan. Viimeisimp\u00e4n\u00e4 EU on joutunut luopumaan vapaan markkinatalouden ja globalisaation kirkkaimmista periaatteista pysy\u00e4kseen mukana alati kiihtyv\u00e4ss\u00e4 suurvaltakamppailussa. Esimerkiksi <strong>Bidenin<\/strong> vihre\u00e4n siirtym\u00e4n energiatukien pel\u00e4t\u00e4\u00e4n imev\u00e4n investointeja Euroopasta Yhdysvaltoihin. Nykyisen monikriisin oloissa sek\u00e4 budjetti- ett\u00e4 valtionapus\u00e4\u00e4nt\u00f6j\u00e4 ollaan uudistamassa, mink\u00e4 lis\u00e4ksi komission puheenjohtaja <strong>von der Leyen<\/strong> on kertonut j\u00e4tt\u00e4v\u00e4ns\u00e4 kes\u00e4ll\u00e4 &#8211; eduskuntavaalien j\u00e4lkeen &#8211; esityksen uudesta suvereniteettirahastosta, jolla tasattaisiin EU-maiden kyky\u00e4 antaa energiatukia yrityksilleen.<\/p>\n\n\n\n<p>Kuten <a href=\"https:\/\/luukvanmiddelaar.eu\/books\/pandemonium?edition=60ae1c224bb8b\" target=\"_blank\" rel=\"noreferrer noopener\"><strong>Luuk van Middelaar<\/strong> on todennut<\/a>, EU on selvinnyt kriiseist\u00e4\u00e4n hylk\u00e4\u00e4m\u00e4ll\u00e4 teknokratian ja s\u00e4\u00e4nt\u00f6pohjaisuuden ja kehittym\u00e4ll\u00e4 kohti yl\u00e4 poliittisempaa unionia. Valitettavasti COVID-19 oli vasta alkul\u00e4mmittely\u00e4 ja EU:n todelliset haasteet ovat geopolitiikassa ja ilmastonmuutoksessa, mink\u00e4 Ukrainan sota on kouriintuntuvasti osoittanut. Kehitys kohti poliittisempaa unionia todenn\u00e4k\u00f6isesti jatkuu, mik\u00e4 piiskaa entisest\u00e4\u00e4n Suomen EU-politiikan l\u00e4ht\u00f6kohtia ja p\u00e4\u00e4m\u00e4\u00e4ri\u00e4.<\/p>\n\n\n\n<p>Perussuomalaiset ovat ilmaisseet vastustavansa t\u00e4t\u00e4 kehityst\u00e4. Sen sijaan ei ole selke\u00e4\u00e4, mit\u00e4 gallup-k\u00e4rjess\u00e4 oleva kokoomus tai p\u00e4\u00e4ministeripuolue SDP ajattelevat EU:n kehityksest\u00e4. Kokoomus vastusti yhteisvelkaa elpymisrahaston muodossa, mutta kun perustuslakivaliokunta vaati paketin hyv\u00e4ksymiseksi 2\/3 enemmist\u00f6\u00e4 eduskunnassa, se hyv\u00e4ksyttiin lopulta kokoomuslaisten \u00e4\u00e4nill\u00e4. Jos seuraava hallitus muodostuisi kokoomuksen ja perussuomalaisten ymp\u00e4rille, linjausta yhteisvastuusta tuskin l\u00f6ytyisi hallitusohjelmaan. Koska perussuomalaiset vastustaa yhteisvelkaa kaikissa muodoissa, t\u00e4llaiset j\u00e4rjestelyt jouduttaisiin seuraavallakin hallituskaudella hyv\u00e4ksym\u00e4\u00e4n opposition \u00e4\u00e4nill\u00e4. SDP on puolestaan korostanut elpymispaketin poikkeuksellisuutta ja kertaluonteisuutta, vaikka komission puheenjohtaja puhuu jo avoimesti seuraavasta rahastosta. Kokoomuksen ja SDP:n olisikin paljon helpompaa sopia retorisesti tiukasta EU-politiikasta, joka kuitenkin nielt\u00e4isiin tiukan paikan tullen hampaat irvess\u00e4 ja sormi nen\u00e4ll\u00e4. <\/p>\n\n\n\n<p>Brexit on osoittanut sis\u00e4markkinoiden taloudellisen hy\u00f6dyn. Lis\u00e4ksi on vaikea nimet\u00e4 poliittisesti merkitt\u00e4vi\u00e4 asioita, joita Suomi saavuttaisi EU-erolla nykyisess\u00e4 geopoliittisessa tilanteessa. Samaan aikaan voidaan kuitenkin todeta, ett\u00e4 Suomen EU-politiikan pitk\u00e4 linja ja siit\u00e4 k\u00e4yt\u00e4v\u00e4 keskustelu n\u00e4ytt\u00e4isiv\u00e4t olevan kaukana EU:n nykytodellisuudesta. Koska kulloinenkin hallitus asettaa Suomen EU-politiikan, vaalien alla toivoisikin erityisesti suurilta puolueilta pelk\u00e4n retorisen vastustuksen sijaan n\u00e4kemyksellisemp\u00e4\u00e4 keskustelua EU:n integraatiosta nykyisess\u00e4 geopoliittisessa mylleryksest\u00e4. Tai mink\u00e4laisia sis\u00e4markkinoita ja geopoliittista asemaa puolueet tavoittelevat EU:n budjetti- ja valtiontukis\u00e4\u00e4nt\u00f6jen uudistuksilla. N\u00e4iden pohjalta voitaisiin edet\u00e4 mielenkiintoisempiin kysymyksiin, kuten mit\u00e4 Suomi saavuttaa nykyisell\u00e4 jongl\u00f6\u00f6raavalla nuukailullaan ja toisaalta, onko puolueilla ylip\u00e4\u00e4t\u00e4\u00e4n valmiutta j\u00e4\u00e4d\u00e4 mahdollisten tulevien yhteisvastuullisten projektien ulkopuolelle. N\u00e4in voitaisiin samalla katsoa, bluffaavatko EU-retoriikassaan eniten kokoomus, sosialidemokraatit vai perussuomalaiset.<\/p>\n","protected":false},"excerpt":{"rendered":"<p>Perussuomalaisten puheenjohtaja Riikka Purra laittoi vauhtia vaalinaluskeskusteluihin my\u00f6nt\u00e4ess\u00e4\u00e4n, ett\u00e4 Suomen EU-ero on &#8221;edelleenkin pitk\u00e4n t\u00e4ht\u00e4imen tavoitteemme&#8221;. Ulostulo tietenkin tyrm\u00e4ttiin<br \/>\nlaajasti&hellip;<\/p>\n","protected":false},"author":37967,"featured_media":0,"comment_status":"open","ping_status":"open","sticky":false,"template":"","format":"standard","meta":{"_acf_changed":false,"asauth_required_access_level":3,"asauth_cansharepaid":"true","om_header_attributes":[],"footnotes":"","om_featured_image_focal_point":[],"om_primary_tag":7,"om_contributors":[],"om_co_authors":[],"beyondwords_generate_audio":"","beyondwords_project_id":"","beyondwords_content_id":"","beyondwords_preview_token":"","beyondwords_player_content":"","beyondwords_player_style":"","beyondwords_language_code":"","beyondwords_language_id":"","beyondwords_title_voice_id":"","beyondwords_body_voice_id":"","beyondwords_summary_voice_id":"","beyondwords_error_message":"","beyondwords_disabled":"","beyondwords_delete_content":"","beyondwords_podcast_id":"","beyondwords_hash":"","publish_post_to_speechkit":"","speechkit_hash":"","speechkit_generate_audio":"","speechkit_project_id":"","speechkit_podcast_id":"","speechkit_error_message":"","speechkit_disabled":"","speechkit_access_key":"","speechkit_error":"","speechkit_info":"","speechkit_response":"","speechkit_retries":"","speechkit_status":"","speechkit_updated_at":"","_speechkit_link":"","_speechkit_text":""},"categories":[1],"tags":[139,7,50,633,181,634,27],"class_list":["post-9181","post","type-post","status-publish","format-standard","hentry","category-vallan-mahotonta","tag-eduskuntavaalit","tag-eu","tag-kokoomus","tag-monikriisi","tag-perussuomalaiset","tag-riikka-purra","tag-sdp"],"om_views":null,"acf":{"tuuma_off":false,"tuuma_kysymys":"","tuuma_vastaus":""},"asauth":{"required_access_level":1,"share_token":"","is_paid":false},"yoast_head":"<!-- This site is optimized with the Yoast SEO plugin v26.4 - https:\/\/yoast.com\/wordpress\/plugins\/seo\/ -->\n<title>Perussuomalaiset ovat valmiita eroamaan EU:sta, mutta bluffaavatko kokoomus ja SDP unionin yhteisvastuusta? - Vallan mahotonta!<\/title>\n<meta name=\"robots\" content=\"index, follow, max-snippet:-1, max-image-preview:large, max-video-preview:-1\" \/>\n<link rel=\"canonical\" href=\"https:\/\/suomenkuvalehti.fi\/vallan-mahotonta\/perussuomalaiset-ovat-valmiita-eroamaan-eusta-mutta-bluffaavatko-kokoomus-ja-sdp-unionin-yhteisvastuusta\/\" \/>\n<meta property=\"og:locale\" content=\"fi_FI\" \/>\n<meta property=\"og:type\" content=\"article\" \/>\n<meta property=\"og:title\" content=\"Perussuomalaiset ovat valmiita eroamaan EU:sta, mutta bluffaavatko kokoomus ja SDP unionin yhteisvastuusta? - Vallan mahotonta!\" \/>\n<meta property=\"og:description\" content=\"Perussuomalaisten puheenjohtaja Riikka Purra laittoi vauhtia vaalinaluskeskusteluihin my\u00f6nt\u00e4ess\u00e4\u00e4n, ett\u00e4 Suomen EU-ero on &#8221;edelleenkin pitk\u00e4n t\u00e4ht\u00e4imen tavoitteemme&#8221;. Ulostulo tietenkin tyrm\u00e4ttiin laajasti&hellip;\" \/>\n<meta property=\"og:url\" content=\"https:\/\/suomenkuvalehti.fi\/vallan-mahotonta\/perussuomalaiset-ovat-valmiita-eroamaan-eusta-mutta-bluffaavatko-kokoomus-ja-sdp-unionin-yhteisvastuusta\/\" \/>\n<meta property=\"og:site_name\" content=\"Vallan mahotonta!\" \/>\n<meta property=\"article:author\" content=\"https:\/\/www.facebook.com\/a.ronkainen\" \/>\n<meta property=\"article:published_time\" content=\"2023-01-28T10:05:51+00:00\" \/>\n<meta property=\"article:modified_time\" content=\"2023-01-28T10:05:53+00:00\" \/>\n<meta property=\"og:image\" content=\"https:\/\/suomenkuvalehti.fi\/vallan-mahotonta\/wp-content\/uploads\/sites\/42\/2018\/05\/antti_j_ronkainen_blogi_pieni.jpg\" \/>\n\t<meta property=\"og:image:width\" content=\"600\" \/>\n\t<meta property=\"og:image:height\" content=\"600\" \/>\n\t<meta property=\"og:image:type\" content=\"image\/jpeg\" \/>\n<meta name=\"author\" content=\"Antti Ronkainen\" \/>\n<meta name=\"twitter:card\" content=\"summary_large_image\" \/>\n<meta name=\"twitter:creator\" content=\"@https:\/\/twitter.com\/anttironkainen\" \/>\n<meta name=\"twitter:label1\" content=\"Written by\" \/>\n\t<meta name=\"twitter:data1\" content=\"Antti Ronkainen\" \/>\n\t<meta name=\"twitter:label2\" content=\"Est. reading time\" \/>\n\t<meta name=\"twitter:data2\" content=\"3 minuuttia\" \/>\n<script type=\"application\/ld+json\" class=\"yoast-schema-graph\">{\"@context\":\"https:\/\/schema.org\",\"@graph\":[{\"@type\":\"WebPage\",\"@id\":\"https:\/\/suomenkuvalehti.fi\/vallan-mahotonta\/perussuomalaiset-ovat-valmiita-eroamaan-eusta-mutta-bluffaavatko-kokoomus-ja-sdp-unionin-yhteisvastuusta\/\",\"url\":\"https:\/\/suomenkuvalehti.fi\/vallan-mahotonta\/perussuomalaiset-ovat-valmiita-eroamaan-eusta-mutta-bluffaavatko-kokoomus-ja-sdp-unionin-yhteisvastuusta\/\",\"name\":\"Perussuomalaiset ovat valmiita eroamaan EU:sta, mutta bluffaavatko kokoomus ja SDP unionin yhteisvastuusta? - Vallan mahotonta!\",\"isPartOf\":{\"@id\":\"https:\/\/suomenkuvalehti.fi\/vallan-mahotonta\/#website\"},\"datePublished\":\"2023-01-28T10:05:51+00:00\",\"dateModified\":\"2023-01-28T10:05:53+00:00\",\"author\":{\"@id\":\"https:\/\/suomenkuvalehti.fi\/vallan-mahotonta\/#\/schema\/person\/aa34015af7a4bce21e1cdcf566bb57b0\"},\"breadcrumb\":{\"@id\":\"https:\/\/suomenkuvalehti.fi\/vallan-mahotonta\/perussuomalaiset-ovat-valmiita-eroamaan-eusta-mutta-bluffaavatko-kokoomus-ja-sdp-unionin-yhteisvastuusta\/#breadcrumb\"},\"inLanguage\":\"fi\",\"potentialAction\":[{\"@type\":\"ReadAction\",\"target\":[\"https:\/\/suomenkuvalehti.fi\/vallan-mahotonta\/perussuomalaiset-ovat-valmiita-eroamaan-eusta-mutta-bluffaavatko-kokoomus-ja-sdp-unionin-yhteisvastuusta\/\"]}]},{\"@type\":\"BreadcrumbList\",\"@id\":\"https:\/\/suomenkuvalehti.fi\/vallan-mahotonta\/perussuomalaiset-ovat-valmiita-eroamaan-eusta-mutta-bluffaavatko-kokoomus-ja-sdp-unionin-yhteisvastuusta\/#breadcrumb\",\"itemListElement\":[{\"@type\":\"ListItem\",\"position\":1,\"name\":\"Home\",\"item\":\"https:\/\/suomenkuvalehti.fi\/vallan-mahotonta\/\"},{\"@type\":\"ListItem\",\"position\":2,\"name\":\"Perussuomalaiset ovat valmiita eroamaan EU:sta, mutta bluffaavatko kokoomus ja SDP unionin yhteisvastuusta?\"}]},{\"@type\":\"WebSite\",\"@id\":\"https:\/\/suomenkuvalehti.fi\/vallan-mahotonta\/#website\",\"url\":\"https:\/\/suomenkuvalehti.fi\/vallan-mahotonta\/\",\"name\":\"Vallan mahotonta!\",\"description\":\"Tutkija Antti Ronkainen seuraa maailmantalouden murrosta.\",\"potentialAction\":[{\"@type\":\"SearchAction\",\"target\":{\"@type\":\"EntryPoint\",\"urlTemplate\":\"https:\/\/suomenkuvalehti.fi\/haku\/?q={search_term_string}\"},\"query-input\":{\"@type\":\"PropertyValueSpecification\",\"valueRequired\":true,\"valueName\":\"search_term_string\"}}],\"inLanguage\":\"fi\"},{\"@type\":\"Person\",\"@id\":\"https:\/\/suomenkuvalehti.fi\/vallan-mahotonta\/#\/schema\/person\/aa34015af7a4bce21e1cdcf566bb57b0\",\"name\":\"Antti Ronkainen\",\"image\":{\"@type\":\"ImageObject\",\"inLanguage\":\"fi\",\"@id\":\"https:\/\/suomenkuvalehti.fi\/vallan-mahotonta\/#\/schema\/person\/image\/\",\"url\":\"https:\/\/suomenkuvalehti.fi\/vallan-mahotonta\/wp-content\/uploads\/sites\/42\/2018\/05\/antti_j_ronkainen_blogi_pieni-150x150.jpg\",\"contentUrl\":\"https:\/\/suomenkuvalehti.fi\/vallan-mahotonta\/wp-content\/uploads\/sites\/42\/2018\/05\/antti_j_ronkainen_blogi_pieni-150x150.jpg\",\"caption\":\"Antti Ronkainen\"},\"description\":\"Antti Ronkainen on poliittisen talouden v\u00e4it\u00f6skirjatutkija Helsingin yliopistolla.\",\"sameAs\":[\"http:\/\/anttironkainen.fi\",\"https:\/\/www.facebook.com\/a.ronkainen\",\"https:\/\/www.instagram.com\/antti.ronkainen\/\",\"https:\/\/x.com\/https:\/\/twitter.com\/anttironkainen\"]}]}<\/script>\n<!-- \/ Yoast SEO plugin. -->","yoast_head_json":{"title":"Perussuomalaiset ovat valmiita eroamaan EU:sta, mutta bluffaavatko kokoomus ja SDP unionin yhteisvastuusta? - Vallan mahotonta!","robots":{"index":"index","follow":"follow","max-snippet":"max-snippet:-1","max-image-preview":"max-image-preview:large","max-video-preview":"max-video-preview:-1"},"canonical":"https:\/\/suomenkuvalehti.fi\/vallan-mahotonta\/perussuomalaiset-ovat-valmiita-eroamaan-eusta-mutta-bluffaavatko-kokoomus-ja-sdp-unionin-yhteisvastuusta\/","og_locale":"fi_FI","og_type":"article","og_title":"Perussuomalaiset ovat valmiita eroamaan EU:sta, mutta bluffaavatko kokoomus ja SDP unionin yhteisvastuusta? - Vallan mahotonta!","og_description":"Perussuomalaisten puheenjohtaja Riikka Purra laittoi vauhtia vaalinaluskeskusteluihin my\u00f6nt\u00e4ess\u00e4\u00e4n, ett\u00e4 Suomen EU-ero on &#8221;edelleenkin pitk\u00e4n t\u00e4ht\u00e4imen tavoitteemme&#8221;. Ulostulo tietenkin tyrm\u00e4ttiin laajasti&hellip;","og_url":"https:\/\/suomenkuvalehti.fi\/vallan-mahotonta\/perussuomalaiset-ovat-valmiita-eroamaan-eusta-mutta-bluffaavatko-kokoomus-ja-sdp-unionin-yhteisvastuusta\/","og_site_name":"Vallan mahotonta!","article_author":"https:\/\/www.facebook.com\/a.ronkainen","article_published_time":"2023-01-28T10:05:51+00:00","article_modified_time":"2023-01-28T10:05:53+00:00","og_image":[{"width":600,"height":600,"url":"https:\/\/suomenkuvalehti.fi\/vallan-mahotonta\/wp-content\/uploads\/sites\/42\/2018\/05\/antti_j_ronkainen_blogi_pieni.jpg","type":"image\/jpeg"}],"author":"Antti Ronkainen","twitter_card":"summary_large_image","twitter_creator":"@https:\/\/twitter.com\/anttironkainen","twitter_misc":{"Written by":"Antti Ronkainen","Est. reading time":"3 minuuttia"},"schema":{"@context":"https:\/\/schema.org","@graph":[{"@type":"WebPage","@id":"https:\/\/suomenkuvalehti.fi\/vallan-mahotonta\/perussuomalaiset-ovat-valmiita-eroamaan-eusta-mutta-bluffaavatko-kokoomus-ja-sdp-unionin-yhteisvastuusta\/","url":"https:\/\/suomenkuvalehti.fi\/vallan-mahotonta\/perussuomalaiset-ovat-valmiita-eroamaan-eusta-mutta-bluffaavatko-kokoomus-ja-sdp-unionin-yhteisvastuusta\/","name":"Perussuomalaiset ovat valmiita eroamaan EU:sta, mutta bluffaavatko kokoomus ja SDP unionin yhteisvastuusta? - Vallan mahotonta!","isPartOf":{"@id":"https:\/\/suomenkuvalehti.fi\/vallan-mahotonta\/#website"},"datePublished":"2023-01-28T10:05:51+00:00","dateModified":"2023-01-28T10:05:53+00:00","author":{"@id":"https:\/\/suomenkuvalehti.fi\/vallan-mahotonta\/#\/schema\/person\/aa34015af7a4bce21e1cdcf566bb57b0"},"breadcrumb":{"@id":"https:\/\/suomenkuvalehti.fi\/vallan-mahotonta\/perussuomalaiset-ovat-valmiita-eroamaan-eusta-mutta-bluffaavatko-kokoomus-ja-sdp-unionin-yhteisvastuusta\/#breadcrumb"},"inLanguage":"fi","potentialAction":[{"@type":"ReadAction","target":["https:\/\/suomenkuvalehti.fi\/vallan-mahotonta\/perussuomalaiset-ovat-valmiita-eroamaan-eusta-mutta-bluffaavatko-kokoomus-ja-sdp-unionin-yhteisvastuusta\/"]}]},{"@type":"BreadcrumbList","@id":"https:\/\/suomenkuvalehti.fi\/vallan-mahotonta\/perussuomalaiset-ovat-valmiita-eroamaan-eusta-mutta-bluffaavatko-kokoomus-ja-sdp-unionin-yhteisvastuusta\/#breadcrumb","itemListElement":[{"@type":"ListItem","position":1,"name":"Home","item":"https:\/\/suomenkuvalehti.fi\/vallan-mahotonta\/"},{"@type":"ListItem","position":2,"name":"Perussuomalaiset ovat valmiita eroamaan EU:sta, mutta bluffaavatko kokoomus ja SDP unionin yhteisvastuusta?"}]},{"@type":"WebSite","@id":"https:\/\/suomenkuvalehti.fi\/vallan-mahotonta\/#website","url":"https:\/\/suomenkuvalehti.fi\/vallan-mahotonta\/","name":"Vallan mahotonta!","description":"Tutkija Antti Ronkainen seuraa maailmantalouden murrosta.","potentialAction":[{"@type":"SearchAction","target":{"@type":"EntryPoint","urlTemplate":"https:\/\/suomenkuvalehti.fi\/haku\/?q={search_term_string}"},"query-input":{"@type":"PropertyValueSpecification","valueRequired":true,"valueName":"search_term_string"}}],"inLanguage":"fi"},{"@type":"Person","@id":"https:\/\/suomenkuvalehti.fi\/vallan-mahotonta\/#\/schema\/person\/aa34015af7a4bce21e1cdcf566bb57b0","name":"Antti Ronkainen","image":{"@type":"ImageObject","inLanguage":"fi","@id":"https:\/\/suomenkuvalehti.fi\/vallan-mahotonta\/#\/schema\/person\/image\/","url":"https:\/\/suomenkuvalehti.fi\/vallan-mahotonta\/wp-content\/uploads\/sites\/42\/2018\/05\/antti_j_ronkainen_blogi_pieni-150x150.jpg","contentUrl":"https:\/\/suomenkuvalehti.fi\/vallan-mahotonta\/wp-content\/uploads\/sites\/42\/2018\/05\/antti_j_ronkainen_blogi_pieni-150x150.jpg","caption":"Antti Ronkainen"},"description":"Antti Ronkainen on poliittisen talouden v\u00e4it\u00f6skirjatutkija Helsingin yliopistolla.","sameAs":["http:\/\/anttironkainen.fi","https:\/\/www.facebook.com\/a.ronkainen","https:\/\/www.instagram.com\/antti.ronkainen\/","https:\/\/x.com\/https:\/\/twitter.com\/anttironkainen"]}]}},"_links":{"self":[{"href":"https:\/\/suomenkuvalehti.fi\/vallan-mahotonta\/wp-json\/wp\/v2\/posts\/9181","targetHints":{"allow":["GET"]}}],"collection":[{"href":"https:\/\/suomenkuvalehti.fi\/vallan-mahotonta\/wp-json\/wp\/v2\/posts"}],"about":[{"href":"https:\/\/suomenkuvalehti.fi\/vallan-mahotonta\/wp-json\/wp\/v2\/types\/post"}],"author":[{"embeddable":true,"href":"https:\/\/suomenkuvalehti.fi\/vallan-mahotonta\/wp-json\/wp\/v2\/users\/37967"}],"replies":[{"embeddable":true,"href":"https:\/\/suomenkuvalehti.fi\/vallan-mahotonta\/wp-json\/wp\/v2\/comments?post=9181"}],"version-history":[{"count":23,"href":"https:\/\/suomenkuvalehti.fi\/vallan-mahotonta\/wp-json\/wp\/v2\/posts\/9181\/revisions"}],"predecessor-version":[{"id":9204,"href":"https:\/\/suomenkuvalehti.fi\/vallan-mahotonta\/wp-json\/wp\/v2\/posts\/9181\/revisions\/9204"}],"wp:attachment":[{"href":"https:\/\/suomenkuvalehti.fi\/vallan-mahotonta\/wp-json\/wp\/v2\/media?parent=9181"}],"wp:term":[{"taxonomy":"category","embeddable":true,"href":"https:\/\/suomenkuvalehti.fi\/vallan-mahotonta\/wp-json\/wp\/v2\/categories?post=9181"},{"taxonomy":"post_tag","embeddable":true,"href":"https:\/\/suomenkuvalehti.fi\/vallan-mahotonta\/wp-json\/wp\/v2\/tags?post=9181"}],"curies":[{"name":"wp","href":"https:\/\/api.w.org\/{rel}","templated":true}]}}