{"id":9129,"date":"2023-01-11T11:01:27","date_gmt":"2023-01-11T09:01:27","guid":{"rendered":"https:\/\/suomenkuvalehti.fi\/vallan-mahotonta\/?p=9129"},"modified":"2023-01-11T11:01:28","modified_gmt":"2023-01-11T09:01:28","slug":"kokoomuksen-leikkauspolitiikka-ilman-leikkauksia","status":"publish","type":"post","link":"https:\/\/suomenkuvalehti.fi\/vallan-mahotonta\/kokoomuksen-leikkauspolitiikka-ilman-leikkauksia\/","title":{"rendered":"Kokoomuksen leikkauspolitiikka ilman leikkauksia"},"content":{"rendered":"\n<p><strong>Petteri Orpon<\/strong> <a href=\"https:\/\/www.iltalehti.fi\/politiikka\/a\/867fa053-fee9-4a72-b24e-caafa5488038\">viimeaikaisten<\/a> <a href=\"https:\/\/www.is.fi\/politiikka\/art-2000009309358.html\" target=\"_blank\" rel=\"noreferrer noopener\">haastattelujen<\/a> perusteella kokoomuksessa on laskettu, ett\u00e4 kokoomus muodostaa seuraavan hallituksen joko sosialidemokraattien tai perussuomalaisten kanssa riippuen siit\u00e4, kummat tulevat enemm\u00e4n kokoomuksen linjoille talousasioissa.  <\/p>\n\n\n\n<p>Karkeasti kokoomuksen talousohjelma n\u00e4ytt\u00e4isi muodostuvan 2 elementin varaan:<\/p>\n\n\n\n<p>1) Velkaantumisen lopettamiseksi julkista taloutta on sopeutettava 4 miljardilla eurolla seuraavan hallituskauden aikana. Orpo nime\u00e4\u00e4 IS:n haastattelussa t\u00e4rkeimmiksi leikkauskohteiksi ansiosidonnaisen, asumistuen, yritystuet, hallinnon sek\u00e4 &#8221;budjettikirjan l\u00e4pik\u00e4ynnin&#8221;. Sen sijaan koulutus ja TKI-toiminta ovat &#8221;erityissuojelussa&#8221;. <\/p>\n\n\n\n<p>2) Ty\u00f6reformi, jossa alennetaan tuloverotusta ja leikataan ansiosidonnaista. Oletuksena on, ett\u00e4 palkkatulon ja sosiaaliturvan v\u00e4lisen erotuksen kasvaessa my\u00f6s ty\u00f6llisyystilanne paranee. Kokoomus on esitt\u00e4nyt 1 miljardin suuruista tuloveron alennusta kaikkiin tuloluokkiin sek\u00e4 400 miljoonan leikkauksia ansiosidonnaiseen. Toisaalta kokoomuksen vaatima ansiosidonnaisen ulottaminen kaikille maksaisi 200 miljoonaa euroa.<\/p>\n\n\n\n<p>Huomioiden kokoomuksen verolinjan ja muut lupaukset sopeutettava summa kasvaa edelleen. Tuloveron alennus ja ansiosidonnaisen ulottaminen kaikille maksaisivat yhteens\u00e4 1,2 miljardia. Puolustusmenot tulevat kasvamaan Nato-j\u00e4senyyden my\u00f6t\u00e4, mink\u00e4 lis\u00e4ksi kokoomus on luvannut lis\u00e4\u00e4 rahaa koulutukseen, TKI-toimintaan, poliisille ja oikeuslaitokselle. Toisin sanoen todellinen sopeutustarve on reilusti yli 5 miljardia euroa seuraavalle vaalikaudelle.<\/p>\n\n\n\n<p>Kokoomus on esitt\u00e4nyt tuloveroalen kattamista tupakka- ja alkoholiverotuksen korotuksilla, joista <a href=\"https:\/\/www.kokoomus.fi\/avainsanat\/vaihtoehtobudjetti\/\" target=\"_blank\" rel=\"noreferrer noopener\">vaihtoehtobudjetissa<\/a> ker\u00e4ttiin 600 miljoonaa sek\u00e4 uudella terveysperustaisella verolla, joka toisi 300 miljoonaa. Lis\u00e4ksi kokoomus on ilmoittanut, ett\u00e4 kokonaisveroaste tai varsinkaan tulo- tai yritysverotus eiv\u00e4t saa nousta, joten j\u00e4ljelle j\u00e4\u00e4v\u00e4n sopeutuksen tulisi tapahtua suurimmaksi osaksi leikkauksilla. <a href=\"https:\/\/www.hs.fi\/politiikka\/art-2000009240551.html\" target=\"_blank\" rel=\"noreferrer noopener\">Varjobudjetissaan kokoomus on leikannut<\/a> ansiosidonnaista 400 miljoonalla, asumistukea 350 miljoonalla, yritystukia 340 miljoonalla ja hallintoa 300 miljoonalla, yhteens\u00e4 vajaat 1,4 miljardia. <\/p>\n\n\n\n<p>Toisin sanoen, jos kokoomus todella tavoittelee mainitsemiaan 4 miljardin s\u00e4\u00e4st\u00f6j\u00e4, leikkaukset ansiosidonnaiseen, asumislis\u00e4\u00e4n, yritystukiin ja hallintoon tulisi moninkertaistaa. N\u00e4m\u00e4 muodostavat noin 15 miljardin kokonaisuuden, josta 4 miljardia on reilu nelj\u00e4nnes. Ei ole kovinkaan uskottavaa, ett\u00e4 n\u00e4ist\u00e4 kohteista saataisiin aikaan kokoomuksen vaatimat leikkaukset. Budjettikirjaa onkin k\u00e4yt\u00e4v\u00e4 tarkemmin l\u00e4pi, eiv\u00e4tk\u00e4 t\u00e4m\u00e4n mittaluokan leikkaukset onnistu helposti ilman ett\u00e4 leikataan el\u00e4kkeist\u00e4, sosiaali- ja terveyspalveluista, koulutuksesta ja sosiaaliturvasta. <\/p>\n\n\n\n<p>Kokoomuksen kirkas gallup-johto osoittaa, ett\u00e4 sen esitt\u00e4m\u00e4lle tarkan markan politiikalle on tilausta. Vaalinaluskeskusteluissa olisi syyt\u00e4 keskustella tarkemmin siit\u00e4, kuinka j\u00e4rkev\u00e4\u00e4 t\u00e4m\u00e4n mittaluokan leikkauspolitiikka on nykyisess\u00e4 maailmanpoliittisessa myllerryksess\u00e4. Ja jos leikkauksia joka tapauksessa haluaa, olisi syyt\u00e4 puntaroida tarkemmin, kuinka uskottavaa t\u00e4m\u00e4 kova talouspuhe lopulta on, jos leikkauskohteita ei kyet\u00e4 tai haluta nimet\u00e4. On helppo kannattaa abstraktia talouskurin ideaa, mutta paljon vaikeampaa luvata el\u00e4kel\u00e4isille, sairaille, opiskelijoille ja ty\u00f6tt\u00f6mille lis\u00e4\u00e4 kurjuutta nykyisen inflaation ja energiakriisin keskell\u00e4.<\/p>\n\n\n\n<p>Samaan aikaan PM <a href=\"https:\/\/www.hs.fi\/politiikka\/art-2000009258704.html\" target=\"_blank\" rel=\"noreferrer noopener\"><strong>Sanna Marin<\/strong> on ilmoittanut<\/a>, ettei SDP ole valmis leikkaamaan koulutuksesta, sotesta tai sosiaaliturvasta. Ajamalla tiukkaa talouskuripolitiikkaa kokoomus voikin tehd\u00e4 sinipunaisen kompromissin j\u00e4lleen mahdottomaksi, jolloin ainoaksi vaihtoehdoksi j\u00e4\u00e4 lopulta hallituspohja perussuomalaisten kanssa.<\/p>\n","protected":false},"excerpt":{"rendered":"<p>Petteri Orpon viimeaikaisten haastattelujen perusteella kokoomuksessa on laskettu, ett\u00e4 kokoomus muodostaa seuraavan hallituksen joko sosialidemokraattien tai perussuomalaisten kanssa riippuen siit\u00e4, kummat tulevat enemm\u00e4n kokoomuksen linjoille talousasioissa. Karkeasti<br \/>\nko&hellip;<\/p>\n","protected":false},"author":37967,"featured_media":9000,"comment_status":"open","ping_status":"open","sticky":false,"template":"","format":"standard","meta":{"_acf_changed":false,"asauth_required_access_level":3,"asauth_cansharepaid":"true","om_header_attributes":[],"footnotes":"","om_featured_image_focal_point":[],"om_primary_tag":18,"om_contributors":[],"om_co_authors":[],"beyondwords_generate_audio":"","beyondwords_project_id":"","beyondwords_content_id":"","beyondwords_preview_token":"","beyondwords_player_content":"","beyondwords_player_style":"","beyondwords_language_code":"","beyondwords_language_id":"","beyondwords_title_voice_id":"","beyondwords_body_voice_id":"","beyondwords_summary_voice_id":"","beyondwords_error_message":"","beyondwords_disabled":"","beyondwords_delete_content":"","beyondwords_podcast_id":"","beyondwords_hash":"","publish_post_to_speechkit":"","speechkit_hash":"","speechkit_generate_audio":"","speechkit_project_id":"","speechkit_podcast_id":"","speechkit_error_message":"","speechkit_disabled":"","speechkit_access_key":"","speechkit_error":"","speechkit_info":"","speechkit_response":"","speechkit_retries":"","speechkit_status":"","speechkit_updated_at":"","_speechkit_link":"","_speechkit_text":""},"categories":[1],"tags":[139,50,632,18],"class_list":["post-9129","post","type-post","status-publish","format-standard","has-post-thumbnail","hentry","category-vallan-mahotonta","tag-eduskuntavaalit","tag-kokoomus","tag-leikkauspolitiikka","tag-petteri-orpo"],"om_views":null,"acf":{"tuuma_off":false,"tuuma_kysymys":"","tuuma_vastaus":""},"asauth":{"required_access_level":1,"share_token":"","is_paid":false},"yoast_head":"<!-- This site is optimized with the Yoast SEO plugin v26.4 - https:\/\/yoast.com\/wordpress\/plugins\/seo\/ -->\n<title>Kokoomuksen leikkauspolitiikka ilman leikkauksia - Vallan mahotonta!<\/title>\n<meta name=\"robots\" content=\"index, follow, max-snippet:-1, max-image-preview:large, max-video-preview:-1\" \/>\n<link rel=\"canonical\" href=\"https:\/\/suomenkuvalehti.fi\/vallan-mahotonta\/kokoomuksen-leikkauspolitiikka-ilman-leikkauksia\/\" \/>\n<meta property=\"og:locale\" content=\"fi_FI\" \/>\n<meta property=\"og:type\" content=\"article\" \/>\n<meta property=\"og:title\" content=\"Kokoomuksen leikkauspolitiikka ilman leikkauksia - Vallan mahotonta!\" \/>\n<meta property=\"og:description\" content=\"Petteri Orpon viimeaikaisten haastattelujen perusteella kokoomuksessa on laskettu, ett\u00e4 kokoomus muodostaa seuraavan hallituksen joko sosialidemokraattien tai perussuomalaisten kanssa riippuen siit\u00e4, kummat tulevat enemm\u00e4n kokoomuksen linjoille talousasioissa. Karkeasti ko&hellip;\" \/>\n<meta property=\"og:url\" content=\"https:\/\/suomenkuvalehti.fi\/vallan-mahotonta\/kokoomuksen-leikkauspolitiikka-ilman-leikkauksia\/\" \/>\n<meta property=\"og:site_name\" content=\"Vallan mahotonta!\" \/>\n<meta property=\"article:author\" content=\"https:\/\/www.facebook.com\/a.ronkainen\" \/>\n<meta property=\"article:published_time\" content=\"2023-01-11T09:01:27+00:00\" \/>\n<meta property=\"article:modified_time\" content=\"2023-01-11T09:01:28+00:00\" \/>\n<meta property=\"og:image\" content=\"https:\/\/suomenkuvalehti.fi\/vallan-mahotonta\/wp-content\/uploads\/sites\/42\/2022\/11\/screenshot-2022-11-29-at-11-41-55-uutisanalyysi-sdp-ja-kokoomus-lammittelevat-suhteitaan---joutuuko-sanna-marin-nielemaan-ideologisen-vastenmielisyytensa-suomenkuvalehti.fi_.png\" \/>\n\t<meta property=\"og:image:width\" content=\"876\" \/>\n\t<meta property=\"og:image:height\" content=\"525\" \/>\n\t<meta property=\"og:image:type\" content=\"image\/png\" \/>\n<meta name=\"author\" content=\"Antti Ronkainen\" \/>\n<meta name=\"twitter:card\" content=\"summary_large_image\" \/>\n<meta name=\"twitter:creator\" content=\"@https:\/\/twitter.com\/anttironkainen\" \/>\n<meta name=\"twitter:label1\" content=\"Written by\" \/>\n\t<meta name=\"twitter:data1\" content=\"Antti Ronkainen\" \/>\n\t<meta name=\"twitter:label2\" content=\"Est. reading time\" \/>\n\t<meta name=\"twitter:data2\" content=\"3 minuuttia\" \/>\n<script type=\"application\/ld+json\" class=\"yoast-schema-graph\">{\"@context\":\"https:\/\/schema.org\",\"@graph\":[{\"@type\":\"WebPage\",\"@id\":\"https:\/\/suomenkuvalehti.fi\/vallan-mahotonta\/kokoomuksen-leikkauspolitiikka-ilman-leikkauksia\/\",\"url\":\"https:\/\/suomenkuvalehti.fi\/vallan-mahotonta\/kokoomuksen-leikkauspolitiikka-ilman-leikkauksia\/\",\"name\":\"Kokoomuksen leikkauspolitiikka ilman leikkauksia - Vallan mahotonta!\",\"isPartOf\":{\"@id\":\"https:\/\/suomenkuvalehti.fi\/vallan-mahotonta\/#website\"},\"primaryImageOfPage\":{\"@id\":\"https:\/\/suomenkuvalehti.fi\/vallan-mahotonta\/kokoomuksen-leikkauspolitiikka-ilman-leikkauksia\/#primaryimage\"},\"image\":{\"@id\":\"https:\/\/suomenkuvalehti.fi\/vallan-mahotonta\/kokoomuksen-leikkauspolitiikka-ilman-leikkauksia\/#primaryimage\"},\"thumbnailUrl\":\"https:\/\/suomenkuvalehti.fi\/vallan-mahotonta\/wp-content\/uploads\/sites\/42\/2022\/11\/screenshot-2022-11-29-at-11-41-55-uutisanalyysi-sdp-ja-kokoomus-lammittelevat-suhteitaan---joutuuko-sanna-marin-nielemaan-ideologisen-vastenmielisyytensa-suomenkuvalehti.fi_.png\",\"datePublished\":\"2023-01-11T09:01:27+00:00\",\"dateModified\":\"2023-01-11T09:01:28+00:00\",\"author\":{\"@id\":\"https:\/\/suomenkuvalehti.fi\/vallan-mahotonta\/#\/schema\/person\/aa34015af7a4bce21e1cdcf566bb57b0\"},\"breadcrumb\":{\"@id\":\"https:\/\/suomenkuvalehti.fi\/vallan-mahotonta\/kokoomuksen-leikkauspolitiikka-ilman-leikkauksia\/#breadcrumb\"},\"inLanguage\":\"fi\",\"potentialAction\":[{\"@type\":\"ReadAction\",\"target\":[\"https:\/\/suomenkuvalehti.fi\/vallan-mahotonta\/kokoomuksen-leikkauspolitiikka-ilman-leikkauksia\/\"]}]},{\"@type\":\"ImageObject\",\"inLanguage\":\"fi\",\"@id\":\"https:\/\/suomenkuvalehti.fi\/vallan-mahotonta\/kokoomuksen-leikkauspolitiikka-ilman-leikkauksia\/#primaryimage\",\"url\":\"https:\/\/suomenkuvalehti.fi\/vallan-mahotonta\/wp-content\/uploads\/sites\/42\/2022\/11\/screenshot-2022-11-29-at-11-41-55-uutisanalyysi-sdp-ja-kokoomus-lammittelevat-suhteitaan---joutuuko-sanna-marin-nielemaan-ideologisen-vastenmielisyytensa-suomenkuvalehti.fi_.png\",\"contentUrl\":\"https:\/\/suomenkuvalehti.fi\/vallan-mahotonta\/wp-content\/uploads\/sites\/42\/2022\/11\/screenshot-2022-11-29-at-11-41-55-uutisanalyysi-sdp-ja-kokoomus-lammittelevat-suhteitaan---joutuuko-sanna-marin-nielemaan-ideologisen-vastenmielisyytensa-suomenkuvalehti.fi_.png\",\"width\":876,\"height\":525,\"caption\":\"\u00a9 Antti Aimo-Koivisto \/ Lehtikuva\"},{\"@type\":\"BreadcrumbList\",\"@id\":\"https:\/\/suomenkuvalehti.fi\/vallan-mahotonta\/kokoomuksen-leikkauspolitiikka-ilman-leikkauksia\/#breadcrumb\",\"itemListElement\":[{\"@type\":\"ListItem\",\"position\":1,\"name\":\"Home\",\"item\":\"https:\/\/suomenkuvalehti.fi\/vallan-mahotonta\/\"},{\"@type\":\"ListItem\",\"position\":2,\"name\":\"Kokoomuksen leikkauspolitiikka ilman leikkauksia\"}]},{\"@type\":\"WebSite\",\"@id\":\"https:\/\/suomenkuvalehti.fi\/vallan-mahotonta\/#website\",\"url\":\"https:\/\/suomenkuvalehti.fi\/vallan-mahotonta\/\",\"name\":\"Vallan mahotonta!\",\"description\":\"Tutkija Antti Ronkainen seuraa maailmantalouden murrosta.\",\"potentialAction\":[{\"@type\":\"SearchAction\",\"target\":{\"@type\":\"EntryPoint\",\"urlTemplate\":\"https:\/\/suomenkuvalehti.fi\/haku\/?q={search_term_string}\"},\"query-input\":{\"@type\":\"PropertyValueSpecification\",\"valueRequired\":true,\"valueName\":\"search_term_string\"}}],\"inLanguage\":\"fi\"},{\"@type\":\"Person\",\"@id\":\"https:\/\/suomenkuvalehti.fi\/vallan-mahotonta\/#\/schema\/person\/aa34015af7a4bce21e1cdcf566bb57b0\",\"name\":\"Antti Ronkainen\",\"image\":{\"@type\":\"ImageObject\",\"inLanguage\":\"fi\",\"@id\":\"https:\/\/suomenkuvalehti.fi\/vallan-mahotonta\/#\/schema\/person\/image\/\",\"url\":\"https:\/\/suomenkuvalehti.fi\/vallan-mahotonta\/wp-content\/uploads\/sites\/42\/2018\/05\/antti_j_ronkainen_blogi_pieni-150x150.jpg\",\"contentUrl\":\"https:\/\/suomenkuvalehti.fi\/vallan-mahotonta\/wp-content\/uploads\/sites\/42\/2018\/05\/antti_j_ronkainen_blogi_pieni-150x150.jpg\",\"caption\":\"Antti Ronkainen\"},\"description\":\"Antti Ronkainen on poliittisen talouden v\u00e4it\u00f6skirjatutkija Helsingin yliopistolla.\",\"sameAs\":[\"http:\/\/anttironkainen.fi\",\"https:\/\/www.facebook.com\/a.ronkainen\",\"https:\/\/www.instagram.com\/antti.ronkainen\/\",\"https:\/\/x.com\/https:\/\/twitter.com\/anttironkainen\"]}]}<\/script>\n<!-- \/ Yoast SEO plugin. -->","yoast_head_json":{"title":"Kokoomuksen leikkauspolitiikka ilman leikkauksia - Vallan mahotonta!","robots":{"index":"index","follow":"follow","max-snippet":"max-snippet:-1","max-image-preview":"max-image-preview:large","max-video-preview":"max-video-preview:-1"},"canonical":"https:\/\/suomenkuvalehti.fi\/vallan-mahotonta\/kokoomuksen-leikkauspolitiikka-ilman-leikkauksia\/","og_locale":"fi_FI","og_type":"article","og_title":"Kokoomuksen leikkauspolitiikka ilman leikkauksia - Vallan mahotonta!","og_description":"Petteri Orpon viimeaikaisten haastattelujen perusteella kokoomuksessa on laskettu, ett\u00e4 kokoomus muodostaa seuraavan hallituksen joko sosialidemokraattien tai perussuomalaisten kanssa riippuen siit\u00e4, kummat tulevat enemm\u00e4n kokoomuksen linjoille talousasioissa. Karkeasti ko&hellip;","og_url":"https:\/\/suomenkuvalehti.fi\/vallan-mahotonta\/kokoomuksen-leikkauspolitiikka-ilman-leikkauksia\/","og_site_name":"Vallan mahotonta!","article_author":"https:\/\/www.facebook.com\/a.ronkainen","article_published_time":"2023-01-11T09:01:27+00:00","article_modified_time":"2023-01-11T09:01:28+00:00","og_image":[{"width":876,"height":525,"url":"https:\/\/suomenkuvalehti.fi\/vallan-mahotonta\/wp-content\/uploads\/sites\/42\/2022\/11\/screenshot-2022-11-29-at-11-41-55-uutisanalyysi-sdp-ja-kokoomus-lammittelevat-suhteitaan---joutuuko-sanna-marin-nielemaan-ideologisen-vastenmielisyytensa-suomenkuvalehti.fi_.png","type":"image\/png"}],"author":"Antti Ronkainen","twitter_card":"summary_large_image","twitter_creator":"@https:\/\/twitter.com\/anttironkainen","twitter_misc":{"Written by":"Antti Ronkainen","Est. reading time":"3 minuuttia"},"schema":{"@context":"https:\/\/schema.org","@graph":[{"@type":"WebPage","@id":"https:\/\/suomenkuvalehti.fi\/vallan-mahotonta\/kokoomuksen-leikkauspolitiikka-ilman-leikkauksia\/","url":"https:\/\/suomenkuvalehti.fi\/vallan-mahotonta\/kokoomuksen-leikkauspolitiikka-ilman-leikkauksia\/","name":"Kokoomuksen leikkauspolitiikka ilman leikkauksia - Vallan mahotonta!","isPartOf":{"@id":"https:\/\/suomenkuvalehti.fi\/vallan-mahotonta\/#website"},"primaryImageOfPage":{"@id":"https:\/\/suomenkuvalehti.fi\/vallan-mahotonta\/kokoomuksen-leikkauspolitiikka-ilman-leikkauksia\/#primaryimage"},"image":{"@id":"https:\/\/suomenkuvalehti.fi\/vallan-mahotonta\/kokoomuksen-leikkauspolitiikka-ilman-leikkauksia\/#primaryimage"},"thumbnailUrl":"https:\/\/suomenkuvalehti.fi\/vallan-mahotonta\/wp-content\/uploads\/sites\/42\/2022\/11\/screenshot-2022-11-29-at-11-41-55-uutisanalyysi-sdp-ja-kokoomus-lammittelevat-suhteitaan---joutuuko-sanna-marin-nielemaan-ideologisen-vastenmielisyytensa-suomenkuvalehti.fi_.png","datePublished":"2023-01-11T09:01:27+00:00","dateModified":"2023-01-11T09:01:28+00:00","author":{"@id":"https:\/\/suomenkuvalehti.fi\/vallan-mahotonta\/#\/schema\/person\/aa34015af7a4bce21e1cdcf566bb57b0"},"breadcrumb":{"@id":"https:\/\/suomenkuvalehti.fi\/vallan-mahotonta\/kokoomuksen-leikkauspolitiikka-ilman-leikkauksia\/#breadcrumb"},"inLanguage":"fi","potentialAction":[{"@type":"ReadAction","target":["https:\/\/suomenkuvalehti.fi\/vallan-mahotonta\/kokoomuksen-leikkauspolitiikka-ilman-leikkauksia\/"]}]},{"@type":"ImageObject","inLanguage":"fi","@id":"https:\/\/suomenkuvalehti.fi\/vallan-mahotonta\/kokoomuksen-leikkauspolitiikka-ilman-leikkauksia\/#primaryimage","url":"https:\/\/suomenkuvalehti.fi\/vallan-mahotonta\/wp-content\/uploads\/sites\/42\/2022\/11\/screenshot-2022-11-29-at-11-41-55-uutisanalyysi-sdp-ja-kokoomus-lammittelevat-suhteitaan---joutuuko-sanna-marin-nielemaan-ideologisen-vastenmielisyytensa-suomenkuvalehti.fi_.png","contentUrl":"https:\/\/suomenkuvalehti.fi\/vallan-mahotonta\/wp-content\/uploads\/sites\/42\/2022\/11\/screenshot-2022-11-29-at-11-41-55-uutisanalyysi-sdp-ja-kokoomus-lammittelevat-suhteitaan---joutuuko-sanna-marin-nielemaan-ideologisen-vastenmielisyytensa-suomenkuvalehti.fi_.png","width":876,"height":525,"caption":"\u00a9 Antti Aimo-Koivisto \/ Lehtikuva"},{"@type":"BreadcrumbList","@id":"https:\/\/suomenkuvalehti.fi\/vallan-mahotonta\/kokoomuksen-leikkauspolitiikka-ilman-leikkauksia\/#breadcrumb","itemListElement":[{"@type":"ListItem","position":1,"name":"Home","item":"https:\/\/suomenkuvalehti.fi\/vallan-mahotonta\/"},{"@type":"ListItem","position":2,"name":"Kokoomuksen leikkauspolitiikka ilman leikkauksia"}]},{"@type":"WebSite","@id":"https:\/\/suomenkuvalehti.fi\/vallan-mahotonta\/#website","url":"https:\/\/suomenkuvalehti.fi\/vallan-mahotonta\/","name":"Vallan mahotonta!","description":"Tutkija Antti Ronkainen seuraa maailmantalouden murrosta.","potentialAction":[{"@type":"SearchAction","target":{"@type":"EntryPoint","urlTemplate":"https:\/\/suomenkuvalehti.fi\/haku\/?q={search_term_string}"},"query-input":{"@type":"PropertyValueSpecification","valueRequired":true,"valueName":"search_term_string"}}],"inLanguage":"fi"},{"@type":"Person","@id":"https:\/\/suomenkuvalehti.fi\/vallan-mahotonta\/#\/schema\/person\/aa34015af7a4bce21e1cdcf566bb57b0","name":"Antti Ronkainen","image":{"@type":"ImageObject","inLanguage":"fi","@id":"https:\/\/suomenkuvalehti.fi\/vallan-mahotonta\/#\/schema\/person\/image\/","url":"https:\/\/suomenkuvalehti.fi\/vallan-mahotonta\/wp-content\/uploads\/sites\/42\/2018\/05\/antti_j_ronkainen_blogi_pieni-150x150.jpg","contentUrl":"https:\/\/suomenkuvalehti.fi\/vallan-mahotonta\/wp-content\/uploads\/sites\/42\/2018\/05\/antti_j_ronkainen_blogi_pieni-150x150.jpg","caption":"Antti Ronkainen"},"description":"Antti Ronkainen on poliittisen talouden v\u00e4it\u00f6skirjatutkija Helsingin yliopistolla.","sameAs":["http:\/\/anttironkainen.fi","https:\/\/www.facebook.com\/a.ronkainen","https:\/\/www.instagram.com\/antti.ronkainen\/","https:\/\/x.com\/https:\/\/twitter.com\/anttironkainen"]}]}},"_links":{"self":[{"href":"https:\/\/suomenkuvalehti.fi\/vallan-mahotonta\/wp-json\/wp\/v2\/posts\/9129","targetHints":{"allow":["GET"]}}],"collection":[{"href":"https:\/\/suomenkuvalehti.fi\/vallan-mahotonta\/wp-json\/wp\/v2\/posts"}],"about":[{"href":"https:\/\/suomenkuvalehti.fi\/vallan-mahotonta\/wp-json\/wp\/v2\/types\/post"}],"author":[{"embeddable":true,"href":"https:\/\/suomenkuvalehti.fi\/vallan-mahotonta\/wp-json\/wp\/v2\/users\/37967"}],"replies":[{"embeddable":true,"href":"https:\/\/suomenkuvalehti.fi\/vallan-mahotonta\/wp-json\/wp\/v2\/comments?post=9129"}],"version-history":[{"count":18,"href":"https:\/\/suomenkuvalehti.fi\/vallan-mahotonta\/wp-json\/wp\/v2\/posts\/9129\/revisions"}],"predecessor-version":[{"id":9148,"href":"https:\/\/suomenkuvalehti.fi\/vallan-mahotonta\/wp-json\/wp\/v2\/posts\/9129\/revisions\/9148"}],"wp:featuredmedia":[{"embeddable":true,"href":"https:\/\/suomenkuvalehti.fi\/vallan-mahotonta\/wp-json\/wp\/v2\/media\/9000"}],"wp:attachment":[{"href":"https:\/\/suomenkuvalehti.fi\/vallan-mahotonta\/wp-json\/wp\/v2\/media?parent=9129"}],"wp:term":[{"taxonomy":"category","embeddable":true,"href":"https:\/\/suomenkuvalehti.fi\/vallan-mahotonta\/wp-json\/wp\/v2\/categories?post=9129"},{"taxonomy":"post_tag","embeddable":true,"href":"https:\/\/suomenkuvalehti.fi\/vallan-mahotonta\/wp-json\/wp\/v2\/tags?post=9129"}],"curies":[{"name":"wp","href":"https:\/\/api.w.org\/{rel}","templated":true}]}}