{"id":8880,"date":"2022-11-01T10:38:49","date_gmt":"2022-11-01T08:38:49","guid":{"rendered":"https:\/\/suomenkuvalehti.fi\/vallan-mahotonta\/?p=8880"},"modified":"2022-11-01T10:38:51","modified_gmt":"2022-11-01T08:38:51","slug":"talouskurin-comeback-ja-virheellinen-tarina-markkinavoimista","status":"publish","type":"post","link":"https:\/\/suomenkuvalehti.fi\/vallan-mahotonta\/talouskurin-comeback-ja-virheellinen-tarina-markkinavoimista\/","title":{"rendered":"Talouskurin comeback ja virheellinen tarina markkinavoimista"},"content":{"rendered":"\n<p>Koronapandemia ja nykyisten geopoliittisten ja taloudellisten kriisien vyyhti eroavat merkitt\u00e4v\u00e4sti toisistaan. Kun koronapandemian aikana hallitukset ja keskuspankit tekiv\u00e4t yhteisty\u00f6t\u00e4, nyt inflaation noustessa keskuspankit ovat alkaneet kirist\u00e4\u00e4 rahapolitiikkaa ja korkojen noustessa finanssipoliittinen talouskuri (austerity) on tehnyt comebackin. <\/p>\n\n\n\n<p>Talouskurin comeback on alkanut Iso-Britanniasta. Sen j\u00e4lkeen kun &#8221;markkinavoimat&#8221; vaihtoivat Iso-Britannian p\u00e4\u00e4ministeriksi <strong>Rishi Sunakin<\/strong> ja valtiovarainministeriksi <strong>Jeremy Huntin<\/strong>, maa on sitoutunut talouskuriin. Sunak ja Hunt etsiv\u00e4t <a href=\"https:\/\/www.bloomberg.com\/news\/articles\/2022-10-28\/sunak-eyes-as-much-as-50-billion-of-uk-spending-cuts-tax-rises\" target=\"_blank\" rel=\"noreferrer noopener\">parhaillaan 50 miljardin punnan leikkauksia ja veronkorotuksia<\/a>, jotka olisi tarkoitus tehd\u00e4 50:50-suhteessa. Kun Sunak teki <strong>Boris Johnsonin<\/strong> valtiovarainministerin\u00e4 valtavia alij\u00e4\u00e4m\u00e4isi\u00e4 budjetteja vastatakseen koronakriisiin, p\u00e4\u00e4ministerin\u00e4 Sunak on kertonut edess\u00e4 olevan vaikeita p\u00e4\u00e4t\u00f6ksi\u00e4. Esimerkiksi <a href=\"https:\/\/www.ft.com\/content\/525afdfa-b549-4009-84b8-d40528d21754\" target=\"_blank\" rel=\"noreferrer noopener\">kaikkien verot tulevat nousemaan<\/a>. Sunakin ja Huntin on tarkoitus julkaista lopullinen kuriohjelmansa marraskuun puoliv\u00e4liss\u00e4. <\/p>\n\n\n\n<p>Nousevat korot ja energiakriisi yhdistettyn\u00e4 leikkauksiin ja veronkorotuksiin v\u00e4hent\u00e4v\u00e4t taloudellista toimeliaisuutta ja lis\u00e4\u00e4v\u00e4t syv\u00e4n taantuman riski\u00e4. Talouskurin my\u00f6t\u00e4 vastaukset energia- ja elinkustannuskriisiin tulevat olemaan maltillisemmat, mik\u00e4 tarkoittaa elintason entist\u00e4 suurempaa laskua. Samaan aikaan investoinneista todenn\u00e4k\u00f6isesti s\u00e4\u00e4stet\u00e4\u00e4n, mik\u00e4 heikent\u00e4\u00e4 talouden kasvun\u00e4kymi\u00e4 entisest\u00e4\u00e4n. <\/p>\n\n\n\n<p>Lis\u00e4ksi Sunak on perinyt edelt\u00e4jilt\u00e4\u00e4n joukon ongelmia, kuten brexitin, heikot suhteet Euroopan unioniin, Pohjois-Irlannin kysymyksen, Skotlannin itsen\u00e4isyyspyrkimykset sek\u00e4 terveydenhuoltoj\u00e4rjestelm\u00e4n kuormittumisen. Sunakin pyrkimys korjata Iso-Britannian talous ja yhdist\u00e4\u00e4 konservatiivit onkin eritt\u00e4in vaikea, ellei jopa mahdoton teht\u00e4v\u00e4. Jos <a href=\"https:\/\/suomenkuvalehti.fi\/uutisviikko\/britannian-uuden-paaministerin-ensimmainen-testi-on-viikon-paasta-edeltaja-kesti-vain-45-paivaa\/?shared=1238305-7a77670b-999\" target=\"_blank\" rel=\"noreferrer noopener\">Sunak on sellainen pragmaatikko, joksi h\u00e4n on itsens\u00e4 br\u00e4nd\u00e4nnyt<\/a>, h\u00e4n saattaa joutua lopulta pit\u00e4ytym\u00e4\u00e4n niin talouskurista kuin elvytyksest\u00e4kin ja harjoittamaan mahdollisimman neutraalia talouspolitiikkaa. T\u00e4llaisessa tapauksessa puhe talouskurista olisikin olla enemm\u00e4n markkinoiden miellytt\u00e4mist\u00e4 ja kulttuurisotia konservatiivipuolueelle. <\/p>\n\n\n\n<p>Sunakin lis\u00e4ksi Iso-Britannian keskuspankki on muuttanut k\u00e4ytt\u00e4ytymist\u00e4\u00e4n koronapandemian ja nykyisen monikriisin v\u00e4lill\u00e4. Kun koronapandemiassa Englannin pankki ep\u00e4suorasti tuki Johnsonin ja Sunakin koronatoimia ostamalla hallituksen liikkeellelaskemia velkakirjoja, keskuspankilla oli viime kuussa keskeinen rooli edellisen p\u00e4\u00e4ministeri <strong>Liz Trussin<\/strong> ja h\u00e4nen talouspolitiikan kaatamisessa. <\/p>\n\n\n\n<p>Yleisen tarinan mukaan Truss menetti markkinoiden luottamuksen ja t\u00e4t\u00e4 kautta markkinakuri johti talouspolitiikan muutokseen. Iso-Britannian 30-vuotiset velkakirjojen arvot alkoivat sulaa ennen kaikkea siksi, ett\u00e4 finanssivalvojat olivat laiminly\u00f6neet el\u00e4kerahastojen s\u00e4\u00e4ntelyn. Ne olivat ostaneet velkarahalla suuria m\u00e4\u00e4ri\u00e4 Iso-Britannian velkakirjoja ja tehneet johdannaissopimuksia, joiden vakuusvaatimukset l\u00e4htiv\u00e4t nousuun velkakirjojen hintojen laskiessa ja korkojen noustessa. Saadakseen positionsa kuntoon el\u00e4kerahastojen oli myyt\u00e4v\u00e4 lis\u00e4\u00e4 velkakirjoja, mik\u00e4 johti kierteeseen myyd\u00e4 entist\u00e4 enemm\u00e4n velkakirjoja. <\/p>\n\n\n\n<p>Samaan aikaan on tuotu esiin, miten <a href=\"https:\/\/www.wsj.com\/articles\/british-u-turn-shows-central-banks-still-rule-and-thats-not-always-good-11666016908\" target=\"_blank\" rel=\"noreferrer noopener\">Englannin pankki<\/a> puuttui &#8221;markkinavoimiin&#8221; eli punnan halpenemiseen, korkojen nousuun ja n\u00e4ist\u00e4 aiheutuviin el\u00e4kerahastojen ongelmiin eritt\u00e4in vastentahtoisesti. <a href=\"https:\/\/www.bankofengland.co.uk\/news\/2022\/october\/statement-on-end-of-gilt-market-operations\" target=\"_blank\" rel=\"noreferrer noopener\">Syyskuun lopulla pankki ilmoitti<\/a> v\u00e4liaikaisista velkakirjojen tukiostoista, jotka lopetettiin lokakuun puoliv\u00e4liss\u00e4. Toisin sanoen keskeinen tekij\u00e4 &#8221;markkinavoimien&#8221; takana oli finansoituneen el\u00e4kej\u00e4rjestelm\u00e4n aiheuttama riski rahoitusvakaudelle, johon Englannin pankki puuttui vastahakoisesti, eik\u00e4 niink\u00e4\u00e4n yleisen tarinan mukainen k\u00e4sitys sijoittajien pelosta Iso-Britannian maksah\u00e4iri\u00f6ist\u00e4. Esimerkiksi Yhdysvaltain Minneapolisin keskuspankin entinen johtaja <a href=\"https:\/\/www.washingtonpost.com\/business\/markets-didnt-oust-truss-the-bank-of-england-did\/2022\/10\/26\/dd92c4d2-54eb-11ed-ac8b-08bbfab1c5a5_story.html\" target=\"_blank\" rel=\"noreferrer noopener\"><strong>Narayana Kocherlakota<\/strong> on kirjoittanut<\/a>, miten demokratiaa kannattavien tulisi olla huolissaan tapahtumaketjusta, joka johti Trussin kaatumiseen, sill\u00e4 Trussia ei kaatanut markkinavoimat vaan Englannin keskuspankki. <\/p>\n\n\n\n<p><a href=\"https:\/\/www.thenationalnews.com\/business\/economy\/2022\/10\/31\/bank-of-england-gilt-sales-set-to-resume-as-uk-lending-drops\/\" target=\"_blank\" rel=\"noreferrer noopener\">Lis\u00e4ksi Englannin pankki on ilmoittanut<\/a>, ett\u00e4 se alkaa myyd\u00e4 omistamiaan Iso-Britannian velkakirjoja marraskuusta l\u00e4htien. Samalla Englannin pankki tulee olemaan ensimm\u00e4inen keskuspankki, joka alkaa myyd\u00e4 omistamiaan velkakirjoja, sill\u00e4 t\u00e4h\u00e4nasti keskuspankit ovat pyrkineet pienent\u00e4m\u00e4\u00e4n taseitaan antamalla velkakirjojen er\u00e4\u00e4nty\u00e4. T\u00e4m\u00e4 tulee yll\u00e4pit\u00e4m\u00e4\u00e4n markkinakuria Sunakia ja Huntia kohtaan korkeampian korkojen muodossa. Kuitenkin, mik\u00e4li meno ja meininki uhkaa menn\u00e4 rahoitusmarkkinoilla liian villiksi, my\u00f6s Englannin pankki joutunee lopulta pit\u00e4ytym\u00e4\u00e4n myynneist\u00e4 ainakin alkuper\u00e4isen suunnitelmansa mukaisesti. <\/p>\n\n\n\n<p>Iso-Britannian viime viikkojen tapahtumat osoittavat, ett\u00e4 toisin kuin koronapandemian aikana, hallitukset ja keskuspankit voivat ajautua entisest\u00e4 suurempaan konfliktiin kesken\u00e4\u00e4n. Euroopan keskuspankki on ilmoittanut uudesta <em>Transmission Protection Instrumentista<\/em> (TPI), jolla se voi tukea sellaisia euromaita, joiden korot uhkaavat nousta liikaa EKP:n oman rahapoliittisen kiristyksen seurauksena. Vaikka TPI:n on vitsailtu tarkoittavan &#8221;Totally Protect Italy&#8221;, EKP voi riitt\u00e4vist\u00e4 tukitoimista pit\u00e4ytym\u00e4ll\u00e4 luoda Englannin pankin tavoin markkinapainetta ja siten vaikuttaa hallitusten harjoittamaan talouspolitiikkaan. Esimerkiksi reilut 10 vuotta sitten EKP kaatoi t\u00e4ll\u00e4 tavoin Italian edellisen demokraattisesti valitun p\u00e4\u00e4ministeri <strong>Silvio Berlusconin<\/strong>. T\u00e4llaisen toiminnan paluu olisi hyvin kaukana keskuspankkien itsen\u00e4isyyden alkuper\u00e4isest\u00e4 ideasta ja tarkoituksesta. <\/p>\n","protected":false},"excerpt":{"rendered":"<p>Toisin kuin koronapandemian aikana, nykyisten kriisien keskell\u00e4 hallitukset ja keskuspankit voivat ajautua entisest\u00e4 suurempaan konfliktiin kesken\u00e4\u00e4n.<\/p>\n","protected":false},"author":37967,"featured_media":8932,"comment_status":"open","ping_status":"open","sticky":false,"template":"","format":"standard","meta":{"_acf_changed":false,"asauth_required_access_level":3,"asauth_cansharepaid":"true","om_header_attributes":[],"footnotes":"","om_featured_image_focal_point":[],"om_primary_tag":175,"om_contributors":[],"om_co_authors":[],"beyondwords_generate_audio":"","beyondwords_project_id":"","beyondwords_content_id":"","beyondwords_preview_token":"","beyondwords_player_content":"","beyondwords_player_style":"","beyondwords_language_code":"","beyondwords_language_id":"","beyondwords_title_voice_id":"","beyondwords_body_voice_id":"","beyondwords_summary_voice_id":"","beyondwords_error_message":"","beyondwords_disabled":"","beyondwords_delete_content":"","beyondwords_podcast_id":"","beyondwords_hash":"","publish_post_to_speechkit":"","speechkit_hash":"","speechkit_generate_audio":"","speechkit_project_id":"","speechkit_podcast_id":"","speechkit_error_message":"","speechkit_disabled":"","speechkit_access_key":"","speechkit_error":"","speechkit_info":"","speechkit_response":"","speechkit_retries":"","speechkit_status":"","speechkit_updated_at":"","_speechkit_link":"","_speechkit_text":""},"categories":[1],"tags":[614,613,615,612,175],"class_list":["post-8880","post","type-post","status-publish","format-standard","has-post-thumbnail","hentry","category-vallan-mahotonta","tag-englannin-pankki","tag-jeremy-hunt","tag-markkinavoimat","tag-rishi-sunak","tag-talouskuri"],"om_views":null,"acf":{"tuuma_off":false,"tuuma_kysymys":"","tuuma_vastaus":""},"asauth":{"required_access_level":1,"share_token":"","is_paid":false},"yoast_head":"<!-- This site is optimized with the Yoast SEO plugin v26.4 - https:\/\/yoast.com\/wordpress\/plugins\/seo\/ -->\n<title>Talouskurin comeback ja virheellinen tarina markkinavoimista - Vallan mahotonta!<\/title>\n<meta name=\"robots\" content=\"index, follow, max-snippet:-1, max-image-preview:large, max-video-preview:-1\" \/>\n<link rel=\"canonical\" href=\"https:\/\/suomenkuvalehti.fi\/vallan-mahotonta\/talouskurin-comeback-ja-virheellinen-tarina-markkinavoimista\/\" \/>\n<meta property=\"og:locale\" content=\"fi_FI\" \/>\n<meta property=\"og:type\" content=\"article\" \/>\n<meta property=\"og:title\" content=\"Talouskurin comeback ja virheellinen tarina markkinavoimista - Vallan mahotonta!\" \/>\n<meta property=\"og:description\" content=\"Toisin kuin koronapandemian aikana, nykyisten kriisien keskell\u00e4 hallitukset ja keskuspankit voivat ajautua entisest\u00e4 suurempaan konfliktiin kesken\u00e4\u00e4n.\" \/>\n<meta property=\"og:url\" content=\"https:\/\/suomenkuvalehti.fi\/vallan-mahotonta\/talouskurin-comeback-ja-virheellinen-tarina-markkinavoimista\/\" \/>\n<meta property=\"og:site_name\" content=\"Vallan mahotonta!\" \/>\n<meta property=\"article:author\" content=\"https:\/\/www.facebook.com\/a.ronkainen\" \/>\n<meta property=\"article:published_time\" content=\"2022-11-01T08:38:49+00:00\" \/>\n<meta property=\"article:modified_time\" content=\"2022-11-01T08:38:51+00:00\" \/>\n<meta property=\"og:image\" content=\"https:\/\/suomenkuvalehti.fi\/vallan-mahotonta\/wp-content\/uploads\/sites\/42\/2022\/11\/-1\" \/>\n\t<meta property=\"og:image:width\" content=\"876\" \/>\n\t<meta property=\"og:image:height\" content=\"525\" \/>\n\t<meta property=\"og:image:type\" content=\"image\/png\" \/>\n<meta name=\"author\" content=\"Antti Ronkainen\" \/>\n<meta name=\"twitter:card\" content=\"summary_large_image\" \/>\n<meta name=\"twitter:creator\" content=\"@https:\/\/twitter.com\/anttironkainen\" \/>\n<meta name=\"twitter:label1\" content=\"Written by\" \/>\n\t<meta name=\"twitter:data1\" content=\"Antti Ronkainen\" \/>\n\t<meta name=\"twitter:label2\" content=\"Est. reading time\" \/>\n\t<meta name=\"twitter:data2\" content=\"4 minuuttia\" \/>\n<script type=\"application\/ld+json\" class=\"yoast-schema-graph\">{\"@context\":\"https:\/\/schema.org\",\"@graph\":[{\"@type\":\"WebPage\",\"@id\":\"https:\/\/suomenkuvalehti.fi\/vallan-mahotonta\/talouskurin-comeback-ja-virheellinen-tarina-markkinavoimista\/\",\"url\":\"https:\/\/suomenkuvalehti.fi\/vallan-mahotonta\/talouskurin-comeback-ja-virheellinen-tarina-markkinavoimista\/\",\"name\":\"Talouskurin comeback ja virheellinen tarina markkinavoimista - Vallan mahotonta!\",\"isPartOf\":{\"@id\":\"https:\/\/suomenkuvalehti.fi\/vallan-mahotonta\/#website\"},\"primaryImageOfPage\":{\"@id\":\"https:\/\/suomenkuvalehti.fi\/vallan-mahotonta\/talouskurin-comeback-ja-virheellinen-tarina-markkinavoimista\/#primaryimage\"},\"image\":{\"@id\":\"https:\/\/suomenkuvalehti.fi\/vallan-mahotonta\/talouskurin-comeback-ja-virheellinen-tarina-markkinavoimista\/#primaryimage\"},\"thumbnailUrl\":\"https:\/\/suomenkuvalehti.fi\/vallan-mahotonta\/wp-content\/uploads\/sites\/42\/2022\/11\/-1\",\"datePublished\":\"2022-11-01T08:38:49+00:00\",\"dateModified\":\"2022-11-01T08:38:51+00:00\",\"author\":{\"@id\":\"https:\/\/suomenkuvalehti.fi\/vallan-mahotonta\/#\/schema\/person\/aa34015af7a4bce21e1cdcf566bb57b0\"},\"breadcrumb\":{\"@id\":\"https:\/\/suomenkuvalehti.fi\/vallan-mahotonta\/talouskurin-comeback-ja-virheellinen-tarina-markkinavoimista\/#breadcrumb\"},\"inLanguage\":\"fi\",\"potentialAction\":[{\"@type\":\"ReadAction\",\"target\":[\"https:\/\/suomenkuvalehti.fi\/vallan-mahotonta\/talouskurin-comeback-ja-virheellinen-tarina-markkinavoimista\/\"]}]},{\"@type\":\"ImageObject\",\"inLanguage\":\"fi\",\"@id\":\"https:\/\/suomenkuvalehti.fi\/vallan-mahotonta\/talouskurin-comeback-ja-virheellinen-tarina-markkinavoimista\/#primaryimage\",\"url\":\"https:\/\/suomenkuvalehti.fi\/vallan-mahotonta\/wp-content\/uploads\/sites\/42\/2022\/11\/-1\",\"contentUrl\":\"https:\/\/suomenkuvalehti.fi\/vallan-mahotonta\/wp-content\/uploads\/sites\/42\/2022\/11\/-1\",\"width\":876,\"height\":525,\"caption\":\"\u00a9 Dinendra Haria \/ AFP \/ MVPhotos\"},{\"@type\":\"BreadcrumbList\",\"@id\":\"https:\/\/suomenkuvalehti.fi\/vallan-mahotonta\/talouskurin-comeback-ja-virheellinen-tarina-markkinavoimista\/#breadcrumb\",\"itemListElement\":[{\"@type\":\"ListItem\",\"position\":1,\"name\":\"Home\",\"item\":\"https:\/\/suomenkuvalehti.fi\/vallan-mahotonta\/\"},{\"@type\":\"ListItem\",\"position\":2,\"name\":\"Talouskurin comeback ja virheellinen tarina markkinavoimista\"}]},{\"@type\":\"WebSite\",\"@id\":\"https:\/\/suomenkuvalehti.fi\/vallan-mahotonta\/#website\",\"url\":\"https:\/\/suomenkuvalehti.fi\/vallan-mahotonta\/\",\"name\":\"Vallan mahotonta!\",\"description\":\"Tutkija Antti Ronkainen seuraa maailmantalouden murrosta.\",\"potentialAction\":[{\"@type\":\"SearchAction\",\"target\":{\"@type\":\"EntryPoint\",\"urlTemplate\":\"https:\/\/suomenkuvalehti.fi\/haku\/?q={search_term_string}\"},\"query-input\":{\"@type\":\"PropertyValueSpecification\",\"valueRequired\":true,\"valueName\":\"search_term_string\"}}],\"inLanguage\":\"fi\"},{\"@type\":\"Person\",\"@id\":\"https:\/\/suomenkuvalehti.fi\/vallan-mahotonta\/#\/schema\/person\/aa34015af7a4bce21e1cdcf566bb57b0\",\"name\":\"Antti Ronkainen\",\"image\":{\"@type\":\"ImageObject\",\"inLanguage\":\"fi\",\"@id\":\"https:\/\/suomenkuvalehti.fi\/vallan-mahotonta\/#\/schema\/person\/image\/\",\"url\":\"https:\/\/suomenkuvalehti.fi\/vallan-mahotonta\/wp-content\/uploads\/sites\/42\/2018\/05\/antti_j_ronkainen_blogi_pieni-150x150.jpg\",\"contentUrl\":\"https:\/\/suomenkuvalehti.fi\/vallan-mahotonta\/wp-content\/uploads\/sites\/42\/2018\/05\/antti_j_ronkainen_blogi_pieni-150x150.jpg\",\"caption\":\"Antti Ronkainen\"},\"description\":\"Antti Ronkainen on poliittisen talouden v\u00e4it\u00f6skirjatutkija Helsingin yliopistolla.\",\"sameAs\":[\"http:\/\/anttironkainen.fi\",\"https:\/\/www.facebook.com\/a.ronkainen\",\"https:\/\/www.instagram.com\/antti.ronkainen\/\",\"https:\/\/x.com\/https:\/\/twitter.com\/anttironkainen\"]}]}<\/script>\n<!-- \/ Yoast SEO plugin. -->","yoast_head_json":{"title":"Talouskurin comeback ja virheellinen tarina markkinavoimista - Vallan mahotonta!","robots":{"index":"index","follow":"follow","max-snippet":"max-snippet:-1","max-image-preview":"max-image-preview:large","max-video-preview":"max-video-preview:-1"},"canonical":"https:\/\/suomenkuvalehti.fi\/vallan-mahotonta\/talouskurin-comeback-ja-virheellinen-tarina-markkinavoimista\/","og_locale":"fi_FI","og_type":"article","og_title":"Talouskurin comeback ja virheellinen tarina markkinavoimista - Vallan mahotonta!","og_description":"Toisin kuin koronapandemian aikana, nykyisten kriisien keskell\u00e4 hallitukset ja keskuspankit voivat ajautua entisest\u00e4 suurempaan konfliktiin kesken\u00e4\u00e4n.","og_url":"https:\/\/suomenkuvalehti.fi\/vallan-mahotonta\/talouskurin-comeback-ja-virheellinen-tarina-markkinavoimista\/","og_site_name":"Vallan mahotonta!","article_author":"https:\/\/www.facebook.com\/a.ronkainen","article_published_time":"2022-11-01T08:38:49+00:00","article_modified_time":"2022-11-01T08:38:51+00:00","og_image":[{"width":876,"height":525,"url":"https:\/\/suomenkuvalehti.fi\/vallan-mahotonta\/wp-content\/uploads\/sites\/42\/2022\/11\/-1","type":"image\/png"}],"author":"Antti Ronkainen","twitter_card":"summary_large_image","twitter_creator":"@https:\/\/twitter.com\/anttironkainen","twitter_misc":{"Written by":"Antti Ronkainen","Est. reading time":"4 minuuttia"},"schema":{"@context":"https:\/\/schema.org","@graph":[{"@type":"WebPage","@id":"https:\/\/suomenkuvalehti.fi\/vallan-mahotonta\/talouskurin-comeback-ja-virheellinen-tarina-markkinavoimista\/","url":"https:\/\/suomenkuvalehti.fi\/vallan-mahotonta\/talouskurin-comeback-ja-virheellinen-tarina-markkinavoimista\/","name":"Talouskurin comeback ja virheellinen tarina markkinavoimista - Vallan mahotonta!","isPartOf":{"@id":"https:\/\/suomenkuvalehti.fi\/vallan-mahotonta\/#website"},"primaryImageOfPage":{"@id":"https:\/\/suomenkuvalehti.fi\/vallan-mahotonta\/talouskurin-comeback-ja-virheellinen-tarina-markkinavoimista\/#primaryimage"},"image":{"@id":"https:\/\/suomenkuvalehti.fi\/vallan-mahotonta\/talouskurin-comeback-ja-virheellinen-tarina-markkinavoimista\/#primaryimage"},"thumbnailUrl":"https:\/\/suomenkuvalehti.fi\/vallan-mahotonta\/wp-content\/uploads\/sites\/42\/2022\/11\/-1","datePublished":"2022-11-01T08:38:49+00:00","dateModified":"2022-11-01T08:38:51+00:00","author":{"@id":"https:\/\/suomenkuvalehti.fi\/vallan-mahotonta\/#\/schema\/person\/aa34015af7a4bce21e1cdcf566bb57b0"},"breadcrumb":{"@id":"https:\/\/suomenkuvalehti.fi\/vallan-mahotonta\/talouskurin-comeback-ja-virheellinen-tarina-markkinavoimista\/#breadcrumb"},"inLanguage":"fi","potentialAction":[{"@type":"ReadAction","target":["https:\/\/suomenkuvalehti.fi\/vallan-mahotonta\/talouskurin-comeback-ja-virheellinen-tarina-markkinavoimista\/"]}]},{"@type":"ImageObject","inLanguage":"fi","@id":"https:\/\/suomenkuvalehti.fi\/vallan-mahotonta\/talouskurin-comeback-ja-virheellinen-tarina-markkinavoimista\/#primaryimage","url":"https:\/\/suomenkuvalehti.fi\/vallan-mahotonta\/wp-content\/uploads\/sites\/42\/2022\/11\/-1","contentUrl":"https:\/\/suomenkuvalehti.fi\/vallan-mahotonta\/wp-content\/uploads\/sites\/42\/2022\/11\/-1","width":876,"height":525,"caption":"\u00a9 Dinendra Haria \/ AFP \/ MVPhotos"},{"@type":"BreadcrumbList","@id":"https:\/\/suomenkuvalehti.fi\/vallan-mahotonta\/talouskurin-comeback-ja-virheellinen-tarina-markkinavoimista\/#breadcrumb","itemListElement":[{"@type":"ListItem","position":1,"name":"Home","item":"https:\/\/suomenkuvalehti.fi\/vallan-mahotonta\/"},{"@type":"ListItem","position":2,"name":"Talouskurin comeback ja virheellinen tarina markkinavoimista"}]},{"@type":"WebSite","@id":"https:\/\/suomenkuvalehti.fi\/vallan-mahotonta\/#website","url":"https:\/\/suomenkuvalehti.fi\/vallan-mahotonta\/","name":"Vallan mahotonta!","description":"Tutkija Antti Ronkainen seuraa maailmantalouden murrosta.","potentialAction":[{"@type":"SearchAction","target":{"@type":"EntryPoint","urlTemplate":"https:\/\/suomenkuvalehti.fi\/haku\/?q={search_term_string}"},"query-input":{"@type":"PropertyValueSpecification","valueRequired":true,"valueName":"search_term_string"}}],"inLanguage":"fi"},{"@type":"Person","@id":"https:\/\/suomenkuvalehti.fi\/vallan-mahotonta\/#\/schema\/person\/aa34015af7a4bce21e1cdcf566bb57b0","name":"Antti Ronkainen","image":{"@type":"ImageObject","inLanguage":"fi","@id":"https:\/\/suomenkuvalehti.fi\/vallan-mahotonta\/#\/schema\/person\/image\/","url":"https:\/\/suomenkuvalehti.fi\/vallan-mahotonta\/wp-content\/uploads\/sites\/42\/2018\/05\/antti_j_ronkainen_blogi_pieni-150x150.jpg","contentUrl":"https:\/\/suomenkuvalehti.fi\/vallan-mahotonta\/wp-content\/uploads\/sites\/42\/2018\/05\/antti_j_ronkainen_blogi_pieni-150x150.jpg","caption":"Antti Ronkainen"},"description":"Antti Ronkainen on poliittisen talouden v\u00e4it\u00f6skirjatutkija Helsingin yliopistolla.","sameAs":["http:\/\/anttironkainen.fi","https:\/\/www.facebook.com\/a.ronkainen","https:\/\/www.instagram.com\/antti.ronkainen\/","https:\/\/x.com\/https:\/\/twitter.com\/anttironkainen"]}]}},"_links":{"self":[{"href":"https:\/\/suomenkuvalehti.fi\/vallan-mahotonta\/wp-json\/wp\/v2\/posts\/8880","targetHints":{"allow":["GET"]}}],"collection":[{"href":"https:\/\/suomenkuvalehti.fi\/vallan-mahotonta\/wp-json\/wp\/v2\/posts"}],"about":[{"href":"https:\/\/suomenkuvalehti.fi\/vallan-mahotonta\/wp-json\/wp\/v2\/types\/post"}],"author":[{"embeddable":true,"href":"https:\/\/suomenkuvalehti.fi\/vallan-mahotonta\/wp-json\/wp\/v2\/users\/37967"}],"replies":[{"embeddable":true,"href":"https:\/\/suomenkuvalehti.fi\/vallan-mahotonta\/wp-json\/wp\/v2\/comments?post=8880"}],"version-history":[{"count":20,"href":"https:\/\/suomenkuvalehti.fi\/vallan-mahotonta\/wp-json\/wp\/v2\/posts\/8880\/revisions"}],"predecessor-version":[{"id":8944,"href":"https:\/\/suomenkuvalehti.fi\/vallan-mahotonta\/wp-json\/wp\/v2\/posts\/8880\/revisions\/8944"}],"wp:featuredmedia":[{"embeddable":true,"href":"https:\/\/suomenkuvalehti.fi\/vallan-mahotonta\/wp-json\/wp\/v2\/media\/8932"}],"wp:attachment":[{"href":"https:\/\/suomenkuvalehti.fi\/vallan-mahotonta\/wp-json\/wp\/v2\/media?parent=8880"}],"wp:term":[{"taxonomy":"category","embeddable":true,"href":"https:\/\/suomenkuvalehti.fi\/vallan-mahotonta\/wp-json\/wp\/v2\/categories?post=8880"},{"taxonomy":"post_tag","embeddable":true,"href":"https:\/\/suomenkuvalehti.fi\/vallan-mahotonta\/wp-json\/wp\/v2\/tags?post=8880"}],"curies":[{"name":"wp","href":"https:\/\/api.w.org\/{rel}","templated":true}]}}