{"id":8753,"date":"2022-08-09T12:19:33","date_gmt":"2022-08-09T09:19:33","guid":{"rendered":"https:\/\/suomenkuvalehti.fi\/vallan-mahotonta\/?p=8753"},"modified":"2022-08-09T12:24:10","modified_gmt":"2022-08-09T09:24:10","slug":"italia-saattaa-saada-ensimmaisen-vaaleilla-valitun-paaministerin-berlusconin-jalkeen-mutta-elpymisrahasto-ja-ekp-ovat-saattaneet-jo-kengittaa-tulevan-hallituksen-talouspolitiikan","status":"publish","type":"post","link":"https:\/\/suomenkuvalehti.fi\/vallan-mahotonta\/italia-saattaa-saada-ensimmaisen-vaaleilla-valitun-paaministerin-berlusconin-jalkeen-mutta-elpymisrahasto-ja-ekp-ovat-saattaneet-jo-kengittaa-tulevan-hallituksen-talouspolitiikan\/","title":{"rendered":"Italia saattaa saada ensimm\u00e4isen vaaleilla valitun p\u00e4\u00e4ministerin Berlusconin j\u00e4lkeen, mutta elpymisrahasto ja EKP ovat voineet jo kengitt\u00e4\u00e4 tulevan hallituksen talouspolitiikan"},"content":{"rendered":"\n<p>Italian parlamenttivaalit j\u00e4rjestet\u00e4\u00e4n syyskuun 25. p\u00e4iv\u00e4. Vaaleihin on viel\u00e4 vajaat pari kuukautta, mutta Italian veljien, Legan ja Forza Italian muodostaman oikeistoblokin kannatus on edelleen yli 40 prosentin, joka riitt\u00e4\u00e4 enemmist\u00f6hallituksen muodostamiseen. Vasemmisto on hajanainen ja hillotolppaan viel\u00e4 matkaa.<\/p>\n\n\n\n<p>K\u00e4sittelin <a href=\"https:\/\/suomenkuvalehti.fi\/vallan-mahotonta\/mika-italiassa-muuttuu-jos-oikeisto-voittaa-vaalit\/?shared=8744-982a4572-999\" target=\"_blank\" rel=\"noreferrer noopener\">edellisess\u00e4 kirjoituksessa<\/a>, miten laitaoikeistoblokin mahdollinen vaalivoitto ja uusfasistisen Italian veljien johtajan <strong>Giorgio Melonin<\/strong> p\u00e4\u00e4ministeriys vaikuttaisivat Italian Ven\u00e4j\u00e4-politiikkaan. Lyhyesti: oikeistohallituksen vaikutuksesta ei ole viel\u00e4 kovinkaan selke\u00e4\u00e4 k\u00e4sityst\u00e4, sill\u00e4 Meloni edustaa tiukempaa (it\u00e4-eurooppalaisempaa) linjaa Ukrainan aseistamisen ja Ven\u00e4j\u00e4n suhteen kuin Legan <strong>Matteo Salvini<\/strong> tai Forza Italian <strong>Berlusconi<\/strong>. Toisaalta Melonikin on <a href=\"https:\/\/www.project-syndicate.org\/commentary\/draghi-resignation-russian-political-meddling-by-federico-fubini-2022-08\" target=\"_blank\" rel=\"noreferrer noopener\">sanonut kev\u00e4\u00e4ll\u00e4<\/a>, ett\u00e4 EU:n tulisi kompensoida Ven\u00e4j\u00e4n pakotteiden vaikutuksia EU-maille, eik\u00e4 Yhdysvallat voi olettaa Euroopan kantavan yksin sanktioiden seurauksia.<\/p>\n\n\n\n<p>Sen sijaan oikeistohallituksen vaikutuksesta talouspolitiikkaan voidaan jo t\u00e4ss\u00e4 vaiheessa sanoa jonkin verran enemm\u00e4n. Oikeistopuolueet ovat kannattaneet <a href=\"https:\/\/www.telegraph.co.uk\/business\/2022\/07\/30\/political-turmoil-lights-powder-trails-italys-debt-bomb\/\" target=\"_blank\" rel=\"noreferrer noopener\">veronalennuksia, el\u00e4kkeelle p\u00e4\u00e4syn helpottamista ja minimiel\u00e4kkeen korotusta<\/a>. Berlusconi <a href=\"https:\/\/twitter.com\/MontiAnton\/status\/1556704260762615809\" target=\"_blank\" rel=\"noreferrer noopener\">lupasi toissap\u00e4iv\u00e4n\u00e4<\/a> 23 % tasaveroa, Salvini nokitti eilen 15 prosentilla. Lis\u00e4ksi Ukrainan sota ja todenn\u00e4k\u00f6iset talous- ja energiakriisit tulevat aiheuttamaan lis\u00e4kustannuksia valtion budjettiin. <\/p>\n\n\n\n<p>Toisaalta Italia on saamassa EU:n elpymisrahastosta 200 miljardia euroa, joiden ehtona on erilaisten reformien toimeenpano. Italia on nostanut varoja noin 70 miljardin edest\u00e4 ja saadakseen seuraavat 19 miljardia Italian on toimeenpantava 55 uudistusta viel\u00e4 t\u00e4m\u00e4n vuoden aikana. <a href=\"https:\/\/www.euractiv.com\/section\/elections\/news\/italys-right-wing-frontrunners-see-room-to-revamp-national-recovery-plan\/\" target=\"_blank\" rel=\"noreferrer noopener\">Italian veljet on vakuuttanut<\/a>, ettei se aio riskeerata rahoja, mutta pyrkii uudelleenneuvottelemaan elpymissuunnitelmaa niin, ett\u00e4 energian ja rakennusmateriaalien hinnannousu huomioitaisiin paremmin. <\/p>\n\n\n\n<p>Lis\u00e4ksi Italian korkokehitys on pitk\u00e4lle kiinni Euroopan keskuspankin p\u00e4\u00e4t\u00f6ksist\u00e4. Italian 10-vuotisten lainojen korko k\u00e4vi maaliskuussa yli 4 prosentissa, korkeimmillaan sitten vuoden 2015, kun EKP ilmoitti korkojen nostosta ja rahapolitiikan kirist\u00e4misest\u00e4 historiallisen korkean inflaation seurauksena. <\/p>\n\n\n\n<p>Rauhoittaakseen markkinoita EKP on ilmoittanut <a href=\"https:\/\/www.ecb.europa.eu\/press\/pr\/date\/2022\/html\/ecb.pr220721~973e6e7273.en.html\" target=\"_blank\" rel=\"noreferrer noopener\">uudesta velkakirjojen tukiosto-ohjelmasta (Transmission Protection Instrument)<\/a>, jolla se tarpeen vaatiessa voi puuttua esimerkiksi Italian ja Saksan liiallisiin korkoeroihin. Ohjelman keskeinen ero eurokriisin aikaiseen OMT-ohjelmaan (Outright Monetary Transactions) on, ett\u00e4 tukiostojen ehtona ei ole Euroopan vakausmekanismin (EVM) julkisen talouden sopeutusohjelmaa.<\/p>\n\n\n\n<p>Erityisesti <a href=\"https:\/\/www.project-syndicate.org\/commentary\/ecb-transmission-protection-instrument-could-destabilize-eurozone-by-lars-p-feld-et-al-2022-07\" target=\"_blank\" rel=\"noreferrer noopener\">saksalaiset ekonomistit ovat tulkinneet<\/a>, ett\u00e4 TPI:n my\u00f6t\u00e4 EKP on luopunut tukiostojen vaatimasta tiukasta ehdollisuudesta ja euro kulkee kohti hajoamistaan. TPI:n ehtona on kuitenkin moninainen lista vaatimuksia, kuten EU:n talouss\u00e4\u00e4nt\u00f6jen ja EU:n elpymissuunnitelmien kunnioittaminen, maa ei saa olla liiallisen alij\u00e4\u00e4m\u00e4n menettelyss\u00e4, maalla ei saa ole liiallisia makrotalouden ep\u00e4tasapainoja ja maan velkakehityksen tulee olla kest\u00e4v\u00e4ll\u00e4 uralla. Ohjelmaan ei tarvitse hakea vaan EKP tekee tukiostoista kokonaisp\u00e4\u00e4t\u00f6ksen. <\/p>\n\n\n\n<p>Kun Italian entinen p\u00e4\u00e4ministeri <strong>Draghi<\/strong> oli sitoutunut prim\u00e4\u00e4riylij\u00e4\u00e4miin (tulojen ja menojen erotus ilman korkomenoja), on mahdollista, ett\u00e4 Italia siirtyy oikeistohallituksen my\u00f6t\u00e4 suurempiin alij\u00e4\u00e4miin talousohjelmansa, mutta my\u00f6s Ukrainan sodan, energiakriisin ja taantuman seurauksena. <\/p>\n\n\n\n<p>Toisaalta, Italian on elpymisrahaston varojen ja EKP:n tukiostojen saamiseksi sitouduttava EU:n talousohjaukseen. EU-instituutiot ovatkin voineet jo kengitt\u00e4\u00e4 Italian tulevien vuosien talouspolitiikan, eik\u00e4 oikeistohallitus l\u00e4hde julkisesti riitelem\u00e4\u00e4n EU:n talouss\u00e4\u00e4nn\u00f6ist\u00e4, kuten edellisten vaalien j\u00e4lkeen Viiden t\u00e4hden liikkeen ja Legan hallitus viel\u00e4 tekiv\u00e4t. T\u00e4ll\u00e4 hetkell\u00e4 esimerkiksi Italian eroaminen EU:sta ei ole mink\u00e4\u00e4n puolueen asialistalla.<\/p>\n\n\n\n<p>Vaihtoehtona on Italian, Euroopan komission ja EKP:n v\u00e4linen konflikti, jonka seurauksena komissio j\u00e4\u00e4dytt\u00e4isi Italian elpymisvarat ja EKP:n pit\u00e4isi p\u00e4\u00e4st\u00e4\u00e4 unionin kolmanneksi suurin talous maksukyvytt\u00f6myyteen kaikkine seuraamuksineen. T\u00e4llainen konflikti eskaloituisi v\u00e4\u00e4j\u00e4\u00e4m\u00e4tt\u00e4 my\u00f6s Euroopan yhten\u00e4isyyteen Ukrainan aseistamisen ja Ven\u00e4j\u00e4n sanktioiden suhteen. <\/p>\n\n\n\n<p>Olettaisi, ett\u00e4 t\u00e4llainen kriisi halutaan v\u00e4ltt\u00e4\u00e4 niin Italiassa kuin Euroopassakin.<\/p>\n\n\n\n<figure class=\"wp-block-embed is-type-rich is-provider-twitter wp-block-embed-twitter\"><div class=\"wp-block-embed__wrapper\">\n<blockquote class=\"twitter-tweet\" data-width=\"550\" data-dnt=\"true\"><p lang=\"zxx\" dir=\"ltr\"><a href=\"https:\/\/t.co\/7g6JZYEuzh\">pic.twitter.com\/7g6JZYEuzh<\/a><\/p>&mdash; lemasabachthani (@lemasabachthani) <a href=\"https:\/\/twitter.com\/lemasabachthani\/status\/1552972754072248321?ref_src=twsrc%5Etfw\">July 29, 2022<\/a><\/blockquote><script async src=\"https:\/\/platform.twitter.com\/widgets.js\" charset=\"utf-8\"><\/script>\n<\/div><\/figure>\n","protected":false},"excerpt":{"rendered":"<p>Italian parlamenttivaalit j\u00e4rjestet\u00e4\u00e4n syyskuun 25. p\u00e4iv\u00e4. Vaaleihin on viel\u00e4 vajaat pari kuukautta, mutta Italian veljien, Legan ja Forza Italian<br \/>\nmuodo&hellip;<\/p>\n","protected":false},"author":37967,"featured_media":0,"comment_status":"open","ping_status":"open","sticky":false,"template":"","format":"standard","meta":{"_acf_changed":false,"asauth_required_access_level":3,"asauth_cansharepaid":"true","om_header_attributes":[],"footnotes":"","om_featured_image_focal_point":[],"om_primary_tag":43,"om_contributors":[],"om_co_authors":[],"beyondwords_generate_audio":"","beyondwords_project_id":"","beyondwords_content_id":"","beyondwords_preview_token":"","beyondwords_player_content":"","beyondwords_player_style":"","beyondwords_language_code":"","beyondwords_language_id":"","beyondwords_title_voice_id":"","beyondwords_body_voice_id":"","beyondwords_summary_voice_id":"","beyondwords_error_message":"","beyondwords_disabled":"","beyondwords_delete_content":"","beyondwords_podcast_id":"","beyondwords_hash":"","publish_post_to_speechkit":"","speechkit_hash":"","speechkit_generate_audio":"","speechkit_project_id":"","speechkit_podcast_id":"","speechkit_error_message":"","speechkit_disabled":"","speechkit_access_key":"","speechkit_error":"","speechkit_info":"","speechkit_response":"","speechkit_retries":"","speechkit_status":"","speechkit_updated_at":"","_speechkit_link":"","_speechkit_text":""},"categories":[1],"tags":[33,352,601,43,559,53,553,222],"class_list":["post-8753","post","type-post","status-publish","format-standard","hentry","category-vallan-mahotonta","tag-ekp","tag-elpymisrahasto","tag-giorgia-meloni","tag-italia","tag-sanktiot","tag-talouspolitiikka","tag-ukrainan-sota","tag-venaja"],"om_views":null,"acf":{"tuuma_off":false,"tuuma_kysymys":"","tuuma_vastaus":""},"asauth":{"required_access_level":1,"share_token":"","is_paid":false},"yoast_head":"<!-- This site is optimized with the Yoast SEO plugin v26.4 - https:\/\/yoast.com\/wordpress\/plugins\/seo\/ -->\n<title>Italia saattaa saada ensimm\u00e4isen vaaleilla valitun p\u00e4\u00e4ministerin Berlusconin j\u00e4lkeen, mutta elpymisrahasto ja EKP ovat voineet jo kengitt\u00e4\u00e4 tulevan hallituksen talouspolitiikan - Vallan mahotonta!<\/title>\n<meta name=\"robots\" content=\"index, follow, max-snippet:-1, max-image-preview:large, max-video-preview:-1\" \/>\n<link rel=\"canonical\" href=\"https:\/\/suomenkuvalehti.fi\/vallan-mahotonta\/italia-saattaa-saada-ensimmaisen-vaaleilla-valitun-paaministerin-berlusconin-jalkeen-mutta-elpymisrahasto-ja-ekp-ovat-saattaneet-jo-kengittaa-tulevan-hallituksen-talouspolitiikan\/\" \/>\n<meta property=\"og:locale\" content=\"fi_FI\" \/>\n<meta property=\"og:type\" content=\"article\" \/>\n<meta property=\"og:title\" content=\"Italia saattaa saada ensimm\u00e4isen vaaleilla valitun p\u00e4\u00e4ministerin Berlusconin j\u00e4lkeen, mutta elpymisrahasto ja EKP ovat voineet jo kengitt\u00e4\u00e4 tulevan hallituksen talouspolitiikan - Vallan mahotonta!\" \/>\n<meta property=\"og:description\" content=\"Italian parlamenttivaalit j\u00e4rjestet\u00e4\u00e4n syyskuun 25. p\u00e4iv\u00e4. Vaaleihin on viel\u00e4 vajaat pari kuukautta, mutta Italian veljien, Legan ja Forza Italian muodo&hellip;\" \/>\n<meta property=\"og:url\" content=\"https:\/\/suomenkuvalehti.fi\/vallan-mahotonta\/italia-saattaa-saada-ensimmaisen-vaaleilla-valitun-paaministerin-berlusconin-jalkeen-mutta-elpymisrahasto-ja-ekp-ovat-saattaneet-jo-kengittaa-tulevan-hallituksen-talouspolitiikan\/\" \/>\n<meta property=\"og:site_name\" content=\"Vallan mahotonta!\" \/>\n<meta property=\"article:author\" content=\"https:\/\/www.facebook.com\/a.ronkainen\" \/>\n<meta property=\"article:published_time\" content=\"2022-08-09T09:19:33+00:00\" \/>\n<meta property=\"article:modified_time\" content=\"2022-08-09T09:24:10+00:00\" \/>\n<meta property=\"og:image\" content=\"https:\/\/suomenkuvalehti.fi\/vallan-mahotonta\/wp-content\/uploads\/sites\/42\/2018\/05\/antti_j_ronkainen_blogi_pieni.jpg\" \/>\n\t<meta property=\"og:image:width\" content=\"600\" \/>\n\t<meta property=\"og:image:height\" content=\"600\" \/>\n\t<meta property=\"og:image:type\" content=\"image\/jpeg\" \/>\n<meta name=\"author\" content=\"Antti Ronkainen\" \/>\n<meta name=\"twitter:card\" content=\"summary_large_image\" \/>\n<meta name=\"twitter:creator\" content=\"@https:\/\/twitter.com\/anttironkainen\" \/>\n<meta name=\"twitter:label1\" content=\"Written by\" \/>\n\t<meta name=\"twitter:data1\" content=\"Antti Ronkainen\" \/>\n\t<meta name=\"twitter:label2\" content=\"Est. reading time\" \/>\n\t<meta name=\"twitter:data2\" content=\"4 minuuttia\" \/>\n<script type=\"application\/ld+json\" class=\"yoast-schema-graph\">{\"@context\":\"https:\/\/schema.org\",\"@graph\":[{\"@type\":\"WebPage\",\"@id\":\"https:\/\/suomenkuvalehti.fi\/vallan-mahotonta\/italia-saattaa-saada-ensimmaisen-vaaleilla-valitun-paaministerin-berlusconin-jalkeen-mutta-elpymisrahasto-ja-ekp-ovat-saattaneet-jo-kengittaa-tulevan-hallituksen-talouspolitiikan\/\",\"url\":\"https:\/\/suomenkuvalehti.fi\/vallan-mahotonta\/italia-saattaa-saada-ensimmaisen-vaaleilla-valitun-paaministerin-berlusconin-jalkeen-mutta-elpymisrahasto-ja-ekp-ovat-saattaneet-jo-kengittaa-tulevan-hallituksen-talouspolitiikan\/\",\"name\":\"Italia saattaa saada ensimm\u00e4isen vaaleilla valitun p\u00e4\u00e4ministerin Berlusconin j\u00e4lkeen, mutta elpymisrahasto ja EKP ovat voineet jo kengitt\u00e4\u00e4 tulevan hallituksen talouspolitiikan - Vallan mahotonta!\",\"isPartOf\":{\"@id\":\"https:\/\/suomenkuvalehti.fi\/vallan-mahotonta\/#website\"},\"datePublished\":\"2022-08-09T09:19:33+00:00\",\"dateModified\":\"2022-08-09T09:24:10+00:00\",\"author\":{\"@id\":\"https:\/\/suomenkuvalehti.fi\/vallan-mahotonta\/#\/schema\/person\/aa34015af7a4bce21e1cdcf566bb57b0\"},\"breadcrumb\":{\"@id\":\"https:\/\/suomenkuvalehti.fi\/vallan-mahotonta\/italia-saattaa-saada-ensimmaisen-vaaleilla-valitun-paaministerin-berlusconin-jalkeen-mutta-elpymisrahasto-ja-ekp-ovat-saattaneet-jo-kengittaa-tulevan-hallituksen-talouspolitiikan\/#breadcrumb\"},\"inLanguage\":\"fi\",\"potentialAction\":[{\"@type\":\"ReadAction\",\"target\":[\"https:\/\/suomenkuvalehti.fi\/vallan-mahotonta\/italia-saattaa-saada-ensimmaisen-vaaleilla-valitun-paaministerin-berlusconin-jalkeen-mutta-elpymisrahasto-ja-ekp-ovat-saattaneet-jo-kengittaa-tulevan-hallituksen-talouspolitiikan\/\"]}]},{\"@type\":\"BreadcrumbList\",\"@id\":\"https:\/\/suomenkuvalehti.fi\/vallan-mahotonta\/italia-saattaa-saada-ensimmaisen-vaaleilla-valitun-paaministerin-berlusconin-jalkeen-mutta-elpymisrahasto-ja-ekp-ovat-saattaneet-jo-kengittaa-tulevan-hallituksen-talouspolitiikan\/#breadcrumb\",\"itemListElement\":[{\"@type\":\"ListItem\",\"position\":1,\"name\":\"Home\",\"item\":\"https:\/\/suomenkuvalehti.fi\/vallan-mahotonta\/\"},{\"@type\":\"ListItem\",\"position\":2,\"name\":\"Italia saattaa saada ensimm\u00e4isen vaaleilla valitun p\u00e4\u00e4ministerin Berlusconin j\u00e4lkeen, mutta elpymisrahasto ja EKP ovat voineet jo kengitt\u00e4\u00e4 tulevan hallituksen talouspolitiikan\"}]},{\"@type\":\"WebSite\",\"@id\":\"https:\/\/suomenkuvalehti.fi\/vallan-mahotonta\/#website\",\"url\":\"https:\/\/suomenkuvalehti.fi\/vallan-mahotonta\/\",\"name\":\"Vallan mahotonta!\",\"description\":\"Tutkija Antti Ronkainen seuraa maailmantalouden murrosta.\",\"potentialAction\":[{\"@type\":\"SearchAction\",\"target\":{\"@type\":\"EntryPoint\",\"urlTemplate\":\"https:\/\/suomenkuvalehti.fi\/haku\/?q={search_term_string}\"},\"query-input\":{\"@type\":\"PropertyValueSpecification\",\"valueRequired\":true,\"valueName\":\"search_term_string\"}}],\"inLanguage\":\"fi\"},{\"@type\":\"Person\",\"@id\":\"https:\/\/suomenkuvalehti.fi\/vallan-mahotonta\/#\/schema\/person\/aa34015af7a4bce21e1cdcf566bb57b0\",\"name\":\"Antti Ronkainen\",\"image\":{\"@type\":\"ImageObject\",\"inLanguage\":\"fi\",\"@id\":\"https:\/\/suomenkuvalehti.fi\/vallan-mahotonta\/#\/schema\/person\/image\/\",\"url\":\"https:\/\/suomenkuvalehti.fi\/vallan-mahotonta\/wp-content\/uploads\/sites\/42\/2018\/05\/antti_j_ronkainen_blogi_pieni-150x150.jpg\",\"contentUrl\":\"https:\/\/suomenkuvalehti.fi\/vallan-mahotonta\/wp-content\/uploads\/sites\/42\/2018\/05\/antti_j_ronkainen_blogi_pieni-150x150.jpg\",\"caption\":\"Antti Ronkainen\"},\"description\":\"Antti Ronkainen on poliittisen talouden v\u00e4it\u00f6skirjatutkija Helsingin yliopistolla.\",\"sameAs\":[\"http:\/\/anttironkainen.fi\",\"https:\/\/www.facebook.com\/a.ronkainen\",\"https:\/\/www.instagram.com\/antti.ronkainen\/\",\"https:\/\/x.com\/https:\/\/twitter.com\/anttironkainen\"]}]}<\/script>\n<!-- \/ Yoast SEO plugin. -->","yoast_head_json":{"title":"Italia saattaa saada ensimm\u00e4isen vaaleilla valitun p\u00e4\u00e4ministerin Berlusconin j\u00e4lkeen, mutta elpymisrahasto ja EKP ovat voineet jo kengitt\u00e4\u00e4 tulevan hallituksen talouspolitiikan - Vallan mahotonta!","robots":{"index":"index","follow":"follow","max-snippet":"max-snippet:-1","max-image-preview":"max-image-preview:large","max-video-preview":"max-video-preview:-1"},"canonical":"https:\/\/suomenkuvalehti.fi\/vallan-mahotonta\/italia-saattaa-saada-ensimmaisen-vaaleilla-valitun-paaministerin-berlusconin-jalkeen-mutta-elpymisrahasto-ja-ekp-ovat-saattaneet-jo-kengittaa-tulevan-hallituksen-talouspolitiikan\/","og_locale":"fi_FI","og_type":"article","og_title":"Italia saattaa saada ensimm\u00e4isen vaaleilla valitun p\u00e4\u00e4ministerin Berlusconin j\u00e4lkeen, mutta elpymisrahasto ja EKP ovat voineet jo kengitt\u00e4\u00e4 tulevan hallituksen talouspolitiikan - Vallan mahotonta!","og_description":"Italian parlamenttivaalit j\u00e4rjestet\u00e4\u00e4n syyskuun 25. p\u00e4iv\u00e4. Vaaleihin on viel\u00e4 vajaat pari kuukautta, mutta Italian veljien, Legan ja Forza Italian muodo&hellip;","og_url":"https:\/\/suomenkuvalehti.fi\/vallan-mahotonta\/italia-saattaa-saada-ensimmaisen-vaaleilla-valitun-paaministerin-berlusconin-jalkeen-mutta-elpymisrahasto-ja-ekp-ovat-saattaneet-jo-kengittaa-tulevan-hallituksen-talouspolitiikan\/","og_site_name":"Vallan mahotonta!","article_author":"https:\/\/www.facebook.com\/a.ronkainen","article_published_time":"2022-08-09T09:19:33+00:00","article_modified_time":"2022-08-09T09:24:10+00:00","og_image":[{"width":600,"height":600,"url":"https:\/\/suomenkuvalehti.fi\/vallan-mahotonta\/wp-content\/uploads\/sites\/42\/2018\/05\/antti_j_ronkainen_blogi_pieni.jpg","type":"image\/jpeg"}],"author":"Antti Ronkainen","twitter_card":"summary_large_image","twitter_creator":"@https:\/\/twitter.com\/anttironkainen","twitter_misc":{"Written by":"Antti Ronkainen","Est. reading time":"4 minuuttia"},"schema":{"@context":"https:\/\/schema.org","@graph":[{"@type":"WebPage","@id":"https:\/\/suomenkuvalehti.fi\/vallan-mahotonta\/italia-saattaa-saada-ensimmaisen-vaaleilla-valitun-paaministerin-berlusconin-jalkeen-mutta-elpymisrahasto-ja-ekp-ovat-saattaneet-jo-kengittaa-tulevan-hallituksen-talouspolitiikan\/","url":"https:\/\/suomenkuvalehti.fi\/vallan-mahotonta\/italia-saattaa-saada-ensimmaisen-vaaleilla-valitun-paaministerin-berlusconin-jalkeen-mutta-elpymisrahasto-ja-ekp-ovat-saattaneet-jo-kengittaa-tulevan-hallituksen-talouspolitiikan\/","name":"Italia saattaa saada ensimm\u00e4isen vaaleilla valitun p\u00e4\u00e4ministerin Berlusconin j\u00e4lkeen, mutta elpymisrahasto ja EKP ovat voineet jo kengitt\u00e4\u00e4 tulevan hallituksen talouspolitiikan - Vallan mahotonta!","isPartOf":{"@id":"https:\/\/suomenkuvalehti.fi\/vallan-mahotonta\/#website"},"datePublished":"2022-08-09T09:19:33+00:00","dateModified":"2022-08-09T09:24:10+00:00","author":{"@id":"https:\/\/suomenkuvalehti.fi\/vallan-mahotonta\/#\/schema\/person\/aa34015af7a4bce21e1cdcf566bb57b0"},"breadcrumb":{"@id":"https:\/\/suomenkuvalehti.fi\/vallan-mahotonta\/italia-saattaa-saada-ensimmaisen-vaaleilla-valitun-paaministerin-berlusconin-jalkeen-mutta-elpymisrahasto-ja-ekp-ovat-saattaneet-jo-kengittaa-tulevan-hallituksen-talouspolitiikan\/#breadcrumb"},"inLanguage":"fi","potentialAction":[{"@type":"ReadAction","target":["https:\/\/suomenkuvalehti.fi\/vallan-mahotonta\/italia-saattaa-saada-ensimmaisen-vaaleilla-valitun-paaministerin-berlusconin-jalkeen-mutta-elpymisrahasto-ja-ekp-ovat-saattaneet-jo-kengittaa-tulevan-hallituksen-talouspolitiikan\/"]}]},{"@type":"BreadcrumbList","@id":"https:\/\/suomenkuvalehti.fi\/vallan-mahotonta\/italia-saattaa-saada-ensimmaisen-vaaleilla-valitun-paaministerin-berlusconin-jalkeen-mutta-elpymisrahasto-ja-ekp-ovat-saattaneet-jo-kengittaa-tulevan-hallituksen-talouspolitiikan\/#breadcrumb","itemListElement":[{"@type":"ListItem","position":1,"name":"Home","item":"https:\/\/suomenkuvalehti.fi\/vallan-mahotonta\/"},{"@type":"ListItem","position":2,"name":"Italia saattaa saada ensimm\u00e4isen vaaleilla valitun p\u00e4\u00e4ministerin Berlusconin j\u00e4lkeen, mutta elpymisrahasto ja EKP ovat voineet jo kengitt\u00e4\u00e4 tulevan hallituksen talouspolitiikan"}]},{"@type":"WebSite","@id":"https:\/\/suomenkuvalehti.fi\/vallan-mahotonta\/#website","url":"https:\/\/suomenkuvalehti.fi\/vallan-mahotonta\/","name":"Vallan mahotonta!","description":"Tutkija Antti Ronkainen seuraa maailmantalouden murrosta.","potentialAction":[{"@type":"SearchAction","target":{"@type":"EntryPoint","urlTemplate":"https:\/\/suomenkuvalehti.fi\/haku\/?q={search_term_string}"},"query-input":{"@type":"PropertyValueSpecification","valueRequired":true,"valueName":"search_term_string"}}],"inLanguage":"fi"},{"@type":"Person","@id":"https:\/\/suomenkuvalehti.fi\/vallan-mahotonta\/#\/schema\/person\/aa34015af7a4bce21e1cdcf566bb57b0","name":"Antti Ronkainen","image":{"@type":"ImageObject","inLanguage":"fi","@id":"https:\/\/suomenkuvalehti.fi\/vallan-mahotonta\/#\/schema\/person\/image\/","url":"https:\/\/suomenkuvalehti.fi\/vallan-mahotonta\/wp-content\/uploads\/sites\/42\/2018\/05\/antti_j_ronkainen_blogi_pieni-150x150.jpg","contentUrl":"https:\/\/suomenkuvalehti.fi\/vallan-mahotonta\/wp-content\/uploads\/sites\/42\/2018\/05\/antti_j_ronkainen_blogi_pieni-150x150.jpg","caption":"Antti Ronkainen"},"description":"Antti Ronkainen on poliittisen talouden v\u00e4it\u00f6skirjatutkija Helsingin yliopistolla.","sameAs":["http:\/\/anttironkainen.fi","https:\/\/www.facebook.com\/a.ronkainen","https:\/\/www.instagram.com\/antti.ronkainen\/","https:\/\/x.com\/https:\/\/twitter.com\/anttironkainen"]}]}},"_links":{"self":[{"href":"https:\/\/suomenkuvalehti.fi\/vallan-mahotonta\/wp-json\/wp\/v2\/posts\/8753","targetHints":{"allow":["GET"]}}],"collection":[{"href":"https:\/\/suomenkuvalehti.fi\/vallan-mahotonta\/wp-json\/wp\/v2\/posts"}],"about":[{"href":"https:\/\/suomenkuvalehti.fi\/vallan-mahotonta\/wp-json\/wp\/v2\/types\/post"}],"author":[{"embeddable":true,"href":"https:\/\/suomenkuvalehti.fi\/vallan-mahotonta\/wp-json\/wp\/v2\/users\/37967"}],"replies":[{"embeddable":true,"href":"https:\/\/suomenkuvalehti.fi\/vallan-mahotonta\/wp-json\/wp\/v2\/comments?post=8753"}],"version-history":[{"count":12,"href":"https:\/\/suomenkuvalehti.fi\/vallan-mahotonta\/wp-json\/wp\/v2\/posts\/8753\/revisions"}],"predecessor-version":[{"id":8766,"href":"https:\/\/suomenkuvalehti.fi\/vallan-mahotonta\/wp-json\/wp\/v2\/posts\/8753\/revisions\/8766"}],"wp:attachment":[{"href":"https:\/\/suomenkuvalehti.fi\/vallan-mahotonta\/wp-json\/wp\/v2\/media?parent=8753"}],"wp:term":[{"taxonomy":"category","embeddable":true,"href":"https:\/\/suomenkuvalehti.fi\/vallan-mahotonta\/wp-json\/wp\/v2\/categories?post=8753"},{"taxonomy":"post_tag","embeddable":true,"href":"https:\/\/suomenkuvalehti.fi\/vallan-mahotonta\/wp-json\/wp\/v2\/tags?post=8753"}],"curies":[{"name":"wp","href":"https:\/\/api.w.org\/{rel}","templated":true}]}}