{"id":8627,"date":"2022-06-13T08:41:31","date_gmt":"2022-06-13T05:41:31","guid":{"rendered":"https:\/\/suomenkuvalehti.fi\/vallan-mahotonta\/?p=8627"},"modified":"2022-06-13T09:46:33","modified_gmt":"2022-06-13T06:46:33","slug":"ranskan-vasemmistolle-vaalivoitto-macron-voi-menettaa-kansalliskokouksen-enemmiston","status":"publish","type":"post","link":"https:\/\/suomenkuvalehti.fi\/vallan-mahotonta\/ranskan-vasemmistolle-vaalivoitto-macron-voi-menettaa-kansalliskokouksen-enemmiston\/","title":{"rendered":"Ranskan vasemmistolle vaalivoitto, Macron voi menett\u00e4\u00e4 kansalliskokouksen enemmist\u00f6n"},"content":{"rendered":"\n<p>Ranskan kansalliskokousvaalien <a href=\"https:\/\/www.lemonde.fr\/resultats-elections\/\" target=\"_blank\" rel=\"noreferrer noopener\">ensimm\u00e4isell\u00e4 kierroksella<\/a> vasemmiston vaaliliitto ja <strong>Macronin<\/strong> presidentillinen vaaliliitto saivat molemmat 26 prosentin kannatuksen. Toinen kierros j\u00e4rjestet\u00e4\u00e4n ensi sunnuntaina, jolloin kansalliskokouksen 577 paikkaa t\u00e4ytet\u00e4\u00e4n. <\/p>\n\n\n\n<p>Tulos on vaalivoitto vasemmiston, vihreiden, kommunistien ja sosialistien vaaliliitolle (<em>Nouvelle Union Populaire \u00e9cologiste et sociale<\/em>, Nupes). Puolueilla on t\u00e4ll\u00e4 hetkell\u00e4 yhteens\u00e4 67 paikkaa kansalliskokouksessa ja <a href=\"https:\/\/www.francetvinfo.fr\/elections\/legislatives\/infographies-premier-tour-des-legislatives-2022-voici-a-quoi-pourrait-ressembler-la-future-assemblee-nationale-selon-notre-estimation-ipsos-sopra-steria_5193349.html\" target=\"_blank\" rel=\"noreferrer noopener\">ensimm\u00e4isen kierroksen tulosten perusteella laaditun ennusteen<\/a> mukaan vasemmisto olisi saamassa 150-190 edustajaa kansalliskokoukseen. <\/p>\n\n\n\n<p>Vastaavasti tulos on karvas tappio Macronille. Macronin Ensemble!-vaaliliitolla on t\u00e4ll\u00e4 hetkell\u00e4 350 paikkaa kansalliskokouksessa ja ennusteen mukaan paikkam\u00e4\u00e4r\u00e4 olisi putoamassa 255-295 paikkaan. Kun enemmist\u00f6\u00f6n vaaditaan 289 paikkaa, Macronin enemmist\u00f6 voi j\u00e4\u00e4d\u00e4 joko eritt\u00e4in niukaksi tai h\u00e4n voi menett\u00e4\u00e4 sen kokonaan. <\/p>\n\n\n<figure class=\"wp-block-image size-large alignnone\">\n  <div class=\"wp-block-image__inner-container\">\n    <a href=\"https:\/\/suomenkuvalehti.fi\/vallan-mahotonta\/wp-content\/uploads\/sites\/42\/2022\/06\/screenshot-2022-06-13-at-8.21.45.png\"><img loading=\"lazy\" decoding=\"async\" src=\"https:\/\/suomenkuvalehti.fi\/vallan-mahotonta\/wp-content\/uploads\/sites\/42\/2022\/06\/screenshot-2022-06-13-at-8.21.45-962x1024.png\" alt=\"\" class=\"wp-image-8629\" width=\"998\" height=\"1062\" style=\"--aspect-ratio: 0.94\" srcset=\"https:\/\/suomenkuvalehti.fi\/vallan-mahotonta\/wp-content\/uploads\/sites\/42\/2022\/06\/screenshot-2022-06-13-at-8.21.45-962x1024.png 962w, https:\/\/suomenkuvalehti.fi\/vallan-mahotonta\/wp-content\/uploads\/sites\/42\/2022\/06\/screenshot-2022-06-13-at-8.21.45-282x300.png 282w, https:\/\/suomenkuvalehti.fi\/vallan-mahotonta\/wp-content\/uploads\/sites\/42\/2022\/06\/screenshot-2022-06-13-at-8.21.45-768x817.png 768w, https:\/\/suomenkuvalehti.fi\/vallan-mahotonta\/wp-content\/uploads\/sites\/42\/2022\/06\/screenshot-2022-06-13-at-8.21.45.png 998w\" sizes=\"auto, (max-width: 998px) 100vw, 998px\" \/><\/a>    <figcaption class=\"wp-block-image__figcaption\">\n      Ipsosin tekem\u00e4 ennuste Ranskan kansalliskokouksen paikkajaosta.          <\/figcaption>\n      <\/div>\n<\/figure>\n\n\n\n<p>Ranskan oikeistossa republikaanipuolue (LR) n\u00e4ytt\u00e4isi voittavan gallupit ja <strong>Marine Le Penin<\/strong> radikaalioikeistolainen <em>Rassemblement national<\/em> alisuoriutuvan. Ennusteen mukaan republikaanien vaaliliitto olisi saamassa 50-90 paikkaa ja Le Penin puolue 20-45 paikkaa.<\/p>\n\n\n\n<p>Koska toinen kierros k\u00e4yd\u00e4\u00e4n suureksi osaksi vasemmiston ja macronistien v\u00e4lill\u00e4, keskeisess\u00e4 asemassa tulevat olemaan keskustaoikeiston ja laitaoikeiston \u00e4\u00e4nest\u00e4j\u00e4t. N\u00e4ist\u00e4 ensimm\u00e4iset todenn\u00e4k\u00f6isesti tukevat Macronia ja j\u00e4lkimm\u00e4iset j\u00e4\u00e4v\u00e4t kotiin. Keskustaoikeiston tukeen perustuu my\u00f6s ennusteiden oletus, ett\u00e4 Macronin vaaliliitto saisi noin 100 paikkaa enemm\u00e4n kuin vasemmisto, vaikka molemmilla oli vaalien ensimm\u00e4isell\u00e4 kierroksella samansuuruinen kannatus. <\/p>\n\n\n\n<p>Vasemmiston johtaja <strong>Jean-Luc M\u00e9lenchon<\/strong> on kampanjoinut tulevansa Ranskan p\u00e4\u00e4ministeriksi. Jos Macron menett\u00e4isi enemmist\u00f6n, M\u00e9lenchon tarvitsisi kuitenkin keskustaoikeiston ja laitaoikeiston tuen saadakseen taakseen kansalliskokouksen enemmist\u00f6n. T\u00e4ten M\u00e9lenchonin valinta p\u00e4\u00e4ministeriksi on ep\u00e4todenn\u00e4k\u00f6ist\u00e4 vasemmiston menestyksest\u00e4 huolimatta. <\/p>\n\n\n\n<p>Macronin enemmist\u00f6n hupeneminen tarkoittaneekin republikaanipuolueen vallan vahvistumista. Vaikka Macronin p\u00e4\u00e4ministerikandidaatti <strong>\u00c9lisabeth Bornella<\/strong> on sosialistitausta, Macron on ollut keltaliivien noususta l\u00e4heisiss\u00e4 v\u00e4leiss\u00e4 <strong>Nicolas Sarkozyn<\/strong> kanssa ja nimennyt kabinetteihinsa keskeisi\u00e4 ministereit\u00e4 republikaanipuolueesta. <\/p>\n\n\n\n<p>N\u00e4in ollen voikin olla, ett\u00e4 vasemmiston vaalivoitto ei teek\u00e4\u00e4n <a href=\"https:\/\/suomenkuvalehti.fi\/vallan-mahotonta\/ranskan-vasemmiston-vaaliliitto-tehnee-macronin-politiikasta-punaisempaa-ja-vihreampaa\/?shared=8548-a7e30460-999\" target=\"_blank\" rel=\"noreferrer noopener\">Macronin politiikasta punaisempaa ja vihre\u00e4mp\u00e4\u00e4<\/a> kuten presidentinvaalien j\u00e4lkeen viel\u00e4 n\u00e4ytti, vaan p\u00e4invastoin tekee Macronista entist\u00e4 selvemmin keskustaoikeiston presidentin. <\/p>\n","protected":false},"excerpt":{"rendered":"<p>Ranskan kansalliskokousvaalien ensimm\u00e4isell\u00e4 kierroksella vasemmiston vaaliliitto ja Macronin presidentillinen vaaliliitto saivat molemmat 26 prosentin kannatuksen. Toinen kierros j\u00e4rjestet\u00e4\u00e4n ensi sunnuntaina, jolloin kansalliskokouksen 577<br \/>\npaik&hellip;<\/p>\n","protected":false},"author":37967,"featured_media":0,"comment_status":"open","ping_status":"open","sticky":false,"template":"","format":"standard","meta":{"_acf_changed":false,"asauth_required_access_level":3,"asauth_cansharepaid":"true","om_header_attributes":[],"footnotes":"","om_featured_image_focal_point":[],"om_primary_tag":6,"om_contributors":[],"om_co_authors":[],"beyondwords_generate_audio":"","beyondwords_project_id":"","beyondwords_content_id":"","beyondwords_preview_token":"","beyondwords_player_content":"","beyondwords_player_style":"","beyondwords_language_code":"","beyondwords_language_id":"","beyondwords_title_voice_id":"","beyondwords_body_voice_id":"","beyondwords_summary_voice_id":"","beyondwords_error_message":"","beyondwords_disabled":"","beyondwords_delete_content":"","beyondwords_podcast_id":"","beyondwords_hash":"","publish_post_to_speechkit":"","speechkit_hash":"","speechkit_generate_audio":"","speechkit_project_id":"","speechkit_podcast_id":"","speechkit_error_message":"","speechkit_disabled":"","speechkit_access_key":"","speechkit_error":"","speechkit_info":"","speechkit_response":"","speechkit_retries":"","speechkit_status":"","speechkit_updated_at":"","_speechkit_link":"","_speechkit_text":""},"categories":[1],"tags":[6,589,5,578,585],"class_list":["post-8627","post","type-post","status-publish","format-standard","hentry","category-vallan-mahotonta","tag-emmanuel-macron","tag-nupes","tag-ranska","tag-ranskan-kansalliskokousvaalit","tag-ranskan-vasemmisto"],"om_views":null,"acf":{"tuuma_off":false,"tuuma_kysymys":"","tuuma_vastaus":""},"asauth":{"required_access_level":1,"share_token":"","is_paid":false},"yoast_head":"<!-- This site is optimized with the Yoast SEO plugin v26.4 - https:\/\/yoast.com\/wordpress\/plugins\/seo\/ -->\n<title>Ranskan vasemmistolle vaalivoitto, Macron voi menett\u00e4\u00e4 kansalliskokouksen enemmist\u00f6n - Vallan mahotonta!<\/title>\n<meta name=\"robots\" content=\"index, follow, max-snippet:-1, max-image-preview:large, max-video-preview:-1\" \/>\n<link rel=\"canonical\" href=\"https:\/\/suomenkuvalehti.fi\/vallan-mahotonta\/ranskan-vasemmistolle-vaalivoitto-macron-voi-menettaa-kansalliskokouksen-enemmiston\/\" \/>\n<meta property=\"og:locale\" content=\"fi_FI\" \/>\n<meta property=\"og:type\" content=\"article\" \/>\n<meta property=\"og:title\" content=\"Ranskan vasemmistolle vaalivoitto, Macron voi menett\u00e4\u00e4 kansalliskokouksen enemmist\u00f6n - Vallan mahotonta!\" \/>\n<meta property=\"og:description\" content=\"Ranskan kansalliskokousvaalien ensimm\u00e4isell\u00e4 kierroksella vasemmiston vaaliliitto ja Macronin presidentillinen vaaliliitto saivat molemmat 26 prosentin kannatuksen. Toinen kierros j\u00e4rjestet\u00e4\u00e4n ensi sunnuntaina, jolloin kansalliskokouksen 577 paik&hellip;\" \/>\n<meta property=\"og:url\" content=\"https:\/\/suomenkuvalehti.fi\/vallan-mahotonta\/ranskan-vasemmistolle-vaalivoitto-macron-voi-menettaa-kansalliskokouksen-enemmiston\/\" \/>\n<meta property=\"og:site_name\" content=\"Vallan mahotonta!\" \/>\n<meta property=\"article:author\" content=\"https:\/\/www.facebook.com\/a.ronkainen\" \/>\n<meta property=\"article:published_time\" content=\"2022-06-13T05:41:31+00:00\" \/>\n<meta property=\"article:modified_time\" content=\"2022-06-13T06:46:33+00:00\" \/>\n<meta property=\"og:image\" content=\"https:\/\/suomenkuvalehti.fi\/vallan-mahotonta\/wp-content\/uploads\/sites\/42\/2022\/06\/screenshot-2022-06-13-at-8.21.45-962x1024.png\" \/>\n<meta name=\"author\" content=\"Antti Ronkainen\" \/>\n<meta name=\"twitter:card\" content=\"summary_large_image\" \/>\n<meta name=\"twitter:creator\" content=\"@https:\/\/twitter.com\/anttironkainen\" \/>\n<meta name=\"twitter:label1\" content=\"Written by\" \/>\n\t<meta name=\"twitter:data1\" content=\"Antti Ronkainen\" \/>\n\t<meta name=\"twitter:label2\" content=\"Est. reading time\" \/>\n\t<meta name=\"twitter:data2\" content=\"2 minuuttia\" \/>\n<script type=\"application\/ld+json\" class=\"yoast-schema-graph\">{\"@context\":\"https:\/\/schema.org\",\"@graph\":[{\"@type\":\"WebPage\",\"@id\":\"https:\/\/suomenkuvalehti.fi\/vallan-mahotonta\/ranskan-vasemmistolle-vaalivoitto-macron-voi-menettaa-kansalliskokouksen-enemmiston\/\",\"url\":\"https:\/\/suomenkuvalehti.fi\/vallan-mahotonta\/ranskan-vasemmistolle-vaalivoitto-macron-voi-menettaa-kansalliskokouksen-enemmiston\/\",\"name\":\"Ranskan vasemmistolle vaalivoitto, Macron voi menett\u00e4\u00e4 kansalliskokouksen enemmist\u00f6n - Vallan mahotonta!\",\"isPartOf\":{\"@id\":\"https:\/\/suomenkuvalehti.fi\/vallan-mahotonta\/#website\"},\"primaryImageOfPage\":{\"@id\":\"https:\/\/suomenkuvalehti.fi\/vallan-mahotonta\/ranskan-vasemmistolle-vaalivoitto-macron-voi-menettaa-kansalliskokouksen-enemmiston\/#primaryimage\"},\"image\":{\"@id\":\"https:\/\/suomenkuvalehti.fi\/vallan-mahotonta\/ranskan-vasemmistolle-vaalivoitto-macron-voi-menettaa-kansalliskokouksen-enemmiston\/#primaryimage\"},\"thumbnailUrl\":\"https:\/\/suomenkuvalehti.fi\/vallan-mahotonta\/wp-content\/uploads\/sites\/42\/2022\/06\/screenshot-2022-06-13-at-8.21.45-962x1024.png\",\"datePublished\":\"2022-06-13T05:41:31+00:00\",\"dateModified\":\"2022-06-13T06:46:33+00:00\",\"author\":{\"@id\":\"https:\/\/suomenkuvalehti.fi\/vallan-mahotonta\/#\/schema\/person\/aa34015af7a4bce21e1cdcf566bb57b0\"},\"breadcrumb\":{\"@id\":\"https:\/\/suomenkuvalehti.fi\/vallan-mahotonta\/ranskan-vasemmistolle-vaalivoitto-macron-voi-menettaa-kansalliskokouksen-enemmiston\/#breadcrumb\"},\"inLanguage\":\"fi\",\"potentialAction\":[{\"@type\":\"ReadAction\",\"target\":[\"https:\/\/suomenkuvalehti.fi\/vallan-mahotonta\/ranskan-vasemmistolle-vaalivoitto-macron-voi-menettaa-kansalliskokouksen-enemmiston\/\"]}]},{\"@type\":\"ImageObject\",\"inLanguage\":\"fi\",\"@id\":\"https:\/\/suomenkuvalehti.fi\/vallan-mahotonta\/ranskan-vasemmistolle-vaalivoitto-macron-voi-menettaa-kansalliskokouksen-enemmiston\/#primaryimage\",\"url\":\"https:\/\/suomenkuvalehti.fi\/vallan-mahotonta\/wp-content\/uploads\/sites\/42\/2022\/06\/screenshot-2022-06-13-at-8.21.45.png\",\"contentUrl\":\"https:\/\/suomenkuvalehti.fi\/vallan-mahotonta\/wp-content\/uploads\/sites\/42\/2022\/06\/screenshot-2022-06-13-at-8.21.45.png\",\"width\":998,\"height\":1062},{\"@type\":\"BreadcrumbList\",\"@id\":\"https:\/\/suomenkuvalehti.fi\/vallan-mahotonta\/ranskan-vasemmistolle-vaalivoitto-macron-voi-menettaa-kansalliskokouksen-enemmiston\/#breadcrumb\",\"itemListElement\":[{\"@type\":\"ListItem\",\"position\":1,\"name\":\"Home\",\"item\":\"https:\/\/suomenkuvalehti.fi\/vallan-mahotonta\/\"},{\"@type\":\"ListItem\",\"position\":2,\"name\":\"Ranskan vasemmistolle vaalivoitto, Macron voi menett\u00e4\u00e4 kansalliskokouksen enemmist\u00f6n\"}]},{\"@type\":\"WebSite\",\"@id\":\"https:\/\/suomenkuvalehti.fi\/vallan-mahotonta\/#website\",\"url\":\"https:\/\/suomenkuvalehti.fi\/vallan-mahotonta\/\",\"name\":\"Vallan mahotonta!\",\"description\":\"Tutkija Antti Ronkainen seuraa maailmantalouden murrosta.\",\"potentialAction\":[{\"@type\":\"SearchAction\",\"target\":{\"@type\":\"EntryPoint\",\"urlTemplate\":\"https:\/\/suomenkuvalehti.fi\/haku\/?q={search_term_string}\"},\"query-input\":{\"@type\":\"PropertyValueSpecification\",\"valueRequired\":true,\"valueName\":\"search_term_string\"}}],\"inLanguage\":\"fi\"},{\"@type\":\"Person\",\"@id\":\"https:\/\/suomenkuvalehti.fi\/vallan-mahotonta\/#\/schema\/person\/aa34015af7a4bce21e1cdcf566bb57b0\",\"name\":\"Antti Ronkainen\",\"image\":{\"@type\":\"ImageObject\",\"inLanguage\":\"fi\",\"@id\":\"https:\/\/suomenkuvalehti.fi\/vallan-mahotonta\/#\/schema\/person\/image\/\",\"url\":\"https:\/\/suomenkuvalehti.fi\/vallan-mahotonta\/wp-content\/uploads\/sites\/42\/2018\/05\/antti_j_ronkainen_blogi_pieni-150x150.jpg\",\"contentUrl\":\"https:\/\/suomenkuvalehti.fi\/vallan-mahotonta\/wp-content\/uploads\/sites\/42\/2018\/05\/antti_j_ronkainen_blogi_pieni-150x150.jpg\",\"caption\":\"Antti Ronkainen\"},\"description\":\"Antti Ronkainen on poliittisen talouden v\u00e4it\u00f6skirjatutkija Helsingin yliopistolla.\",\"sameAs\":[\"http:\/\/anttironkainen.fi\",\"https:\/\/www.facebook.com\/a.ronkainen\",\"https:\/\/www.instagram.com\/antti.ronkainen\/\",\"https:\/\/x.com\/https:\/\/twitter.com\/anttironkainen\"]}]}<\/script>\n<!-- \/ Yoast SEO plugin. -->","yoast_head_json":{"title":"Ranskan vasemmistolle vaalivoitto, Macron voi menett\u00e4\u00e4 kansalliskokouksen enemmist\u00f6n - Vallan mahotonta!","robots":{"index":"index","follow":"follow","max-snippet":"max-snippet:-1","max-image-preview":"max-image-preview:large","max-video-preview":"max-video-preview:-1"},"canonical":"https:\/\/suomenkuvalehti.fi\/vallan-mahotonta\/ranskan-vasemmistolle-vaalivoitto-macron-voi-menettaa-kansalliskokouksen-enemmiston\/","og_locale":"fi_FI","og_type":"article","og_title":"Ranskan vasemmistolle vaalivoitto, Macron voi menett\u00e4\u00e4 kansalliskokouksen enemmist\u00f6n - Vallan mahotonta!","og_description":"Ranskan kansalliskokousvaalien ensimm\u00e4isell\u00e4 kierroksella vasemmiston vaaliliitto ja Macronin presidentillinen vaaliliitto saivat molemmat 26 prosentin kannatuksen. Toinen kierros j\u00e4rjestet\u00e4\u00e4n ensi sunnuntaina, jolloin kansalliskokouksen 577 paik&hellip;","og_url":"https:\/\/suomenkuvalehti.fi\/vallan-mahotonta\/ranskan-vasemmistolle-vaalivoitto-macron-voi-menettaa-kansalliskokouksen-enemmiston\/","og_site_name":"Vallan mahotonta!","article_author":"https:\/\/www.facebook.com\/a.ronkainen","article_published_time":"2022-06-13T05:41:31+00:00","article_modified_time":"2022-06-13T06:46:33+00:00","og_image":[{"url":"https:\/\/suomenkuvalehti.fi\/vallan-mahotonta\/wp-content\/uploads\/sites\/42\/2022\/06\/screenshot-2022-06-13-at-8.21.45-962x1024.png","type":"","width":"","height":""}],"author":"Antti Ronkainen","twitter_card":"summary_large_image","twitter_creator":"@https:\/\/twitter.com\/anttironkainen","twitter_misc":{"Written by":"Antti Ronkainen","Est. reading time":"2 minuuttia"},"schema":{"@context":"https:\/\/schema.org","@graph":[{"@type":"WebPage","@id":"https:\/\/suomenkuvalehti.fi\/vallan-mahotonta\/ranskan-vasemmistolle-vaalivoitto-macron-voi-menettaa-kansalliskokouksen-enemmiston\/","url":"https:\/\/suomenkuvalehti.fi\/vallan-mahotonta\/ranskan-vasemmistolle-vaalivoitto-macron-voi-menettaa-kansalliskokouksen-enemmiston\/","name":"Ranskan vasemmistolle vaalivoitto, Macron voi menett\u00e4\u00e4 kansalliskokouksen enemmist\u00f6n - Vallan mahotonta!","isPartOf":{"@id":"https:\/\/suomenkuvalehti.fi\/vallan-mahotonta\/#website"},"primaryImageOfPage":{"@id":"https:\/\/suomenkuvalehti.fi\/vallan-mahotonta\/ranskan-vasemmistolle-vaalivoitto-macron-voi-menettaa-kansalliskokouksen-enemmiston\/#primaryimage"},"image":{"@id":"https:\/\/suomenkuvalehti.fi\/vallan-mahotonta\/ranskan-vasemmistolle-vaalivoitto-macron-voi-menettaa-kansalliskokouksen-enemmiston\/#primaryimage"},"thumbnailUrl":"https:\/\/suomenkuvalehti.fi\/vallan-mahotonta\/wp-content\/uploads\/sites\/42\/2022\/06\/screenshot-2022-06-13-at-8.21.45-962x1024.png","datePublished":"2022-06-13T05:41:31+00:00","dateModified":"2022-06-13T06:46:33+00:00","author":{"@id":"https:\/\/suomenkuvalehti.fi\/vallan-mahotonta\/#\/schema\/person\/aa34015af7a4bce21e1cdcf566bb57b0"},"breadcrumb":{"@id":"https:\/\/suomenkuvalehti.fi\/vallan-mahotonta\/ranskan-vasemmistolle-vaalivoitto-macron-voi-menettaa-kansalliskokouksen-enemmiston\/#breadcrumb"},"inLanguage":"fi","potentialAction":[{"@type":"ReadAction","target":["https:\/\/suomenkuvalehti.fi\/vallan-mahotonta\/ranskan-vasemmistolle-vaalivoitto-macron-voi-menettaa-kansalliskokouksen-enemmiston\/"]}]},{"@type":"ImageObject","inLanguage":"fi","@id":"https:\/\/suomenkuvalehti.fi\/vallan-mahotonta\/ranskan-vasemmistolle-vaalivoitto-macron-voi-menettaa-kansalliskokouksen-enemmiston\/#primaryimage","url":"https:\/\/suomenkuvalehti.fi\/vallan-mahotonta\/wp-content\/uploads\/sites\/42\/2022\/06\/screenshot-2022-06-13-at-8.21.45.png","contentUrl":"https:\/\/suomenkuvalehti.fi\/vallan-mahotonta\/wp-content\/uploads\/sites\/42\/2022\/06\/screenshot-2022-06-13-at-8.21.45.png","width":998,"height":1062},{"@type":"BreadcrumbList","@id":"https:\/\/suomenkuvalehti.fi\/vallan-mahotonta\/ranskan-vasemmistolle-vaalivoitto-macron-voi-menettaa-kansalliskokouksen-enemmiston\/#breadcrumb","itemListElement":[{"@type":"ListItem","position":1,"name":"Home","item":"https:\/\/suomenkuvalehti.fi\/vallan-mahotonta\/"},{"@type":"ListItem","position":2,"name":"Ranskan vasemmistolle vaalivoitto, Macron voi menett\u00e4\u00e4 kansalliskokouksen enemmist\u00f6n"}]},{"@type":"WebSite","@id":"https:\/\/suomenkuvalehti.fi\/vallan-mahotonta\/#website","url":"https:\/\/suomenkuvalehti.fi\/vallan-mahotonta\/","name":"Vallan mahotonta!","description":"Tutkija Antti Ronkainen seuraa maailmantalouden murrosta.","potentialAction":[{"@type":"SearchAction","target":{"@type":"EntryPoint","urlTemplate":"https:\/\/suomenkuvalehti.fi\/haku\/?q={search_term_string}"},"query-input":{"@type":"PropertyValueSpecification","valueRequired":true,"valueName":"search_term_string"}}],"inLanguage":"fi"},{"@type":"Person","@id":"https:\/\/suomenkuvalehti.fi\/vallan-mahotonta\/#\/schema\/person\/aa34015af7a4bce21e1cdcf566bb57b0","name":"Antti Ronkainen","image":{"@type":"ImageObject","inLanguage":"fi","@id":"https:\/\/suomenkuvalehti.fi\/vallan-mahotonta\/#\/schema\/person\/image\/","url":"https:\/\/suomenkuvalehti.fi\/vallan-mahotonta\/wp-content\/uploads\/sites\/42\/2018\/05\/antti_j_ronkainen_blogi_pieni-150x150.jpg","contentUrl":"https:\/\/suomenkuvalehti.fi\/vallan-mahotonta\/wp-content\/uploads\/sites\/42\/2018\/05\/antti_j_ronkainen_blogi_pieni-150x150.jpg","caption":"Antti Ronkainen"},"description":"Antti Ronkainen on poliittisen talouden v\u00e4it\u00f6skirjatutkija Helsingin yliopistolla.","sameAs":["http:\/\/anttironkainen.fi","https:\/\/www.facebook.com\/a.ronkainen","https:\/\/www.instagram.com\/antti.ronkainen\/","https:\/\/x.com\/https:\/\/twitter.com\/anttironkainen"]}]}},"_links":{"self":[{"href":"https:\/\/suomenkuvalehti.fi\/vallan-mahotonta\/wp-json\/wp\/v2\/posts\/8627","targetHints":{"allow":["GET"]}}],"collection":[{"href":"https:\/\/suomenkuvalehti.fi\/vallan-mahotonta\/wp-json\/wp\/v2\/posts"}],"about":[{"href":"https:\/\/suomenkuvalehti.fi\/vallan-mahotonta\/wp-json\/wp\/v2\/types\/post"}],"author":[{"embeddable":true,"href":"https:\/\/suomenkuvalehti.fi\/vallan-mahotonta\/wp-json\/wp\/v2\/users\/37967"}],"replies":[{"embeddable":true,"href":"https:\/\/suomenkuvalehti.fi\/vallan-mahotonta\/wp-json\/wp\/v2\/comments?post=8627"}],"version-history":[{"count":17,"href":"https:\/\/suomenkuvalehti.fi\/vallan-mahotonta\/wp-json\/wp\/v2\/posts\/8627\/revisions"}],"predecessor-version":[{"id":8645,"href":"https:\/\/suomenkuvalehti.fi\/vallan-mahotonta\/wp-json\/wp\/v2\/posts\/8627\/revisions\/8645"}],"wp:attachment":[{"href":"https:\/\/suomenkuvalehti.fi\/vallan-mahotonta\/wp-json\/wp\/v2\/media?parent=8627"}],"wp:term":[{"taxonomy":"category","embeddable":true,"href":"https:\/\/suomenkuvalehti.fi\/vallan-mahotonta\/wp-json\/wp\/v2\/categories?post=8627"},{"taxonomy":"post_tag","embeddable":true,"href":"https:\/\/suomenkuvalehti.fi\/vallan-mahotonta\/wp-json\/wp\/v2\/tags?post=8627"}],"curies":[{"name":"wp","href":"https:\/\/api.w.org\/{rel}","templated":true}]}}