{"id":834,"date":"2018-03-24T09:22:10","date_gmt":"2018-03-24T07:22:10","guid":{"rendered":"https:\/\/suomenkuvalehti.fi\/vallan-mahotonta\/?p=834"},"modified":"2018-03-24T09:22:10","modified_gmt":"2018-03-24T07:22:10","slug":"mita-trump-vaatii-euroopalta-kauppasodassa-ja-missa-eun-ase-on","status":"publish","type":"post","link":"https:\/\/suomenkuvalehti.fi\/vallan-mahotonta\/mita-trump-vaatii-euroopalta-kauppasodassa-ja-missa-eun-ase-on\/","title":{"rendered":"Mit\u00e4 Trump vaatii Euroopalta kauppasodassa? Ja miss\u00e4 EU:n ase on?"},"content":{"rendered":"\n<p>EU sai <strong>Donald Trumpin<\/strong> tulleista poikkeuksen &#8211; toukokuuhun asti.<\/p>\n\n\n\n<p>Vaikka Trumpin tullit tulevat todenn\u00e4k\u00f6isesti vaikuttamaan <a href=\"https:\/\/suomenkuvalehti.fi\/vallan-mahotonta\/trumpin-tullit-ovat-seuraus-globalisaation-epaonnistumisesta\/?shared=812-20dd910a-999\">Yhdysvaltain talouteen kielteisesti<\/a>, tullit ovat poliittinen instrumentti. Tullien varsinainen kohde on Kiina, mutta Yhdysvallat halunnee Euroopalta strategista yhteisty\u00f6t\u00e4.<\/p>\n\n\n\n<p>Trump lieneekin tarjonnut EU:lle vaihtoehtoja, joista pit\u00e4\u00e4 valita toukokuuhun menness\u00e4. EU-johtajat kiirehtiv\u00e4t sanomaan, ett\u00e4 <a href=\"https:\/\/www.politico.eu\/article\/trump-trade-war-tariffs-accused-of-holding-gun-to-eus-head\/\">eiv\u00e4t neuvottele ase ohimolla<\/a>.<\/p>\n\n\n\n<p>&nbsp;<\/p>\n\n\n\n<p>Kysymys kuuluu, mik\u00e4 ase EU:n ohimolla on?<\/p>\n\n\n\n<p>Yhdysvallat voisi esimerkiksi vaatia Euroopan unionilta n\u00e4kyv\u00e4\u00e4 liittymist\u00e4 Kiinan vastaiseen kaupparenkaaseen.<\/p>\n\n\n\n<p><a href=\"https:\/\/www.ft.com\/content\/ec775fea-2916-11e8-b27e-cc62a39d57a0\" target=\"_blank\" rel=\"noopener\">Toinen vaihtoehto<\/a> voisi olla EU-maiden satsaukset sotilaskalustoon, mik\u00e4 ratkaisisi kaksi ongelmaa kerralla: Euroopan ylij\u00e4\u00e4m\u00e4t v\u00e4henisiv\u00e4t ja EU-maat sitoutuisivat selke\u00e4mmin Naton vaatimaan 2 prosentin vuotuisiin sotilassatsauksiin.<\/p>\n\n\n\n<p>Saksan uusi valtiovarainministeri <strong>Olaf Scholz<\/strong> kielsi t\u00e4m\u00e4n jyrk\u00e4sti <a href=\"https:\/\/www.wsj.com\/articles\/germanyrules-out-fiscal-shift-amid-pressure-from-trump-1521638319\" target=\"_blank\" rel=\"noopener\">ensimm\u00e4isess\u00e4 kansainv\u00e4lisess\u00e4 haastattelussaan<\/a>, mik\u00e4 viittaisi siihen, ett\u00e4 t\u00e4t\u00e4 my\u00f6s on voimakkaasti vaadittu.<\/p>\n\n\n\n<p>&nbsp;<\/p>\n\n\n\n<p>Ent\u00e4&nbsp;miss\u00e4 EU:n ase on?<\/p>\n\n\n\n<p>EU on laatinut <a href=\"https:\/\/www.politico.eu\/article\/eu-seeks-to-hit-back-at-e3-billion-of-us-exports-from-bourbon-to-jeans\/\" target=\"_blank\" rel=\"noopener\">listan vastatulleista<\/a>, mik\u00e4li ter\u00e4s- ja alumiinitullit astuvat voimaan. Listalla ovat esimerkiksi Harley Davidsonit, bourbonviskit ja Leviksen farkut.<\/p>\n\n\n\n<p>Trump on kuitenkin jo ilmoittanut, ett\u00e4 uusiin tulleihin vastataan eurooppalaisten autojen 35 prosentin suuruisilla raippaveroilla. <a href=\"http:\/\/bruegel.org\/2018\/03\/still-on-the-road-assessing-trumps-threat-to-european-cars\/\" target=\"_blank\" rel=\"noopener\">Yhdysvallat on t\u00e4rkein eurooppalaisten autojen vientimaa<\/a>, joten vero iskisi merkitt\u00e4v\u00e4sti eurooppalaiseen autoteollisuuteen.<\/p>\n\n\n\n<p>EU voisi uhata kauppasodan eskaloituessa liittoutumisella Kiinan kanssa Yhdysvaltoja vastaan.&nbsp;T\u00e4m\u00e4 vaikuttaa kuitenkin t\u00e4ss\u00e4 vaiheessa liian kaukaa haetulta. Yhdysvaltojen lis\u00e4ksi EU:lla on k\u00e4ynnistynyt uusi diplomaattinen kriisi Ven\u00e4j\u00e4n kanssa.<\/p>\n\n\n\n<p>Nykyisen tiedon valossa Euroopan ase on hukassa tai sit\u00e4 ei ole.<\/p>\n\n\n\n<p>&nbsp;<\/p>\n\n\n\n<p>Vapaakaupan h\u00e4rk\u00e4p\u00e4inen messuaminen est\u00e4\u00e4 n\u00e4kem\u00e4st\u00e4, ett\u00e4&nbsp;protektionismi on uutta maailmanpoliittista realismia.<\/p>\n\n\n\n<p>Protektionismi ei ole Trumpin keksint\u00f6 vaan finanssikriisist\u00e4 l\u00e4htien <a href=\"https:\/\/www.telegraph.co.uk\/business\/2017\/11\/28\/mapped-protectionism-rise-us-eu-implement-thousands-restrictive\/amp\/?__twitter_impression=true\" target=\"_blank\" rel=\"noopener\">protektionismiin on siirrytty<\/a>&nbsp;kaikkialla maailmassa. Ainoastaan Brasilia, Tunisia ja Saudi-Arabia ovat avanneet rajojaan vuoden 2009 j\u00e4lkeen.<\/p>\n\n\n\n<p><strong>Tommi Koivula<\/strong> ja <strong>Juha Ratinen<\/strong> <a href=\"https:\/\/www.hs.fi\/mielipide\/art-2000005615892.html\" target=\"_blank\" rel=\"noopener\">kirjoittivat<\/a> t\u00e4m\u00e4n p\u00e4iv\u00e4n <em>Helsingin Sanomissa<\/em> hyvin, kuinka Trumpin&nbsp;leimaaminen impulsiiviseksi mielens\u00e4pahoittajaksi ja neuvonantajiaan erottavaksi viihdeohjelmahahmoksi est\u00e4\u00e4 n\u00e4kem\u00e4st\u00e4 Yhdysvaltain laajemman geopoliittisen strategian.<\/p>\n\n\n\n<p>Samalla Trumpin tullien \u00e4imistely est\u00e4\u00e4 n\u00e4kem\u00e4st\u00e4 Euroopan poliittisen heikkouden.&nbsp;Euroopan strategia ylij\u00e4\u00e4mien kasaamisesta on t\u00e4ss\u00e4 maailmanpoliittisessa tilanteessa heikkous, sill\u00e4 ylij\u00e4\u00e4m\u00e4t houkuttelevat protektionismiin.<\/p>\n\n\n\n<p>Voi hyvin olla, ett\u00e4 EU joutuu alistumaan Kiinan vastaiseen kaupparenkaaseen.<\/p>\n\n\n","protected":false},"excerpt":{"rendered":"<p>EU voi joutua alistumaan Kiinan vastaiseen kaupparenkaaseen.\u00a0<\/p>\n","protected":false},"author":37967,"featured_media":0,"comment_status":"open","ping_status":"open","sticky":false,"template":"","format":"standard","meta":{"_acf_changed":false,"asauth_required_access_level":3,"asauth_cansharepaid":"true","om_header_attributes":[],"footnotes":"","om_featured_image_focal_point":[],"om_primary_tag":0,"om_contributors":[],"om_co_authors":[],"beyondwords_generate_audio":"","beyondwords_project_id":"","beyondwords_content_id":"","beyondwords_preview_token":"","beyondwords_player_content":"","beyondwords_player_style":"","beyondwords_language_code":"","beyondwords_language_id":"","beyondwords_title_voice_id":"","beyondwords_body_voice_id":"","beyondwords_summary_voice_id":"","beyondwords_error_message":"","beyondwords_disabled":"","beyondwords_delete_content":"","beyondwords_podcast_id":"","beyondwords_hash":"","publish_post_to_speechkit":"","speechkit_hash":"","speechkit_generate_audio":"","speechkit_project_id":"","speechkit_podcast_id":"","speechkit_error_message":"","speechkit_disabled":"","speechkit_access_key":"","speechkit_error":"","speechkit_info":"","speechkit_response":"","speechkit_retries":"","speechkit_status":"","speechkit_updated_at":"","_speechkit_link":"","_speechkit_text":""},"categories":[1],"tags":[39,7,100,109],"class_list":["post-834","post","type-post","status-publish","format-standard","hentry","category-vallan-mahotonta","tag-donald-trump","tag-eu","tag-kauppasota","tag-protektionismi"],"om_views":null,"acf":{"tuuma_off":false,"tuuma_kysymys":"","tuuma_vastaus":""},"asauth":{"required_access_level":1,"share_token":"","is_paid":false},"yoast_head":"<!-- This site is optimized with the Yoast SEO plugin v26.4 - https:\/\/yoast.com\/wordpress\/plugins\/seo\/ -->\n<title>Mit\u00e4 Trump vaatii Euroopalta kauppasodassa? Ja miss\u00e4 EU:n ase on? - Vallan mahotonta!<\/title>\n<meta name=\"robots\" content=\"index, follow, max-snippet:-1, max-image-preview:large, max-video-preview:-1\" \/>\n<link rel=\"canonical\" href=\"https:\/\/suomenkuvalehti.fi\/vallan-mahotonta\/mita-trump-vaatii-euroopalta-kauppasodassa-ja-missa-eun-ase-on\/\" \/>\n<meta property=\"og:locale\" content=\"fi_FI\" \/>\n<meta property=\"og:type\" content=\"article\" \/>\n<meta property=\"og:title\" content=\"Mit\u00e4 Trump vaatii Euroopalta kauppasodassa? Ja miss\u00e4 EU:n ase on? - Vallan mahotonta!\" \/>\n<meta property=\"og:description\" content=\"EU voi joutua alistumaan Kiinan vastaiseen kaupparenkaaseen.\u00a0\" \/>\n<meta property=\"og:url\" content=\"https:\/\/suomenkuvalehti.fi\/vallan-mahotonta\/mita-trump-vaatii-euroopalta-kauppasodassa-ja-missa-eun-ase-on\/\" \/>\n<meta property=\"og:site_name\" content=\"Vallan mahotonta!\" \/>\n<meta property=\"article:author\" content=\"https:\/\/www.facebook.com\/a.ronkainen\" \/>\n<meta property=\"article:published_time\" content=\"2018-03-24T07:22:10+00:00\" \/>\n<meta property=\"og:image\" content=\"https:\/\/suomenkuvalehti.fi\/vallan-mahotonta\/wp-content\/uploads\/sites\/42\/2018\/05\/antti_j_ronkainen_blogi_pieni.jpg\" \/>\n\t<meta property=\"og:image:width\" content=\"600\" \/>\n\t<meta property=\"og:image:height\" content=\"600\" \/>\n\t<meta property=\"og:image:type\" content=\"image\/jpeg\" \/>\n<meta name=\"author\" content=\"Antti Ronkainen\" \/>\n<meta name=\"twitter:card\" content=\"summary_large_image\" \/>\n<meta name=\"twitter:creator\" content=\"@https:\/\/twitter.com\/anttironkainen\" \/>\n<meta name=\"twitter:label1\" content=\"Written by\" \/>\n\t<meta name=\"twitter:data1\" content=\"Antti Ronkainen\" \/>\n\t<meta name=\"twitter:label2\" content=\"Est. reading time\" \/>\n\t<meta name=\"twitter:data2\" content=\"2 minuuttia\" \/>\n<script type=\"application\/ld+json\" class=\"yoast-schema-graph\">{\"@context\":\"https:\/\/schema.org\",\"@graph\":[{\"@type\":\"WebPage\",\"@id\":\"https:\/\/suomenkuvalehti.fi\/vallan-mahotonta\/mita-trump-vaatii-euroopalta-kauppasodassa-ja-missa-eun-ase-on\/\",\"url\":\"https:\/\/suomenkuvalehti.fi\/vallan-mahotonta\/mita-trump-vaatii-euroopalta-kauppasodassa-ja-missa-eun-ase-on\/\",\"name\":\"Mit\u00e4 Trump vaatii Euroopalta kauppasodassa? Ja miss\u00e4 EU:n ase on? - Vallan mahotonta!\",\"isPartOf\":{\"@id\":\"https:\/\/suomenkuvalehti.fi\/vallan-mahotonta\/#website\"},\"datePublished\":\"2018-03-24T07:22:10+00:00\",\"author\":{\"@id\":\"https:\/\/suomenkuvalehti.fi\/vallan-mahotonta\/#\/schema\/person\/aa34015af7a4bce21e1cdcf566bb57b0\"},\"breadcrumb\":{\"@id\":\"https:\/\/suomenkuvalehti.fi\/vallan-mahotonta\/mita-trump-vaatii-euroopalta-kauppasodassa-ja-missa-eun-ase-on\/#breadcrumb\"},\"inLanguage\":\"fi\",\"potentialAction\":[{\"@type\":\"ReadAction\",\"target\":[\"https:\/\/suomenkuvalehti.fi\/vallan-mahotonta\/mita-trump-vaatii-euroopalta-kauppasodassa-ja-missa-eun-ase-on\/\"]}]},{\"@type\":\"BreadcrumbList\",\"@id\":\"https:\/\/suomenkuvalehti.fi\/vallan-mahotonta\/mita-trump-vaatii-euroopalta-kauppasodassa-ja-missa-eun-ase-on\/#breadcrumb\",\"itemListElement\":[{\"@type\":\"ListItem\",\"position\":1,\"name\":\"Home\",\"item\":\"https:\/\/suomenkuvalehti.fi\/vallan-mahotonta\/\"},{\"@type\":\"ListItem\",\"position\":2,\"name\":\"Mit\u00e4 Trump vaatii Euroopalta kauppasodassa? Ja miss\u00e4 EU:n ase on?\"}]},{\"@type\":\"WebSite\",\"@id\":\"https:\/\/suomenkuvalehti.fi\/vallan-mahotonta\/#website\",\"url\":\"https:\/\/suomenkuvalehti.fi\/vallan-mahotonta\/\",\"name\":\"Vallan mahotonta!\",\"description\":\"Tutkija Antti Ronkainen seuraa maailmantalouden murrosta.\",\"potentialAction\":[{\"@type\":\"SearchAction\",\"target\":{\"@type\":\"EntryPoint\",\"urlTemplate\":\"https:\/\/suomenkuvalehti.fi\/haku\/?q={search_term_string}\"},\"query-input\":{\"@type\":\"PropertyValueSpecification\",\"valueRequired\":true,\"valueName\":\"search_term_string\"}}],\"inLanguage\":\"fi\"},{\"@type\":\"Person\",\"@id\":\"https:\/\/suomenkuvalehti.fi\/vallan-mahotonta\/#\/schema\/person\/aa34015af7a4bce21e1cdcf566bb57b0\",\"name\":\"Antti Ronkainen\",\"image\":{\"@type\":\"ImageObject\",\"inLanguage\":\"fi\",\"@id\":\"https:\/\/suomenkuvalehti.fi\/vallan-mahotonta\/#\/schema\/person\/image\/\",\"url\":\"https:\/\/suomenkuvalehti.fi\/vallan-mahotonta\/wp-content\/uploads\/sites\/42\/2018\/05\/antti_j_ronkainen_blogi_pieni-150x150.jpg\",\"contentUrl\":\"https:\/\/suomenkuvalehti.fi\/vallan-mahotonta\/wp-content\/uploads\/sites\/42\/2018\/05\/antti_j_ronkainen_blogi_pieni-150x150.jpg\",\"caption\":\"Antti Ronkainen\"},\"description\":\"Antti Ronkainen on poliittisen talouden v\u00e4it\u00f6skirjatutkija Helsingin yliopistolla.\",\"sameAs\":[\"http:\/\/anttironkainen.fi\",\"https:\/\/www.facebook.com\/a.ronkainen\",\"https:\/\/www.instagram.com\/antti.ronkainen\/\",\"https:\/\/x.com\/https:\/\/twitter.com\/anttironkainen\"]}]}<\/script>\n<!-- \/ Yoast SEO plugin. -->","yoast_head_json":{"title":"Mit\u00e4 Trump vaatii Euroopalta kauppasodassa? Ja miss\u00e4 EU:n ase on? - Vallan mahotonta!","robots":{"index":"index","follow":"follow","max-snippet":"max-snippet:-1","max-image-preview":"max-image-preview:large","max-video-preview":"max-video-preview:-1"},"canonical":"https:\/\/suomenkuvalehti.fi\/vallan-mahotonta\/mita-trump-vaatii-euroopalta-kauppasodassa-ja-missa-eun-ase-on\/","og_locale":"fi_FI","og_type":"article","og_title":"Mit\u00e4 Trump vaatii Euroopalta kauppasodassa? Ja miss\u00e4 EU:n ase on? - Vallan mahotonta!","og_description":"EU voi joutua alistumaan Kiinan vastaiseen kaupparenkaaseen.\u00a0","og_url":"https:\/\/suomenkuvalehti.fi\/vallan-mahotonta\/mita-trump-vaatii-euroopalta-kauppasodassa-ja-missa-eun-ase-on\/","og_site_name":"Vallan mahotonta!","article_author":"https:\/\/www.facebook.com\/a.ronkainen","article_published_time":"2018-03-24T07:22:10+00:00","og_image":[{"width":600,"height":600,"url":"https:\/\/suomenkuvalehti.fi\/vallan-mahotonta\/wp-content\/uploads\/sites\/42\/2018\/05\/antti_j_ronkainen_blogi_pieni.jpg","type":"image\/jpeg"}],"author":"Antti Ronkainen","twitter_card":"summary_large_image","twitter_creator":"@https:\/\/twitter.com\/anttironkainen","twitter_misc":{"Written by":"Antti Ronkainen","Est. reading time":"2 minuuttia"},"schema":{"@context":"https:\/\/schema.org","@graph":[{"@type":"WebPage","@id":"https:\/\/suomenkuvalehti.fi\/vallan-mahotonta\/mita-trump-vaatii-euroopalta-kauppasodassa-ja-missa-eun-ase-on\/","url":"https:\/\/suomenkuvalehti.fi\/vallan-mahotonta\/mita-trump-vaatii-euroopalta-kauppasodassa-ja-missa-eun-ase-on\/","name":"Mit\u00e4 Trump vaatii Euroopalta kauppasodassa? Ja miss\u00e4 EU:n ase on? - Vallan mahotonta!","isPartOf":{"@id":"https:\/\/suomenkuvalehti.fi\/vallan-mahotonta\/#website"},"datePublished":"2018-03-24T07:22:10+00:00","author":{"@id":"https:\/\/suomenkuvalehti.fi\/vallan-mahotonta\/#\/schema\/person\/aa34015af7a4bce21e1cdcf566bb57b0"},"breadcrumb":{"@id":"https:\/\/suomenkuvalehti.fi\/vallan-mahotonta\/mita-trump-vaatii-euroopalta-kauppasodassa-ja-missa-eun-ase-on\/#breadcrumb"},"inLanguage":"fi","potentialAction":[{"@type":"ReadAction","target":["https:\/\/suomenkuvalehti.fi\/vallan-mahotonta\/mita-trump-vaatii-euroopalta-kauppasodassa-ja-missa-eun-ase-on\/"]}]},{"@type":"BreadcrumbList","@id":"https:\/\/suomenkuvalehti.fi\/vallan-mahotonta\/mita-trump-vaatii-euroopalta-kauppasodassa-ja-missa-eun-ase-on\/#breadcrumb","itemListElement":[{"@type":"ListItem","position":1,"name":"Home","item":"https:\/\/suomenkuvalehti.fi\/vallan-mahotonta\/"},{"@type":"ListItem","position":2,"name":"Mit\u00e4 Trump vaatii Euroopalta kauppasodassa? Ja miss\u00e4 EU:n ase on?"}]},{"@type":"WebSite","@id":"https:\/\/suomenkuvalehti.fi\/vallan-mahotonta\/#website","url":"https:\/\/suomenkuvalehti.fi\/vallan-mahotonta\/","name":"Vallan mahotonta!","description":"Tutkija Antti Ronkainen seuraa maailmantalouden murrosta.","potentialAction":[{"@type":"SearchAction","target":{"@type":"EntryPoint","urlTemplate":"https:\/\/suomenkuvalehti.fi\/haku\/?q={search_term_string}"},"query-input":{"@type":"PropertyValueSpecification","valueRequired":true,"valueName":"search_term_string"}}],"inLanguage":"fi"},{"@type":"Person","@id":"https:\/\/suomenkuvalehti.fi\/vallan-mahotonta\/#\/schema\/person\/aa34015af7a4bce21e1cdcf566bb57b0","name":"Antti Ronkainen","image":{"@type":"ImageObject","inLanguage":"fi","@id":"https:\/\/suomenkuvalehti.fi\/vallan-mahotonta\/#\/schema\/person\/image\/","url":"https:\/\/suomenkuvalehti.fi\/vallan-mahotonta\/wp-content\/uploads\/sites\/42\/2018\/05\/antti_j_ronkainen_blogi_pieni-150x150.jpg","contentUrl":"https:\/\/suomenkuvalehti.fi\/vallan-mahotonta\/wp-content\/uploads\/sites\/42\/2018\/05\/antti_j_ronkainen_blogi_pieni-150x150.jpg","caption":"Antti Ronkainen"},"description":"Antti Ronkainen on poliittisen talouden v\u00e4it\u00f6skirjatutkija Helsingin yliopistolla.","sameAs":["http:\/\/anttironkainen.fi","https:\/\/www.facebook.com\/a.ronkainen","https:\/\/www.instagram.com\/antti.ronkainen\/","https:\/\/x.com\/https:\/\/twitter.com\/anttironkainen"]}]}},"_links":{"self":[{"href":"https:\/\/suomenkuvalehti.fi\/vallan-mahotonta\/wp-json\/wp\/v2\/posts\/834","targetHints":{"allow":["GET"]}}],"collection":[{"href":"https:\/\/suomenkuvalehti.fi\/vallan-mahotonta\/wp-json\/wp\/v2\/posts"}],"about":[{"href":"https:\/\/suomenkuvalehti.fi\/vallan-mahotonta\/wp-json\/wp\/v2\/types\/post"}],"author":[{"embeddable":true,"href":"https:\/\/suomenkuvalehti.fi\/vallan-mahotonta\/wp-json\/wp\/v2\/users\/37967"}],"replies":[{"embeddable":true,"href":"https:\/\/suomenkuvalehti.fi\/vallan-mahotonta\/wp-json\/wp\/v2\/comments?post=834"}],"version-history":[{"count":17,"href":"https:\/\/suomenkuvalehti.fi\/vallan-mahotonta\/wp-json\/wp\/v2\/posts\/834\/revisions"}],"predecessor-version":[{"id":851,"href":"https:\/\/suomenkuvalehti.fi\/vallan-mahotonta\/wp-json\/wp\/v2\/posts\/834\/revisions\/851"}],"wp:attachment":[{"href":"https:\/\/suomenkuvalehti.fi\/vallan-mahotonta\/wp-json\/wp\/v2\/media?parent=834"}],"wp:term":[{"taxonomy":"category","embeddable":true,"href":"https:\/\/suomenkuvalehti.fi\/vallan-mahotonta\/wp-json\/wp\/v2\/categories?post=834"},{"taxonomy":"post_tag","embeddable":true,"href":"https:\/\/suomenkuvalehti.fi\/vallan-mahotonta\/wp-json\/wp\/v2\/tags?post=834"}],"curies":[{"name":"wp","href":"https:\/\/api.w.org\/{rel}","templated":true}]}}