{"id":8318,"date":"2022-03-16T10:03:58","date_gmt":"2022-03-16T08:03:58","guid":{"rendered":"https:\/\/suomenkuvalehti.fi\/vallan-mahotonta\/?p=8318"},"modified":"2022-03-16T10:10:26","modified_gmt":"2022-03-16T08:10:26","slug":"venajan-irtikytkenta-lannesta-voi-olla-globalisaation-lopun-alku","status":"publish","type":"post","link":"https:\/\/suomenkuvalehti.fi\/vallan-mahotonta\/venajan-irtikytkenta-lannesta-voi-olla-globalisaation-lopun-alku\/","title":{"rendered":"Ven\u00e4j\u00e4n irtikytkent\u00e4 l\u00e4nnest\u00e4 voi olla globalisaation lopun alku"},"content":{"rendered":"\n<p>McDonald&#8217;sin l\u00e4ht\u00f6 Ven\u00e4j\u00e4lt\u00e4 merkitsee kylm\u00e4n sodan p\u00e4\u00e4ttymisen symbolista p\u00e4\u00e4ttymist\u00e4.<\/p>\n\n\n\n<p>Sen lis\u00e4ksi ett\u00e4 yritykset l\u00e4htev\u00e4t kilpaa Ven\u00e4j\u00e4lt\u00e4, l\u00e4nsimaat ovat asettaneet talouspakotteita, joiden seurauksena Ven\u00e4j\u00e4 on k\u00e4yt\u00e4nn\u00f6ss\u00e4 irtikytketty l\u00e4ntisilt\u00e4 rahoitusmarkkinoilta, Ven\u00e4j\u00e4n keskuspankin varoja on j\u00e4\u00e4dytetty noin 300 miljardin dollarin edest\u00e4, p\u00f6rssi on ollut suljettuna pari viikkoa ja rupla on romahtanut.<\/p>\n\n\n\n<p>Sanktioiden tarkoitus on ajaa Ven\u00e4j\u00e4n talous niin lujaa sein\u00e4\u00e4n, ett\u00e4 Ven\u00e4j\u00e4n kansa, poliitikot, toimittajat, oligarkit ja kenraalit k\u00e4\u00e4ntyisiv\u00e4t <strong>Putinia<\/strong> vastaan. V\u00e4hemm\u00e4lle huomiolle on j\u00e4\u00e4nyt taloussodan vaikutukset l\u00e4nnen talouteen ja laajemmin geopolitiikkaan.<\/p>\n\n\n\n<p>Ukrainan sodan alettua sijoittajien usko maailmantalouteen on <a href=\"https:\/\/www.reuters.com\/business\/finance\/global-markets-survey-urgent-2022-03-15\/?taid=62305b73e9b021000122bf92\" target=\"_blank\" rel=\"noopener\">alhaisimmillaan sitten vuoden 2008 finanssikriisin<\/a> &#8211; luottamuksen lasku on ollut jyrkemp\u00e4\u00e4 kuin koronasulkujen alettua kev\u00e4\u00e4ll\u00e4 2020. Lis\u00e4ksi inflaation odotetaan nousevan voimakkaasti. Energian hinnannousun vuoksi ter\u00e4stehtaat ymp\u00e4ri Eurooppaa ajavat jo tuotantoaan alas, mik\u00e4 tulee entisest\u00e4\u00e4n pahentamaan tarjonnan pullonkauloja, joista ei ole ehditty toipua koronakriisin j\u00e4lkeen. Lis\u00e4ksi Kiinan uudet koronasulut tulevat heikent\u00e4m\u00e4\u00e4n globaaleja tarjontaketjuja entisest\u00e4\u00e4n.<\/p>\n\n\n\n<p>Saksalaisen ZEW-tutkimuslaitoksen mukaan Ukrainan sota ja Ven\u00e4j\u00e4n sanktiot lis\u00e4\u00e4v\u00e4tkin merkitt\u00e4v\u00e4sti <a href=\"https:\/\/www.fxstreet.com\/news\/germanys-zew-a-recession-is-becoming-more-and-more-likely-202203151006\" target=\"_blank\" rel=\"noopener\">taantuman riski\u00e4 Saksassa<\/a> (ja Euroopassa).<\/p>\n\n\n\n<p><blockquote class=\"twitter-tweet\" data-width=\"550\" data-dnt=\"true\"><p lang=\"en\" dir=\"ltr\">\ud83c\udde9\ud83c\uddea\ud83c\uddea\ud83c\uddfa For once, I would argue that the German ZEW provides a fair picture of the current mood. <a href=\"https:\/\/t.co\/JvQjtBUTho\">pic.twitter.com\/JvQjtBUTho<\/a><\/p>&mdash; Frederik Ducrozet (@fwred) <a href=\"https:\/\/twitter.com\/fwred\/status\/1503683464066965506?ref_src=twsrc%5Etfw\">March 15, 2022<\/a><\/blockquote><script async src=\"https:\/\/platform.twitter.com\/widgets.js\" charset=\"utf-8\"><\/script><\/p>\n\n\n\n<p>Toiseksi, l\u00e4nnen ja Ven\u00e4j\u00e4n v\u00e4lit ovat peruuttamattomasti rikki, mik\u00e4 todenn\u00e4k\u00f6isesti kiihdytt\u00e4\u00e4 maailman moninapaistumista. Vaikka Ukrainan sota p\u00e4\u00e4ttyisi, sanktiot ja taloudellinen sota Ven\u00e4j\u00e4n ja l\u00e4nnen v\u00e4lill\u00e4 jatkunee ainakin niin kauan kuin Putin on vallassa.<\/p>\n\n\n\n<p>Sen lis\u00e4ksi, ett\u00e4 Eurooppa pyrkii kasvattamaan energiaomavaraisuutta ja kehitt\u00e4m\u00e4\u00e4n puolustustaan, sen yhteisty\u00f6 ja riippuvaisuus Yhdysvalloista todenn\u00e4k\u00f6isesti kasvaa.<\/p>\n\n\n\n<p>Kaikki maat eiv\u00e4t kuitenkaan viel\u00e4 ole osallistuneet Ven\u00e4j\u00e4n erist\u00e4miseen ja Ven\u00e4j\u00e4 joutuukin siirt\u00e4m\u00e4\u00e4n kauppasuhteitaan l\u00e4nnen ulkopuolelle, erityisesti Aasiaan. T\u00e4ll\u00e4 hetkell\u00e4 Intia ja Ven\u00e4j\u00e4 esimerkiksi neuvottelevat <a href=\"https:\/\/www.outlookindia.com\/business\/india-considers-buying-russian-oil-commodities-at-discounted-price-report-news-186794\" target=\"_blank\" rel=\"noopener\">\u00f6ljykaupan lis\u00e4\u00e4misest\u00e4<\/a>.<\/p>\n\n\n\n<p>Se, ett\u00e4 taloudellisessa sodassa on alettu sulkea valtioita dollarij\u00e4rjestelm\u00e4n ulkopuolelle ja j\u00e4\u00e4dytt\u00e4\u00e4 keskuspankkien ulkomaisia varoja, todenn\u00e4k\u00f6isesti kiihdytt\u00e4\u00e4 vaihtoehtoisten maksuj\u00e4rjestelmien kehitt\u00e4mist\u00e4 ja <a href=\"https:\/\/www.wsj.com\/articles\/saudi-arabia-considers-accepting-yuan-instead-of-dollars-for-chinese-oil-sales-11647351541\" target=\"_blank\" rel=\"noopener\">heikent\u00e4\u00e4 pidemm\u00e4ll\u00e4 aikav\u00e4lill\u00e4 dollarihegemoniaa<\/a>.<\/p>\n\n\n\n<p>Kiinan mahdollinen aiempaa strategisempi yhteisty\u00f6 Ven\u00e4j\u00e4n kanssa tulee olemaan avainasemassa uuden maailmantalouden j\u00e4rjestyksen luomisessa. Eurasia Groupin johtaja <strong>Ian Bremmer<\/strong> arvioi, ett\u00e4 Kiinan irrottautuminen l\u00e4nnest\u00e4 merkitsisi <a href=\"https:\/\/twitter.com\/ianbremmer\/status\/1503488208813834247\" target=\"_blank\" rel=\"noopener\">maailmantalouden uutta hajaantumista ja globalisaation p\u00e4\u00e4ttymist\u00e4<\/a>.<\/p>\n\n\n\n<p>Keskin\u00e4isriippuvaisessa maailmassa kirurgiset sanktiot ovat mahdottomia ja leka pamahtaa my\u00f6s ly\u00f6j\u00e4n p\u00e4\u00e4h\u00e4n. Sanktiot ovat kuin mehil\u00e4isen pisto. Ne aiheuttavat v\u00e4lit\u00f6nt\u00e4 kipua, mutta my\u00f6s peruuttamattomia seurauksia.<\/p>\n\n\n\n<p><blockquote class=\"twitter-tweet\" data-width=\"550\" data-dnt=\"true\"><p lang=\"und\" dir=\"ltr\"><a href=\"https:\/\/t.co\/RAANkydhmd\">pic.twitter.com\/RAANkydhmd<\/a><\/p>&mdash; lemasabachthani (@lemasabachthani) <a href=\"https:\/\/twitter.com\/lemasabachthani\/status\/1501581674982871043?ref_src=twsrc%5Etfw\">March 9, 2022<\/a><\/blockquote><script async src=\"https:\/\/platform.twitter.com\/widgets.js\" charset=\"utf-8\"><\/script><\/p>\n\n\n","protected":false},"excerpt":{"rendered":"<p>McDonald&#8217;sin l\u00e4ht\u00f6 Ven\u00e4j\u00e4lt\u00e4 merkitsee kylm\u00e4n sodan p\u00e4\u00e4ttymisen symbolista p\u00e4\u00e4ttymist\u00e4. Sen lis\u00e4ksi ett\u00e4 yritykset l\u00e4htev\u00e4t kilpaa Ven\u00e4j\u00e4lt\u00e4, l\u00e4nsimaat ovat asettaneet talouspakotteita, joiden seurauksena Ven\u00e4j\u00e4 on k\u00e4yt\u00e4nn\u00f6ss\u00e4<br \/>\nirtikytketty l\u00e4ntisilt\u00e4 &hellip;<\/p>\n","protected":false},"author":37967,"featured_media":0,"comment_status":"open","ping_status":"open","sticky":false,"template":"","format":"standard","meta":{"_acf_changed":false,"asauth_required_access_level":3,"asauth_cansharepaid":"true","om_header_attributes":[],"footnotes":"","om_featured_image_focal_point":[],"om_primary_tag":0,"om_contributors":[],"om_co_authors":[],"beyondwords_generate_audio":"","beyondwords_project_id":"","beyondwords_content_id":"","beyondwords_preview_token":"","beyondwords_player_content":"","beyondwords_player_style":"","beyondwords_language_code":"","beyondwords_language_id":"","beyondwords_title_voice_id":"","beyondwords_body_voice_id":"","beyondwords_summary_voice_id":"","beyondwords_error_message":"","beyondwords_disabled":"","beyondwords_delete_content":"","beyondwords_podcast_id":"","beyondwords_hash":"","publish_post_to_speechkit":"","speechkit_hash":"","speechkit_generate_audio":"","speechkit_project_id":"","speechkit_podcast_id":"","speechkit_error_message":"","speechkit_disabled":"","speechkit_access_key":"","speechkit_error":"","speechkit_info":"","speechkit_response":"","speechkit_retries":"","speechkit_status":"","speechkit_updated_at":"","_speechkit_link":"","_speechkit_text":""},"categories":[1],"tags":[561,106,558,559,560,553,222],"class_list":["post-8318","post","type-post","status-publish","format-standard","hentry","category-vallan-mahotonta","tag-deglobalisaatio","tag-geopolitiikka","tag-irtikytkenta","tag-sanktiot","tag-taantumaa","tag-ukrainan-sota","tag-venaja"],"om_views":null,"acf":{"tuuma_off":false,"tuuma_kysymys":"","tuuma_vastaus":""},"asauth":{"required_access_level":1,"share_token":"","is_paid":false},"yoast_head":"<!-- This site is optimized with the Yoast SEO plugin v26.4 - https:\/\/yoast.com\/wordpress\/plugins\/seo\/ -->\n<title>Ven\u00e4j\u00e4n irtikytkent\u00e4 l\u00e4nnest\u00e4 voi olla globalisaation lopun alku - Vallan mahotonta!<\/title>\n<meta name=\"robots\" content=\"index, follow, max-snippet:-1, max-image-preview:large, max-video-preview:-1\" \/>\n<link rel=\"canonical\" href=\"https:\/\/suomenkuvalehti.fi\/vallan-mahotonta\/venajan-irtikytkenta-lannesta-voi-olla-globalisaation-lopun-alku\/\" \/>\n<meta property=\"og:locale\" content=\"fi_FI\" \/>\n<meta property=\"og:type\" content=\"article\" \/>\n<meta property=\"og:title\" content=\"Ven\u00e4j\u00e4n irtikytkent\u00e4 l\u00e4nnest\u00e4 voi olla globalisaation lopun alku - Vallan mahotonta!\" \/>\n<meta property=\"og:description\" content=\"McDonald&#8217;sin l\u00e4ht\u00f6 Ven\u00e4j\u00e4lt\u00e4 merkitsee kylm\u00e4n sodan p\u00e4\u00e4ttymisen symbolista p\u00e4\u00e4ttymist\u00e4. Sen lis\u00e4ksi ett\u00e4 yritykset l\u00e4htev\u00e4t kilpaa Ven\u00e4j\u00e4lt\u00e4, l\u00e4nsimaat ovat asettaneet talouspakotteita, joiden seurauksena Ven\u00e4j\u00e4 on k\u00e4yt\u00e4nn\u00f6ss\u00e4 irtikytketty l\u00e4ntisilt\u00e4 &hellip;\" \/>\n<meta property=\"og:url\" content=\"https:\/\/suomenkuvalehti.fi\/vallan-mahotonta\/venajan-irtikytkenta-lannesta-voi-olla-globalisaation-lopun-alku\/\" \/>\n<meta property=\"og:site_name\" content=\"Vallan mahotonta!\" \/>\n<meta property=\"article:author\" content=\"https:\/\/www.facebook.com\/a.ronkainen\" \/>\n<meta property=\"article:published_time\" content=\"2022-03-16T08:03:58+00:00\" \/>\n<meta property=\"article:modified_time\" content=\"2022-03-16T08:10:26+00:00\" \/>\n<meta property=\"og:image\" content=\"https:\/\/suomenkuvalehti.fi\/vallan-mahotonta\/wp-content\/uploads\/sites\/42\/2018\/05\/antti_j_ronkainen_blogi_pieni.jpg\" \/>\n\t<meta property=\"og:image:width\" content=\"600\" \/>\n\t<meta property=\"og:image:height\" content=\"600\" \/>\n\t<meta property=\"og:image:type\" content=\"image\/jpeg\" \/>\n<meta name=\"author\" content=\"Antti Ronkainen\" \/>\n<meta name=\"twitter:card\" content=\"summary_large_image\" \/>\n<meta name=\"twitter:creator\" content=\"@https:\/\/twitter.com\/anttironkainen\" \/>\n<meta name=\"twitter:label1\" content=\"Written by\" \/>\n\t<meta name=\"twitter:data1\" content=\"Antti Ronkainen\" \/>\n\t<meta name=\"twitter:label2\" content=\"Est. reading time\" \/>\n\t<meta name=\"twitter:data2\" content=\"2 minuuttia\" \/>\n<script type=\"application\/ld+json\" class=\"yoast-schema-graph\">{\"@context\":\"https:\/\/schema.org\",\"@graph\":[{\"@type\":\"WebPage\",\"@id\":\"https:\/\/suomenkuvalehti.fi\/vallan-mahotonta\/venajan-irtikytkenta-lannesta-voi-olla-globalisaation-lopun-alku\/\",\"url\":\"https:\/\/suomenkuvalehti.fi\/vallan-mahotonta\/venajan-irtikytkenta-lannesta-voi-olla-globalisaation-lopun-alku\/\",\"name\":\"Ven\u00e4j\u00e4n irtikytkent\u00e4 l\u00e4nnest\u00e4 voi olla globalisaation lopun alku - Vallan mahotonta!\",\"isPartOf\":{\"@id\":\"https:\/\/suomenkuvalehti.fi\/vallan-mahotonta\/#website\"},\"datePublished\":\"2022-03-16T08:03:58+00:00\",\"dateModified\":\"2022-03-16T08:10:26+00:00\",\"author\":{\"@id\":\"https:\/\/suomenkuvalehti.fi\/vallan-mahotonta\/#\/schema\/person\/aa34015af7a4bce21e1cdcf566bb57b0\"},\"breadcrumb\":{\"@id\":\"https:\/\/suomenkuvalehti.fi\/vallan-mahotonta\/venajan-irtikytkenta-lannesta-voi-olla-globalisaation-lopun-alku\/#breadcrumb\"},\"inLanguage\":\"fi\",\"potentialAction\":[{\"@type\":\"ReadAction\",\"target\":[\"https:\/\/suomenkuvalehti.fi\/vallan-mahotonta\/venajan-irtikytkenta-lannesta-voi-olla-globalisaation-lopun-alku\/\"]}]},{\"@type\":\"BreadcrumbList\",\"@id\":\"https:\/\/suomenkuvalehti.fi\/vallan-mahotonta\/venajan-irtikytkenta-lannesta-voi-olla-globalisaation-lopun-alku\/#breadcrumb\",\"itemListElement\":[{\"@type\":\"ListItem\",\"position\":1,\"name\":\"Home\",\"item\":\"https:\/\/suomenkuvalehti.fi\/vallan-mahotonta\/\"},{\"@type\":\"ListItem\",\"position\":2,\"name\":\"Ven\u00e4j\u00e4n irtikytkent\u00e4 l\u00e4nnest\u00e4 voi olla globalisaation lopun alku\"}]},{\"@type\":\"WebSite\",\"@id\":\"https:\/\/suomenkuvalehti.fi\/vallan-mahotonta\/#website\",\"url\":\"https:\/\/suomenkuvalehti.fi\/vallan-mahotonta\/\",\"name\":\"Vallan mahotonta!\",\"description\":\"Tutkija Antti Ronkainen seuraa maailmantalouden murrosta.\",\"potentialAction\":[{\"@type\":\"SearchAction\",\"target\":{\"@type\":\"EntryPoint\",\"urlTemplate\":\"https:\/\/suomenkuvalehti.fi\/haku\/?q={search_term_string}\"},\"query-input\":{\"@type\":\"PropertyValueSpecification\",\"valueRequired\":true,\"valueName\":\"search_term_string\"}}],\"inLanguage\":\"fi\"},{\"@type\":\"Person\",\"@id\":\"https:\/\/suomenkuvalehti.fi\/vallan-mahotonta\/#\/schema\/person\/aa34015af7a4bce21e1cdcf566bb57b0\",\"name\":\"Antti Ronkainen\",\"image\":{\"@type\":\"ImageObject\",\"inLanguage\":\"fi\",\"@id\":\"https:\/\/suomenkuvalehti.fi\/vallan-mahotonta\/#\/schema\/person\/image\/\",\"url\":\"https:\/\/suomenkuvalehti.fi\/vallan-mahotonta\/wp-content\/uploads\/sites\/42\/2018\/05\/antti_j_ronkainen_blogi_pieni-150x150.jpg\",\"contentUrl\":\"https:\/\/suomenkuvalehti.fi\/vallan-mahotonta\/wp-content\/uploads\/sites\/42\/2018\/05\/antti_j_ronkainen_blogi_pieni-150x150.jpg\",\"caption\":\"Antti Ronkainen\"},\"description\":\"Antti Ronkainen on poliittisen talouden v\u00e4it\u00f6skirjatutkija Helsingin yliopistolla.\",\"sameAs\":[\"http:\/\/anttironkainen.fi\",\"https:\/\/www.facebook.com\/a.ronkainen\",\"https:\/\/www.instagram.com\/antti.ronkainen\/\",\"https:\/\/x.com\/https:\/\/twitter.com\/anttironkainen\"]}]}<\/script>\n<!-- \/ Yoast SEO plugin. -->","yoast_head_json":{"title":"Ven\u00e4j\u00e4n irtikytkent\u00e4 l\u00e4nnest\u00e4 voi olla globalisaation lopun alku - Vallan mahotonta!","robots":{"index":"index","follow":"follow","max-snippet":"max-snippet:-1","max-image-preview":"max-image-preview:large","max-video-preview":"max-video-preview:-1"},"canonical":"https:\/\/suomenkuvalehti.fi\/vallan-mahotonta\/venajan-irtikytkenta-lannesta-voi-olla-globalisaation-lopun-alku\/","og_locale":"fi_FI","og_type":"article","og_title":"Ven\u00e4j\u00e4n irtikytkent\u00e4 l\u00e4nnest\u00e4 voi olla globalisaation lopun alku - Vallan mahotonta!","og_description":"McDonald&#8217;sin l\u00e4ht\u00f6 Ven\u00e4j\u00e4lt\u00e4 merkitsee kylm\u00e4n sodan p\u00e4\u00e4ttymisen symbolista p\u00e4\u00e4ttymist\u00e4. Sen lis\u00e4ksi ett\u00e4 yritykset l\u00e4htev\u00e4t kilpaa Ven\u00e4j\u00e4lt\u00e4, l\u00e4nsimaat ovat asettaneet talouspakotteita, joiden seurauksena Ven\u00e4j\u00e4 on k\u00e4yt\u00e4nn\u00f6ss\u00e4 irtikytketty l\u00e4ntisilt\u00e4 &hellip;","og_url":"https:\/\/suomenkuvalehti.fi\/vallan-mahotonta\/venajan-irtikytkenta-lannesta-voi-olla-globalisaation-lopun-alku\/","og_site_name":"Vallan mahotonta!","article_author":"https:\/\/www.facebook.com\/a.ronkainen","article_published_time":"2022-03-16T08:03:58+00:00","article_modified_time":"2022-03-16T08:10:26+00:00","og_image":[{"width":600,"height":600,"url":"https:\/\/suomenkuvalehti.fi\/vallan-mahotonta\/wp-content\/uploads\/sites\/42\/2018\/05\/antti_j_ronkainen_blogi_pieni.jpg","type":"image\/jpeg"}],"author":"Antti Ronkainen","twitter_card":"summary_large_image","twitter_creator":"@https:\/\/twitter.com\/anttironkainen","twitter_misc":{"Written by":"Antti Ronkainen","Est. reading time":"2 minuuttia"},"schema":{"@context":"https:\/\/schema.org","@graph":[{"@type":"WebPage","@id":"https:\/\/suomenkuvalehti.fi\/vallan-mahotonta\/venajan-irtikytkenta-lannesta-voi-olla-globalisaation-lopun-alku\/","url":"https:\/\/suomenkuvalehti.fi\/vallan-mahotonta\/venajan-irtikytkenta-lannesta-voi-olla-globalisaation-lopun-alku\/","name":"Ven\u00e4j\u00e4n irtikytkent\u00e4 l\u00e4nnest\u00e4 voi olla globalisaation lopun alku - Vallan mahotonta!","isPartOf":{"@id":"https:\/\/suomenkuvalehti.fi\/vallan-mahotonta\/#website"},"datePublished":"2022-03-16T08:03:58+00:00","dateModified":"2022-03-16T08:10:26+00:00","author":{"@id":"https:\/\/suomenkuvalehti.fi\/vallan-mahotonta\/#\/schema\/person\/aa34015af7a4bce21e1cdcf566bb57b0"},"breadcrumb":{"@id":"https:\/\/suomenkuvalehti.fi\/vallan-mahotonta\/venajan-irtikytkenta-lannesta-voi-olla-globalisaation-lopun-alku\/#breadcrumb"},"inLanguage":"fi","potentialAction":[{"@type":"ReadAction","target":["https:\/\/suomenkuvalehti.fi\/vallan-mahotonta\/venajan-irtikytkenta-lannesta-voi-olla-globalisaation-lopun-alku\/"]}]},{"@type":"BreadcrumbList","@id":"https:\/\/suomenkuvalehti.fi\/vallan-mahotonta\/venajan-irtikytkenta-lannesta-voi-olla-globalisaation-lopun-alku\/#breadcrumb","itemListElement":[{"@type":"ListItem","position":1,"name":"Home","item":"https:\/\/suomenkuvalehti.fi\/vallan-mahotonta\/"},{"@type":"ListItem","position":2,"name":"Ven\u00e4j\u00e4n irtikytkent\u00e4 l\u00e4nnest\u00e4 voi olla globalisaation lopun alku"}]},{"@type":"WebSite","@id":"https:\/\/suomenkuvalehti.fi\/vallan-mahotonta\/#website","url":"https:\/\/suomenkuvalehti.fi\/vallan-mahotonta\/","name":"Vallan mahotonta!","description":"Tutkija Antti Ronkainen seuraa maailmantalouden murrosta.","potentialAction":[{"@type":"SearchAction","target":{"@type":"EntryPoint","urlTemplate":"https:\/\/suomenkuvalehti.fi\/haku\/?q={search_term_string}"},"query-input":{"@type":"PropertyValueSpecification","valueRequired":true,"valueName":"search_term_string"}}],"inLanguage":"fi"},{"@type":"Person","@id":"https:\/\/suomenkuvalehti.fi\/vallan-mahotonta\/#\/schema\/person\/aa34015af7a4bce21e1cdcf566bb57b0","name":"Antti Ronkainen","image":{"@type":"ImageObject","inLanguage":"fi","@id":"https:\/\/suomenkuvalehti.fi\/vallan-mahotonta\/#\/schema\/person\/image\/","url":"https:\/\/suomenkuvalehti.fi\/vallan-mahotonta\/wp-content\/uploads\/sites\/42\/2018\/05\/antti_j_ronkainen_blogi_pieni-150x150.jpg","contentUrl":"https:\/\/suomenkuvalehti.fi\/vallan-mahotonta\/wp-content\/uploads\/sites\/42\/2018\/05\/antti_j_ronkainen_blogi_pieni-150x150.jpg","caption":"Antti Ronkainen"},"description":"Antti Ronkainen on poliittisen talouden v\u00e4it\u00f6skirjatutkija Helsingin yliopistolla.","sameAs":["http:\/\/anttironkainen.fi","https:\/\/www.facebook.com\/a.ronkainen","https:\/\/www.instagram.com\/antti.ronkainen\/","https:\/\/x.com\/https:\/\/twitter.com\/anttironkainen"]}]}},"_links":{"self":[{"href":"https:\/\/suomenkuvalehti.fi\/vallan-mahotonta\/wp-json\/wp\/v2\/posts\/8318","targetHints":{"allow":["GET"]}}],"collection":[{"href":"https:\/\/suomenkuvalehti.fi\/vallan-mahotonta\/wp-json\/wp\/v2\/posts"}],"about":[{"href":"https:\/\/suomenkuvalehti.fi\/vallan-mahotonta\/wp-json\/wp\/v2\/types\/post"}],"author":[{"embeddable":true,"href":"https:\/\/suomenkuvalehti.fi\/vallan-mahotonta\/wp-json\/wp\/v2\/users\/37967"}],"replies":[{"embeddable":true,"href":"https:\/\/suomenkuvalehti.fi\/vallan-mahotonta\/wp-json\/wp\/v2\/comments?post=8318"}],"version-history":[{"count":28,"href":"https:\/\/suomenkuvalehti.fi\/vallan-mahotonta\/wp-json\/wp\/v2\/posts\/8318\/revisions"}],"predecessor-version":[{"id":8349,"href":"https:\/\/suomenkuvalehti.fi\/vallan-mahotonta\/wp-json\/wp\/v2\/posts\/8318\/revisions\/8349"}],"wp:attachment":[{"href":"https:\/\/suomenkuvalehti.fi\/vallan-mahotonta\/wp-json\/wp\/v2\/media?parent=8318"}],"wp:term":[{"taxonomy":"category","embeddable":true,"href":"https:\/\/suomenkuvalehti.fi\/vallan-mahotonta\/wp-json\/wp\/v2\/categories?post=8318"},{"taxonomy":"post_tag","embeddable":true,"href":"https:\/\/suomenkuvalehti.fi\/vallan-mahotonta\/wp-json\/wp\/v2\/tags?post=8318"}],"curies":[{"name":"wp","href":"https:\/\/api.w.org\/{rel}","templated":true}]}}