{"id":8230,"date":"2022-02-18T11:32:29","date_gmt":"2022-02-18T09:32:29","guid":{"rendered":"https:\/\/suomenkuvalehti.fi\/vallan-mahotonta\/?p=8230"},"modified":"2022-02-18T11:32:29","modified_gmt":"2022-02-18T09:32:29","slug":"eu-tuomioistuin-naytti-oikeusvaltiomekanismille-vihreaa-valoa-mutta-elpymisrahasto-tarjoaa-enemman-vipuvoimaa-oikeusvaltioselkkauksessa","status":"publish","type":"post","link":"https:\/\/suomenkuvalehti.fi\/vallan-mahotonta\/eu-tuomioistuin-naytti-oikeusvaltiomekanismille-vihreaa-valoa-mutta-elpymisrahasto-tarjoaa-enemman-vipuvoimaa-oikeusvaltioselkkauksessa\/","title":{"rendered":"EU-tuomioistuin n\u00e4ytti oikeusvaltiomekanismille vihre\u00e4\u00e4 valoa, mutta elpymisrahasto tarjoaa enemm\u00e4n vipuvoimaa oikeusvaltioselkkauksessa"},"content":{"rendered":"\n<p>EU-tuomioistuin antoi toissap\u00e4iv\u00e4n\u00e4 <a href=\"https:\/\/verfassungsblog.de\/no-more-excuses\/\" target=\"_blank\" rel=\"noopener\">ratkaisun<\/a>, jossa se odotetusti hylk\u00e4si Puolan ja Unkarin kanteet uudesta oikeusvaltiomekanismista. Mekanismi astui voimaan jo viime vuoden alusta, mutta EU-maat olivat sopineet, ettei sit\u00e4 aktivoida ennen kuin EU-tuomioistuin on arvioinut mekanismin laillisuuden.<\/p>\n\n\n\n<p>EU-tuomioistuimen ratkaisun my\u00f6t\u00e4 EU-budjetista voidaan j\u00e4\u00e4dytt\u00e4\u00e4 EU-maille menevi\u00e4 varoja oikeusvaltiorikkomusten vuoksi. <a href=\"https:\/\/www.hs.fi\/ulkomaat\/art-2000008619917.html\" target=\"_blank\" rel=\"noopener\">Suomi haluaa<\/a>, ett\u00e4 mekanismi k\u00e4ynnistet\u00e4\u00e4n viipym\u00e4tt\u00e4 Puolaa ja Unkaria vastaan, mink\u00e4 lis\u00e4ksi EU-parlamentti on jo vienyt komission EU-tuomioistuimeen siit\u00e4, ettei mekanismia olla viel\u00e4 otettu k\u00e4ytt\u00f6\u00f6n.<\/p>\n\n\n\n<p>Vaikka komissiolla on kovat paineet k\u00e4ytt\u00e4\u00e4 mekanismia, matka sen k\u00e4ytt\u00f6\u00f6n on viel\u00e4 pitk\u00e4.<\/p>\n\n\n\n<p>Ensinn\u00e4kin, vaikka mekanismi on vahvasti assosioitu oikeusvaltioperiaatteeseen, se k\u00e4yt\u00e4nn\u00f6ss\u00e4 syyn\u00e4\u00e4 EU-varojen v\u00e4\u00e4rink\u00e4ytt\u00f6\u00e4 ja korruptiota. Siten vaikka Puolalla ja EU:lla on k\u00e4ynniss\u00e4 <a href=\"https:\/\/suomenkuvalehti.fi\/vallan-mahotonta\/puolan-oikeusvaltioselkkaus-leviaa-ranskan-presidentinvaaleihin-ja-varittaa-eun-tulevia-reformeja\/?shared=7742-0a8b7645-999\">oikeusvaltioselkkaus<\/a> tuomareiden riippumattomuudesta, on todenn\u00e4k\u00f6isemp\u00e4\u00e4, ett\u00e4 <a href=\"https:\/\/www.politico.eu\/article\/rule-of-law-viktor-orban-hungary-should-brace-for-impact\/\" target=\"_blank\" rel=\"noopener\">mekanismi aktivoidaan ennemmin Unkaria<\/a> kuin Puolaa vastaan.<\/p>\n\n\n\n<p>Toiseksi, mekanismin k\u00e4ytt\u00f6 kiihdytt\u00e4nee Brysselin ja It\u00e4-Euroopan v\u00e4list\u00e4 konfliktia entisest\u00e4\u00e4n.&nbsp;Unkarissa on vaalit huhtikuun alussa, joiden tulokseen mekanismin k\u00e4ytt\u00f6 voi vaikuttaa. Yhdistyneen opposition kannatus on ollut hienoisessa laskussa ja <strong>Viktor Orbanin<\/strong> Fidesz <a href=\"https:\/\/europeelects.eu\/hungary\/\" target=\"_blank\" rel=\"noopener\">johtaa gallupeja<\/a> reilulla 6 prosettiyksik\u00f6ll\u00e4. Historian professori ja Unkari-asiantuntija <strong>Heino Nyyss\u00f6nen<\/strong> arvioi, ett\u00e4 mekanismin k\u00e4ytt\u00f6 voisi hy\u00f6dytt\u00e4\u00e4 sek\u00e4 oppositiota ett\u00e4 Orbania riippuen siit\u00e4, kumpi osaisi kehyst\u00e4\u00e4 tilanteen paremmin. Mekanismin k\u00e4ytt\u00f6 todenn\u00e4k\u00f6isesti heijastuisi my\u00f6s Puolan oikeusvaltioselkkaukseen.<\/p>\n\n\n\n<p>Kolmanneksi, varojen j\u00e4\u00e4dytt\u00e4misen hyv\u00e4ksyy lopulta Eurooppa-neuvosto, jossa tarvitaan m\u00e4\u00e4r\u00e4nemmist\u00f6. T\u00e4m\u00e4 tarkoittaa v\u00e4hint\u00e4\u00e4n 15 EU-maata, jotka edustavat 65 prosenttia EU:n v\u00e4est\u00f6st\u00e4. Komission onkin oltava t\u00e4ysin varma, ett\u00e4 esitys menee l\u00e4pi Eurooppa-neuvostossa. Muutoin koko oikeusvaltiomekanismi kuolee kohtuun. Komission puheenjohtaja <strong>Ursula von der Leyen<\/strong> on arvioinut, ett\u00e4 <a href=\"https:\/\/euobserver.com\/democracy\/154378\" target=\"_blank\" rel=\"noopener\">tapauksen valmisteluun menee viikkoja<\/a>, jolloin aktivointi voisi tapahtua maaliskuussa.<\/p>\n\n\n\n<p>Nelj\u00e4nneksi, komissio on jo j\u00e4\u00e4dytt\u00e4nyt Puolan ja Unkarin elpymisvarastosta tulevat varat ja on ep\u00e4todenn\u00e4k\u00f6ist\u00e4, ett\u00e4 kumpikaan maa n\u00e4it\u00e4 rahoja saisi ilman my\u00f6nnytyksi\u00e4 komissiolle. Komissio on asettanut elpymisrahaston varojen saamiseksi ehdoksi, ett\u00e4 Puola purkaa korkeimman oikeuden yhteyteen perustetun kurinpitojaoston ja palauttaa erotetut tuomarit virkoihinsa. EU-tuomioistuin on my\u00f6s l\u00e4tk\u00e4issyt Puolalle sakkoja tuomarikiistassa, joita aletaan v\u00e4hent\u00e4\u00e4 EU-budjetista menevist\u00e4 varoista. Lis\u00e4ksi komissio voi vaatia EU-tuomioistuimelta korkeampaa sakkoa.<\/p>\n\n\n\n<p>Toisin sanoen on todenn\u00e4k\u00f6isest\u00e4, ett\u00e4 oikeusvaltiomekanismia k\u00e4ytet\u00e4\u00e4n ennemmin Unkaria kuin Puolaa vastaan, mutta ei oikeusvaltiorikkomusten vaan EU-varojen v\u00e4\u00e4rink\u00e4yt\u00f6n vuoksi. Oikeusvaltiomekanismi on uusi instrumentti, jolla voidaan j\u00e4\u00e4dytt\u00e4\u00e4 EU-varoja entisest\u00e4\u00e4n, mutta elpymisrahaston varat tarjoavat komissiolle tehokkaamman vipuvarren oikeusvaltioperiaatteen edist\u00e4miseksi. Mekanismin k\u00e4ytt\u00f6\u00f6n sis\u00e4ltyy runsaasti EU:n yhten\u00e4isyyteen ja komission uskottavuuteen liittyvi\u00e4 riskej\u00e4 tilanteessa, jossa Puola on Ukrainan kriisin eturintamassa.<\/p>\n\n\n","protected":false},"excerpt":{"rendered":"<p>EU-tuomioistuin antoi toissap\u00e4iv\u00e4n\u00e4 ratkaisun, jossa se odotetusti hylk\u00e4si Puolan ja Unkarin kanteet uudesta oikeusvaltiomekanismista. Mekanismi astui voimaan jo viime vuoden alusta, mutta<br \/>\nEU-&hellip;<\/p>\n","protected":false},"author":37967,"featured_media":0,"comment_status":"open","ping_status":"open","sticky":false,"template":"","format":"standard","meta":{"_acf_changed":false,"asauth_required_access_level":3,"asauth_cansharepaid":"true","om_header_attributes":[],"footnotes":"","om_featured_image_focal_point":[],"om_primary_tag":0,"om_contributors":[],"om_co_authors":[],"beyondwords_generate_audio":"","beyondwords_project_id":"","beyondwords_content_id":"","beyondwords_preview_token":"","beyondwords_player_content":"","beyondwords_player_style":"","beyondwords_language_code":"","beyondwords_language_id":"","beyondwords_title_voice_id":"","beyondwords_body_voice_id":"","beyondwords_summary_voice_id":"","beyondwords_error_message":"","beyondwords_disabled":"","beyondwords_delete_content":"","beyondwords_podcast_id":"","beyondwords_hash":"","publish_post_to_speechkit":"","speechkit_hash":"","speechkit_generate_audio":"","speechkit_project_id":"","speechkit_podcast_id":"","speechkit_error_message":"","speechkit_disabled":"","speechkit_access_key":"","speechkit_error":"","speechkit_info":"","speechkit_response":"","speechkit_retries":"","speechkit_status":"","speechkit_updated_at":"","_speechkit_link":"","_speechkit_text":""},"categories":[1],"tags":[352,346,243,529,404,405,406],"class_list":["post-8230","post","type-post","status-publish","format-standard","hentry","category-vallan-mahotonta","tag-elpymisrahasto","tag-eu-tuomioistuin","tag-komissio","tag-oikeusvaltiomekanismi","tag-oikeusvaltioperiaate","tag-puola","tag-unkari"],"om_views":null,"acf":{"tuuma_off":false,"tuuma_kysymys":"","tuuma_vastaus":""},"asauth":{"required_access_level":1,"share_token":"","is_paid":false},"yoast_head":"<!-- This site is optimized with the Yoast SEO plugin v26.4 - https:\/\/yoast.com\/wordpress\/plugins\/seo\/ -->\n<title>EU-tuomioistuin n\u00e4ytti oikeusvaltiomekanismille vihre\u00e4\u00e4 valoa, mutta elpymisrahasto tarjoaa enemm\u00e4n vipuvoimaa oikeusvaltioselkkauksessa - Vallan mahotonta!<\/title>\n<meta name=\"robots\" content=\"index, follow, max-snippet:-1, max-image-preview:large, max-video-preview:-1\" \/>\n<link rel=\"canonical\" href=\"https:\/\/suomenkuvalehti.fi\/vallan-mahotonta\/eu-tuomioistuin-naytti-oikeusvaltiomekanismille-vihreaa-valoa-mutta-elpymisrahasto-tarjoaa-enemman-vipuvoimaa-oikeusvaltioselkkauksessa\/\" \/>\n<meta property=\"og:locale\" content=\"fi_FI\" \/>\n<meta property=\"og:type\" content=\"article\" \/>\n<meta property=\"og:title\" content=\"EU-tuomioistuin n\u00e4ytti oikeusvaltiomekanismille vihre\u00e4\u00e4 valoa, mutta elpymisrahasto tarjoaa enemm\u00e4n vipuvoimaa oikeusvaltioselkkauksessa - Vallan mahotonta!\" \/>\n<meta property=\"og:description\" content=\"EU-tuomioistuin antoi toissap\u00e4iv\u00e4n\u00e4 ratkaisun, jossa se odotetusti hylk\u00e4si Puolan ja Unkarin kanteet uudesta oikeusvaltiomekanismista. Mekanismi astui voimaan jo viime vuoden alusta, mutta EU-&hellip;\" \/>\n<meta property=\"og:url\" content=\"https:\/\/suomenkuvalehti.fi\/vallan-mahotonta\/eu-tuomioistuin-naytti-oikeusvaltiomekanismille-vihreaa-valoa-mutta-elpymisrahasto-tarjoaa-enemman-vipuvoimaa-oikeusvaltioselkkauksessa\/\" \/>\n<meta property=\"og:site_name\" content=\"Vallan mahotonta!\" \/>\n<meta property=\"article:author\" content=\"https:\/\/www.facebook.com\/a.ronkainen\" \/>\n<meta property=\"article:published_time\" content=\"2022-02-18T09:32:29+00:00\" \/>\n<meta property=\"og:image\" content=\"https:\/\/suomenkuvalehti.fi\/vallan-mahotonta\/wp-content\/uploads\/sites\/42\/2018\/05\/antti_j_ronkainen_blogi_pieni.jpg\" \/>\n\t<meta property=\"og:image:width\" content=\"600\" \/>\n\t<meta property=\"og:image:height\" content=\"600\" \/>\n\t<meta property=\"og:image:type\" content=\"image\/jpeg\" \/>\n<meta name=\"author\" content=\"Antti Ronkainen\" \/>\n<meta name=\"twitter:card\" content=\"summary_large_image\" \/>\n<meta name=\"twitter:creator\" content=\"@https:\/\/twitter.com\/anttironkainen\" \/>\n<meta name=\"twitter:label1\" content=\"Written by\" \/>\n\t<meta name=\"twitter:data1\" content=\"Antti Ronkainen\" \/>\n\t<meta name=\"twitter:label2\" content=\"Est. reading time\" \/>\n\t<meta name=\"twitter:data2\" content=\"3 minuuttia\" \/>\n<script type=\"application\/ld+json\" class=\"yoast-schema-graph\">{\"@context\":\"https:\/\/schema.org\",\"@graph\":[{\"@type\":\"WebPage\",\"@id\":\"https:\/\/suomenkuvalehti.fi\/vallan-mahotonta\/eu-tuomioistuin-naytti-oikeusvaltiomekanismille-vihreaa-valoa-mutta-elpymisrahasto-tarjoaa-enemman-vipuvoimaa-oikeusvaltioselkkauksessa\/\",\"url\":\"https:\/\/suomenkuvalehti.fi\/vallan-mahotonta\/eu-tuomioistuin-naytti-oikeusvaltiomekanismille-vihreaa-valoa-mutta-elpymisrahasto-tarjoaa-enemman-vipuvoimaa-oikeusvaltioselkkauksessa\/\",\"name\":\"EU-tuomioistuin n\u00e4ytti oikeusvaltiomekanismille vihre\u00e4\u00e4 valoa, mutta elpymisrahasto tarjoaa enemm\u00e4n vipuvoimaa oikeusvaltioselkkauksessa - Vallan mahotonta!\",\"isPartOf\":{\"@id\":\"https:\/\/suomenkuvalehti.fi\/vallan-mahotonta\/#website\"},\"datePublished\":\"2022-02-18T09:32:29+00:00\",\"author\":{\"@id\":\"https:\/\/suomenkuvalehti.fi\/vallan-mahotonta\/#\/schema\/person\/aa34015af7a4bce21e1cdcf566bb57b0\"},\"breadcrumb\":{\"@id\":\"https:\/\/suomenkuvalehti.fi\/vallan-mahotonta\/eu-tuomioistuin-naytti-oikeusvaltiomekanismille-vihreaa-valoa-mutta-elpymisrahasto-tarjoaa-enemman-vipuvoimaa-oikeusvaltioselkkauksessa\/#breadcrumb\"},\"inLanguage\":\"fi\",\"potentialAction\":[{\"@type\":\"ReadAction\",\"target\":[\"https:\/\/suomenkuvalehti.fi\/vallan-mahotonta\/eu-tuomioistuin-naytti-oikeusvaltiomekanismille-vihreaa-valoa-mutta-elpymisrahasto-tarjoaa-enemman-vipuvoimaa-oikeusvaltioselkkauksessa\/\"]}]},{\"@type\":\"BreadcrumbList\",\"@id\":\"https:\/\/suomenkuvalehti.fi\/vallan-mahotonta\/eu-tuomioistuin-naytti-oikeusvaltiomekanismille-vihreaa-valoa-mutta-elpymisrahasto-tarjoaa-enemman-vipuvoimaa-oikeusvaltioselkkauksessa\/#breadcrumb\",\"itemListElement\":[{\"@type\":\"ListItem\",\"position\":1,\"name\":\"Home\",\"item\":\"https:\/\/suomenkuvalehti.fi\/vallan-mahotonta\/\"},{\"@type\":\"ListItem\",\"position\":2,\"name\":\"EU-tuomioistuin n\u00e4ytti oikeusvaltiomekanismille vihre\u00e4\u00e4 valoa, mutta elpymisrahasto tarjoaa enemm\u00e4n vipuvoimaa oikeusvaltioselkkauksessa\"}]},{\"@type\":\"WebSite\",\"@id\":\"https:\/\/suomenkuvalehti.fi\/vallan-mahotonta\/#website\",\"url\":\"https:\/\/suomenkuvalehti.fi\/vallan-mahotonta\/\",\"name\":\"Vallan mahotonta!\",\"description\":\"Tutkija Antti Ronkainen seuraa maailmantalouden murrosta.\",\"potentialAction\":[{\"@type\":\"SearchAction\",\"target\":{\"@type\":\"EntryPoint\",\"urlTemplate\":\"https:\/\/suomenkuvalehti.fi\/haku\/?q={search_term_string}\"},\"query-input\":{\"@type\":\"PropertyValueSpecification\",\"valueRequired\":true,\"valueName\":\"search_term_string\"}}],\"inLanguage\":\"fi\"},{\"@type\":\"Person\",\"@id\":\"https:\/\/suomenkuvalehti.fi\/vallan-mahotonta\/#\/schema\/person\/aa34015af7a4bce21e1cdcf566bb57b0\",\"name\":\"Antti Ronkainen\",\"image\":{\"@type\":\"ImageObject\",\"inLanguage\":\"fi\",\"@id\":\"https:\/\/suomenkuvalehti.fi\/vallan-mahotonta\/#\/schema\/person\/image\/\",\"url\":\"https:\/\/suomenkuvalehti.fi\/vallan-mahotonta\/wp-content\/uploads\/sites\/42\/2018\/05\/antti_j_ronkainen_blogi_pieni-150x150.jpg\",\"contentUrl\":\"https:\/\/suomenkuvalehti.fi\/vallan-mahotonta\/wp-content\/uploads\/sites\/42\/2018\/05\/antti_j_ronkainen_blogi_pieni-150x150.jpg\",\"caption\":\"Antti Ronkainen\"},\"description\":\"Antti Ronkainen on poliittisen talouden v\u00e4it\u00f6skirjatutkija Helsingin yliopistolla.\",\"sameAs\":[\"http:\/\/anttironkainen.fi\",\"https:\/\/www.facebook.com\/a.ronkainen\",\"https:\/\/www.instagram.com\/antti.ronkainen\/\",\"https:\/\/x.com\/https:\/\/twitter.com\/anttironkainen\"]}]}<\/script>\n<!-- \/ Yoast SEO plugin. -->","yoast_head_json":{"title":"EU-tuomioistuin n\u00e4ytti oikeusvaltiomekanismille vihre\u00e4\u00e4 valoa, mutta elpymisrahasto tarjoaa enemm\u00e4n vipuvoimaa oikeusvaltioselkkauksessa - Vallan mahotonta!","robots":{"index":"index","follow":"follow","max-snippet":"max-snippet:-1","max-image-preview":"max-image-preview:large","max-video-preview":"max-video-preview:-1"},"canonical":"https:\/\/suomenkuvalehti.fi\/vallan-mahotonta\/eu-tuomioistuin-naytti-oikeusvaltiomekanismille-vihreaa-valoa-mutta-elpymisrahasto-tarjoaa-enemman-vipuvoimaa-oikeusvaltioselkkauksessa\/","og_locale":"fi_FI","og_type":"article","og_title":"EU-tuomioistuin n\u00e4ytti oikeusvaltiomekanismille vihre\u00e4\u00e4 valoa, mutta elpymisrahasto tarjoaa enemm\u00e4n vipuvoimaa oikeusvaltioselkkauksessa - Vallan mahotonta!","og_description":"EU-tuomioistuin antoi toissap\u00e4iv\u00e4n\u00e4 ratkaisun, jossa se odotetusti hylk\u00e4si Puolan ja Unkarin kanteet uudesta oikeusvaltiomekanismista. Mekanismi astui voimaan jo viime vuoden alusta, mutta EU-&hellip;","og_url":"https:\/\/suomenkuvalehti.fi\/vallan-mahotonta\/eu-tuomioistuin-naytti-oikeusvaltiomekanismille-vihreaa-valoa-mutta-elpymisrahasto-tarjoaa-enemman-vipuvoimaa-oikeusvaltioselkkauksessa\/","og_site_name":"Vallan mahotonta!","article_author":"https:\/\/www.facebook.com\/a.ronkainen","article_published_time":"2022-02-18T09:32:29+00:00","og_image":[{"width":600,"height":600,"url":"https:\/\/suomenkuvalehti.fi\/vallan-mahotonta\/wp-content\/uploads\/sites\/42\/2018\/05\/antti_j_ronkainen_blogi_pieni.jpg","type":"image\/jpeg"}],"author":"Antti Ronkainen","twitter_card":"summary_large_image","twitter_creator":"@https:\/\/twitter.com\/anttironkainen","twitter_misc":{"Written by":"Antti Ronkainen","Est. reading time":"3 minuuttia"},"schema":{"@context":"https:\/\/schema.org","@graph":[{"@type":"WebPage","@id":"https:\/\/suomenkuvalehti.fi\/vallan-mahotonta\/eu-tuomioistuin-naytti-oikeusvaltiomekanismille-vihreaa-valoa-mutta-elpymisrahasto-tarjoaa-enemman-vipuvoimaa-oikeusvaltioselkkauksessa\/","url":"https:\/\/suomenkuvalehti.fi\/vallan-mahotonta\/eu-tuomioistuin-naytti-oikeusvaltiomekanismille-vihreaa-valoa-mutta-elpymisrahasto-tarjoaa-enemman-vipuvoimaa-oikeusvaltioselkkauksessa\/","name":"EU-tuomioistuin n\u00e4ytti oikeusvaltiomekanismille vihre\u00e4\u00e4 valoa, mutta elpymisrahasto tarjoaa enemm\u00e4n vipuvoimaa oikeusvaltioselkkauksessa - Vallan mahotonta!","isPartOf":{"@id":"https:\/\/suomenkuvalehti.fi\/vallan-mahotonta\/#website"},"datePublished":"2022-02-18T09:32:29+00:00","author":{"@id":"https:\/\/suomenkuvalehti.fi\/vallan-mahotonta\/#\/schema\/person\/aa34015af7a4bce21e1cdcf566bb57b0"},"breadcrumb":{"@id":"https:\/\/suomenkuvalehti.fi\/vallan-mahotonta\/eu-tuomioistuin-naytti-oikeusvaltiomekanismille-vihreaa-valoa-mutta-elpymisrahasto-tarjoaa-enemman-vipuvoimaa-oikeusvaltioselkkauksessa\/#breadcrumb"},"inLanguage":"fi","potentialAction":[{"@type":"ReadAction","target":["https:\/\/suomenkuvalehti.fi\/vallan-mahotonta\/eu-tuomioistuin-naytti-oikeusvaltiomekanismille-vihreaa-valoa-mutta-elpymisrahasto-tarjoaa-enemman-vipuvoimaa-oikeusvaltioselkkauksessa\/"]}]},{"@type":"BreadcrumbList","@id":"https:\/\/suomenkuvalehti.fi\/vallan-mahotonta\/eu-tuomioistuin-naytti-oikeusvaltiomekanismille-vihreaa-valoa-mutta-elpymisrahasto-tarjoaa-enemman-vipuvoimaa-oikeusvaltioselkkauksessa\/#breadcrumb","itemListElement":[{"@type":"ListItem","position":1,"name":"Home","item":"https:\/\/suomenkuvalehti.fi\/vallan-mahotonta\/"},{"@type":"ListItem","position":2,"name":"EU-tuomioistuin n\u00e4ytti oikeusvaltiomekanismille vihre\u00e4\u00e4 valoa, mutta elpymisrahasto tarjoaa enemm\u00e4n vipuvoimaa oikeusvaltioselkkauksessa"}]},{"@type":"WebSite","@id":"https:\/\/suomenkuvalehti.fi\/vallan-mahotonta\/#website","url":"https:\/\/suomenkuvalehti.fi\/vallan-mahotonta\/","name":"Vallan mahotonta!","description":"Tutkija Antti Ronkainen seuraa maailmantalouden murrosta.","potentialAction":[{"@type":"SearchAction","target":{"@type":"EntryPoint","urlTemplate":"https:\/\/suomenkuvalehti.fi\/haku\/?q={search_term_string}"},"query-input":{"@type":"PropertyValueSpecification","valueRequired":true,"valueName":"search_term_string"}}],"inLanguage":"fi"},{"@type":"Person","@id":"https:\/\/suomenkuvalehti.fi\/vallan-mahotonta\/#\/schema\/person\/aa34015af7a4bce21e1cdcf566bb57b0","name":"Antti Ronkainen","image":{"@type":"ImageObject","inLanguage":"fi","@id":"https:\/\/suomenkuvalehti.fi\/vallan-mahotonta\/#\/schema\/person\/image\/","url":"https:\/\/suomenkuvalehti.fi\/vallan-mahotonta\/wp-content\/uploads\/sites\/42\/2018\/05\/antti_j_ronkainen_blogi_pieni-150x150.jpg","contentUrl":"https:\/\/suomenkuvalehti.fi\/vallan-mahotonta\/wp-content\/uploads\/sites\/42\/2018\/05\/antti_j_ronkainen_blogi_pieni-150x150.jpg","caption":"Antti Ronkainen"},"description":"Antti Ronkainen on poliittisen talouden v\u00e4it\u00f6skirjatutkija Helsingin yliopistolla.","sameAs":["http:\/\/anttironkainen.fi","https:\/\/www.facebook.com\/a.ronkainen","https:\/\/www.instagram.com\/antti.ronkainen\/","https:\/\/x.com\/https:\/\/twitter.com\/anttironkainen"]}]}},"_links":{"self":[{"href":"https:\/\/suomenkuvalehti.fi\/vallan-mahotonta\/wp-json\/wp\/v2\/posts\/8230","targetHints":{"allow":["GET"]}}],"collection":[{"href":"https:\/\/suomenkuvalehti.fi\/vallan-mahotonta\/wp-json\/wp\/v2\/posts"}],"about":[{"href":"https:\/\/suomenkuvalehti.fi\/vallan-mahotonta\/wp-json\/wp\/v2\/types\/post"}],"author":[{"embeddable":true,"href":"https:\/\/suomenkuvalehti.fi\/vallan-mahotonta\/wp-json\/wp\/v2\/users\/37967"}],"replies":[{"embeddable":true,"href":"https:\/\/suomenkuvalehti.fi\/vallan-mahotonta\/wp-json\/wp\/v2\/comments?post=8230"}],"version-history":[{"count":17,"href":"https:\/\/suomenkuvalehti.fi\/vallan-mahotonta\/wp-json\/wp\/v2\/posts\/8230\/revisions"}],"predecessor-version":[{"id":8247,"href":"https:\/\/suomenkuvalehti.fi\/vallan-mahotonta\/wp-json\/wp\/v2\/posts\/8230\/revisions\/8247"}],"wp:attachment":[{"href":"https:\/\/suomenkuvalehti.fi\/vallan-mahotonta\/wp-json\/wp\/v2\/media?parent=8230"}],"wp:term":[{"taxonomy":"category","embeddable":true,"href":"https:\/\/suomenkuvalehti.fi\/vallan-mahotonta\/wp-json\/wp\/v2\/categories?post=8230"},{"taxonomy":"post_tag","embeddable":true,"href":"https:\/\/suomenkuvalehti.fi\/vallan-mahotonta\/wp-json\/wp\/v2\/tags?post=8230"}],"curies":[{"name":"wp","href":"https:\/\/api.w.org\/{rel}","templated":true}]}}