{"id":7704,"date":"2021-10-05T11:34:22","date_gmt":"2021-10-05T08:34:22","guid":{"rendered":"https:\/\/suomenkuvalehti.fi\/vallan-mahotonta\/?p=7704"},"modified":"2021-10-05T11:34:22","modified_gmt":"2021-10-05T08:34:22","slug":"kulttuurivasemmisto-ei-ymmarra-persuuntumista-eika-sen-aiheuttamia-tunteita-itsessaan","status":"publish","type":"post","link":"https:\/\/suomenkuvalehti.fi\/vallan-mahotonta\/kulttuurivasemmisto-ei-ymmarra-persuuntumista-eika-sen-aiheuttamia-tunteita-itsessaan\/","title":{"rendered":"Kulttuurivasemmisto ei ymm\u00e4rr\u00e4 persuuntumista eik\u00e4 sen aiheuttamia tunteita itsess\u00e4\u00e4n"},"content":{"rendered":"<figure class=\"wp-block-image size-large is-resized alignnone\">\n  <div class=\"wp-block-image__inner-container\">\n    <a href=\"https:\/\/suomenkuvalehti.fi\/vallan-mahotonta\/wp-content\/uploads\/sites\/42\/2021\/10\/rocky.png\"><img loading=\"lazy\" decoding=\"async\" src=\"https:\/\/suomenkuvalehti.fi\/vallan-mahotonta\/wp-content\/uploads\/sites\/42\/2021\/10\/rocky-1024x727.png\" alt=\"\" class=\"wp-image-7711\" width=\"1024\" height=\"727\" style=\"--aspect-ratio: 1.41\" srcset=\"https:\/\/suomenkuvalehti.fi\/vallan-mahotonta\/wp-content\/uploads\/sites\/42\/2021\/10\/rocky-1024x727.png 1024w, https:\/\/suomenkuvalehti.fi\/vallan-mahotonta\/wp-content\/uploads\/sites\/42\/2021\/10\/rocky-300x213.png 300w, https:\/\/suomenkuvalehti.fi\/vallan-mahotonta\/wp-content\/uploads\/sites\/42\/2021\/10\/rocky-768x546.png 768w, https:\/\/suomenkuvalehti.fi\/vallan-mahotonta\/wp-content\/uploads\/sites\/42\/2021\/10\/rocky.png 1039w\" sizes=\"auto, (max-width: 1024px) 100vw, 1024px\" \/><\/a>    <figcaption class=\"wp-block-image__figcaption\">\n      Martin Bahne. Kuva: Ernest Protasiewicz          <\/figcaption>\n      <\/div>\n<\/figure>\n\n\n<p><strong>Jussi Sorjanen<\/strong> on tuonut J\u00e4tk\u00e4saaressa sijaitsevaan teatteri <em>Viirukseen<\/em> tanskalaisen <strong>Tue Bieringin<\/strong> k\u00e4sikirjoittaman monologin <a href=\"https:\/\/www.viirus.fi\/rocky-return-of-the-loser\/?lang=fi\" target=\"_blank\" rel=\"noopener\"><em>Rocky! Return of the loser<\/em><\/a>. Biering ja <em>Rocky!<\/em> palkittiin Tanskassa parhaan ohjauksen ja esityksen Reumert-palkinnoilla, eik\u00e4 suotta.<\/p>\n\n\n\n<p>Monologi ajankohtaistaa wanhojen hywien aikojen <em>Rocky<\/em> -elokuvat, jossa tyhm\u00e4 ja kouluttamaton <strong>Rocky<\/strong> nousee ryysyist\u00e4 rikkauksiin uuden ajan nyrkkisankarina, oikeistopopulistisena intellektuellina.<\/p>\n\n\n\n<p>Sen lis\u00e4ksi, ett\u00e4 teoksessa kuvataan p\u00e4\u00e4h\u00e4n potkitun ja kulttuurinsa jatkuvuudesta huolestuneen Rockyn &#8221;persuuntumista&#8221;, monologissa tuodaan esiin, miten Rockyt eiv\u00e4t ole mit\u00e4\u00e4n kulttuurivasemmiston kuvittelemia luokkatietoisuutensa kadottaneita p\u00e4\u00e4h\u00e4npotkittuja, kouluttamattomia ja kierohampaisia \u00f6rkkilaumoja &#8211; vaan hyvin toimeentulevia, kouluttautuneita ja sivistyneit\u00e4 ihmisi\u00e4, jotka kuitenkin jakavat luuseri-Rockyn huolet.<\/p>\n\n\n\n<p>Monologin poliittisesti t\u00e4rkein anti onkin kulttuurivasemmiston kritiikki. N\u00e4yttelij\u00e4n\u00e4 ja vasemmistointellektuellina toimiva kertoja (<strong>Martin Bahne<\/strong>) on kyvyt\u00f6n hyv\u00e4ksym\u00e4\u00e4n saati ymm\u00e4rt\u00e4m\u00e4\u00e4n yhteiskunnan persuuntumista.<\/p>\n\n\n\n<p>Teos esittelee kertojan henkisen romahduksen kautta, miten oikeisto- ja vasemmistointellektuellit eiv\u00e4t kykene edes mink\u00e4\u00e4nlaiseen dialogiin, kun Rockyt tulevat ovista ja ikkunoista ja moukaroivat kulttuurivasemmiston kirjoittamat pelikirjat s\u00e4p\u00e4leiksi. Ainoa jotenkin j\u00e4rjellinen ratkaisu tuntuu olevan ottaa vain iskut vastaan kuin <strong>Muhammed Ali<\/strong> Zairessa ja toivoa ett\u00e4 Rocky v\u00e4syy ja rauhoittuu joskus, kun on saanut hakattua kaiken vihan ja raivon ulos.<\/p>\n\n\n\n<p>Teoksen vahvuus on siin\u00e4, ett\u00e4 se k\u00e4sittelee persuuntumista ja sen vastareaktioita tunteiden eik\u00e4 j\u00e4rjen tai moraalin kautta. Tunteet ohjaavat muitakin kuin kulttuurivasemmiston romantisoimaa ryysyk\u00f6yh\u00e4list\u00f6\u00e4 ja luusereita, my\u00f6s oikeiston ja vasemmiston intellektuelleja.<\/p>\n\n\n\n<p>Teos on sit\u00e4kin ajankohtaisempi kun huomioidaan esimerkiksi <strong>Markku Jokisipil\u00e4n<\/strong> tuoreen kirjan <em>Perussuomalaiset Halla-ahon ja Purran linjalla&nbsp;<\/em>her\u00e4tt\u00e4m\u00e4\u00e4 keskustelua. Hyvin karkeasti yleist\u00e4en Jokisipil\u00e4 on v\u00e4itt\u00e4nyt median ja yliopistov\u00e4en olevan asenteellisia persuja kohtaan, johon on vastattu ep\u00e4ilem\u00e4ll\u00e4 Jokisipil\u00e4n persuuntuneen. Antagonismi on niin vahva, ett\u00e4 sit\u00e4 on vaikea k\u00e4sitell\u00e4 muuten kuin juoksuhautoja kaivamalla tai kakkapusseja heittelem\u00e4ll\u00e4.<\/p>\n\n\n\n<p>Teos ei pyri tarjoilemaan kulttuurisotiin mit\u00e4\u00e4n ratkaisua vaan ainoastaan perspektiivin. <em>Rocky!<\/em> tuo katsojan mieleen sen ep\u00e4miellytt\u00e4v\u00e4n mahdollisuuden, ett\u00e4 ent\u00e4s jos kulttuurisotien molemmilla rintamilla onkin jotain sellaisia todellisia tunteita, joita ei vain voida laittaa mihink\u00e4\u00e4n j\u00e4rjelliseen dialogiin, koska s\u00e4\u00e4nn\u00f6t ja l\u00e4ht\u00f6kohdat ovat niin eri planeetoilta? Teoksen lopussa on Vantaan perussuomalaisten kaupunginvaltuutettu <strong>Erika Veltheimin<\/strong> vastaus monologiin.<\/p>\n\n\n\n<p>Kysym\u00e4ll\u00e4 teos pakottaa katsojan n\u00e4kem\u00e4\u00e4n vastustajan tunteet ja samalla kyseenalaistamaan omansa. Vaikka teoksen kertoja tulee punavihre\u00e4st\u00e4 kuplasta, suosittelen sit\u00e4 l\u00e4mpim\u00e4sti my\u00f6s kulttuurisotien oikealle laidalle.<\/p>\n\n\n\n<p><em><a href=\"https:\/\/www.viirus.fi\/rocky-return-of-the-loser\/?lang=fi\" target=\"_blank\" rel=\"noopener\">Rocky! Return of the loseria <\/a>esitet\u00e4\u00e4n Teatteri Viiruksessa 20.11. saakka.<\/em><\/p>\n\n\n","protected":false},"excerpt":{"rendered":"<p>Jussi Sorjanen on tuonut J\u00e4tk\u00e4saaressa sijaitsevaan teatteri Viirukseen tanskalaisen Tue Bieringin k\u00e4sikirjoittaman monologin Rocky! Return of the loser. Biering ja Rocky! palkittiin Tanskassa parhaan ohjauksen ja esityksen<br \/>\nRe&hellip;<\/p>\n","protected":false},"author":37967,"featured_media":7711,"comment_status":"open","ping_status":"open","sticky":false,"template":"","format":"standard","meta":{"_acf_changed":false,"asauth_required_access_level":3,"asauth_cansharepaid":"true","om_header_attributes":[],"footnotes":"","om_featured_image_focal_point":[],"om_primary_tag":0,"om_contributors":[],"om_co_authors":[],"beyondwords_generate_audio":"","beyondwords_project_id":"","beyondwords_content_id":"","beyondwords_preview_token":"","beyondwords_player_content":"","beyondwords_player_style":"","beyondwords_language_code":"","beyondwords_language_id":"","beyondwords_title_voice_id":"","beyondwords_body_voice_id":"","beyondwords_summary_voice_id":"","beyondwords_error_message":"","beyondwords_disabled":"","beyondwords_delete_content":"","beyondwords_podcast_id":"","beyondwords_hash":"","publish_post_to_speechkit":"","speechkit_hash":"","speechkit_generate_audio":"","speechkit_project_id":"","speechkit_podcast_id":"","speechkit_error_message":"","speechkit_disabled":"","speechkit_access_key":"","speechkit_error":"","speechkit_info":"","speechkit_response":"","speechkit_retries":"","speechkit_status":"","speechkit_updated_at":"","_speechkit_link":"","_speechkit_text":""},"categories":[1],"tags":[507,224,506,505,508],"class_list":["post-7704","post","type-post","status-publish","format-standard","has-post-thumbnail","hentry","category-vallan-mahotonta","tag-antagonismi","tag-kulttuurisodat","tag-kulttuurivasemmisto","tag-oikeistopopulismi","tag-tunteet"],"om_views":null,"acf":{"tuuma_off":false,"tuuma_kysymys":"","tuuma_vastaus":""},"asauth":{"required_access_level":1,"share_token":"","is_paid":false},"yoast_head":"<!-- This site is optimized with the Yoast SEO plugin v26.4 - https:\/\/yoast.com\/wordpress\/plugins\/seo\/ -->\n<title>Kulttuurivasemmisto ei ymm\u00e4rr\u00e4 persuuntumista eik\u00e4 sen aiheuttamia tunteita itsess\u00e4\u00e4n - Vallan mahotonta!<\/title>\n<meta name=\"robots\" content=\"index, follow, max-snippet:-1, max-image-preview:large, max-video-preview:-1\" \/>\n<link rel=\"canonical\" href=\"https:\/\/suomenkuvalehti.fi\/vallan-mahotonta\/kulttuurivasemmisto-ei-ymmarra-persuuntumista-eika-sen-aiheuttamia-tunteita-itsessaan\/\" \/>\n<meta property=\"og:locale\" content=\"fi_FI\" \/>\n<meta property=\"og:type\" content=\"article\" \/>\n<meta property=\"og:title\" content=\"Kulttuurivasemmisto ei ymm\u00e4rr\u00e4 persuuntumista eik\u00e4 sen aiheuttamia tunteita itsess\u00e4\u00e4n - Vallan mahotonta!\" \/>\n<meta property=\"og:description\" content=\"Jussi Sorjanen on tuonut J\u00e4tk\u00e4saaressa sijaitsevaan teatteri Viirukseen tanskalaisen Tue Bieringin k\u00e4sikirjoittaman monologin Rocky! Return of the loser. Biering ja Rocky! palkittiin Tanskassa parhaan ohjauksen ja esityksen Re&hellip;\" \/>\n<meta property=\"og:url\" content=\"https:\/\/suomenkuvalehti.fi\/vallan-mahotonta\/kulttuurivasemmisto-ei-ymmarra-persuuntumista-eika-sen-aiheuttamia-tunteita-itsessaan\/\" \/>\n<meta property=\"og:site_name\" content=\"Vallan mahotonta!\" \/>\n<meta property=\"article:author\" content=\"https:\/\/www.facebook.com\/a.ronkainen\" \/>\n<meta property=\"article:published_time\" content=\"2021-10-05T08:34:22+00:00\" \/>\n<meta property=\"og:image\" content=\"https:\/\/suomenkuvalehti.fi\/vallan-mahotonta\/wp-content\/uploads\/sites\/42\/2021\/10\/rocky.png\" \/>\n\t<meta property=\"og:image:width\" content=\"1039\" \/>\n\t<meta property=\"og:image:height\" content=\"738\" \/>\n\t<meta property=\"og:image:type\" content=\"image\/png\" \/>\n<meta name=\"author\" content=\"Antti Ronkainen\" \/>\n<meta name=\"twitter:card\" content=\"summary_large_image\" \/>\n<meta name=\"twitter:creator\" content=\"@https:\/\/twitter.com\/anttironkainen\" \/>\n<meta name=\"twitter:label1\" content=\"Written by\" \/>\n\t<meta name=\"twitter:data1\" content=\"Antti Ronkainen\" \/>\n\t<meta name=\"twitter:label2\" content=\"Est. reading time\" \/>\n\t<meta name=\"twitter:data2\" content=\"2 minuuttia\" \/>\n<script type=\"application\/ld+json\" class=\"yoast-schema-graph\">{\"@context\":\"https:\/\/schema.org\",\"@graph\":[{\"@type\":\"WebPage\",\"@id\":\"https:\/\/suomenkuvalehti.fi\/vallan-mahotonta\/kulttuurivasemmisto-ei-ymmarra-persuuntumista-eika-sen-aiheuttamia-tunteita-itsessaan\/\",\"url\":\"https:\/\/suomenkuvalehti.fi\/vallan-mahotonta\/kulttuurivasemmisto-ei-ymmarra-persuuntumista-eika-sen-aiheuttamia-tunteita-itsessaan\/\",\"name\":\"Kulttuurivasemmisto ei ymm\u00e4rr\u00e4 persuuntumista eik\u00e4 sen aiheuttamia tunteita itsess\u00e4\u00e4n - Vallan mahotonta!\",\"isPartOf\":{\"@id\":\"https:\/\/suomenkuvalehti.fi\/vallan-mahotonta\/#website\"},\"primaryImageOfPage\":{\"@id\":\"https:\/\/suomenkuvalehti.fi\/vallan-mahotonta\/kulttuurivasemmisto-ei-ymmarra-persuuntumista-eika-sen-aiheuttamia-tunteita-itsessaan\/#primaryimage\"},\"image\":{\"@id\":\"https:\/\/suomenkuvalehti.fi\/vallan-mahotonta\/kulttuurivasemmisto-ei-ymmarra-persuuntumista-eika-sen-aiheuttamia-tunteita-itsessaan\/#primaryimage\"},\"thumbnailUrl\":\"https:\/\/suomenkuvalehti.fi\/vallan-mahotonta\/wp-content\/uploads\/sites\/42\/2021\/10\/rocky.png\",\"datePublished\":\"2021-10-05T08:34:22+00:00\",\"author\":{\"@id\":\"https:\/\/suomenkuvalehti.fi\/vallan-mahotonta\/#\/schema\/person\/aa34015af7a4bce21e1cdcf566bb57b0\"},\"breadcrumb\":{\"@id\":\"https:\/\/suomenkuvalehti.fi\/vallan-mahotonta\/kulttuurivasemmisto-ei-ymmarra-persuuntumista-eika-sen-aiheuttamia-tunteita-itsessaan\/#breadcrumb\"},\"inLanguage\":\"fi\",\"potentialAction\":[{\"@type\":\"ReadAction\",\"target\":[\"https:\/\/suomenkuvalehti.fi\/vallan-mahotonta\/kulttuurivasemmisto-ei-ymmarra-persuuntumista-eika-sen-aiheuttamia-tunteita-itsessaan\/\"]}]},{\"@type\":\"ImageObject\",\"inLanguage\":\"fi\",\"@id\":\"https:\/\/suomenkuvalehti.fi\/vallan-mahotonta\/kulttuurivasemmisto-ei-ymmarra-persuuntumista-eika-sen-aiheuttamia-tunteita-itsessaan\/#primaryimage\",\"url\":\"https:\/\/suomenkuvalehti.fi\/vallan-mahotonta\/wp-content\/uploads\/sites\/42\/2021\/10\/rocky.png\",\"contentUrl\":\"https:\/\/suomenkuvalehti.fi\/vallan-mahotonta\/wp-content\/uploads\/sites\/42\/2021\/10\/rocky.png\",\"width\":1039,\"height\":738,\"caption\":\"Martin Bahne. Kuva: Ernest Protasiewicz\"},{\"@type\":\"BreadcrumbList\",\"@id\":\"https:\/\/suomenkuvalehti.fi\/vallan-mahotonta\/kulttuurivasemmisto-ei-ymmarra-persuuntumista-eika-sen-aiheuttamia-tunteita-itsessaan\/#breadcrumb\",\"itemListElement\":[{\"@type\":\"ListItem\",\"position\":1,\"name\":\"Home\",\"item\":\"https:\/\/suomenkuvalehti.fi\/vallan-mahotonta\/\"},{\"@type\":\"ListItem\",\"position\":2,\"name\":\"Kulttuurivasemmisto ei ymm\u00e4rr\u00e4 persuuntumista eik\u00e4 sen aiheuttamia tunteita itsess\u00e4\u00e4n\"}]},{\"@type\":\"WebSite\",\"@id\":\"https:\/\/suomenkuvalehti.fi\/vallan-mahotonta\/#website\",\"url\":\"https:\/\/suomenkuvalehti.fi\/vallan-mahotonta\/\",\"name\":\"Vallan mahotonta!\",\"description\":\"Tutkija Antti Ronkainen seuraa maailmantalouden murrosta.\",\"potentialAction\":[{\"@type\":\"SearchAction\",\"target\":{\"@type\":\"EntryPoint\",\"urlTemplate\":\"https:\/\/suomenkuvalehti.fi\/haku\/?q={search_term_string}\"},\"query-input\":{\"@type\":\"PropertyValueSpecification\",\"valueRequired\":true,\"valueName\":\"search_term_string\"}}],\"inLanguage\":\"fi\"},{\"@type\":\"Person\",\"@id\":\"https:\/\/suomenkuvalehti.fi\/vallan-mahotonta\/#\/schema\/person\/aa34015af7a4bce21e1cdcf566bb57b0\",\"name\":\"Antti Ronkainen\",\"image\":{\"@type\":\"ImageObject\",\"inLanguage\":\"fi\",\"@id\":\"https:\/\/suomenkuvalehti.fi\/vallan-mahotonta\/#\/schema\/person\/image\/\",\"url\":\"https:\/\/suomenkuvalehti.fi\/vallan-mahotonta\/wp-content\/uploads\/sites\/42\/2018\/05\/antti_j_ronkainen_blogi_pieni-150x150.jpg\",\"contentUrl\":\"https:\/\/suomenkuvalehti.fi\/vallan-mahotonta\/wp-content\/uploads\/sites\/42\/2018\/05\/antti_j_ronkainen_blogi_pieni-150x150.jpg\",\"caption\":\"Antti Ronkainen\"},\"description\":\"Antti Ronkainen on poliittisen talouden v\u00e4it\u00f6skirjatutkija Helsingin yliopistolla.\",\"sameAs\":[\"http:\/\/anttironkainen.fi\",\"https:\/\/www.facebook.com\/a.ronkainen\",\"https:\/\/www.instagram.com\/antti.ronkainen\/\",\"https:\/\/x.com\/https:\/\/twitter.com\/anttironkainen\"]}]}<\/script>\n<!-- \/ Yoast SEO plugin. -->","yoast_head_json":{"title":"Kulttuurivasemmisto ei ymm\u00e4rr\u00e4 persuuntumista eik\u00e4 sen aiheuttamia tunteita itsess\u00e4\u00e4n - Vallan mahotonta!","robots":{"index":"index","follow":"follow","max-snippet":"max-snippet:-1","max-image-preview":"max-image-preview:large","max-video-preview":"max-video-preview:-1"},"canonical":"https:\/\/suomenkuvalehti.fi\/vallan-mahotonta\/kulttuurivasemmisto-ei-ymmarra-persuuntumista-eika-sen-aiheuttamia-tunteita-itsessaan\/","og_locale":"fi_FI","og_type":"article","og_title":"Kulttuurivasemmisto ei ymm\u00e4rr\u00e4 persuuntumista eik\u00e4 sen aiheuttamia tunteita itsess\u00e4\u00e4n - Vallan mahotonta!","og_description":"Jussi Sorjanen on tuonut J\u00e4tk\u00e4saaressa sijaitsevaan teatteri Viirukseen tanskalaisen Tue Bieringin k\u00e4sikirjoittaman monologin Rocky! Return of the loser. Biering ja Rocky! palkittiin Tanskassa parhaan ohjauksen ja esityksen Re&hellip;","og_url":"https:\/\/suomenkuvalehti.fi\/vallan-mahotonta\/kulttuurivasemmisto-ei-ymmarra-persuuntumista-eika-sen-aiheuttamia-tunteita-itsessaan\/","og_site_name":"Vallan mahotonta!","article_author":"https:\/\/www.facebook.com\/a.ronkainen","article_published_time":"2021-10-05T08:34:22+00:00","og_image":[{"width":1039,"height":738,"url":"https:\/\/suomenkuvalehti.fi\/vallan-mahotonta\/wp-content\/uploads\/sites\/42\/2021\/10\/rocky.png","type":"image\/png"}],"author":"Antti Ronkainen","twitter_card":"summary_large_image","twitter_creator":"@https:\/\/twitter.com\/anttironkainen","twitter_misc":{"Written by":"Antti Ronkainen","Est. reading time":"2 minuuttia"},"schema":{"@context":"https:\/\/schema.org","@graph":[{"@type":"WebPage","@id":"https:\/\/suomenkuvalehti.fi\/vallan-mahotonta\/kulttuurivasemmisto-ei-ymmarra-persuuntumista-eika-sen-aiheuttamia-tunteita-itsessaan\/","url":"https:\/\/suomenkuvalehti.fi\/vallan-mahotonta\/kulttuurivasemmisto-ei-ymmarra-persuuntumista-eika-sen-aiheuttamia-tunteita-itsessaan\/","name":"Kulttuurivasemmisto ei ymm\u00e4rr\u00e4 persuuntumista eik\u00e4 sen aiheuttamia tunteita itsess\u00e4\u00e4n - Vallan mahotonta!","isPartOf":{"@id":"https:\/\/suomenkuvalehti.fi\/vallan-mahotonta\/#website"},"primaryImageOfPage":{"@id":"https:\/\/suomenkuvalehti.fi\/vallan-mahotonta\/kulttuurivasemmisto-ei-ymmarra-persuuntumista-eika-sen-aiheuttamia-tunteita-itsessaan\/#primaryimage"},"image":{"@id":"https:\/\/suomenkuvalehti.fi\/vallan-mahotonta\/kulttuurivasemmisto-ei-ymmarra-persuuntumista-eika-sen-aiheuttamia-tunteita-itsessaan\/#primaryimage"},"thumbnailUrl":"https:\/\/suomenkuvalehti.fi\/vallan-mahotonta\/wp-content\/uploads\/sites\/42\/2021\/10\/rocky.png","datePublished":"2021-10-05T08:34:22+00:00","author":{"@id":"https:\/\/suomenkuvalehti.fi\/vallan-mahotonta\/#\/schema\/person\/aa34015af7a4bce21e1cdcf566bb57b0"},"breadcrumb":{"@id":"https:\/\/suomenkuvalehti.fi\/vallan-mahotonta\/kulttuurivasemmisto-ei-ymmarra-persuuntumista-eika-sen-aiheuttamia-tunteita-itsessaan\/#breadcrumb"},"inLanguage":"fi","potentialAction":[{"@type":"ReadAction","target":["https:\/\/suomenkuvalehti.fi\/vallan-mahotonta\/kulttuurivasemmisto-ei-ymmarra-persuuntumista-eika-sen-aiheuttamia-tunteita-itsessaan\/"]}]},{"@type":"ImageObject","inLanguage":"fi","@id":"https:\/\/suomenkuvalehti.fi\/vallan-mahotonta\/kulttuurivasemmisto-ei-ymmarra-persuuntumista-eika-sen-aiheuttamia-tunteita-itsessaan\/#primaryimage","url":"https:\/\/suomenkuvalehti.fi\/vallan-mahotonta\/wp-content\/uploads\/sites\/42\/2021\/10\/rocky.png","contentUrl":"https:\/\/suomenkuvalehti.fi\/vallan-mahotonta\/wp-content\/uploads\/sites\/42\/2021\/10\/rocky.png","width":1039,"height":738,"caption":"Martin Bahne. Kuva: Ernest Protasiewicz"},{"@type":"BreadcrumbList","@id":"https:\/\/suomenkuvalehti.fi\/vallan-mahotonta\/kulttuurivasemmisto-ei-ymmarra-persuuntumista-eika-sen-aiheuttamia-tunteita-itsessaan\/#breadcrumb","itemListElement":[{"@type":"ListItem","position":1,"name":"Home","item":"https:\/\/suomenkuvalehti.fi\/vallan-mahotonta\/"},{"@type":"ListItem","position":2,"name":"Kulttuurivasemmisto ei ymm\u00e4rr\u00e4 persuuntumista eik\u00e4 sen aiheuttamia tunteita itsess\u00e4\u00e4n"}]},{"@type":"WebSite","@id":"https:\/\/suomenkuvalehti.fi\/vallan-mahotonta\/#website","url":"https:\/\/suomenkuvalehti.fi\/vallan-mahotonta\/","name":"Vallan mahotonta!","description":"Tutkija Antti Ronkainen seuraa maailmantalouden murrosta.","potentialAction":[{"@type":"SearchAction","target":{"@type":"EntryPoint","urlTemplate":"https:\/\/suomenkuvalehti.fi\/haku\/?q={search_term_string}"},"query-input":{"@type":"PropertyValueSpecification","valueRequired":true,"valueName":"search_term_string"}}],"inLanguage":"fi"},{"@type":"Person","@id":"https:\/\/suomenkuvalehti.fi\/vallan-mahotonta\/#\/schema\/person\/aa34015af7a4bce21e1cdcf566bb57b0","name":"Antti Ronkainen","image":{"@type":"ImageObject","inLanguage":"fi","@id":"https:\/\/suomenkuvalehti.fi\/vallan-mahotonta\/#\/schema\/person\/image\/","url":"https:\/\/suomenkuvalehti.fi\/vallan-mahotonta\/wp-content\/uploads\/sites\/42\/2018\/05\/antti_j_ronkainen_blogi_pieni-150x150.jpg","contentUrl":"https:\/\/suomenkuvalehti.fi\/vallan-mahotonta\/wp-content\/uploads\/sites\/42\/2018\/05\/antti_j_ronkainen_blogi_pieni-150x150.jpg","caption":"Antti Ronkainen"},"description":"Antti Ronkainen on poliittisen talouden v\u00e4it\u00f6skirjatutkija Helsingin yliopistolla.","sameAs":["http:\/\/anttironkainen.fi","https:\/\/www.facebook.com\/a.ronkainen","https:\/\/www.instagram.com\/antti.ronkainen\/","https:\/\/x.com\/https:\/\/twitter.com\/anttironkainen"]}]}},"_links":{"self":[{"href":"https:\/\/suomenkuvalehti.fi\/vallan-mahotonta\/wp-json\/wp\/v2\/posts\/7704","targetHints":{"allow":["GET"]}}],"collection":[{"href":"https:\/\/suomenkuvalehti.fi\/vallan-mahotonta\/wp-json\/wp\/v2\/posts"}],"about":[{"href":"https:\/\/suomenkuvalehti.fi\/vallan-mahotonta\/wp-json\/wp\/v2\/types\/post"}],"author":[{"embeddable":true,"href":"https:\/\/suomenkuvalehti.fi\/vallan-mahotonta\/wp-json\/wp\/v2\/users\/37967"}],"replies":[{"embeddable":true,"href":"https:\/\/suomenkuvalehti.fi\/vallan-mahotonta\/wp-json\/wp\/v2\/comments?post=7704"}],"version-history":[{"count":35,"href":"https:\/\/suomenkuvalehti.fi\/vallan-mahotonta\/wp-json\/wp\/v2\/posts\/7704\/revisions"}],"predecessor-version":[{"id":7740,"href":"https:\/\/suomenkuvalehti.fi\/vallan-mahotonta\/wp-json\/wp\/v2\/posts\/7704\/revisions\/7740"}],"wp:featuredmedia":[{"embeddable":true,"href":"https:\/\/suomenkuvalehti.fi\/vallan-mahotonta\/wp-json\/wp\/v2\/media\/7711"}],"wp:attachment":[{"href":"https:\/\/suomenkuvalehti.fi\/vallan-mahotonta\/wp-json\/wp\/v2\/media?parent=7704"}],"wp:term":[{"taxonomy":"category","embeddable":true,"href":"https:\/\/suomenkuvalehti.fi\/vallan-mahotonta\/wp-json\/wp\/v2\/categories?post=7704"},{"taxonomy":"post_tag","embeddable":true,"href":"https:\/\/suomenkuvalehti.fi\/vallan-mahotonta\/wp-json\/wp\/v2\/tags?post=7704"}],"curies":[{"name":"wp","href":"https:\/\/api.w.org\/{rel}","templated":true}]}}