{"id":7581,"date":"2021-09-14T12:19:53","date_gmt":"2021-09-14T09:19:53","guid":{"rendered":"https:\/\/suomenkuvalehti.fi\/vallan-mahotonta\/?p=7581"},"modified":"2021-09-14T12:22:11","modified_gmt":"2021-09-14T09:22:11","slug":"suomi-persuilee-persun-pelosta-ja-jatkaa-menneiden-sotien-kaymista","status":"publish","type":"post","link":"https:\/\/suomenkuvalehti.fi\/vallan-mahotonta\/suomi-persuilee-persun-pelosta-ja-jatkaa-menneiden-sotien-kaymista\/","title":{"rendered":"Suomi jatkaa menneiden sotien k\u00e4ymist\u00e4 ja persuilee persun pelosta"},"content":{"rendered":"\n<p>Viime torstaina valtiovarainministeri <strong>Annika Saarikko<\/strong> <a href=\"https:\/\/vm.fi\/-\/eu-jasenmaiden-julkisen-talouden-pelisaannot-ovat-tarpeen\" target=\"_blank\" rel=\"noopener\">ilmoitti<\/a> Suomen ja 7 muun maan (It\u00e4valta, Hollanti, Ruotsi, Tanska, Latvia, Tshekki &amp; Slovakia) allekirjoittaneen <a href=\"https:\/\/vm.fi\/documents\/10623\/51744718\/Kahdeksan+EU-maan+yhteinen+kannanotto+(englanniksi).pdf\/c038698b-6236-ae49-e2ea-d2bf85741342\/Kahdeksan+EU-maan+yhteinen+kannanotto+(englanniksi).pdf?t=1631248435467\" target=\"_blank\" rel=\"noopener\">kannanoton EU-maiden julkistalouden pelis\u00e4\u00e4nn\u00f6ist\u00e4<\/a>. Ryhm\u00e4 on It\u00e4vallan kipparoima.<\/p>\n\n\n\n<p>Kannanotto liittyy EU-maiden budjettis\u00e4\u00e4nt\u00f6ihin, jotka rajoittavat j\u00e4senmaiden alij\u00e4\u00e4m\u00e4t ja julkisvelat kolmeen ja 60 prosenttiin suhteessa bkt:hen. Komissio j\u00e4\u00e4hytti s\u00e4\u00e4nn\u00f6t viime vuoden maaliskuussa, jotta EU-maat voisivat vastata koronapandemian aiheuttamiin taloudellisiin ja terveydellisiin ongelmiin.<\/p>\n\n\n\n<p>J\u00e4\u00e4hytys kest\u00e4\u00e4 vuoteen 2023 asti ja esimerkiksi komission pyrkimyksen\u00e4 on uudistaa s\u00e4\u00e4nt\u00f6j\u00e4 ennen kuin ne palaavat voimaan. Vastaavasti Ranska ja Italia ovat esitt\u00e4neet s\u00e4\u00e4nt\u00f6jen l\u00f6ys\u00e4\u00e4mist\u00e4, jotta EU-maat voivat harjoittaa aktiivisempaa finanssipolitiikkaa koronakriisin j\u00e4lkeen.<\/p>\n\n\n\n<p>Kahdeksikon kannanotto on kirjoitettu n\u00e4it\u00e4 pyrkimyksi\u00e4 vastaan.<\/p>\n\n\n\n<p>Sen lis\u00e4ksi, ett\u00e4 kannanotossa vaaditaan koronakriisin aikana syntyneiden liiallisten velkojen v\u00e4hent\u00e4mist\u00e4, siin\u00e4 vaaditaan s\u00e4\u00e4nt\u00f6jen uudistuksen sijaan nykyisten s\u00e4\u00e4nt\u00f6jen vahvistamista. T\u00e4h\u00e4n viittaa my\u00f6s Saarikon saatekirje, jossa todetaan nykyisten budjettis\u00e4\u00e4nt\u00f6jen olevan &#8221;edelleen hyv\u00e4t peruspilarit&#8221;.<\/p>\n\n\n\n<p>Lis\u00e4ksi kannanatossa todetaan, ett\u00e4 s\u00e4\u00e4nt\u00f6uudistuksen ei tarvitse tapahtua ennen kuin nykyisten s\u00e4\u00e4nt\u00f6jen j\u00e4\u00e4hytys loppuu 2023. Huomioiden, ett\u00e4 kannanotossa suhtaudutaan uudistukseen l\u00e4ht\u00f6kohtaisesti nuivasti, kahdeksikko vaikuttaa ennemminkin pyrkiv\u00e4n torpedoimaan s\u00e4\u00e4nt\u00f6uudistuksen, jotta s\u00e4\u00e4nn\u00f6t palaisivat voimaan nykyisess\u00e4 muodossaan vuonna 2023.<\/p>\n\n\n\n<p>Saarikon allekirjoittama kannanotto ja siihen kirjoitettu saate kertovat korutonta kielt\u00e4 Suomen EU-poliittisesta keskustelusta.<\/p>\n\n\n\n<p>Ensinn\u00e4kin, Saarikon tekstiss\u00e4 tai kannanotossa ei k\u00e4sitell\u00e4 nykyisten budjettis\u00e4\u00e4nt\u00f6jen taloudellisesta ja poliittista ep\u00e4onnistumista.<\/p>\n\n\n\n<p>S\u00e4\u00e4nt\u00f6j\u00e4 on tulkittu <a href=\"https:\/\/suomenkuvalehti.fi\/vallan-mahotonta\/keltaliivit-pelastivat-italian\/?shared=2009-87dde34b-999\">poliittisesti tarkoitushakuisesti<\/a>. Komissio kovisteli esimerkiksi vuonna 2018 Italian <strong>Giuseppe Conten<\/strong> I hallituksen budjettia, mutta luopui hankkeesta, kun <strong>Macronin<\/strong> piti laittaa alij\u00e4\u00e4m\u00e4t t\u00f6tter\u00f6lle hillit\u00e4kseen keltaliivien mellakoita. S\u00e4\u00e4nn\u00f6t ovatkin kohdelleet ep\u00e4tasa-arvoisesti j\u00e4senmaita.<\/p>\n\n\n\n<p>Ja vaikka s\u00e4\u00e4nt\u00f6j\u00e4 on toistuvasti rikottu, budjettis\u00e4\u00e4nn\u00f6t ovat johtaneet <a href=\"https:\/\/voxeu.org\/article\/mixed-success-stability-and-growth-pact\" target=\"_blank\" rel=\"noopener\">liian my\u00f6t\u00e4sykliseen finanssipolitiikkaan<\/a>, eiv\u00e4tk\u00e4 s\u00e4\u00e4nn\u00f6t kiinnit\u00e4 mink\u00e4\u00e4nlaista huomiota Eurooppaa vaivaaviin kroonisiin ali-investointeihin. S\u00e4\u00e4nt\u00f6jen taloudellisesta ep\u00e4tarkoituksenmukaisuudesta vallitsee laaja konsensus.<\/p>\n\n\n\n<p>Toiseksi on yll\u00e4tt\u00e4v\u00e4\u00e4, kuinka suoraan Saarikon saatteessa hy\u00f6k\u00e4t\u00e4\u00e4n Saksaa, Ranskaa, Italiaa ja jopa komissiota vastaan. Tekstiss\u00e4 ollaan huolissaan, miten Ranska, Italia ja muutama muu etel\u00e4inen maa olisivat avaamassa velkaantumisen padot. Lis\u00e4ksi saatteessa ojennetaan komissiota, ett\u00e4 sen pit\u00e4\u00e4 uudistuksissa kuunnella kaikkia j\u00e4senmaita eik\u00e4 ainoastaan Saksaa, Ranskaa ja Italiaa.<\/p>\n\n\n\n<p>Taustalla lienee trauma, miten suuret maat sopivat komission kanssa elpymisrahaston suurista linjoista, mutta n\u00e4in passiivis-aggressiivinen teksti nostanee kulmakarvoja Berliiniss\u00e4, Pariisissa, Roomassa ja Brysseliss\u00e4. Lis\u00e4ksi komissio on jo ennen kannanottoa ilmoittanut, ett\u00e4 se j\u00e4tt\u00e4\u00e4 <a href=\"https:\/\/www.sueddeutsche.de\/wirtschaft\/eu-stabilitaetspakt-gentiloni-polen-rechtsstaatlichkeit-1.5401411?reduced=true\" target=\"_blank\" rel=\"noopener\">pohjaesityksen vasta kun j\u00e4senmaat ovat saavuttaneet uudistuksesta konsensuksen<\/a>.<\/p>\n\n\n\n<p>Kolmanneksi, Suomessa k\u00e4ytiin elpymisrahaston suhteen poikkeuksellisen laajaa keskustelua EU:n s\u00e4\u00e4nt\u00f6jen rikkomisesta. Onkin s\u00e4\u00e4li, ett\u00e4 nyt kun s\u00e4\u00e4nt\u00f6j\u00e4 oltaisiin uudistamassa, Suomi Saarikon suulla asettaa ehdottomia kynnyskysymyksi\u00e4 ja kielt\u00e4ytyy pohtimasta euroalueen uudistuksia.<\/p>\n\n\n\n<p>Kannanotto ja Saarikon saate ilment\u00e4v\u00e4t, miten Suomen EU-poliittisesta keskustelusta puuttuu usein visiot ja uskallus. Persun pelon vuoksi suomalaiset poliitikot p\u00e4\u00e4tyv\u00e4t usein rakentelemaan uhkakuvia ja esiintym\u00e4\u00e4n &#8221;vastuuttomien&#8221; maiden vastustajana kotimaiselle yleis\u00f6lle.<\/p>\n\n\n\n<p>Avoimen keskustelun sijaan my\u00f6s Saarikko rakentaa vastakkainasettelua julkisen velan perusteella EU-maiden v\u00e4lille. Uutta on, ett\u00e4 nyt vastustetaan my\u00f6s komissiota.&nbsp;Vaikka perussuomalaiset esitet\u00e4\u00e4n usein nurkkakuntaisina juntteina, julkisvelkaan perustuva vastakkainasettelun lietsominen on todellista populismia.<\/p>\n\n\n\n<p>Sen seurauksena, ett\u00e4 <a href=\"https:\/\/suomenkuvalehti.fi\/vallan-mahotonta\/euroopan-keskuspankki-ja-annika-saarikko-kayvat-menneita-sotia\/?shared=7219-27a74823-999\">Suomi jatkaa menneiden sotien k\u00e4ymist\u00e4<\/a>, jotkut muut tulevat j\u00e4lleen m\u00e4\u00e4ritt\u00e4m\u00e4\u00e4n uudistusten sis\u00e4ll\u00f6n.<\/p>\n\n\n","protected":false},"excerpt":{"rendered":"<p>Viime torstaina valtiovarainministeri Annika Saarikko ilmoitti Suomen ja 7 muun maan (It\u00e4valta, Hollanti, Ruotsi, Tanska, Latvia, Tshekki &amp; Slovakia) allekirjoittaneen kannanoton EU-maiden julkistalouden pelis\u00e4\u00e4nn\u00f6ist\u00e4. Ryhm\u00e4 on It\u00e4vallan kipparoima.<br \/>\nKannan&hellip;<\/p>\n","protected":false},"author":37967,"featured_media":0,"comment_status":"open","ping_status":"open","sticky":false,"template":"","format":"standard","meta":{"_acf_changed":false,"asauth_required_access_level":3,"asauth_cansharepaid":"true","om_header_attributes":[],"footnotes":"","om_featured_image_focal_point":[],"om_primary_tag":0,"om_contributors":[],"om_co_authors":[],"beyondwords_generate_audio":"","beyondwords_project_id":"","beyondwords_content_id":"","beyondwords_preview_token":"","beyondwords_player_content":"","beyondwords_player_style":"","beyondwords_language_code":"","beyondwords_language_id":"","beyondwords_title_voice_id":"","beyondwords_body_voice_id":"","beyondwords_summary_voice_id":"","beyondwords_error_message":"","beyondwords_disabled":"","beyondwords_delete_content":"","beyondwords_podcast_id":"","beyondwords_hash":"","publish_post_to_speechkit":"","speechkit_hash":"","speechkit_generate_audio":"","speechkit_project_id":"","speechkit_podcast_id":"","speechkit_error_message":"","speechkit_disabled":"","speechkit_access_key":"","speechkit_error":"","speechkit_info":"","speechkit_response":"","speechkit_retries":"","speechkit_status":"","speechkit_updated_at":"","_speechkit_link":"","_speechkit_text":""},"categories":[1],"tags":[457,339,35,478,497,459],"class_list":["post-7581","post","type-post","status-publish","format-standard","hentry","category-vallan-mahotonta","tag-annika-saarikko","tag-budjettisaannot","tag-euroalue","tag-finanssipolitiikka","tag-menneet-sodat","tag-vakaus-ja-kasvusopimus"],"om_views":null,"acf":{"tuuma_off":false,"tuuma_kysymys":"","tuuma_vastaus":""},"asauth":{"required_access_level":1,"share_token":"","is_paid":false},"yoast_head":"<!-- This site is optimized with the Yoast SEO plugin v26.4 - https:\/\/yoast.com\/wordpress\/plugins\/seo\/ -->\n<title>Suomi jatkaa menneiden sotien k\u00e4ymist\u00e4 ja persuilee persun pelosta - Vallan mahotonta!<\/title>\n<meta name=\"robots\" content=\"index, follow, max-snippet:-1, max-image-preview:large, max-video-preview:-1\" \/>\n<link rel=\"canonical\" href=\"https:\/\/suomenkuvalehti.fi\/vallan-mahotonta\/suomi-persuilee-persun-pelosta-ja-jatkaa-menneiden-sotien-kaymista\/\" \/>\n<meta property=\"og:locale\" content=\"fi_FI\" \/>\n<meta property=\"og:type\" content=\"article\" \/>\n<meta property=\"og:title\" content=\"Suomi jatkaa menneiden sotien k\u00e4ymist\u00e4 ja persuilee persun pelosta - Vallan mahotonta!\" \/>\n<meta property=\"og:description\" content=\"Viime torstaina valtiovarainministeri Annika Saarikko ilmoitti Suomen ja 7 muun maan (It\u00e4valta, Hollanti, Ruotsi, Tanska, Latvia, Tshekki &amp; Slovakia) allekirjoittaneen kannanoton EU-maiden julkistalouden pelis\u00e4\u00e4nn\u00f6ist\u00e4. Ryhm\u00e4 on It\u00e4vallan kipparoima. Kannan&hellip;\" \/>\n<meta property=\"og:url\" content=\"https:\/\/suomenkuvalehti.fi\/vallan-mahotonta\/suomi-persuilee-persun-pelosta-ja-jatkaa-menneiden-sotien-kaymista\/\" \/>\n<meta property=\"og:site_name\" content=\"Vallan mahotonta!\" \/>\n<meta property=\"article:author\" content=\"https:\/\/www.facebook.com\/a.ronkainen\" \/>\n<meta property=\"article:published_time\" content=\"2021-09-14T09:19:53+00:00\" \/>\n<meta property=\"article:modified_time\" content=\"2021-09-14T09:22:11+00:00\" \/>\n<meta property=\"og:image\" content=\"https:\/\/suomenkuvalehti.fi\/vallan-mahotonta\/wp-content\/uploads\/sites\/42\/2018\/05\/antti_j_ronkainen_blogi_pieni.jpg\" \/>\n\t<meta property=\"og:image:width\" content=\"600\" \/>\n\t<meta property=\"og:image:height\" content=\"600\" \/>\n\t<meta property=\"og:image:type\" content=\"image\/jpeg\" \/>\n<meta name=\"author\" content=\"Antti Ronkainen\" \/>\n<meta name=\"twitter:card\" content=\"summary_large_image\" \/>\n<meta name=\"twitter:creator\" content=\"@https:\/\/twitter.com\/anttironkainen\" \/>\n<meta name=\"twitter:label1\" content=\"Written by\" \/>\n\t<meta name=\"twitter:data1\" content=\"Antti Ronkainen\" \/>\n\t<meta name=\"twitter:label2\" content=\"Est. reading time\" \/>\n\t<meta name=\"twitter:data2\" content=\"2 minuuttia\" \/>\n<script type=\"application\/ld+json\" class=\"yoast-schema-graph\">{\"@context\":\"https:\/\/schema.org\",\"@graph\":[{\"@type\":\"WebPage\",\"@id\":\"https:\/\/suomenkuvalehti.fi\/vallan-mahotonta\/suomi-persuilee-persun-pelosta-ja-jatkaa-menneiden-sotien-kaymista\/\",\"url\":\"https:\/\/suomenkuvalehti.fi\/vallan-mahotonta\/suomi-persuilee-persun-pelosta-ja-jatkaa-menneiden-sotien-kaymista\/\",\"name\":\"Suomi jatkaa menneiden sotien k\u00e4ymist\u00e4 ja persuilee persun pelosta - Vallan mahotonta!\",\"isPartOf\":{\"@id\":\"https:\/\/suomenkuvalehti.fi\/vallan-mahotonta\/#website\"},\"datePublished\":\"2021-09-14T09:19:53+00:00\",\"dateModified\":\"2021-09-14T09:22:11+00:00\",\"author\":{\"@id\":\"https:\/\/suomenkuvalehti.fi\/vallan-mahotonta\/#\/schema\/person\/aa34015af7a4bce21e1cdcf566bb57b0\"},\"breadcrumb\":{\"@id\":\"https:\/\/suomenkuvalehti.fi\/vallan-mahotonta\/suomi-persuilee-persun-pelosta-ja-jatkaa-menneiden-sotien-kaymista\/#breadcrumb\"},\"inLanguage\":\"fi\",\"potentialAction\":[{\"@type\":\"ReadAction\",\"target\":[\"https:\/\/suomenkuvalehti.fi\/vallan-mahotonta\/suomi-persuilee-persun-pelosta-ja-jatkaa-menneiden-sotien-kaymista\/\"]}]},{\"@type\":\"BreadcrumbList\",\"@id\":\"https:\/\/suomenkuvalehti.fi\/vallan-mahotonta\/suomi-persuilee-persun-pelosta-ja-jatkaa-menneiden-sotien-kaymista\/#breadcrumb\",\"itemListElement\":[{\"@type\":\"ListItem\",\"position\":1,\"name\":\"Home\",\"item\":\"https:\/\/suomenkuvalehti.fi\/vallan-mahotonta\/\"},{\"@type\":\"ListItem\",\"position\":2,\"name\":\"Suomi jatkaa menneiden sotien k\u00e4ymist\u00e4 ja persuilee persun pelosta\"}]},{\"@type\":\"WebSite\",\"@id\":\"https:\/\/suomenkuvalehti.fi\/vallan-mahotonta\/#website\",\"url\":\"https:\/\/suomenkuvalehti.fi\/vallan-mahotonta\/\",\"name\":\"Vallan mahotonta!\",\"description\":\"Tutkija Antti Ronkainen seuraa maailmantalouden murrosta.\",\"potentialAction\":[{\"@type\":\"SearchAction\",\"target\":{\"@type\":\"EntryPoint\",\"urlTemplate\":\"https:\/\/suomenkuvalehti.fi\/haku\/?q={search_term_string}\"},\"query-input\":{\"@type\":\"PropertyValueSpecification\",\"valueRequired\":true,\"valueName\":\"search_term_string\"}}],\"inLanguage\":\"fi\"},{\"@type\":\"Person\",\"@id\":\"https:\/\/suomenkuvalehti.fi\/vallan-mahotonta\/#\/schema\/person\/aa34015af7a4bce21e1cdcf566bb57b0\",\"name\":\"Antti Ronkainen\",\"image\":{\"@type\":\"ImageObject\",\"inLanguage\":\"fi\",\"@id\":\"https:\/\/suomenkuvalehti.fi\/vallan-mahotonta\/#\/schema\/person\/image\/\",\"url\":\"https:\/\/suomenkuvalehti.fi\/vallan-mahotonta\/wp-content\/uploads\/sites\/42\/2018\/05\/antti_j_ronkainen_blogi_pieni-150x150.jpg\",\"contentUrl\":\"https:\/\/suomenkuvalehti.fi\/vallan-mahotonta\/wp-content\/uploads\/sites\/42\/2018\/05\/antti_j_ronkainen_blogi_pieni-150x150.jpg\",\"caption\":\"Antti Ronkainen\"},\"description\":\"Antti Ronkainen on poliittisen talouden v\u00e4it\u00f6skirjatutkija Helsingin yliopistolla.\",\"sameAs\":[\"http:\/\/anttironkainen.fi\",\"https:\/\/www.facebook.com\/a.ronkainen\",\"https:\/\/www.instagram.com\/antti.ronkainen\/\",\"https:\/\/x.com\/https:\/\/twitter.com\/anttironkainen\"]}]}<\/script>\n<!-- \/ Yoast SEO plugin. -->","yoast_head_json":{"title":"Suomi jatkaa menneiden sotien k\u00e4ymist\u00e4 ja persuilee persun pelosta - Vallan mahotonta!","robots":{"index":"index","follow":"follow","max-snippet":"max-snippet:-1","max-image-preview":"max-image-preview:large","max-video-preview":"max-video-preview:-1"},"canonical":"https:\/\/suomenkuvalehti.fi\/vallan-mahotonta\/suomi-persuilee-persun-pelosta-ja-jatkaa-menneiden-sotien-kaymista\/","og_locale":"fi_FI","og_type":"article","og_title":"Suomi jatkaa menneiden sotien k\u00e4ymist\u00e4 ja persuilee persun pelosta - Vallan mahotonta!","og_description":"Viime torstaina valtiovarainministeri Annika Saarikko ilmoitti Suomen ja 7 muun maan (It\u00e4valta, Hollanti, Ruotsi, Tanska, Latvia, Tshekki &amp; Slovakia) allekirjoittaneen kannanoton EU-maiden julkistalouden pelis\u00e4\u00e4nn\u00f6ist\u00e4. Ryhm\u00e4 on It\u00e4vallan kipparoima. Kannan&hellip;","og_url":"https:\/\/suomenkuvalehti.fi\/vallan-mahotonta\/suomi-persuilee-persun-pelosta-ja-jatkaa-menneiden-sotien-kaymista\/","og_site_name":"Vallan mahotonta!","article_author":"https:\/\/www.facebook.com\/a.ronkainen","article_published_time":"2021-09-14T09:19:53+00:00","article_modified_time":"2021-09-14T09:22:11+00:00","og_image":[{"width":600,"height":600,"url":"https:\/\/suomenkuvalehti.fi\/vallan-mahotonta\/wp-content\/uploads\/sites\/42\/2018\/05\/antti_j_ronkainen_blogi_pieni.jpg","type":"image\/jpeg"}],"author":"Antti Ronkainen","twitter_card":"summary_large_image","twitter_creator":"@https:\/\/twitter.com\/anttironkainen","twitter_misc":{"Written by":"Antti Ronkainen","Est. reading time":"2 minuuttia"},"schema":{"@context":"https:\/\/schema.org","@graph":[{"@type":"WebPage","@id":"https:\/\/suomenkuvalehti.fi\/vallan-mahotonta\/suomi-persuilee-persun-pelosta-ja-jatkaa-menneiden-sotien-kaymista\/","url":"https:\/\/suomenkuvalehti.fi\/vallan-mahotonta\/suomi-persuilee-persun-pelosta-ja-jatkaa-menneiden-sotien-kaymista\/","name":"Suomi jatkaa menneiden sotien k\u00e4ymist\u00e4 ja persuilee persun pelosta - Vallan mahotonta!","isPartOf":{"@id":"https:\/\/suomenkuvalehti.fi\/vallan-mahotonta\/#website"},"datePublished":"2021-09-14T09:19:53+00:00","dateModified":"2021-09-14T09:22:11+00:00","author":{"@id":"https:\/\/suomenkuvalehti.fi\/vallan-mahotonta\/#\/schema\/person\/aa34015af7a4bce21e1cdcf566bb57b0"},"breadcrumb":{"@id":"https:\/\/suomenkuvalehti.fi\/vallan-mahotonta\/suomi-persuilee-persun-pelosta-ja-jatkaa-menneiden-sotien-kaymista\/#breadcrumb"},"inLanguage":"fi","potentialAction":[{"@type":"ReadAction","target":["https:\/\/suomenkuvalehti.fi\/vallan-mahotonta\/suomi-persuilee-persun-pelosta-ja-jatkaa-menneiden-sotien-kaymista\/"]}]},{"@type":"BreadcrumbList","@id":"https:\/\/suomenkuvalehti.fi\/vallan-mahotonta\/suomi-persuilee-persun-pelosta-ja-jatkaa-menneiden-sotien-kaymista\/#breadcrumb","itemListElement":[{"@type":"ListItem","position":1,"name":"Home","item":"https:\/\/suomenkuvalehti.fi\/vallan-mahotonta\/"},{"@type":"ListItem","position":2,"name":"Suomi jatkaa menneiden sotien k\u00e4ymist\u00e4 ja persuilee persun pelosta"}]},{"@type":"WebSite","@id":"https:\/\/suomenkuvalehti.fi\/vallan-mahotonta\/#website","url":"https:\/\/suomenkuvalehti.fi\/vallan-mahotonta\/","name":"Vallan mahotonta!","description":"Tutkija Antti Ronkainen seuraa maailmantalouden murrosta.","potentialAction":[{"@type":"SearchAction","target":{"@type":"EntryPoint","urlTemplate":"https:\/\/suomenkuvalehti.fi\/haku\/?q={search_term_string}"},"query-input":{"@type":"PropertyValueSpecification","valueRequired":true,"valueName":"search_term_string"}}],"inLanguage":"fi"},{"@type":"Person","@id":"https:\/\/suomenkuvalehti.fi\/vallan-mahotonta\/#\/schema\/person\/aa34015af7a4bce21e1cdcf566bb57b0","name":"Antti Ronkainen","image":{"@type":"ImageObject","inLanguage":"fi","@id":"https:\/\/suomenkuvalehti.fi\/vallan-mahotonta\/#\/schema\/person\/image\/","url":"https:\/\/suomenkuvalehti.fi\/vallan-mahotonta\/wp-content\/uploads\/sites\/42\/2018\/05\/antti_j_ronkainen_blogi_pieni-150x150.jpg","contentUrl":"https:\/\/suomenkuvalehti.fi\/vallan-mahotonta\/wp-content\/uploads\/sites\/42\/2018\/05\/antti_j_ronkainen_blogi_pieni-150x150.jpg","caption":"Antti Ronkainen"},"description":"Antti Ronkainen on poliittisen talouden v\u00e4it\u00f6skirjatutkija Helsingin yliopistolla.","sameAs":["http:\/\/anttironkainen.fi","https:\/\/www.facebook.com\/a.ronkainen","https:\/\/www.instagram.com\/antti.ronkainen\/","https:\/\/x.com\/https:\/\/twitter.com\/anttironkainen"]}]}},"_links":{"self":[{"href":"https:\/\/suomenkuvalehti.fi\/vallan-mahotonta\/wp-json\/wp\/v2\/posts\/7581","targetHints":{"allow":["GET"]}}],"collection":[{"href":"https:\/\/suomenkuvalehti.fi\/vallan-mahotonta\/wp-json\/wp\/v2\/posts"}],"about":[{"href":"https:\/\/suomenkuvalehti.fi\/vallan-mahotonta\/wp-json\/wp\/v2\/types\/post"}],"author":[{"embeddable":true,"href":"https:\/\/suomenkuvalehti.fi\/vallan-mahotonta\/wp-json\/wp\/v2\/users\/37967"}],"replies":[{"embeddable":true,"href":"https:\/\/suomenkuvalehti.fi\/vallan-mahotonta\/wp-json\/wp\/v2\/comments?post=7581"}],"version-history":[{"count":60,"href":"https:\/\/suomenkuvalehti.fi\/vallan-mahotonta\/wp-json\/wp\/v2\/posts\/7581\/revisions"}],"predecessor-version":[{"id":7641,"href":"https:\/\/suomenkuvalehti.fi\/vallan-mahotonta\/wp-json\/wp\/v2\/posts\/7581\/revisions\/7641"}],"wp:attachment":[{"href":"https:\/\/suomenkuvalehti.fi\/vallan-mahotonta\/wp-json\/wp\/v2\/media?parent=7581"}],"wp:term":[{"taxonomy":"category","embeddable":true,"href":"https:\/\/suomenkuvalehti.fi\/vallan-mahotonta\/wp-json\/wp\/v2\/categories?post=7581"},{"taxonomy":"post_tag","embeddable":true,"href":"https:\/\/suomenkuvalehti.fi\/vallan-mahotonta\/wp-json\/wp\/v2\/tags?post=7581"}],"curies":[{"name":"wp","href":"https:\/\/api.w.org\/{rel}","templated":true}]}}