{"id":757,"date":"2018-03-03T21:56:41","date_gmt":"2018-03-03T19:56:41","guid":{"rendered":"https:\/\/suomenkuvalehti.fi\/vallan-mahotonta\/?p=757"},"modified":"2018-03-03T21:56:41","modified_gmt":"2018-03-03T19:56:41","slug":"vakaan-neron-kauppasota","status":"publish","type":"post","link":"https:\/\/suomenkuvalehti.fi\/vallan-mahotonta\/vakaan-neron-kauppasota\/","title":{"rendered":"Vakaan neron kauppasota"},"content":{"rendered":"\n<p><span class=\"capitalized\"><a href=\"https:\/\/suomenkuvalehti.fi\/vallan-mahotonta\/trump-tekee-fedin-nimityksilla-politiikkaa-ja-se-voi-johtaa-valuuttasotaan\/?shared=206-12b6f62b-999\">Kirjoitin marraskuussa<\/a><\/span>, ett\u00e4 Trump saattaisi valita kauppapolitiikakseen protektionismin sijaan dollarin heikent\u00e4misen. Heikompi dollari lis\u00e4isi yhdysvaltalaisten firmojen kilpailukyky\u00e4 ja tekisi tuontitavaroista kalliimpia, mik\u00e4 olisi Trumpin mieleen.<\/p>\n\n\n\n<p>V\u00e4h\u00e4np\u00e4 tiesin.<\/p>\n\n\n\n<p>Torstaina Trump asetti 25 prosentin tuontitullit ter\u00e4kselle ja 10 prosentin tullit alumiinille. Kyseess\u00e4 on Trumpin protektionistisen teko siit\u00e4 huolimatta, ett\u00e4 <strong>Steve Bannon<\/strong> ja talousnationalistit oli ajettu Valkoisesta talosta&nbsp;ja Goldman Sachsin globalistipankkiirit olivat edelleen Trumpin taloudellisina neuvonantajina.<\/p>\n\n\n\n<p>Trump asetti tullit t\u00e4ysin omatoimisesti ilmoittamatta asiasta hallitukselle, neuvonantajille tai lakimiehille.<\/p>\n\n\n<p><iframe loading=\"lazy\" width=\"630\" height=\"354\" src=\"https:\/\/www.youtube.com\/embed\/tPqFpLKQNao?feature=oembed\" frameborder=\"0\" allow=\"autoplay; encrypted-media\" allowfullscreen><\/iframe><\/p>\n\n<div class=\"js-player-shell\" data-playertype=\"Inline\">\n<div class=\"widget widget_video widget_trusted\">\n<div class=\"video-viewport\">\n<div class=\"intrinsic\">\n<div class=\"intrinsic-wrapper ratio-16x9\">\n<div data-mpxid=\"1175908931646\" data-adid=\"342197||499|||\">\n<div class=\"js-player-shell\" data-playertype=\"Inline\">\n<div class=\"widget widget_video widget_trusted\">\n<div class=\"video-viewport\">\n<div class=\"intrinsic\">\n<div class=\"intrinsic-wrapper ratio-16x9\">\n<div id=\"video_mpx_1175559235959_5\" class=\"js-video-placeholder vilynx_enabled dyother dyMonitor vilynx_registered\" data-mpxid=\"1175559235959\" data-adid=\"342197||1282|||\">\n<p>Hommat eskaloituivat nopeasti.<\/p>\n<p><a href=\"https:\/\/www.politico.eu\/article\/eu-seeks-to-hit-back-at-e3-billion-of-us-exports-from-bourbon-to-jeans\/\" target=\"_blank\" rel=\"noopener\">EU on uhannut<\/a> l\u00e4tk\u00e4ist\u00e4 3 miljardin edest\u00e4 tulleja yhdysvaltalaisille tuotteille, esimerkiksi Harley-Davidsoneille, Leviksen farkuille ja Jim Beams -viskille.<\/p>\n<p>NAFTA-neuvottelut ovat j\u00e4\u00e4ss\u00e4.<\/p>\n<p><a href=\"https:\/\/www.reuters.com\/article\/us-usa-trade-treasuries-analysis\/dumping-u-s-debt-a-possible-weapon-in-global-trade-war-idUSKCN1GE2ZS\" target=\"_blank\" rel=\"noopener\">Lis\u00e4ksi Kiina, Japani ja muut Yhdysvaltain velkakirjoja omistavat<\/a> voisivat alkaa myyd\u00e4 omistuksiaan aiheuttaen joko pienimuotoisen p\u00f6rssiromahduksen tai nostaakseen Yhdysvaltain rahoituskuluja.<\/p>\n<p>Trump on vastannut t\u00e4n\u00e4\u00e4n Twitteriss\u00e4 esimerkiksi uhkaamalla verottaa lis\u00e4\u00e4 eurooppalaisia autoja:<\/p>\n<\/div>\n<p><blockquote class=\"twitter-tweet\" data-width=\"550\" data-dnt=\"true\"><p lang=\"en\" dir=\"ltr\">If the E.U. wants to further increase their already massive tariffs and barriers on U.S. companies doing business there, we will simply apply a Tax on their Cars which freely pour into the U.S. They make it impossible for our cars (and more) to sell there. Big trade imbalance!<\/p>&mdash; Donald J. Trump (@realDonaldTrump) <a href=\"https:\/\/twitter.com\/realDonaldTrump\/status\/969994273121820672?ref_src=twsrc%5Etfw\">March 3, 2018<\/a><\/blockquote><script async src=\"https:\/\/platform.twitter.com\/widgets.js\" charset=\"utf-8\"><\/script><\/p>\n<p>Kahden l\u00e4hteen mukaan Trump oli ollut t\u00e4ysin poissa tolaltaan <a href=\"https:\/\/www.nbcnews.com\/politics\/white-house\/trump-was-angry-unglued-when-he-started-trade-war-officials-n852641\" target=\"_blank\" rel=\"noopener\">tiistaista l\u00e4htien<\/a>, kun h\u00e4nen viestint\u00e4p\u00e4\u00e4llikk\u00f6 <strong>Hope Hicks<\/strong> oli todistanut kongressista Ven\u00e4j\u00e4-tutkintoihin liittyen.<\/p>\n<p>Hicks, joka oli Trumpin pitk\u00e4aikaisimpia ja luotetuimpia henkil\u00f6it\u00e4 aina kampanjasta l\u00e4htien, erosi keskiviikkona.<\/p>\n<p><a href=\"https:\/\/edition.cnn.com\/2018\/03\/02\/opinions\/trump-the-great-unraveling-opinion-borger\/index.html\" target=\"_blank\" rel=\"noopener\">Parin viimeisen viikon aikana<\/a>&nbsp;Trump on hy\u00f6k\u00e4nnyt omaa oikeusministeri\u00e4\u00e4n vastaan,&nbsp;Meksikon suurl\u00e4hettil\u00e4s on eronnut Trumpin ja Meksikon presidentin v\u00e4lisen puhelun j\u00e4lkeen ja Trumpin entinen kampanjaty\u00f6ntekij\u00e4 <strong>Rick Gates<\/strong>&nbsp;on alkanut tehd\u00e4 yhteisty\u00f6t\u00e4 Muellerin kanssa Ven\u00e4j\u00e4-tutkinnoissa.<\/p>\n<p>Presidentill\u00e4 on my\u00f6s jatkuvia pornot\u00e4htiin liittyvi\u00e4 skandaaleja.<\/p>\n<p>Hicksin eron lis\u00e4ksi&nbsp;Trump on erottamassa turvallisuusneuvonantajaansa, mink\u00e4 lis\u00e4ksi Valkoisen talon ty\u00f6ntekij\u00e4n pahoinpitelyskandaali on johtanut Trumpin v\u00e4vyn <strong>Jared Kushnerin<\/strong> turvallisuusstatuksen laskuun.<\/p>\n<p>&nbsp;<\/p>\n<p><span class=\"capitalized\">Trumpin tullit<\/span> viittaavat siihen, ettei&nbsp;Valkoisen talon kuppikunnat kykene est\u00e4m\u00e4\u00e4n Trumpin tekoja.<\/p>\n<p>P\u00e4invastoin presidentti n\u00e4ytt\u00e4\u00e4 ajautuvan koko ajan eristyneemm\u00e4ksi ja arvaamattomammaksi.<\/p>\n<p>Mik\u00e4li Trump voi aloittaa globaalin kauppasodan spontaanisti ilmeisen tunnekuohun vallassa, luvassa on viel\u00e4 paljon lis\u00e4\u00e4 kauppasotaa.<\/p>\n<\/div>\n<\/div>\n<\/div>\n<\/div>\n<\/div>\n<\/div>\n<\/div>\n<\/div>\n<\/div>\n<\/div>\n<\/div>\n\n\n","protected":false},"excerpt":{"rendered":"<p>Mik\u00e4li Trump voi aloittaa globaalin kauppasodan spontaanisti tunnekuohun vallassa, luvassa on viel\u00e4 paljon lis\u00e4\u00e4.\u00a0<\/p>\n","protected":false},"author":37967,"featured_media":0,"comment_status":"open","ping_status":"open","sticky":false,"template":"","format":"standard","meta":{"_acf_changed":false,"asauth_required_access_level":3,"asauth_cansharepaid":"true","om_header_attributes":[],"footnotes":"","om_featured_image_focal_point":[],"om_primary_tag":0,"om_contributors":[],"om_co_authors":[],"beyondwords_generate_audio":"","beyondwords_project_id":"","beyondwords_content_id":"","beyondwords_preview_token":"","beyondwords_player_content":"","beyondwords_player_style":"","beyondwords_language_code":"","beyondwords_language_id":"","beyondwords_title_voice_id":"","beyondwords_body_voice_id":"","beyondwords_summary_voice_id":"","beyondwords_error_message":"","beyondwords_disabled":"","beyondwords_delete_content":"","beyondwords_podcast_id":"","beyondwords_hash":"","publish_post_to_speechkit":"","speechkit_hash":"","speechkit_generate_audio":"","speechkit_project_id":"","speechkit_podcast_id":"","speechkit_error_message":"","speechkit_disabled":"","speechkit_access_key":"","speechkit_error":"","speechkit_info":"","speechkit_response":"","speechkit_retries":"","speechkit_status":"","speechkit_updated_at":"","_speechkit_link":"","_speechkit_text":""},"categories":[1],"tags":[7,100,99,101],"class_list":["post-757","post","type-post","status-publish","format-standard","hentry","category-vallan-mahotonta","tag-eu","tag-kauppasota","tag-trump","tag-tullit"],"om_views":null,"acf":{"tuuma_off":false,"tuuma_kysymys":"","tuuma_vastaus":""},"asauth":{"required_access_level":1,"share_token":"","is_paid":false},"yoast_head":"<!-- This site is optimized with the Yoast SEO plugin v26.4 - https:\/\/yoast.com\/wordpress\/plugins\/seo\/ -->\n<title>Vakaan neron kauppasota - Vallan mahotonta!<\/title>\n<meta name=\"robots\" content=\"index, follow, max-snippet:-1, max-image-preview:large, max-video-preview:-1\" \/>\n<link rel=\"canonical\" href=\"https:\/\/suomenkuvalehti.fi\/vallan-mahotonta\/vakaan-neron-kauppasota\/\" \/>\n<meta property=\"og:locale\" content=\"fi_FI\" \/>\n<meta property=\"og:type\" content=\"article\" \/>\n<meta property=\"og:title\" content=\"Vakaan neron kauppasota - Vallan mahotonta!\" \/>\n<meta property=\"og:description\" content=\"Mik\u00e4li Trump voi aloittaa globaalin kauppasodan spontaanisti tunnekuohun vallassa, luvassa on viel\u00e4 paljon lis\u00e4\u00e4.\u00a0\" \/>\n<meta property=\"og:url\" content=\"https:\/\/suomenkuvalehti.fi\/vallan-mahotonta\/vakaan-neron-kauppasota\/\" \/>\n<meta property=\"og:site_name\" content=\"Vallan mahotonta!\" \/>\n<meta property=\"article:author\" content=\"https:\/\/www.facebook.com\/a.ronkainen\" \/>\n<meta property=\"article:published_time\" content=\"2018-03-03T19:56:41+00:00\" \/>\n<meta property=\"og:image\" content=\"https:\/\/suomenkuvalehti.fi\/vallan-mahotonta\/wp-content\/uploads\/sites\/42\/2018\/05\/antti_j_ronkainen_blogi_pieni.jpg\" \/>\n\t<meta property=\"og:image:width\" content=\"600\" \/>\n\t<meta property=\"og:image:height\" content=\"600\" \/>\n\t<meta property=\"og:image:type\" content=\"image\/jpeg\" \/>\n<meta name=\"author\" content=\"Antti Ronkainen\" \/>\n<meta name=\"twitter:card\" content=\"summary_large_image\" \/>\n<meta name=\"twitter:creator\" content=\"@https:\/\/twitter.com\/anttironkainen\" \/>\n<meta name=\"twitter:label1\" content=\"Written by\" \/>\n\t<meta name=\"twitter:data1\" content=\"Antti Ronkainen\" \/>\n\t<meta name=\"twitter:label2\" content=\"Est. reading time\" \/>\n\t<meta name=\"twitter:data2\" content=\"2 minuuttia\" \/>\n<script type=\"application\/ld+json\" class=\"yoast-schema-graph\">{\"@context\":\"https:\/\/schema.org\",\"@graph\":[{\"@type\":\"WebPage\",\"@id\":\"https:\/\/suomenkuvalehti.fi\/vallan-mahotonta\/vakaan-neron-kauppasota\/\",\"url\":\"https:\/\/suomenkuvalehti.fi\/vallan-mahotonta\/vakaan-neron-kauppasota\/\",\"name\":\"Vakaan neron kauppasota - Vallan mahotonta!\",\"isPartOf\":{\"@id\":\"https:\/\/suomenkuvalehti.fi\/vallan-mahotonta\/#website\"},\"datePublished\":\"2018-03-03T19:56:41+00:00\",\"author\":{\"@id\":\"https:\/\/suomenkuvalehti.fi\/vallan-mahotonta\/#\/schema\/person\/aa34015af7a4bce21e1cdcf566bb57b0\"},\"breadcrumb\":{\"@id\":\"https:\/\/suomenkuvalehti.fi\/vallan-mahotonta\/vakaan-neron-kauppasota\/#breadcrumb\"},\"inLanguage\":\"fi\",\"potentialAction\":[{\"@type\":\"ReadAction\",\"target\":[\"https:\/\/suomenkuvalehti.fi\/vallan-mahotonta\/vakaan-neron-kauppasota\/\"]}]},{\"@type\":\"BreadcrumbList\",\"@id\":\"https:\/\/suomenkuvalehti.fi\/vallan-mahotonta\/vakaan-neron-kauppasota\/#breadcrumb\",\"itemListElement\":[{\"@type\":\"ListItem\",\"position\":1,\"name\":\"Home\",\"item\":\"https:\/\/suomenkuvalehti.fi\/vallan-mahotonta\/\"},{\"@type\":\"ListItem\",\"position\":2,\"name\":\"Vakaan neron kauppasota\"}]},{\"@type\":\"WebSite\",\"@id\":\"https:\/\/suomenkuvalehti.fi\/vallan-mahotonta\/#website\",\"url\":\"https:\/\/suomenkuvalehti.fi\/vallan-mahotonta\/\",\"name\":\"Vallan mahotonta!\",\"description\":\"Tutkija Antti Ronkainen seuraa maailmantalouden murrosta.\",\"potentialAction\":[{\"@type\":\"SearchAction\",\"target\":{\"@type\":\"EntryPoint\",\"urlTemplate\":\"https:\/\/suomenkuvalehti.fi\/haku\/?q={search_term_string}\"},\"query-input\":{\"@type\":\"PropertyValueSpecification\",\"valueRequired\":true,\"valueName\":\"search_term_string\"}}],\"inLanguage\":\"fi\"},{\"@type\":\"Person\",\"@id\":\"https:\/\/suomenkuvalehti.fi\/vallan-mahotonta\/#\/schema\/person\/aa34015af7a4bce21e1cdcf566bb57b0\",\"name\":\"Antti Ronkainen\",\"image\":{\"@type\":\"ImageObject\",\"inLanguage\":\"fi\",\"@id\":\"https:\/\/suomenkuvalehti.fi\/vallan-mahotonta\/#\/schema\/person\/image\/\",\"url\":\"https:\/\/suomenkuvalehti.fi\/vallan-mahotonta\/wp-content\/uploads\/sites\/42\/2018\/05\/antti_j_ronkainen_blogi_pieni-150x150.jpg\",\"contentUrl\":\"https:\/\/suomenkuvalehti.fi\/vallan-mahotonta\/wp-content\/uploads\/sites\/42\/2018\/05\/antti_j_ronkainen_blogi_pieni-150x150.jpg\",\"caption\":\"Antti Ronkainen\"},\"description\":\"Antti Ronkainen on poliittisen talouden v\u00e4it\u00f6skirjatutkija Helsingin yliopistolla.\",\"sameAs\":[\"http:\/\/anttironkainen.fi\",\"https:\/\/www.facebook.com\/a.ronkainen\",\"https:\/\/www.instagram.com\/antti.ronkainen\/\",\"https:\/\/x.com\/https:\/\/twitter.com\/anttironkainen\"]}]}<\/script>\n<!-- \/ Yoast SEO plugin. -->","yoast_head_json":{"title":"Vakaan neron kauppasota - Vallan mahotonta!","robots":{"index":"index","follow":"follow","max-snippet":"max-snippet:-1","max-image-preview":"max-image-preview:large","max-video-preview":"max-video-preview:-1"},"canonical":"https:\/\/suomenkuvalehti.fi\/vallan-mahotonta\/vakaan-neron-kauppasota\/","og_locale":"fi_FI","og_type":"article","og_title":"Vakaan neron kauppasota - Vallan mahotonta!","og_description":"Mik\u00e4li Trump voi aloittaa globaalin kauppasodan spontaanisti tunnekuohun vallassa, luvassa on viel\u00e4 paljon lis\u00e4\u00e4.\u00a0","og_url":"https:\/\/suomenkuvalehti.fi\/vallan-mahotonta\/vakaan-neron-kauppasota\/","og_site_name":"Vallan mahotonta!","article_author":"https:\/\/www.facebook.com\/a.ronkainen","article_published_time":"2018-03-03T19:56:41+00:00","og_image":[{"width":600,"height":600,"url":"https:\/\/suomenkuvalehti.fi\/vallan-mahotonta\/wp-content\/uploads\/sites\/42\/2018\/05\/antti_j_ronkainen_blogi_pieni.jpg","type":"image\/jpeg"}],"author":"Antti Ronkainen","twitter_card":"summary_large_image","twitter_creator":"@https:\/\/twitter.com\/anttironkainen","twitter_misc":{"Written by":"Antti Ronkainen","Est. reading time":"2 minuuttia"},"schema":{"@context":"https:\/\/schema.org","@graph":[{"@type":"WebPage","@id":"https:\/\/suomenkuvalehti.fi\/vallan-mahotonta\/vakaan-neron-kauppasota\/","url":"https:\/\/suomenkuvalehti.fi\/vallan-mahotonta\/vakaan-neron-kauppasota\/","name":"Vakaan neron kauppasota - Vallan mahotonta!","isPartOf":{"@id":"https:\/\/suomenkuvalehti.fi\/vallan-mahotonta\/#website"},"datePublished":"2018-03-03T19:56:41+00:00","author":{"@id":"https:\/\/suomenkuvalehti.fi\/vallan-mahotonta\/#\/schema\/person\/aa34015af7a4bce21e1cdcf566bb57b0"},"breadcrumb":{"@id":"https:\/\/suomenkuvalehti.fi\/vallan-mahotonta\/vakaan-neron-kauppasota\/#breadcrumb"},"inLanguage":"fi","potentialAction":[{"@type":"ReadAction","target":["https:\/\/suomenkuvalehti.fi\/vallan-mahotonta\/vakaan-neron-kauppasota\/"]}]},{"@type":"BreadcrumbList","@id":"https:\/\/suomenkuvalehti.fi\/vallan-mahotonta\/vakaan-neron-kauppasota\/#breadcrumb","itemListElement":[{"@type":"ListItem","position":1,"name":"Home","item":"https:\/\/suomenkuvalehti.fi\/vallan-mahotonta\/"},{"@type":"ListItem","position":2,"name":"Vakaan neron kauppasota"}]},{"@type":"WebSite","@id":"https:\/\/suomenkuvalehti.fi\/vallan-mahotonta\/#website","url":"https:\/\/suomenkuvalehti.fi\/vallan-mahotonta\/","name":"Vallan mahotonta!","description":"Tutkija Antti Ronkainen seuraa maailmantalouden murrosta.","potentialAction":[{"@type":"SearchAction","target":{"@type":"EntryPoint","urlTemplate":"https:\/\/suomenkuvalehti.fi\/haku\/?q={search_term_string}"},"query-input":{"@type":"PropertyValueSpecification","valueRequired":true,"valueName":"search_term_string"}}],"inLanguage":"fi"},{"@type":"Person","@id":"https:\/\/suomenkuvalehti.fi\/vallan-mahotonta\/#\/schema\/person\/aa34015af7a4bce21e1cdcf566bb57b0","name":"Antti Ronkainen","image":{"@type":"ImageObject","inLanguage":"fi","@id":"https:\/\/suomenkuvalehti.fi\/vallan-mahotonta\/#\/schema\/person\/image\/","url":"https:\/\/suomenkuvalehti.fi\/vallan-mahotonta\/wp-content\/uploads\/sites\/42\/2018\/05\/antti_j_ronkainen_blogi_pieni-150x150.jpg","contentUrl":"https:\/\/suomenkuvalehti.fi\/vallan-mahotonta\/wp-content\/uploads\/sites\/42\/2018\/05\/antti_j_ronkainen_blogi_pieni-150x150.jpg","caption":"Antti Ronkainen"},"description":"Antti Ronkainen on poliittisen talouden v\u00e4it\u00f6skirjatutkija Helsingin yliopistolla.","sameAs":["http:\/\/anttironkainen.fi","https:\/\/www.facebook.com\/a.ronkainen","https:\/\/www.instagram.com\/antti.ronkainen\/","https:\/\/x.com\/https:\/\/twitter.com\/anttironkainen"]}]}},"_links":{"self":[{"href":"https:\/\/suomenkuvalehti.fi\/vallan-mahotonta\/wp-json\/wp\/v2\/posts\/757","targetHints":{"allow":["GET"]}}],"collection":[{"href":"https:\/\/suomenkuvalehti.fi\/vallan-mahotonta\/wp-json\/wp\/v2\/posts"}],"about":[{"href":"https:\/\/suomenkuvalehti.fi\/vallan-mahotonta\/wp-json\/wp\/v2\/types\/post"}],"author":[{"embeddable":true,"href":"https:\/\/suomenkuvalehti.fi\/vallan-mahotonta\/wp-json\/wp\/v2\/users\/37967"}],"replies":[{"embeddable":true,"href":"https:\/\/suomenkuvalehti.fi\/vallan-mahotonta\/wp-json\/wp\/v2\/comments?post=757"}],"version-history":[{"count":5,"href":"https:\/\/suomenkuvalehti.fi\/vallan-mahotonta\/wp-json\/wp\/v2\/posts\/757\/revisions"}],"predecessor-version":[{"id":766,"href":"https:\/\/suomenkuvalehti.fi\/vallan-mahotonta\/wp-json\/wp\/v2\/posts\/757\/revisions\/766"}],"wp:attachment":[{"href":"https:\/\/suomenkuvalehti.fi\/vallan-mahotonta\/wp-json\/wp\/v2\/media?parent=757"}],"wp:term":[{"taxonomy":"category","embeddable":true,"href":"https:\/\/suomenkuvalehti.fi\/vallan-mahotonta\/wp-json\/wp\/v2\/categories?post=757"},{"taxonomy":"post_tag","embeddable":true,"href":"https:\/\/suomenkuvalehti.fi\/vallan-mahotonta\/wp-json\/wp\/v2\/tags?post=757"}],"curies":[{"name":"wp","href":"https:\/\/api.w.org\/{rel}","templated":true}]}}