{"id":7088,"date":"2021-06-14T00:24:27","date_gmt":"2021-06-13T21:24:27","guid":{"rendered":"https:\/\/suomenkuvalehti.fi\/vallan-mahotonta\/?p=7088"},"modified":"2021-06-14T09:35:07","modified_gmt":"2021-06-14T06:35:07","slug":"kuntavaalien-yllatykset-ja-evaat-eduskuntavaaleihin","status":"publish","type":"post","link":"https:\/\/suomenkuvalehti.fi\/vallan-mahotonta\/kuntavaalien-yllatykset-ja-evaat-eduskuntavaaleihin\/","title":{"rendered":"Kuntavaalien yll\u00e4tykset ja ev\u00e4\u00e4t eduskuntavaaleihin"},"content":{"rendered":"\n<p>Kuntavaalien suurin yll\u00e4tys lieni \u00e4\u00e4nestysaktiivisuus, rapiat 55 %.<\/p>\n\n\n\n<p>Alhaisin \u00e4\u00e4nestysaktiivisuus sitten toisen maailmansodan selitt\u00e4\u00e4 paitsi kokoomuksen vaalivoittoa, my\u00f6s demarien ja keskustan painajaisia parempia tuloksia ja erityisesti perussuomalaisten ja vihreiden pettymyksi\u00e4.<\/p>\n\n\n\n<p>Kokoomus on Suomen kiistaton kuntapuolue, se voi saada Helsingin, Turun ja Tampereen pormestarit ja historiallisia voittoja tuli muissakin kaupungeissa. <strong>Petteri Orpo<\/strong> vie puolueen eduskuntavaaleihin ja vaalivoitto antaa Orpolle arvokkaan talismaanin perussuomalaisten haastamisessa opposition herruudesta.<\/p>\n\n\n\n<p>Kuten yleens\u00e4 kuntavaaleissa, hallituspuolueet k\u00e4rsiv\u00e4t. Kun gallupit povasivat perussuomalaisille jopa kannatuksen tuplaantumista, SDP ja keskusta lienev\u00e4t historiallisista tappioistaan huolimatta lopulta tyytyv\u00e4isi\u00e4 sijoituksiinsa kuntavaalien kakkosena ja kolmosena ja siihen, ett\u00e4 oppositio ei noussut kuntavaalien suurimmiksi.<\/p>\n\n\n\n<p>Viel\u00e4 vuoden alussa SDP:n kannatus oli korkeampi ja siirtop\u00e4\u00e4t\u00f6ksen j\u00e4lkeen hallitusta kohtasi lukuisat kriisit (kehyskriisi, aamupalakohu, kulttuurialan kilarit ja ulkonaliikkumiskieltoh\u00e4ss\u00e4kk\u00e4). N\u00e4ist\u00e4 huolimatta perussuomalaiset eiv\u00e4t l\u00e4hteneet uurnille, kuntajytky j\u00e4i tulematta ja kuntavaalien suurin hy\u00f6t\u00e4j\u00e4 oli kokoomus.<\/p>\n\n\n\n<p>Suurin yll\u00e4tys lieni vihreiden romahdus suurissa kaupungeissa. Ilmeisesti puolue menetti kannatusta puolueen liberaalisiivest\u00e4 kokoomukseen ja vasemmistosiivest\u00e4 demareihin ja vasemmistoliittoon. Niin kummalliselta kuin se kuulostaakin, vihre\u00e4t saattavat olla polarisoituvassa politiikassa v\u00e4liinputoajia.<\/p>\n\n\n\n<p>Vaikka vaalien siirto oli perusteltua, puolueet eiv\u00e4t voi olla tyytyv\u00e4isi\u00e4 n\u00e4in alhaiseen \u00e4\u00e4nestysprosenttiin. Jos sote-uudistus menee l\u00e4pi, n\u00e4m\u00e4 oli viimeiset vaalit, joissa kunnat viel\u00e4 p\u00e4\u00e4tt\u00e4v\u00e4t sosiaali- ja terveyspalveluistaan. Tulevissa kuntavaaleissa \u00e4\u00e4nestysaktiivisuus voi hyvin painua viel\u00e4 toista maailmansotaakin alhaisempiin lukemiin.<\/p>\n\n\n\n<p>Alhaisesta \u00e4\u00e4nestysprosentista huolimatta talouspolitiikalla n\u00e4ytti p\u00e4rj\u00e4\u00e4v\u00e4n n\u00e4iss\u00e4 vaaleissa paremmin kuin identiteettipolitiikalla. Onkin mielenkiintoista n\u00e4hd\u00e4, mink\u00e4laisia johtop\u00e4\u00e4t\u00f6ksi\u00e4 puolueet vet\u00e4v\u00e4t n\u00e4ist\u00e4 yll\u00e4tyksellisist\u00e4 vaaleista matkalla eduskuntavaaleihin.<\/p>\n\n\n\n<p>Taistelu ja hulina joka tapauksessa jatkuu!<\/p>\n\n\n<figure class=\"wp-block-image size-large is-resized alignnone\">\n  <div class=\"wp-block-image__inner-container\">\n    <a href=\"https:\/\/suomenkuvalehti.fi\/vallan-mahotonta\/wp-content\/uploads\/sites\/42\/2021\/06\/screenshot-2021-06-14-at-0.20.27.png\"><img loading=\"lazy\" decoding=\"async\" src=\"https:\/\/suomenkuvalehti.fi\/vallan-mahotonta\/wp-content\/uploads\/sites\/42\/2021\/06\/screenshot-2021-06-14-at-0.20.27-1024x585.png\" alt=\"\" class=\"wp-image-7116\" width=\"1024\" height=\"585\" style=\"--aspect-ratio: 1.75\" srcset=\"https:\/\/suomenkuvalehti.fi\/vallan-mahotonta\/wp-content\/uploads\/sites\/42\/2021\/06\/screenshot-2021-06-14-at-0.20.27-1024x585.png 1024w, https:\/\/suomenkuvalehti.fi\/vallan-mahotonta\/wp-content\/uploads\/sites\/42\/2021\/06\/screenshot-2021-06-14-at-0.20.27-300x171.png 300w, https:\/\/suomenkuvalehti.fi\/vallan-mahotonta\/wp-content\/uploads\/sites\/42\/2021\/06\/screenshot-2021-06-14-at-0.20.27-768x439.png 768w, https:\/\/suomenkuvalehti.fi\/vallan-mahotonta\/wp-content\/uploads\/sites\/42\/2021\/06\/screenshot-2021-06-14-at-0.20.27-1536x878.png 1536w, https:\/\/suomenkuvalehti.fi\/vallan-mahotonta\/wp-content\/uploads\/sites\/42\/2021\/06\/screenshot-2021-06-14-at-0.20.27.png 1606w\" sizes=\"auto, (max-width: 1024px) 100vw, 1024px\" \/><\/a>  <\/div>\n<\/figure>\n\n\n","protected":false},"excerpt":{"rendered":"<p>Kuntavaalien suurin yll\u00e4tys lieni \u00e4\u00e4nestysaktiivisuus, rapiat 55 %. Alhaisin \u00e4\u00e4nestysaktiivisuus sitten toisen maailmansodan selitt\u00e4\u00e4 paitsi kokoomuksen vaalivoittoa, my\u00f6s demarien ja keskustan painajaisia parempia tuloksia ja erityisesti perussuomalaisten ja vihreiden<br \/>\npettymy&hellip;<\/p>\n","protected":false},"author":37967,"featured_media":7116,"comment_status":"open","ping_status":"open","sticky":false,"template":"","format":"standard","meta":{"_acf_changed":false,"asauth_required_access_level":3,"asauth_cansharepaid":"true","om_header_attributes":[],"footnotes":"","om_featured_image_focal_point":[],"om_primary_tag":0,"om_contributors":[],"om_co_authors":[],"beyondwords_generate_audio":"","beyondwords_project_id":"","beyondwords_content_id":"","beyondwords_preview_token":"","beyondwords_player_content":"","beyondwords_player_style":"","beyondwords_language_code":"","beyondwords_language_id":"","beyondwords_title_voice_id":"","beyondwords_body_voice_id":"","beyondwords_summary_voice_id":"","beyondwords_error_message":"","beyondwords_disabled":"","beyondwords_delete_content":"","beyondwords_podcast_id":"","beyondwords_hash":"","publish_post_to_speechkit":"","speechkit_hash":"","speechkit_generate_audio":"","speechkit_project_id":"","speechkit_podcast_id":"","speechkit_error_message":"","speechkit_disabled":"","speechkit_access_key":"","speechkit_error":"","speechkit_info":"","speechkit_response":"","speechkit_retries":"","speechkit_status":"","speechkit_updated_at":"","_speechkit_link":"","_speechkit_text":""},"categories":[1],"tags":[139,436],"class_list":["post-7088","post","type-post","status-publish","format-standard","has-post-thumbnail","hentry","category-vallan-mahotonta","tag-eduskuntavaalit","tag-kuntavaalit"],"om_views":null,"acf":{"tuuma_off":false,"tuuma_kysymys":"","tuuma_vastaus":""},"asauth":{"required_access_level":1,"share_token":"","is_paid":false},"yoast_head":"<!-- This site is optimized with the Yoast SEO plugin v26.4 - https:\/\/yoast.com\/wordpress\/plugins\/seo\/ -->\n<title>Kuntavaalien yll\u00e4tykset ja ev\u00e4\u00e4t eduskuntavaaleihin - Vallan mahotonta!<\/title>\n<meta name=\"robots\" content=\"index, follow, max-snippet:-1, max-image-preview:large, max-video-preview:-1\" \/>\n<link rel=\"canonical\" href=\"https:\/\/suomenkuvalehti.fi\/vallan-mahotonta\/kuntavaalien-yllatykset-ja-evaat-eduskuntavaaleihin\/\" \/>\n<meta property=\"og:locale\" content=\"fi_FI\" \/>\n<meta property=\"og:type\" content=\"article\" \/>\n<meta property=\"og:title\" content=\"Kuntavaalien yll\u00e4tykset ja ev\u00e4\u00e4t eduskuntavaaleihin - Vallan mahotonta!\" \/>\n<meta property=\"og:description\" content=\"Kuntavaalien suurin yll\u00e4tys lieni \u00e4\u00e4nestysaktiivisuus, rapiat 55 %. Alhaisin \u00e4\u00e4nestysaktiivisuus sitten toisen maailmansodan selitt\u00e4\u00e4 paitsi kokoomuksen vaalivoittoa, my\u00f6s demarien ja keskustan painajaisia parempia tuloksia ja erityisesti perussuomalaisten ja vihreiden pettymy&hellip;\" \/>\n<meta property=\"og:url\" content=\"https:\/\/suomenkuvalehti.fi\/vallan-mahotonta\/kuntavaalien-yllatykset-ja-evaat-eduskuntavaaleihin\/\" \/>\n<meta property=\"og:site_name\" content=\"Vallan mahotonta!\" \/>\n<meta property=\"article:author\" content=\"https:\/\/www.facebook.com\/a.ronkainen\" \/>\n<meta property=\"article:published_time\" content=\"2021-06-13T21:24:27+00:00\" \/>\n<meta property=\"article:modified_time\" content=\"2021-06-14T06:35:07+00:00\" \/>\n<meta property=\"og:image\" content=\"https:\/\/suomenkuvalehti.fi\/vallan-mahotonta\/wp-content\/uploads\/sites\/42\/2021\/06\/screenshot-2021-06-14-at-0.20.27.png\" \/>\n\t<meta property=\"og:image:width\" content=\"1606\" \/>\n\t<meta property=\"og:image:height\" content=\"918\" \/>\n\t<meta property=\"og:image:type\" content=\"image\/png\" \/>\n<meta name=\"author\" content=\"Antti Ronkainen\" \/>\n<meta name=\"twitter:card\" content=\"summary_large_image\" \/>\n<meta name=\"twitter:creator\" content=\"@https:\/\/twitter.com\/anttironkainen\" \/>\n<meta name=\"twitter:label1\" content=\"Written by\" \/>\n\t<meta name=\"twitter:data1\" content=\"Antti Ronkainen\" \/>\n\t<meta name=\"twitter:label2\" content=\"Est. reading time\" \/>\n\t<meta name=\"twitter:data2\" content=\"2 minuuttia\" \/>\n<script type=\"application\/ld+json\" class=\"yoast-schema-graph\">{\"@context\":\"https:\/\/schema.org\",\"@graph\":[{\"@type\":\"WebPage\",\"@id\":\"https:\/\/suomenkuvalehti.fi\/vallan-mahotonta\/kuntavaalien-yllatykset-ja-evaat-eduskuntavaaleihin\/\",\"url\":\"https:\/\/suomenkuvalehti.fi\/vallan-mahotonta\/kuntavaalien-yllatykset-ja-evaat-eduskuntavaaleihin\/\",\"name\":\"Kuntavaalien yll\u00e4tykset ja ev\u00e4\u00e4t eduskuntavaaleihin - Vallan mahotonta!\",\"isPartOf\":{\"@id\":\"https:\/\/suomenkuvalehti.fi\/vallan-mahotonta\/#website\"},\"primaryImageOfPage\":{\"@id\":\"https:\/\/suomenkuvalehti.fi\/vallan-mahotonta\/kuntavaalien-yllatykset-ja-evaat-eduskuntavaaleihin\/#primaryimage\"},\"image\":{\"@id\":\"https:\/\/suomenkuvalehti.fi\/vallan-mahotonta\/kuntavaalien-yllatykset-ja-evaat-eduskuntavaaleihin\/#primaryimage\"},\"thumbnailUrl\":\"https:\/\/suomenkuvalehti.fi\/vallan-mahotonta\/wp-content\/uploads\/sites\/42\/2021\/06\/screenshot-2021-06-14-at-0.20.27.png\",\"datePublished\":\"2021-06-13T21:24:27+00:00\",\"dateModified\":\"2021-06-14T06:35:07+00:00\",\"author\":{\"@id\":\"https:\/\/suomenkuvalehti.fi\/vallan-mahotonta\/#\/schema\/person\/aa34015af7a4bce21e1cdcf566bb57b0\"},\"breadcrumb\":{\"@id\":\"https:\/\/suomenkuvalehti.fi\/vallan-mahotonta\/kuntavaalien-yllatykset-ja-evaat-eduskuntavaaleihin\/#breadcrumb\"},\"inLanguage\":\"fi\",\"potentialAction\":[{\"@type\":\"ReadAction\",\"target\":[\"https:\/\/suomenkuvalehti.fi\/vallan-mahotonta\/kuntavaalien-yllatykset-ja-evaat-eduskuntavaaleihin\/\"]}]},{\"@type\":\"ImageObject\",\"inLanguage\":\"fi\",\"@id\":\"https:\/\/suomenkuvalehti.fi\/vallan-mahotonta\/kuntavaalien-yllatykset-ja-evaat-eduskuntavaaleihin\/#primaryimage\",\"url\":\"https:\/\/suomenkuvalehti.fi\/vallan-mahotonta\/wp-content\/uploads\/sites\/42\/2021\/06\/screenshot-2021-06-14-at-0.20.27.png\",\"contentUrl\":\"https:\/\/suomenkuvalehti.fi\/vallan-mahotonta\/wp-content\/uploads\/sites\/42\/2021\/06\/screenshot-2021-06-14-at-0.20.27.png\",\"width\":1606,\"height\":918},{\"@type\":\"BreadcrumbList\",\"@id\":\"https:\/\/suomenkuvalehti.fi\/vallan-mahotonta\/kuntavaalien-yllatykset-ja-evaat-eduskuntavaaleihin\/#breadcrumb\",\"itemListElement\":[{\"@type\":\"ListItem\",\"position\":1,\"name\":\"Home\",\"item\":\"https:\/\/suomenkuvalehti.fi\/vallan-mahotonta\/\"},{\"@type\":\"ListItem\",\"position\":2,\"name\":\"Kuntavaalien yll\u00e4tykset ja ev\u00e4\u00e4t eduskuntavaaleihin\"}]},{\"@type\":\"WebSite\",\"@id\":\"https:\/\/suomenkuvalehti.fi\/vallan-mahotonta\/#website\",\"url\":\"https:\/\/suomenkuvalehti.fi\/vallan-mahotonta\/\",\"name\":\"Vallan mahotonta!\",\"description\":\"Tutkija Antti Ronkainen seuraa maailmantalouden murrosta.\",\"potentialAction\":[{\"@type\":\"SearchAction\",\"target\":{\"@type\":\"EntryPoint\",\"urlTemplate\":\"https:\/\/suomenkuvalehti.fi\/haku\/?q={search_term_string}\"},\"query-input\":{\"@type\":\"PropertyValueSpecification\",\"valueRequired\":true,\"valueName\":\"search_term_string\"}}],\"inLanguage\":\"fi\"},{\"@type\":\"Person\",\"@id\":\"https:\/\/suomenkuvalehti.fi\/vallan-mahotonta\/#\/schema\/person\/aa34015af7a4bce21e1cdcf566bb57b0\",\"name\":\"Antti Ronkainen\",\"image\":{\"@type\":\"ImageObject\",\"inLanguage\":\"fi\",\"@id\":\"https:\/\/suomenkuvalehti.fi\/vallan-mahotonta\/#\/schema\/person\/image\/\",\"url\":\"https:\/\/suomenkuvalehti.fi\/vallan-mahotonta\/wp-content\/uploads\/sites\/42\/2018\/05\/antti_j_ronkainen_blogi_pieni-150x150.jpg\",\"contentUrl\":\"https:\/\/suomenkuvalehti.fi\/vallan-mahotonta\/wp-content\/uploads\/sites\/42\/2018\/05\/antti_j_ronkainen_blogi_pieni-150x150.jpg\",\"caption\":\"Antti Ronkainen\"},\"description\":\"Antti Ronkainen on poliittisen talouden v\u00e4it\u00f6skirjatutkija Helsingin yliopistolla.\",\"sameAs\":[\"http:\/\/anttironkainen.fi\",\"https:\/\/www.facebook.com\/a.ronkainen\",\"https:\/\/www.instagram.com\/antti.ronkainen\/\",\"https:\/\/x.com\/https:\/\/twitter.com\/anttironkainen\"]}]}<\/script>\n<!-- \/ Yoast SEO plugin. -->","yoast_head_json":{"title":"Kuntavaalien yll\u00e4tykset ja ev\u00e4\u00e4t eduskuntavaaleihin - Vallan mahotonta!","robots":{"index":"index","follow":"follow","max-snippet":"max-snippet:-1","max-image-preview":"max-image-preview:large","max-video-preview":"max-video-preview:-1"},"canonical":"https:\/\/suomenkuvalehti.fi\/vallan-mahotonta\/kuntavaalien-yllatykset-ja-evaat-eduskuntavaaleihin\/","og_locale":"fi_FI","og_type":"article","og_title":"Kuntavaalien yll\u00e4tykset ja ev\u00e4\u00e4t eduskuntavaaleihin - Vallan mahotonta!","og_description":"Kuntavaalien suurin yll\u00e4tys lieni \u00e4\u00e4nestysaktiivisuus, rapiat 55 %. Alhaisin \u00e4\u00e4nestysaktiivisuus sitten toisen maailmansodan selitt\u00e4\u00e4 paitsi kokoomuksen vaalivoittoa, my\u00f6s demarien ja keskustan painajaisia parempia tuloksia ja erityisesti perussuomalaisten ja vihreiden pettymy&hellip;","og_url":"https:\/\/suomenkuvalehti.fi\/vallan-mahotonta\/kuntavaalien-yllatykset-ja-evaat-eduskuntavaaleihin\/","og_site_name":"Vallan mahotonta!","article_author":"https:\/\/www.facebook.com\/a.ronkainen","article_published_time":"2021-06-13T21:24:27+00:00","article_modified_time":"2021-06-14T06:35:07+00:00","og_image":[{"width":1606,"height":918,"url":"https:\/\/suomenkuvalehti.fi\/vallan-mahotonta\/wp-content\/uploads\/sites\/42\/2021\/06\/screenshot-2021-06-14-at-0.20.27.png","type":"image\/png"}],"author":"Antti Ronkainen","twitter_card":"summary_large_image","twitter_creator":"@https:\/\/twitter.com\/anttironkainen","twitter_misc":{"Written by":"Antti Ronkainen","Est. reading time":"2 minuuttia"},"schema":{"@context":"https:\/\/schema.org","@graph":[{"@type":"WebPage","@id":"https:\/\/suomenkuvalehti.fi\/vallan-mahotonta\/kuntavaalien-yllatykset-ja-evaat-eduskuntavaaleihin\/","url":"https:\/\/suomenkuvalehti.fi\/vallan-mahotonta\/kuntavaalien-yllatykset-ja-evaat-eduskuntavaaleihin\/","name":"Kuntavaalien yll\u00e4tykset ja ev\u00e4\u00e4t eduskuntavaaleihin - Vallan mahotonta!","isPartOf":{"@id":"https:\/\/suomenkuvalehti.fi\/vallan-mahotonta\/#website"},"primaryImageOfPage":{"@id":"https:\/\/suomenkuvalehti.fi\/vallan-mahotonta\/kuntavaalien-yllatykset-ja-evaat-eduskuntavaaleihin\/#primaryimage"},"image":{"@id":"https:\/\/suomenkuvalehti.fi\/vallan-mahotonta\/kuntavaalien-yllatykset-ja-evaat-eduskuntavaaleihin\/#primaryimage"},"thumbnailUrl":"https:\/\/suomenkuvalehti.fi\/vallan-mahotonta\/wp-content\/uploads\/sites\/42\/2021\/06\/screenshot-2021-06-14-at-0.20.27.png","datePublished":"2021-06-13T21:24:27+00:00","dateModified":"2021-06-14T06:35:07+00:00","author":{"@id":"https:\/\/suomenkuvalehti.fi\/vallan-mahotonta\/#\/schema\/person\/aa34015af7a4bce21e1cdcf566bb57b0"},"breadcrumb":{"@id":"https:\/\/suomenkuvalehti.fi\/vallan-mahotonta\/kuntavaalien-yllatykset-ja-evaat-eduskuntavaaleihin\/#breadcrumb"},"inLanguage":"fi","potentialAction":[{"@type":"ReadAction","target":["https:\/\/suomenkuvalehti.fi\/vallan-mahotonta\/kuntavaalien-yllatykset-ja-evaat-eduskuntavaaleihin\/"]}]},{"@type":"ImageObject","inLanguage":"fi","@id":"https:\/\/suomenkuvalehti.fi\/vallan-mahotonta\/kuntavaalien-yllatykset-ja-evaat-eduskuntavaaleihin\/#primaryimage","url":"https:\/\/suomenkuvalehti.fi\/vallan-mahotonta\/wp-content\/uploads\/sites\/42\/2021\/06\/screenshot-2021-06-14-at-0.20.27.png","contentUrl":"https:\/\/suomenkuvalehti.fi\/vallan-mahotonta\/wp-content\/uploads\/sites\/42\/2021\/06\/screenshot-2021-06-14-at-0.20.27.png","width":1606,"height":918},{"@type":"BreadcrumbList","@id":"https:\/\/suomenkuvalehti.fi\/vallan-mahotonta\/kuntavaalien-yllatykset-ja-evaat-eduskuntavaaleihin\/#breadcrumb","itemListElement":[{"@type":"ListItem","position":1,"name":"Home","item":"https:\/\/suomenkuvalehti.fi\/vallan-mahotonta\/"},{"@type":"ListItem","position":2,"name":"Kuntavaalien yll\u00e4tykset ja ev\u00e4\u00e4t eduskuntavaaleihin"}]},{"@type":"WebSite","@id":"https:\/\/suomenkuvalehti.fi\/vallan-mahotonta\/#website","url":"https:\/\/suomenkuvalehti.fi\/vallan-mahotonta\/","name":"Vallan mahotonta!","description":"Tutkija Antti Ronkainen seuraa maailmantalouden murrosta.","potentialAction":[{"@type":"SearchAction","target":{"@type":"EntryPoint","urlTemplate":"https:\/\/suomenkuvalehti.fi\/haku\/?q={search_term_string}"},"query-input":{"@type":"PropertyValueSpecification","valueRequired":true,"valueName":"search_term_string"}}],"inLanguage":"fi"},{"@type":"Person","@id":"https:\/\/suomenkuvalehti.fi\/vallan-mahotonta\/#\/schema\/person\/aa34015af7a4bce21e1cdcf566bb57b0","name":"Antti Ronkainen","image":{"@type":"ImageObject","inLanguage":"fi","@id":"https:\/\/suomenkuvalehti.fi\/vallan-mahotonta\/#\/schema\/person\/image\/","url":"https:\/\/suomenkuvalehti.fi\/vallan-mahotonta\/wp-content\/uploads\/sites\/42\/2018\/05\/antti_j_ronkainen_blogi_pieni-150x150.jpg","contentUrl":"https:\/\/suomenkuvalehti.fi\/vallan-mahotonta\/wp-content\/uploads\/sites\/42\/2018\/05\/antti_j_ronkainen_blogi_pieni-150x150.jpg","caption":"Antti Ronkainen"},"description":"Antti Ronkainen on poliittisen talouden v\u00e4it\u00f6skirjatutkija Helsingin yliopistolla.","sameAs":["http:\/\/anttironkainen.fi","https:\/\/www.facebook.com\/a.ronkainen","https:\/\/www.instagram.com\/antti.ronkainen\/","https:\/\/x.com\/https:\/\/twitter.com\/anttironkainen"]}]}},"_links":{"self":[{"href":"https:\/\/suomenkuvalehti.fi\/vallan-mahotonta\/wp-json\/wp\/v2\/posts\/7088","targetHints":{"allow":["GET"]}}],"collection":[{"href":"https:\/\/suomenkuvalehti.fi\/vallan-mahotonta\/wp-json\/wp\/v2\/posts"}],"about":[{"href":"https:\/\/suomenkuvalehti.fi\/vallan-mahotonta\/wp-json\/wp\/v2\/types\/post"}],"author":[{"embeddable":true,"href":"https:\/\/suomenkuvalehti.fi\/vallan-mahotonta\/wp-json\/wp\/v2\/users\/37967"}],"replies":[{"embeddable":true,"href":"https:\/\/suomenkuvalehti.fi\/vallan-mahotonta\/wp-json\/wp\/v2\/comments?post=7088"}],"version-history":[{"count":30,"href":"https:\/\/suomenkuvalehti.fi\/vallan-mahotonta\/wp-json\/wp\/v2\/posts\/7088\/revisions"}],"predecessor-version":[{"id":7119,"href":"https:\/\/suomenkuvalehti.fi\/vallan-mahotonta\/wp-json\/wp\/v2\/posts\/7088\/revisions\/7119"}],"wp:featuredmedia":[{"embeddable":true,"href":"https:\/\/suomenkuvalehti.fi\/vallan-mahotonta\/wp-json\/wp\/v2\/media\/7116"}],"wp:attachment":[{"href":"https:\/\/suomenkuvalehti.fi\/vallan-mahotonta\/wp-json\/wp\/v2\/media?parent=7088"}],"wp:term":[{"taxonomy":"category","embeddable":true,"href":"https:\/\/suomenkuvalehti.fi\/vallan-mahotonta\/wp-json\/wp\/v2\/categories?post=7088"},{"taxonomy":"post_tag","embeddable":true,"href":"https:\/\/suomenkuvalehti.fi\/vallan-mahotonta\/wp-json\/wp\/v2\/tags?post=7088"}],"curies":[{"name":"wp","href":"https:\/\/api.w.org\/{rel}","templated":true}]}}