{"id":699,"date":"2018-02-08T21:52:16","date_gmt":"2018-02-08T19:52:16","guid":{"rendered":"https:\/\/suomenkuvalehti.fi\/vallan-mahotonta\/?p=699"},"modified":"2018-02-09T10:30:09","modified_gmt":"2018-02-09T08:30:09","slug":"merkelin-lahtolaskenta-alkanut","status":"publish","type":"post","link":"https:\/\/suomenkuvalehti.fi\/vallan-mahotonta\/merkelin-lahtolaskenta-alkanut\/","title":{"rendered":"Merkelin l\u00e4ht\u00f6laskenta on alkanut"},"content":{"rendered":"\n<p><span style=\"font-weight: 400;\">Yhdistyneen Saksan pisimm\u00e4t hallitusneuvottelut ovat ohi.&nbsp;<\/span><\/p>\n\n\n\n<p><b>Angela Merkel<\/b><span style=\"font-weight: 400;\"> koki ensimm\u00e4isen tappion syyskuun vaaleissa, toisen viel\u00e4kin dramaattisemman Jamaika-neuvotteluiden kariuduttua. Sanoessaan Jamaikalle <em>Nein!<\/em> liberaalipuolue FDP antoi SPD:lle valttikortin, jonka&nbsp;<strong>Martin Schulz<\/strong> pelasi taitavasti.<\/span><\/p>\n\n\n\n<p><span style=\"font-weight: 400;\">Uusien vaalien ja v\u00e4hemmist\u00f6hallituksen pelossa Merkel joutui antamaan SPD:lle valtiovarainministerin, ulkoministerin ja ty\u00f6ministerin salkut. Lis\u00e4ksi koulutukseen, sosiaalimenoihin, puolustukseen, rakentamiseen, liikenneinfraan ja ty\u00f6ntekij\u00f6ille yst\u00e4v\u00e4lliseen ty\u00f6markkinareformeihin satsataan <a href=\"https:\/\/www.ft.com\/content\/6634efdc-fb63-11e7-9b32-d7d59aace167\" target=\"_blank\" rel=\"noopener\">45 miljardia euroa<\/a>. <\/span><\/p>\n\n\n\n<p>&nbsp;<\/p>\n\n\n\n<p><span style=\"font-weight: 400;\">Euroopan suhteen Saksassa ei tapahdu suurta muutosta, eiv\u00e4tk\u00e4 Suomen EMU-linjaukset tule paljoa paukkumaan. Sen sijaan kotimaan politiikan osalta Saksa on hetkellisesti luopumassa tiukasta budjettikurista, kun Saksan historiallisen suuret ylij\u00e4\u00e4m\u00e4t laitetaan haisemaan.<\/span><\/p>\n\n\n\n<p><span style=\"font-weight: 400;\">Merkelin ex-valtiovarainministeri <\/span><b>Wolfgang Sch\u00e4uble<\/b><span style=\"font-weight: 400;\"> ja FDP:n puheenjohtaja <\/span><b>Christian Lindner<\/b><span style=\"font-weight: 400;\"> miettiv\u00e4t varmasti samaa kuin <\/span><b>Paavo V\u00e4yrynen<\/b><span style=\"font-weight: 400;\"> vuoden 1987 hallitusneuvotteluiden j\u00e4lkeen.&nbsp;<\/span><\/p>\n\n\n\n<p>&nbsp;<\/p>\n\n\n\n<p><span style=\"font-weight: 400;\">Merkelin ainoa voitto lienee liittokanslerin salkun s\u00e4ilytt\u00e4minen.&nbsp;<\/span><\/p>\n\n\n\n<p><span style=\"font-weight: 400;\">Merkelin haavoja ei kuitenkaan tulla nuolemaan vaan <a href=\"https:\/\/www.reuters.com\/article\/us-germany-politics\/few-cheers-at-home-for-germanys-last-resort-coalition-idUSKBN1FS103?feedType=RSS&amp;feedName=worldNews\" target=\"_blank\" rel=\"noopener\">nylkem\u00e4\u00e4n<\/a>.&nbsp;<\/span>Eurooppaan syntyy kova\u00e4\u00e4ninen talousviisaiden kuoro, joka julistaa Saksan olevan Kreikan tiell\u00e4 matkalla takaisin sairaspetiin. Taloustieteilij\u00e4t laittavat viimeisen toivonsa <b>Emmanuel Macroniin<\/b>, joka koittaa ajaa l\u00e4pi <b>Gerhard Schr\u00f6derin<\/b> ty\u00f6markkinareformit ja nousta Saksan ohi Euroopan johtajaksi.<\/p>\n\n\n\n<p>Merkelin perinn\u00f6ksi j\u00e4\u00e4 vakauskulttuurin vaaliminen. T\u00e4m\u00e4 tarkoittaa, ettei Merkeli\u00e4 muisteta Saksan tai Euroopan uudistamisesta.&nbsp;Kuten Berliinin kirjeenvaihtaja <a href=\"https:\/\/www.hs.fi\/ulkomaat\/art-2000005558557.html\"><b>Anna-Liina Kauhanen<\/b> kirjoittaa<\/a>, Saksa on edelleen digitalisaation k\u00e4\u00e4pi\u00f6, se v\u00e4lttelee vastuuta ilmastonmuutoksen torjunnasta eik\u00e4 sill\u00e4 ole n\u00e4kemyst\u00e4 pakolaiskriisist\u00e4 tai v\u00e4est\u00f6rakenteen muutoksesta.<\/p>\n\n\n\n<p>Merkelin hallitukset et\u00e4\u00e4ntyiv\u00e4t kansalaisista ja loivat pohjan populismin ja \u00e4\u00e4rioikeiston nousulle. Uudet sukupolvet ja uudet yhteiskunnalliset liikkeet tulevat repim\u00e4\u00e4n konservatiivi- ja demaripuolueet hajalle. Sama ilmi\u00f6 on n\u00e4ht\u00e4viss\u00e4 Iso-Britanniassa ja Yhdysvalloissa.<\/p>\n\n\n\n<p>&nbsp;<\/p>\n\n\n\n<p><span style=\"font-weight: 400;\">Jos Saksan sosiaalidemokraatit sanovat suurelle koalitiolle kyll\u00e4, se tulee todenn\u00e4k\u00f6isesti olemaan viimeinen suuri koalitio pitk\u00e4\u00e4n aikaan. <\/span><\/p>\n\n\n\n<p><span style=\"font-weight: 400;\">Jo hallitusneuvotteluiden aikana CDU\/CSU:n ja SPD:n yhteenlaskettu kannatus putosi alle 50 prosenttiin.&nbsp;Ainoa tapa, jolla SPD voi pyrki est\u00e4m\u00e4\u00e4n kannatuksensa romahtamisen, on hylj\u00e4t\u00e4 suurten koalitioiden status quo ja pyrki\u00e4 muuttamaan&nbsp;Saksan linjaa, kirist\u00e4\u00e4 Merkelilt\u00e4 viel\u00e4kin enemm\u00e4n.&nbsp;<\/span><\/p>\n\n\n\n<p><span style=\"font-weight: 400;\"><a href=\"https:\/\/www.washingtonpost.com\/news\/democracy-post\/wp\/2018\/02\/07\/is-germanys-grand-coalition-the-beginning-of-the-end-for-angela-merkel\/?utm_term=.465e81581956\" target=\"_blank\" rel=\"noopener\">Pettymys Merkeliin on konservatiivien piiriss\u00e4<\/a> niin suuri, ett\u00e4 h\u00e4net tullaan vaihtamaan mahdollisesti jo kesken hallituskauden. T\u00e4m\u00e4n mahdollistaa hallitusohjelma, jonka mukaan koalition jatkoa arvioidaan hallituskauden puolessa v\u00e4liss\u00e4. <\/span><\/p>\n\n\n\n<p><span style=\"font-weight: 400;\">Aika on ajanut suurten koalitioiden, vakauskulttuurin ja Merkelin ohi.&nbsp;<\/span><\/p>\n\n\n\n<p><em>Lis\u00e4ys 9.2. klo 10.19: Merkelin tappio olisi tietenkin viel\u00e4kin kirvelev\u00e4mpi, jos SDP:n j\u00e4sen\u00e4\u00e4nestys sanoisi suurelle koalitiolle ei. SDP:n entinen johtaja <strong>Sigmar Gabriel<\/strong> <a href=\"http:\/\/www.sueddeutsche.de\/politik\/unruhe-bei-der-spd-gabriel-wirft-spd-spitze-wortbruch-vor-1.3860475\" target=\"_blank\" rel=\"noopener\">toi eilen illalla esiin pettymyksens\u00e4<\/a> Schulzin toimintaan hallitusneuvotteluissa. Schulz oli ilmeisesti luvannut Gabrielille, ett\u00e4 SPD:n perinteen mukaisesti h\u00e4n puolueen puheenjohtajana j\u00e4tt\u00e4ytyisi hallituksen ulkopuolelle ja antaisi Gabrielin jatkaa ulkoministerin\u00e4. Sen sijaan Schulz ilmoitti eroavansa SPD:n johdosta ja ryhtyv\u00e4ns\u00e4 ulkoministeriksi, eik\u00e4 Gabrielia valittu kabinettiin lainkaan. Historiallisen vaalitappion lis\u00e4ksi Schulz on py\u00f6rt\u00e4nyt niin paljon lupauksia liittyen yhteisty\u00f6h\u00f6n Merkelin kanssa, ett\u00e4 tyytym\u00e4tt\u00f6myys h\u00e4neen voi olla demareiden piiriss\u00e4 laajempaakin.&nbsp;<\/em><\/p>\n\n\n","protected":false},"excerpt":{"rendered":"<p>Wolfgang Sch\u00e4uble ja Christian Lindner miettiv\u00e4t samaa kuin Paavo V\u00e4yrynen vuoden 1987 hallitusneuvotteluiden j\u00e4lkeen. <\/p>\n","protected":false},"author":37967,"featured_media":0,"comment_status":"open","ping_status":"open","sticky":false,"template":"","format":"standard","meta":{"_acf_changed":false,"asauth_required_access_level":3,"asauth_cansharepaid":"true","om_header_attributes":[],"footnotes":"","om_featured_image_focal_point":[],"om_primary_tag":0,"om_contributors":[],"om_co_authors":[],"beyondwords_generate_audio":"","beyondwords_project_id":"","beyondwords_content_id":"","beyondwords_preview_token":"","beyondwords_player_content":"","beyondwords_player_style":"","beyondwords_language_code":"","beyondwords_language_id":"","beyondwords_title_voice_id":"","beyondwords_body_voice_id":"","beyondwords_summary_voice_id":"","beyondwords_error_message":"","beyondwords_disabled":"","beyondwords_delete_content":"","beyondwords_podcast_id":"","beyondwords_hash":"","publish_post_to_speechkit":"","speechkit_hash":"","speechkit_generate_audio":"","speechkit_project_id":"","speechkit_podcast_id":"","speechkit_error_message":"","speechkit_disabled":"","speechkit_access_key":"","speechkit_error":"","speechkit_info":"","speechkit_response":"","speechkit_retries":"","speechkit_status":"","speechkit_updated_at":"","_speechkit_link":"","_speechkit_text":""},"categories":[1],"tags":[2,60,3,62,92],"class_list":["post-699","post","type-post","status-publish","format-standard","hentry","category-vallan-mahotonta","tag-angela-merkel","tag-martin-schulz","tag-saksa","tag-suuri-koalitio","tag-vakauskulttuuri"],"om_views":null,"acf":{"tuuma_off":false,"tuuma_kysymys":"","tuuma_vastaus":""},"asauth":{"required_access_level":1,"share_token":"","is_paid":false},"yoast_head":"<!-- This site is optimized with the Yoast SEO plugin v26.4 - https:\/\/yoast.com\/wordpress\/plugins\/seo\/ -->\n<title>Merkelin l\u00e4ht\u00f6laskenta on alkanut - Vallan mahotonta!<\/title>\n<meta name=\"robots\" content=\"index, follow, max-snippet:-1, max-image-preview:large, max-video-preview:-1\" \/>\n<link rel=\"canonical\" href=\"https:\/\/suomenkuvalehti.fi\/vallan-mahotonta\/merkelin-lahtolaskenta-alkanut\/\" \/>\n<meta property=\"og:locale\" content=\"fi_FI\" \/>\n<meta property=\"og:type\" content=\"article\" \/>\n<meta property=\"og:title\" content=\"Merkelin l\u00e4ht\u00f6laskenta on alkanut - Vallan mahotonta!\" \/>\n<meta property=\"og:description\" content=\"Wolfgang Sch\u00e4uble ja Christian Lindner miettiv\u00e4t samaa kuin Paavo V\u00e4yrynen vuoden 1987 hallitusneuvotteluiden j\u00e4lkeen.\" \/>\n<meta property=\"og:url\" content=\"https:\/\/suomenkuvalehti.fi\/vallan-mahotonta\/merkelin-lahtolaskenta-alkanut\/\" \/>\n<meta property=\"og:site_name\" content=\"Vallan mahotonta!\" \/>\n<meta property=\"article:author\" content=\"https:\/\/www.facebook.com\/a.ronkainen\" \/>\n<meta property=\"article:published_time\" content=\"2018-02-08T19:52:16+00:00\" \/>\n<meta property=\"article:modified_time\" content=\"2018-02-09T08:30:09+00:00\" \/>\n<meta property=\"og:image\" content=\"https:\/\/suomenkuvalehti.fi\/vallan-mahotonta\/wp-content\/uploads\/sites\/42\/2018\/05\/antti_j_ronkainen_blogi_pieni.jpg\" \/>\n\t<meta property=\"og:image:width\" content=\"600\" \/>\n\t<meta property=\"og:image:height\" content=\"600\" \/>\n\t<meta property=\"og:image:type\" content=\"image\/jpeg\" \/>\n<meta name=\"author\" content=\"Antti Ronkainen\" \/>\n<meta name=\"twitter:card\" content=\"summary_large_image\" \/>\n<meta name=\"twitter:creator\" content=\"@https:\/\/twitter.com\/anttironkainen\" \/>\n<meta name=\"twitter:label1\" content=\"Written by\" \/>\n\t<meta name=\"twitter:data1\" content=\"Antti Ronkainen\" \/>\n\t<meta name=\"twitter:label2\" content=\"Est. reading time\" \/>\n\t<meta name=\"twitter:data2\" content=\"2 minuuttia\" \/>\n<script type=\"application\/ld+json\" class=\"yoast-schema-graph\">{\"@context\":\"https:\/\/schema.org\",\"@graph\":[{\"@type\":\"WebPage\",\"@id\":\"https:\/\/suomenkuvalehti.fi\/vallan-mahotonta\/merkelin-lahtolaskenta-alkanut\/\",\"url\":\"https:\/\/suomenkuvalehti.fi\/vallan-mahotonta\/merkelin-lahtolaskenta-alkanut\/\",\"name\":\"Merkelin l\u00e4ht\u00f6laskenta on alkanut - Vallan mahotonta!\",\"isPartOf\":{\"@id\":\"https:\/\/suomenkuvalehti.fi\/vallan-mahotonta\/#website\"},\"datePublished\":\"2018-02-08T19:52:16+00:00\",\"dateModified\":\"2018-02-09T08:30:09+00:00\",\"author\":{\"@id\":\"https:\/\/suomenkuvalehti.fi\/vallan-mahotonta\/#\/schema\/person\/aa34015af7a4bce21e1cdcf566bb57b0\"},\"breadcrumb\":{\"@id\":\"https:\/\/suomenkuvalehti.fi\/vallan-mahotonta\/merkelin-lahtolaskenta-alkanut\/#breadcrumb\"},\"inLanguage\":\"fi\",\"potentialAction\":[{\"@type\":\"ReadAction\",\"target\":[\"https:\/\/suomenkuvalehti.fi\/vallan-mahotonta\/merkelin-lahtolaskenta-alkanut\/\"]}]},{\"@type\":\"BreadcrumbList\",\"@id\":\"https:\/\/suomenkuvalehti.fi\/vallan-mahotonta\/merkelin-lahtolaskenta-alkanut\/#breadcrumb\",\"itemListElement\":[{\"@type\":\"ListItem\",\"position\":1,\"name\":\"Home\",\"item\":\"https:\/\/suomenkuvalehti.fi\/vallan-mahotonta\/\"},{\"@type\":\"ListItem\",\"position\":2,\"name\":\"Merkelin l\u00e4ht\u00f6laskenta on alkanut\"}]},{\"@type\":\"WebSite\",\"@id\":\"https:\/\/suomenkuvalehti.fi\/vallan-mahotonta\/#website\",\"url\":\"https:\/\/suomenkuvalehti.fi\/vallan-mahotonta\/\",\"name\":\"Vallan mahotonta!\",\"description\":\"Tutkija Antti Ronkainen seuraa maailmantalouden murrosta.\",\"potentialAction\":[{\"@type\":\"SearchAction\",\"target\":{\"@type\":\"EntryPoint\",\"urlTemplate\":\"https:\/\/suomenkuvalehti.fi\/haku\/?q={search_term_string}\"},\"query-input\":{\"@type\":\"PropertyValueSpecification\",\"valueRequired\":true,\"valueName\":\"search_term_string\"}}],\"inLanguage\":\"fi\"},{\"@type\":\"Person\",\"@id\":\"https:\/\/suomenkuvalehti.fi\/vallan-mahotonta\/#\/schema\/person\/aa34015af7a4bce21e1cdcf566bb57b0\",\"name\":\"Antti Ronkainen\",\"image\":{\"@type\":\"ImageObject\",\"inLanguage\":\"fi\",\"@id\":\"https:\/\/suomenkuvalehti.fi\/vallan-mahotonta\/#\/schema\/person\/image\/\",\"url\":\"https:\/\/suomenkuvalehti.fi\/vallan-mahotonta\/wp-content\/uploads\/sites\/42\/2018\/05\/antti_j_ronkainen_blogi_pieni-150x150.jpg\",\"contentUrl\":\"https:\/\/suomenkuvalehti.fi\/vallan-mahotonta\/wp-content\/uploads\/sites\/42\/2018\/05\/antti_j_ronkainen_blogi_pieni-150x150.jpg\",\"caption\":\"Antti Ronkainen\"},\"description\":\"Antti Ronkainen on poliittisen talouden v\u00e4it\u00f6skirjatutkija Helsingin yliopistolla.\",\"sameAs\":[\"http:\/\/anttironkainen.fi\",\"https:\/\/www.facebook.com\/a.ronkainen\",\"https:\/\/www.instagram.com\/antti.ronkainen\/\",\"https:\/\/x.com\/https:\/\/twitter.com\/anttironkainen\"]}]}<\/script>\n<!-- \/ Yoast SEO plugin. -->","yoast_head_json":{"title":"Merkelin l\u00e4ht\u00f6laskenta on alkanut - Vallan mahotonta!","robots":{"index":"index","follow":"follow","max-snippet":"max-snippet:-1","max-image-preview":"max-image-preview:large","max-video-preview":"max-video-preview:-1"},"canonical":"https:\/\/suomenkuvalehti.fi\/vallan-mahotonta\/merkelin-lahtolaskenta-alkanut\/","og_locale":"fi_FI","og_type":"article","og_title":"Merkelin l\u00e4ht\u00f6laskenta on alkanut - Vallan mahotonta!","og_description":"Wolfgang Sch\u00e4uble ja Christian Lindner miettiv\u00e4t samaa kuin Paavo V\u00e4yrynen vuoden 1987 hallitusneuvotteluiden j\u00e4lkeen.","og_url":"https:\/\/suomenkuvalehti.fi\/vallan-mahotonta\/merkelin-lahtolaskenta-alkanut\/","og_site_name":"Vallan mahotonta!","article_author":"https:\/\/www.facebook.com\/a.ronkainen","article_published_time":"2018-02-08T19:52:16+00:00","article_modified_time":"2018-02-09T08:30:09+00:00","og_image":[{"width":600,"height":600,"url":"https:\/\/suomenkuvalehti.fi\/vallan-mahotonta\/wp-content\/uploads\/sites\/42\/2018\/05\/antti_j_ronkainen_blogi_pieni.jpg","type":"image\/jpeg"}],"author":"Antti Ronkainen","twitter_card":"summary_large_image","twitter_creator":"@https:\/\/twitter.com\/anttironkainen","twitter_misc":{"Written by":"Antti Ronkainen","Est. reading time":"2 minuuttia"},"schema":{"@context":"https:\/\/schema.org","@graph":[{"@type":"WebPage","@id":"https:\/\/suomenkuvalehti.fi\/vallan-mahotonta\/merkelin-lahtolaskenta-alkanut\/","url":"https:\/\/suomenkuvalehti.fi\/vallan-mahotonta\/merkelin-lahtolaskenta-alkanut\/","name":"Merkelin l\u00e4ht\u00f6laskenta on alkanut - Vallan mahotonta!","isPartOf":{"@id":"https:\/\/suomenkuvalehti.fi\/vallan-mahotonta\/#website"},"datePublished":"2018-02-08T19:52:16+00:00","dateModified":"2018-02-09T08:30:09+00:00","author":{"@id":"https:\/\/suomenkuvalehti.fi\/vallan-mahotonta\/#\/schema\/person\/aa34015af7a4bce21e1cdcf566bb57b0"},"breadcrumb":{"@id":"https:\/\/suomenkuvalehti.fi\/vallan-mahotonta\/merkelin-lahtolaskenta-alkanut\/#breadcrumb"},"inLanguage":"fi","potentialAction":[{"@type":"ReadAction","target":["https:\/\/suomenkuvalehti.fi\/vallan-mahotonta\/merkelin-lahtolaskenta-alkanut\/"]}]},{"@type":"BreadcrumbList","@id":"https:\/\/suomenkuvalehti.fi\/vallan-mahotonta\/merkelin-lahtolaskenta-alkanut\/#breadcrumb","itemListElement":[{"@type":"ListItem","position":1,"name":"Home","item":"https:\/\/suomenkuvalehti.fi\/vallan-mahotonta\/"},{"@type":"ListItem","position":2,"name":"Merkelin l\u00e4ht\u00f6laskenta on alkanut"}]},{"@type":"WebSite","@id":"https:\/\/suomenkuvalehti.fi\/vallan-mahotonta\/#website","url":"https:\/\/suomenkuvalehti.fi\/vallan-mahotonta\/","name":"Vallan mahotonta!","description":"Tutkija Antti Ronkainen seuraa maailmantalouden murrosta.","potentialAction":[{"@type":"SearchAction","target":{"@type":"EntryPoint","urlTemplate":"https:\/\/suomenkuvalehti.fi\/haku\/?q={search_term_string}"},"query-input":{"@type":"PropertyValueSpecification","valueRequired":true,"valueName":"search_term_string"}}],"inLanguage":"fi"},{"@type":"Person","@id":"https:\/\/suomenkuvalehti.fi\/vallan-mahotonta\/#\/schema\/person\/aa34015af7a4bce21e1cdcf566bb57b0","name":"Antti Ronkainen","image":{"@type":"ImageObject","inLanguage":"fi","@id":"https:\/\/suomenkuvalehti.fi\/vallan-mahotonta\/#\/schema\/person\/image\/","url":"https:\/\/suomenkuvalehti.fi\/vallan-mahotonta\/wp-content\/uploads\/sites\/42\/2018\/05\/antti_j_ronkainen_blogi_pieni-150x150.jpg","contentUrl":"https:\/\/suomenkuvalehti.fi\/vallan-mahotonta\/wp-content\/uploads\/sites\/42\/2018\/05\/antti_j_ronkainen_blogi_pieni-150x150.jpg","caption":"Antti Ronkainen"},"description":"Antti Ronkainen on poliittisen talouden v\u00e4it\u00f6skirjatutkija Helsingin yliopistolla.","sameAs":["http:\/\/anttironkainen.fi","https:\/\/www.facebook.com\/a.ronkainen","https:\/\/www.instagram.com\/antti.ronkainen\/","https:\/\/x.com\/https:\/\/twitter.com\/anttironkainen"]}]}},"_links":{"self":[{"href":"https:\/\/suomenkuvalehti.fi\/vallan-mahotonta\/wp-json\/wp\/v2\/posts\/699","targetHints":{"allow":["GET"]}}],"collection":[{"href":"https:\/\/suomenkuvalehti.fi\/vallan-mahotonta\/wp-json\/wp\/v2\/posts"}],"about":[{"href":"https:\/\/suomenkuvalehti.fi\/vallan-mahotonta\/wp-json\/wp\/v2\/types\/post"}],"author":[{"embeddable":true,"href":"https:\/\/suomenkuvalehti.fi\/vallan-mahotonta\/wp-json\/wp\/v2\/users\/37967"}],"replies":[{"embeddable":true,"href":"https:\/\/suomenkuvalehti.fi\/vallan-mahotonta\/wp-json\/wp\/v2\/comments?post=699"}],"version-history":[{"count":23,"href":"https:\/\/suomenkuvalehti.fi\/vallan-mahotonta\/wp-json\/wp\/v2\/posts\/699\/revisions"}],"predecessor-version":[{"id":722,"href":"https:\/\/suomenkuvalehti.fi\/vallan-mahotonta\/wp-json\/wp\/v2\/posts\/699\/revisions\/722"}],"wp:attachment":[{"href":"https:\/\/suomenkuvalehti.fi\/vallan-mahotonta\/wp-json\/wp\/v2\/media?parent=699"}],"wp:term":[{"taxonomy":"category","embeddable":true,"href":"https:\/\/suomenkuvalehti.fi\/vallan-mahotonta\/wp-json\/wp\/v2\/categories?post=699"},{"taxonomy":"post_tag","embeddable":true,"href":"https:\/\/suomenkuvalehti.fi\/vallan-mahotonta\/wp-json\/wp\/v2\/tags?post=699"}],"curies":[{"name":"wp","href":"https:\/\/api.w.org\/{rel}","templated":true}]}}