{"id":6640,"date":"2021-03-31T11:26:01","date_gmt":"2021-03-31T08:26:01","guid":{"rendered":"https:\/\/suomenkuvalehti.fi\/vallan-mahotonta\/?p=6640"},"modified":"2021-03-31T11:26:01","modified_gmt":"2021-03-31T08:26:01","slug":"saksan-perustuslakituomioistuin-laittoi-elpymisrahaston-jaahylle-unionin-talouspolitiikasta-on-keskusteltava-poliittisesti-eika-lakipykalien-kautta","status":"publish","type":"post","link":"https:\/\/suomenkuvalehti.fi\/vallan-mahotonta\/saksan-perustuslakituomioistuin-laittoi-elpymisrahaston-jaahylle-unionin-talouspolitiikasta-on-keskusteltava-poliittisesti-eika-lakipykalien-kautta\/","title":{"rendered":"Saksan perustuslakituomioistuin laittoi elpymisrahaston j\u00e4\u00e4hylle, unionin talouspolitiikasta on keskusteltava poliittisesti eik\u00e4 lakipyk\u00e4lien kautta"},"content":{"rendered":"\n<p><blockquote class=\"twitter-tweet\" data-width=\"550\" data-dnt=\"true\"><p lang=\"und\" dir=\"ltr\"><a href=\"https:\/\/t.co\/RnnPp1nQlb\">pic.twitter.com\/RnnPp1nQlb<\/a><\/p>&mdash; lemasabachthani (@lemasabachthani) <a href=\"https:\/\/twitter.com\/lemasabachthani\/status\/1257577093430497281?ref_src=twsrc%5Etfw\">May 5, 2020<\/a><\/blockquote><script async src=\"https:\/\/platform.twitter.com\/widgets.js\" charset=\"utf-8\"><\/script><\/p>\n\n\n\n<p>Saksan perustuslakituomioistuin teki sen taas. Sen j\u00e4lkeen kun Saksan parlamentti hyv\u00e4ksyi suurella enemmist\u00f6ll\u00e4 (478\/645) EU:n omien varojen kasvattamisen, <a href=\"https:\/\/www.ft.com\/content\/74841ea6-4fbf-4c7a-b015-66ba191ffc9b\" target=\"_blank\" rel=\"noopener\">perustuslakituomioistuin kielsi Saksan liittopresidentti <strong>Frank-Walter Steinmeieri\u00e4<\/strong> ratifioimasta<\/a> p\u00e4\u00e4t\u00f6st\u00e4.<\/p>\n\n\n\n<p>Omien varojen kasvattaminen on ehto viime kes\u00e4n\u00e4 sovitun 750 miljardin euron elpymisrahaston hyv\u00e4ksymiselle. 16 EU-maata on jo ratifioinut sen, 11 maata viel\u00e4 k\u00e4sittelee asiaa. Suomessa perustuslakivaliokunta ei ole viel\u00e4 linjannut, tarvitseeko elpymisrahasto eduskunnassa yksinkertaisen vai 2\/3 enemmist\u00f6n.<\/p>\n\n\n\n<p>Taustalla Saksan perustuslakituomioistuimen toimessa on elpymisrahastoa vastaan tehty kanne, jonka mukaan EU:n yhteisvelka rikkoo EU:n perussopimuksia ja Saksan budjettisuvereniteettia. Kanteen taustalla on <em>B\u00fcndnis B\u00fcrgerwille<\/em> -nimisen euroskeptisten professoreiden ryhm\u00e4, jota johtaa <strong>Bernd Lucke<\/strong>. Lucke oli perustamassa <em>Alternative f\u00fcr Deutschland<\/em> -puoluetta, mutta h\u00e4net savustettiin ulos puolueen radikalisoituessa.<\/p>\n\n\n\n<p>Perustuslakituomioistuin ei ottanut kantaa itse kanteeseen vaan se varasi itselleen oikeuden arvioida kanteessa esitettyj\u00e4 v\u00e4itteit\u00e4 laillisuutta. Vaihtoehtoja on k\u00e4yt\u00e4nn\u00f6ss\u00e4 kolme ja asian k\u00e4sittely voi vied\u00e4 viikoista vuosiin.<\/p>\n\n\n\n<p>Tuomioistuin voi katsoa, ett\u00e4 kanne on aiheeton, eik\u00e4 esteit\u00e4 omien varojen hyv\u00e4ksymiselle ole. Toinen vaihtoehto on, ett\u00e4 tuomioistuin kielt\u00e4\u00e4 ratifioinnin, kunnes elpymisrahaston laillisuus on selvitetty EU-tuomioistuimen kanssa. T\u00e4llainen oikeusjuttu lykk\u00e4isi elpymisrahaston voimaantuloa pahimmillaan vuosilla.<\/p>\n\n\n\n<p>Kolmas ja todenn\u00e4k\u00f6isin vaihtoehto on, ett\u00e4 tuomioistuin ei est\u00e4 omien varojen ratifiointia, mutta selvitt\u00e4\u00e4 kuitenkin elpymisrahaston laillisuuden. Tuomioistuin on kyseenalaistanut esimerkiksi eurokriisin aikaiset tukitoimet ja Euroopan keskuspankin elvytystoimet, mutta ei ole lopulta est\u00e4nyt Saksan osallistumista toimiin. Sen sijaan se on oikeujuttujen avulla asettanut Saksan osallistumiselle tiettyj\u00e4 laillisia rajoja, joita ei voida ylitt\u00e4\u00e4. N\u00e4in tehdess\u00e4\u00e4n se on hidastanut tukitoimien my\u00f6hemp\u00e4\u00e4 laajentamista ja sit\u00e4 kautta tapahtuvaa integraation syvenemist\u00e4. Tuomioistuin on Maastrichtin sopimuksesta l\u00e4htien toiminut n\u00e4in.<\/p>\n\n\n\n<p><strong>Benedikt Riedl<\/strong> on julkaissut <a href=\"https:\/\/verfassungsblog.de\/der-corona-aufbaufonds-die-fiskalunion-und-das-bundesverfassungsgericht\/\" target=\"_blank\" rel=\"noopener\">Verfassungsblogissa<\/a> kattavan kirjoituksen perustuslakituomioistuimen mahdollisista ratkaisuista.<\/p>\n\n\n\n<p>Vaikka elpymisrahasto on laillisesti kertaluonteinen, on aiheellisesti ep\u00e4ilty, ett\u00e4 kun periaatep\u00e4\u00e4t\u00f6s on kerran tehty, elpymisrahastoa voidaan laajentaa tulevissa kriiseiss\u00e4 tai se voidaan tehd\u00e4 pysyv\u00e4ksi j\u00e4rjestelyksi osaksi EU-budjettia. Perustuslakituomioistuin voisi esimerkiksi est\u00e4\u00e4 rahaston kasvattamisen tai muuttamisen pysyv\u00e4ksi j\u00e4rjestelyksi.<\/p>\n\n\n\n<p>Tuomioistuin voisi my\u00f6s kyseenalaistaa sen, ett\u00e4 elpymisrahastosta kolmasosa on korvamerkitty ilmastonmuutoksen torjuntaan. Artikla 122 mahdollistaa poikkeuksellisissa oloissa tuen antamisen, mutta liittyyk\u00f6 vihre\u00e4 siirtym\u00e4 suoraan koronakriisiin? Kolmanneksi perustuslakituomioistuin voisi vaatia rahaston takaisinmaksun nopeuttamista, tukien v\u00e4hent\u00e4mist\u00e4 ja ylip\u00e4\u00e4t\u00e4\u00e4n rahaston pienent\u00e4mist\u00e4 Saksan budjettisuvereniteetin turvaamiseksi.<\/p>\n\n\n\n<p>Julkisuudessa on vuosien varrella oltu turhautuneita Saksan perustuslakituomioistuimen tapaan tulkita EU-oikeutta ja jarruttaa integraatiota. Kenties kaikkien pisimm\u00e4lle meni <a href=\"https:\/\/www.ft.com\/content\/6e45c870-e6e8-4ced-88ab-21ba836b5abe\" target=\"_blank\" rel=\"noopener\"><em>Financial Timesin<\/em> p\u00e4\u00e4kirjoitus<\/a>, jossa vaadittiin tuomareiden vaihtamista sellaisiin, &#8221;joilla olisi tasapainoisempi k\u00e4sitys perustuslaista ja jotka osaisivat sovittaa yhteen Saksan velvollisuudet EU:ta kohtaan&#8221;. Huomioiden kaiken liputuksen oikeusvaltioperiaatteen puolesta ja It\u00e4-Euroopan kehityst\u00e4 vastaan, vaatimus oli p\u00f6yristytt\u00e4v\u00e4n europopulistinen ja kaksinaismoralistinen.<\/p>\n\n\n\n<p>On helppo olla samaa mielt\u00e4 <a href=\"https:\/\/www.eurointelligence.com\/\" target=\"_blank\" rel=\"noopener\"><strong>Wolfgang Munchaun<\/strong> kanssa<\/a>, ett\u00e4 Euroopan taloudellista integraatiota ja fiskaaliunionia&nbsp;ei voida haudata lakipyk\u00e4liin ja tuoda Eurooppaan takaoven kautta. Saksan perustuslakituomioistuimen toiminta tuo esiin, ett\u00e4 jos unionia halutaan kehitt\u00e4\u00e4 fiskaaliunionin suuntaan, siit\u00e4 on teht\u00e4v\u00e4 poliittinen p\u00e4\u00e4t\u00f6s. Jos pysyv\u00e4\u00e4 eurooppalaista elvytyst\u00e4 halutaan, pit\u00e4\u00e4 olla valmis muuttamaan perussopimuksia ja se edellytt\u00e4\u00e4 poliittista keskustelua unionin luonteesta.<\/p>\n\n\n\n<p>Siksi my\u00f6s Suomen hallitus on n\u00e4hd\u00e4kseni tehnyt strategisen virheen, kun se on esitellyt elpymisrahaston Suomen kansallisena etuna. V\u00e4ittelem\u00e4ll\u00e4 Suomen edusta, saannoista ja kertaluontoisuudesta on v\u00e4istetty poliittinen keskustelu siit\u00e4, kuinka koronakriisi vaikuttaa unionin talouspoliittiseen muutostarpeeseen.<\/p>\n\n\n","protected":false},"excerpt":{"rendered":"<p>pic.twitter.com\/RnnPp1nQlb &mdash; lemasabachthani (@lemasabachthani) May 5, 2020 Saksan perustuslakituomioistuin teki sen taas. Sen j\u00e4lkeen kun Saksan parlamentti hyv\u00e4ksyi<br \/>\ns&hellip;<\/p>\n","protected":false},"author":37967,"featured_media":0,"comment_status":"open","ping_status":"open","sticky":false,"template":"","format":"standard","meta":{"_acf_changed":false,"asauth_required_access_level":3,"asauth_cansharepaid":"true","om_header_attributes":[],"footnotes":"","om_featured_image_focal_point":[],"om_primary_tag":0,"om_contributors":[],"om_co_authors":[],"beyondwords_generate_audio":"","beyondwords_project_id":"","beyondwords_content_id":"","beyondwords_preview_token":"","beyondwords_player_content":"","beyondwords_player_style":"","beyondwords_language_code":"","beyondwords_language_id":"","beyondwords_title_voice_id":"","beyondwords_body_voice_id":"","beyondwords_summary_voice_id":"","beyondwords_error_message":"","beyondwords_disabled":"","beyondwords_delete_content":"","beyondwords_podcast_id":"","beyondwords_hash":"","publish_post_to_speechkit":"","speechkit_hash":"","speechkit_generate_audio":"","speechkit_project_id":"","speechkit_podcast_id":"","speechkit_error_message":"","speechkit_disabled":"","speechkit_access_key":"","speechkit_error":"","speechkit_info":"","speechkit_response":"","speechkit_retries":"","speechkit_status":"","speechkit_updated_at":"","_speechkit_link":"","_speechkit_text":""},"categories":[1],"tags":[442,7,336,347],"class_list":["post-6640","post","type-post","status-publish","format-standard","hentry","category-vallan-mahotonta","tag-elpymirahasto","tag-eu","tag-koronakriisi","tag-saksan-perustuslakituomioistuin"],"om_views":null,"acf":{"tuuma_off":false,"tuuma_kysymys":"","tuuma_vastaus":""},"asauth":{"required_access_level":1,"share_token":"","is_paid":false},"yoast_head":"<!-- This site is optimized with the Yoast SEO plugin v26.4 - https:\/\/yoast.com\/wordpress\/plugins\/seo\/ -->\n<title>Saksan perustuslakituomioistuin laittoi elpymisrahaston j\u00e4\u00e4hylle, unionin talouspolitiikasta on keskusteltava poliittisesti eik\u00e4 lakipyk\u00e4lien kautta - Vallan mahotonta!<\/title>\n<meta name=\"robots\" content=\"index, follow, max-snippet:-1, max-image-preview:large, max-video-preview:-1\" \/>\n<link rel=\"canonical\" href=\"https:\/\/suomenkuvalehti.fi\/vallan-mahotonta\/saksan-perustuslakituomioistuin-laittoi-elpymisrahaston-jaahylle-unionin-talouspolitiikasta-on-keskusteltava-poliittisesti-eika-lakipykalien-kautta\/\" \/>\n<meta property=\"og:locale\" content=\"fi_FI\" \/>\n<meta property=\"og:type\" content=\"article\" \/>\n<meta property=\"og:title\" content=\"Saksan perustuslakituomioistuin laittoi elpymisrahaston j\u00e4\u00e4hylle, unionin talouspolitiikasta on keskusteltava poliittisesti eik\u00e4 lakipyk\u00e4lien kautta - Vallan mahotonta!\" \/>\n<meta property=\"og:description\" content=\"pic.twitter.com\/RnnPp1nQlb &mdash; lemasabachthani (@lemasabachthani) May 5, 2020 Saksan perustuslakituomioistuin teki sen taas. Sen j\u00e4lkeen kun Saksan parlamentti hyv\u00e4ksyi s&hellip;\" \/>\n<meta property=\"og:url\" content=\"https:\/\/suomenkuvalehti.fi\/vallan-mahotonta\/saksan-perustuslakituomioistuin-laittoi-elpymisrahaston-jaahylle-unionin-talouspolitiikasta-on-keskusteltava-poliittisesti-eika-lakipykalien-kautta\/\" \/>\n<meta property=\"og:site_name\" content=\"Vallan mahotonta!\" \/>\n<meta property=\"article:author\" content=\"https:\/\/www.facebook.com\/a.ronkainen\" \/>\n<meta property=\"article:published_time\" content=\"2021-03-31T08:26:01+00:00\" \/>\n<meta property=\"og:image\" content=\"https:\/\/suomenkuvalehti.fi\/vallan-mahotonta\/wp-content\/uploads\/sites\/42\/2018\/05\/antti_j_ronkainen_blogi_pieni.jpg\" \/>\n\t<meta property=\"og:image:width\" content=\"600\" \/>\n\t<meta property=\"og:image:height\" content=\"600\" \/>\n\t<meta property=\"og:image:type\" content=\"image\/jpeg\" \/>\n<meta name=\"author\" content=\"Antti Ronkainen\" \/>\n<meta name=\"twitter:card\" content=\"summary_large_image\" \/>\n<meta name=\"twitter:creator\" content=\"@https:\/\/twitter.com\/anttironkainen\" \/>\n<meta name=\"twitter:label1\" content=\"Written by\" \/>\n\t<meta name=\"twitter:data1\" content=\"Antti Ronkainen\" \/>\n\t<meta name=\"twitter:label2\" content=\"Est. reading time\" \/>\n\t<meta name=\"twitter:data2\" content=\"3 minuuttia\" \/>\n<script type=\"application\/ld+json\" class=\"yoast-schema-graph\">{\"@context\":\"https:\/\/schema.org\",\"@graph\":[{\"@type\":\"WebPage\",\"@id\":\"https:\/\/suomenkuvalehti.fi\/vallan-mahotonta\/saksan-perustuslakituomioistuin-laittoi-elpymisrahaston-jaahylle-unionin-talouspolitiikasta-on-keskusteltava-poliittisesti-eika-lakipykalien-kautta\/\",\"url\":\"https:\/\/suomenkuvalehti.fi\/vallan-mahotonta\/saksan-perustuslakituomioistuin-laittoi-elpymisrahaston-jaahylle-unionin-talouspolitiikasta-on-keskusteltava-poliittisesti-eika-lakipykalien-kautta\/\",\"name\":\"Saksan perustuslakituomioistuin laittoi elpymisrahaston j\u00e4\u00e4hylle, unionin talouspolitiikasta on keskusteltava poliittisesti eik\u00e4 lakipyk\u00e4lien kautta - Vallan mahotonta!\",\"isPartOf\":{\"@id\":\"https:\/\/suomenkuvalehti.fi\/vallan-mahotonta\/#website\"},\"datePublished\":\"2021-03-31T08:26:01+00:00\",\"author\":{\"@id\":\"https:\/\/suomenkuvalehti.fi\/vallan-mahotonta\/#\/schema\/person\/aa34015af7a4bce21e1cdcf566bb57b0\"},\"breadcrumb\":{\"@id\":\"https:\/\/suomenkuvalehti.fi\/vallan-mahotonta\/saksan-perustuslakituomioistuin-laittoi-elpymisrahaston-jaahylle-unionin-talouspolitiikasta-on-keskusteltava-poliittisesti-eika-lakipykalien-kautta\/#breadcrumb\"},\"inLanguage\":\"fi\",\"potentialAction\":[{\"@type\":\"ReadAction\",\"target\":[\"https:\/\/suomenkuvalehti.fi\/vallan-mahotonta\/saksan-perustuslakituomioistuin-laittoi-elpymisrahaston-jaahylle-unionin-talouspolitiikasta-on-keskusteltava-poliittisesti-eika-lakipykalien-kautta\/\"]}]},{\"@type\":\"BreadcrumbList\",\"@id\":\"https:\/\/suomenkuvalehti.fi\/vallan-mahotonta\/saksan-perustuslakituomioistuin-laittoi-elpymisrahaston-jaahylle-unionin-talouspolitiikasta-on-keskusteltava-poliittisesti-eika-lakipykalien-kautta\/#breadcrumb\",\"itemListElement\":[{\"@type\":\"ListItem\",\"position\":1,\"name\":\"Home\",\"item\":\"https:\/\/suomenkuvalehti.fi\/vallan-mahotonta\/\"},{\"@type\":\"ListItem\",\"position\":2,\"name\":\"Saksan perustuslakituomioistuin laittoi elpymisrahaston j\u00e4\u00e4hylle, unionin talouspolitiikasta on keskusteltava poliittisesti eik\u00e4 lakipyk\u00e4lien kautta\"}]},{\"@type\":\"WebSite\",\"@id\":\"https:\/\/suomenkuvalehti.fi\/vallan-mahotonta\/#website\",\"url\":\"https:\/\/suomenkuvalehti.fi\/vallan-mahotonta\/\",\"name\":\"Vallan mahotonta!\",\"description\":\"Tutkija Antti Ronkainen seuraa maailmantalouden murrosta.\",\"potentialAction\":[{\"@type\":\"SearchAction\",\"target\":{\"@type\":\"EntryPoint\",\"urlTemplate\":\"https:\/\/suomenkuvalehti.fi\/haku\/?q={search_term_string}\"},\"query-input\":{\"@type\":\"PropertyValueSpecification\",\"valueRequired\":true,\"valueName\":\"search_term_string\"}}],\"inLanguage\":\"fi\"},{\"@type\":\"Person\",\"@id\":\"https:\/\/suomenkuvalehti.fi\/vallan-mahotonta\/#\/schema\/person\/aa34015af7a4bce21e1cdcf566bb57b0\",\"name\":\"Antti Ronkainen\",\"image\":{\"@type\":\"ImageObject\",\"inLanguage\":\"fi\",\"@id\":\"https:\/\/suomenkuvalehti.fi\/vallan-mahotonta\/#\/schema\/person\/image\/\",\"url\":\"https:\/\/suomenkuvalehti.fi\/vallan-mahotonta\/wp-content\/uploads\/sites\/42\/2018\/05\/antti_j_ronkainen_blogi_pieni-150x150.jpg\",\"contentUrl\":\"https:\/\/suomenkuvalehti.fi\/vallan-mahotonta\/wp-content\/uploads\/sites\/42\/2018\/05\/antti_j_ronkainen_blogi_pieni-150x150.jpg\",\"caption\":\"Antti Ronkainen\"},\"description\":\"Antti Ronkainen on poliittisen talouden v\u00e4it\u00f6skirjatutkija Helsingin yliopistolla.\",\"sameAs\":[\"http:\/\/anttironkainen.fi\",\"https:\/\/www.facebook.com\/a.ronkainen\",\"https:\/\/www.instagram.com\/antti.ronkainen\/\",\"https:\/\/x.com\/https:\/\/twitter.com\/anttironkainen\"]}]}<\/script>\n<!-- \/ Yoast SEO plugin. -->","yoast_head_json":{"title":"Saksan perustuslakituomioistuin laittoi elpymisrahaston j\u00e4\u00e4hylle, unionin talouspolitiikasta on keskusteltava poliittisesti eik\u00e4 lakipyk\u00e4lien kautta - Vallan mahotonta!","robots":{"index":"index","follow":"follow","max-snippet":"max-snippet:-1","max-image-preview":"max-image-preview:large","max-video-preview":"max-video-preview:-1"},"canonical":"https:\/\/suomenkuvalehti.fi\/vallan-mahotonta\/saksan-perustuslakituomioistuin-laittoi-elpymisrahaston-jaahylle-unionin-talouspolitiikasta-on-keskusteltava-poliittisesti-eika-lakipykalien-kautta\/","og_locale":"fi_FI","og_type":"article","og_title":"Saksan perustuslakituomioistuin laittoi elpymisrahaston j\u00e4\u00e4hylle, unionin talouspolitiikasta on keskusteltava poliittisesti eik\u00e4 lakipyk\u00e4lien kautta - Vallan mahotonta!","og_description":"pic.twitter.com\/RnnPp1nQlb &mdash; lemasabachthani (@lemasabachthani) May 5, 2020 Saksan perustuslakituomioistuin teki sen taas. Sen j\u00e4lkeen kun Saksan parlamentti hyv\u00e4ksyi s&hellip;","og_url":"https:\/\/suomenkuvalehti.fi\/vallan-mahotonta\/saksan-perustuslakituomioistuin-laittoi-elpymisrahaston-jaahylle-unionin-talouspolitiikasta-on-keskusteltava-poliittisesti-eika-lakipykalien-kautta\/","og_site_name":"Vallan mahotonta!","article_author":"https:\/\/www.facebook.com\/a.ronkainen","article_published_time":"2021-03-31T08:26:01+00:00","og_image":[{"width":600,"height":600,"url":"https:\/\/suomenkuvalehti.fi\/vallan-mahotonta\/wp-content\/uploads\/sites\/42\/2018\/05\/antti_j_ronkainen_blogi_pieni.jpg","type":"image\/jpeg"}],"author":"Antti Ronkainen","twitter_card":"summary_large_image","twitter_creator":"@https:\/\/twitter.com\/anttironkainen","twitter_misc":{"Written by":"Antti Ronkainen","Est. reading time":"3 minuuttia"},"schema":{"@context":"https:\/\/schema.org","@graph":[{"@type":"WebPage","@id":"https:\/\/suomenkuvalehti.fi\/vallan-mahotonta\/saksan-perustuslakituomioistuin-laittoi-elpymisrahaston-jaahylle-unionin-talouspolitiikasta-on-keskusteltava-poliittisesti-eika-lakipykalien-kautta\/","url":"https:\/\/suomenkuvalehti.fi\/vallan-mahotonta\/saksan-perustuslakituomioistuin-laittoi-elpymisrahaston-jaahylle-unionin-talouspolitiikasta-on-keskusteltava-poliittisesti-eika-lakipykalien-kautta\/","name":"Saksan perustuslakituomioistuin laittoi elpymisrahaston j\u00e4\u00e4hylle, unionin talouspolitiikasta on keskusteltava poliittisesti eik\u00e4 lakipyk\u00e4lien kautta - Vallan mahotonta!","isPartOf":{"@id":"https:\/\/suomenkuvalehti.fi\/vallan-mahotonta\/#website"},"datePublished":"2021-03-31T08:26:01+00:00","author":{"@id":"https:\/\/suomenkuvalehti.fi\/vallan-mahotonta\/#\/schema\/person\/aa34015af7a4bce21e1cdcf566bb57b0"},"breadcrumb":{"@id":"https:\/\/suomenkuvalehti.fi\/vallan-mahotonta\/saksan-perustuslakituomioistuin-laittoi-elpymisrahaston-jaahylle-unionin-talouspolitiikasta-on-keskusteltava-poliittisesti-eika-lakipykalien-kautta\/#breadcrumb"},"inLanguage":"fi","potentialAction":[{"@type":"ReadAction","target":["https:\/\/suomenkuvalehti.fi\/vallan-mahotonta\/saksan-perustuslakituomioistuin-laittoi-elpymisrahaston-jaahylle-unionin-talouspolitiikasta-on-keskusteltava-poliittisesti-eika-lakipykalien-kautta\/"]}]},{"@type":"BreadcrumbList","@id":"https:\/\/suomenkuvalehti.fi\/vallan-mahotonta\/saksan-perustuslakituomioistuin-laittoi-elpymisrahaston-jaahylle-unionin-talouspolitiikasta-on-keskusteltava-poliittisesti-eika-lakipykalien-kautta\/#breadcrumb","itemListElement":[{"@type":"ListItem","position":1,"name":"Home","item":"https:\/\/suomenkuvalehti.fi\/vallan-mahotonta\/"},{"@type":"ListItem","position":2,"name":"Saksan perustuslakituomioistuin laittoi elpymisrahaston j\u00e4\u00e4hylle, unionin talouspolitiikasta on keskusteltava poliittisesti eik\u00e4 lakipyk\u00e4lien kautta"}]},{"@type":"WebSite","@id":"https:\/\/suomenkuvalehti.fi\/vallan-mahotonta\/#website","url":"https:\/\/suomenkuvalehti.fi\/vallan-mahotonta\/","name":"Vallan mahotonta!","description":"Tutkija Antti Ronkainen seuraa maailmantalouden murrosta.","potentialAction":[{"@type":"SearchAction","target":{"@type":"EntryPoint","urlTemplate":"https:\/\/suomenkuvalehti.fi\/haku\/?q={search_term_string}"},"query-input":{"@type":"PropertyValueSpecification","valueRequired":true,"valueName":"search_term_string"}}],"inLanguage":"fi"},{"@type":"Person","@id":"https:\/\/suomenkuvalehti.fi\/vallan-mahotonta\/#\/schema\/person\/aa34015af7a4bce21e1cdcf566bb57b0","name":"Antti Ronkainen","image":{"@type":"ImageObject","inLanguage":"fi","@id":"https:\/\/suomenkuvalehti.fi\/vallan-mahotonta\/#\/schema\/person\/image\/","url":"https:\/\/suomenkuvalehti.fi\/vallan-mahotonta\/wp-content\/uploads\/sites\/42\/2018\/05\/antti_j_ronkainen_blogi_pieni-150x150.jpg","contentUrl":"https:\/\/suomenkuvalehti.fi\/vallan-mahotonta\/wp-content\/uploads\/sites\/42\/2018\/05\/antti_j_ronkainen_blogi_pieni-150x150.jpg","caption":"Antti Ronkainen"},"description":"Antti Ronkainen on poliittisen talouden v\u00e4it\u00f6skirjatutkija Helsingin yliopistolla.","sameAs":["http:\/\/anttironkainen.fi","https:\/\/www.facebook.com\/a.ronkainen","https:\/\/www.instagram.com\/antti.ronkainen\/","https:\/\/x.com\/https:\/\/twitter.com\/anttironkainen"]}]}},"_links":{"self":[{"href":"https:\/\/suomenkuvalehti.fi\/vallan-mahotonta\/wp-json\/wp\/v2\/posts\/6640","targetHints":{"allow":["GET"]}}],"collection":[{"href":"https:\/\/suomenkuvalehti.fi\/vallan-mahotonta\/wp-json\/wp\/v2\/posts"}],"about":[{"href":"https:\/\/suomenkuvalehti.fi\/vallan-mahotonta\/wp-json\/wp\/v2\/types\/post"}],"author":[{"embeddable":true,"href":"https:\/\/suomenkuvalehti.fi\/vallan-mahotonta\/wp-json\/wp\/v2\/users\/37967"}],"replies":[{"embeddable":true,"href":"https:\/\/suomenkuvalehti.fi\/vallan-mahotonta\/wp-json\/wp\/v2\/comments?post=6640"}],"version-history":[{"count":22,"href":"https:\/\/suomenkuvalehti.fi\/vallan-mahotonta\/wp-json\/wp\/v2\/posts\/6640\/revisions"}],"predecessor-version":[{"id":6663,"href":"https:\/\/suomenkuvalehti.fi\/vallan-mahotonta\/wp-json\/wp\/v2\/posts\/6640\/revisions\/6663"}],"wp:attachment":[{"href":"https:\/\/suomenkuvalehti.fi\/vallan-mahotonta\/wp-json\/wp\/v2\/media?parent=6640"}],"wp:term":[{"taxonomy":"category","embeddable":true,"href":"https:\/\/suomenkuvalehti.fi\/vallan-mahotonta\/wp-json\/wp\/v2\/categories?post=6640"},{"taxonomy":"post_tag","embeddable":true,"href":"https:\/\/suomenkuvalehti.fi\/vallan-mahotonta\/wp-json\/wp\/v2\/tags?post=6640"}],"curies":[{"name":"wp","href":"https:\/\/api.w.org\/{rel}","templated":true}]}}