{"id":6155,"date":"2021-01-20T13:35:54","date_gmt":"2021-01-20T11:35:54","guid":{"rendered":"https:\/\/suomenkuvalehti.fi\/vallan-mahotonta\/?p=6155"},"modified":"2021-01-20T13:35:54","modified_gmt":"2021-01-20T11:35:54","slug":"conten-hallitus-menetti-enemmiston-mutta-italian-parlamentilla-on-monta-hyvaa-syyta-valttaa-ennenaikaiset-vaalit","status":"publish","type":"post","link":"https:\/\/suomenkuvalehti.fi\/vallan-mahotonta\/conten-hallitus-menetti-enemmiston-mutta-italian-parlamentilla-on-monta-hyvaa-syyta-valttaa-ennenaikaiset-vaalit\/","title":{"rendered":"Conten hallitus menetti enemmist\u00f6n, mutta Italian parlamentilla on monta hyv\u00e4\u00e4 syyt\u00e4 v\u00e4ltt\u00e4\u00e4 ennenaikaiset vaalit"},"content":{"rendered":"\n<p>Italian p\u00e4\u00e4ministeri <strong>Giuseppe Conte&nbsp;<\/strong>selvisi eilen senaatin luottamus\u00e4\u00e4nestyksest\u00e4 \u00e4\u00e4nin 156-140. Luottamus\u00e4\u00e4nestys j\u00e4rjestettiin, koska Italian entinen p\u00e4\u00e4ministeri <strong>Matteo Renzi<\/strong> veti uuden puolueensa Viva Italian tuen pois hallitukselta.<\/p>\n\n\n\n<p>Renzi oli tyytym\u00e4t\u00f6n koronakriisin hoitoon ja EU:n elpymisrahaston varoista p\u00e4\u00e4tt\u00e4miseen. Renzin man\u00f6\u00f6veri on tuomittu vastuuttomaksi valtapeliksi, joka olisi voinut kaataa Italian hallituksen ja ajaa maan syvemm\u00e4lle poliittiseen kaaokseen koronakriisin keskell\u00e4. Toisaalta Renzin puolue ei lopulta \u00e4\u00e4nest\u00e4nyt Contea vastaan vaan ainoastaan tyhj\u00e4\u00e4, mik\u00e4 mahdollisesti pelasti Conten.<\/p>\n\n\n\n<p>Tulos on Contelle odotuksia heikompi, sill\u00e4 h\u00e4n j\u00e4i 5 \u00e4\u00e4nen p\u00e4\u00e4h\u00e4n senaatin enemmist\u00f6st\u00e4. Conten hallitus jatkaa v\u00e4hemmist\u00f6hallituksena, joka vaikeuttaa poliittista hallintaa, sill\u00e4 esimerkiksi budjetille ja lains\u00e4\u00e4d\u00e4nt\u00f6uudistuksille pit\u00e4\u00e4 saada my\u00f6s senaatin enemmist\u00f6. Lis\u00e4ksi Conte on altis uusille kriiseille, jos jokin muukin p\u00e4\u00e4tt\u00e4\u00e4 tehd\u00e4 renzit. Onkin todenn\u00e4k\u00f6isest\u00e4, ett\u00e4 Conte pyrkii tulevina viikkoina varmistamaan vakaamman enemmist\u00f6n my\u00f6s senaatista niin ettei h\u00e4n tarvitse Renzin \u00e4\u00e4ni\u00e4 mihink\u00e4\u00e4n.<\/p>\n\n\n\n<p>Moni on tulkinnut eilist\u00e4 \u00e4\u00e4nestyst\u00e4 niin, ett\u00e4 Italian hallinta k\u00e4y mahdottomaksi ja Conten hallitus kaatuu ennen pitk\u00e4\u00e4 johtaen joko teknokraattihallitukseen tai ennenaikaisiin vaaleihin. Vaikka Conten hallitus on entist\u00e4 hikisemm\u00e4ss\u00e4 tilanteessa, moni asia puhuu ennenaikaisten vaalien j\u00e4rjest\u00e4mist\u00e4 vastaan.<\/p>\n\n\n\n<p>Ensinn\u00e4kin, Viiden t\u00e4hden liikkeen vaatimuksesta poliitikkojen m\u00e4\u00e4r\u00e4\u00e4 alahuoneessa ja senaatissa on p\u00e4\u00e4tetty laskea per\u00e4ti 345 paikalla (edustajainhuone 630-&gt;400 ja senaatti 315-&gt;200). Uusissa vaaleissa kolmasosa Italian nykyisist\u00e4 parlamentaarikoista menett\u00e4isi ty\u00f6ns\u00e4. Tilanne vastaisi Suomen eduskunnan pienent\u00e4mist\u00e4 73 paikalla nykyisest\u00e4 200 kansanedustajasta.<\/p>\n\n\n\n<p>Toiseksi, parlamentti nimitt\u00e4\u00e4 Italian presidentin ensi vuoden helmikuussa ja presidentin nimitysprosessista johtuen vaaleja ei voida j\u00e4rjest\u00e4\u00e4 en\u00e4\u00e4 elokuun j\u00e4lkeen. EKP:n entist\u00e4 puheenjohtaja <strong>Mario Draghia<\/strong> on spekuloitu Italian teknokraattihallituksen johtajaksi, mutta toisaalta moni n\u00e4kisi h\u00e4net mieluummin Italian presidenttin\u00e4. Nykyinen Conten, Viiden t\u00e4hden liikkeen ja demokraattien muodostama hallitus halunnee nimet\u00e4 viel\u00e4 presidentin, jolla on suuri valta hallituksen muodostamisessa.<\/p>\n\n\n\n<p>Kolmanneksi, Italian nykyinen vaalilaki mahdollistaa enemmist\u00f6hallituksen muodostamisen 40 prosentin kannatuksella. Vaikka <strong>Matteo Salvinin<\/strong> Lega ei en\u00e4\u00e4 ole l\u00e4hell\u00e4k\u00e4\u00e4n 40 prosentin kannatusta, radikaalioikeistolainen Lega, \u00e4\u00e4rioikeistolainen Veljeskunta ja <strong>Silvio Berlusconin<\/strong> Forza Italia saisivat <a href=\"https:\/\/twitter.com\/EuropeElects\/status\/1351623029583994880\" target=\"_blank\" rel=\"noopener\">gallupien<\/a> perusteella helposti yli 40 prosentin yhteiskannatuksen. Conten hallitus pyrkineekin muuttamaan vaalitapaa l\u00e4hemm\u00e4s d&#8217;Hondtin j\u00e4rjestelm\u00e4\u00e4, joka hy\u00f6dytt\u00e4\u00e4 keskisuuria puolueita ja jossa ei mit\u00e4\u00e4n voittajien bonusj\u00e4rjestelyit\u00e4 ole. T\u00e4m\u00e4 est\u00e4isi radikaalioikeistolaisen hallituksen muodostumista Italiaan ja helpottaisi Conten, demokraattien ja Viiden t\u00e4hden liikkeen s\u00e4ilymist\u00e4 vallassa.<\/p>\n\n\n\n<p>Conten p\u00e4\u00e4ministeriys muuttuu siis entist\u00e4 vaikeammaksi, mutta Italian parlamentilla on monta hyv\u00e4\u00e4 syyt\u00e4 pysy\u00e4 viel\u00e4 ainakin t\u00e4m\u00e4 vuosi kasassa. Jos ennenaikaisiin vaaleihin menn\u00e4\u00e4n, niihin menn\u00e4\u00e4n todenn\u00e4k\u00f6isesti ensi vuoden helmikuun j\u00e4lkeen, kun presidentti on nimetty ja vaalilakeja uudistettu.<\/p>\n\n\n\n<p><blockquote class=\"twitter-tweet\" data-width=\"550\" data-dnt=\"true\"><p lang=\"und\" dir=\"ltr\"><a href=\"https:\/\/t.co\/OYc5SlenpQ\">pic.twitter.com\/OYc5SlenpQ<\/a><\/p>&mdash; lemasabachthani (@lemasabachthani) <a href=\"https:\/\/twitter.com\/lemasabachthani\/status\/1348969824253341696?ref_src=twsrc%5Etfw\">January 12, 2021<\/a><\/blockquote><script async src=\"https:\/\/platform.twitter.com\/widgets.js\" charset=\"utf-8\"><\/script><\/p>\n\n\n","protected":false},"excerpt":{"rendered":"<p>Italian p\u00e4\u00e4ministeri Giuseppe Conte&nbsp;selvisi eilen senaatin luottamus\u00e4\u00e4nestyksest\u00e4 \u00e4\u00e4nin 156-140. Luottamus\u00e4\u00e4nestys j\u00e4rjestettiin, koska Italian entinen p\u00e4\u00e4ministeri Matteo Renzi veti uuden puolueensa<br \/>\nViva Italia&hellip;<\/p>\n","protected":false},"author":37967,"featured_media":0,"comment_status":"open","ping_status":"open","sticky":false,"template":"","format":"standard","meta":{"_acf_changed":false,"asauth_required_access_level":3,"asauth_cansharepaid":"true","om_header_attributes":[],"footnotes":"","om_featured_image_focal_point":[],"om_primary_tag":0,"om_contributors":[],"om_co_authors":[],"beyondwords_generate_audio":"","beyondwords_project_id":"","beyondwords_content_id":"","beyondwords_preview_token":"","beyondwords_player_content":"","beyondwords_player_style":"","beyondwords_language_code":"","beyondwords_language_id":"","beyondwords_title_voice_id":"","beyondwords_body_voice_id":"","beyondwords_summary_voice_id":"","beyondwords_error_message":"","beyondwords_disabled":"","beyondwords_delete_content":"","beyondwords_podcast_id":"","beyondwords_hash":"","publish_post_to_speechkit":"","speechkit_hash":"","speechkit_generate_audio":"","speechkit_project_id":"","speechkit_podcast_id":"","speechkit_error_message":"","speechkit_disabled":"","speechkit_access_key":"","speechkit_error":"","speechkit_info":"","speechkit_response":"","speechkit_retries":"","speechkit_status":"","speechkit_updated_at":"","_speechkit_link":"","_speechkit_text":""},"categories":[1],"tags":[425,43,45],"class_list":["post-6155","post","type-post","status-publish","format-standard","hentry","category-vallan-mahotonta","tag-giuseppe-conte","tag-italia","tag-matteo-renzi"],"om_views":null,"acf":{"tuuma_off":false,"tuuma_kysymys":"","tuuma_vastaus":""},"asauth":{"required_access_level":1,"share_token":"","is_paid":false},"yoast_head":"<!-- This site is optimized with the Yoast SEO plugin v26.4 - https:\/\/yoast.com\/wordpress\/plugins\/seo\/ -->\n<title>Conten hallitus menetti enemmist\u00f6n, mutta Italian parlamentilla on monta hyv\u00e4\u00e4 syyt\u00e4 v\u00e4ltt\u00e4\u00e4 ennenaikaiset vaalit - Vallan mahotonta!<\/title>\n<meta name=\"robots\" content=\"index, follow, max-snippet:-1, max-image-preview:large, max-video-preview:-1\" \/>\n<link rel=\"canonical\" href=\"https:\/\/suomenkuvalehti.fi\/vallan-mahotonta\/conten-hallitus-menetti-enemmiston-mutta-italian-parlamentilla-on-monta-hyvaa-syyta-valttaa-ennenaikaiset-vaalit\/\" \/>\n<meta property=\"og:locale\" content=\"fi_FI\" \/>\n<meta property=\"og:type\" content=\"article\" \/>\n<meta property=\"og:title\" content=\"Conten hallitus menetti enemmist\u00f6n, mutta Italian parlamentilla on monta hyv\u00e4\u00e4 syyt\u00e4 v\u00e4ltt\u00e4\u00e4 ennenaikaiset vaalit - Vallan mahotonta!\" \/>\n<meta property=\"og:description\" content=\"Italian p\u00e4\u00e4ministeri Giuseppe Conte&nbsp;selvisi eilen senaatin luottamus\u00e4\u00e4nestyksest\u00e4 \u00e4\u00e4nin 156-140. Luottamus\u00e4\u00e4nestys j\u00e4rjestettiin, koska Italian entinen p\u00e4\u00e4ministeri Matteo Renzi veti uuden puolueensa Viva Italia&hellip;\" \/>\n<meta property=\"og:url\" content=\"https:\/\/suomenkuvalehti.fi\/vallan-mahotonta\/conten-hallitus-menetti-enemmiston-mutta-italian-parlamentilla-on-monta-hyvaa-syyta-valttaa-ennenaikaiset-vaalit\/\" \/>\n<meta property=\"og:site_name\" content=\"Vallan mahotonta!\" \/>\n<meta property=\"article:author\" content=\"https:\/\/www.facebook.com\/a.ronkainen\" \/>\n<meta property=\"article:published_time\" content=\"2021-01-20T11:35:54+00:00\" \/>\n<meta property=\"og:image\" content=\"https:\/\/suomenkuvalehti.fi\/vallan-mahotonta\/wp-content\/uploads\/sites\/42\/2018\/05\/antti_j_ronkainen_blogi_pieni.jpg\" \/>\n\t<meta property=\"og:image:width\" content=\"600\" \/>\n\t<meta property=\"og:image:height\" content=\"600\" \/>\n\t<meta property=\"og:image:type\" content=\"image\/jpeg\" \/>\n<meta name=\"author\" content=\"Antti Ronkainen\" \/>\n<meta name=\"twitter:card\" content=\"summary_large_image\" \/>\n<meta name=\"twitter:creator\" content=\"@https:\/\/twitter.com\/anttironkainen\" \/>\n<meta name=\"twitter:label1\" content=\"Written by\" \/>\n\t<meta name=\"twitter:data1\" content=\"Antti Ronkainen\" \/>\n\t<meta name=\"twitter:label2\" content=\"Est. reading time\" \/>\n\t<meta name=\"twitter:data2\" content=\"2 minuuttia\" \/>\n<script type=\"application\/ld+json\" class=\"yoast-schema-graph\">{\"@context\":\"https:\/\/schema.org\",\"@graph\":[{\"@type\":\"WebPage\",\"@id\":\"https:\/\/suomenkuvalehti.fi\/vallan-mahotonta\/conten-hallitus-menetti-enemmiston-mutta-italian-parlamentilla-on-monta-hyvaa-syyta-valttaa-ennenaikaiset-vaalit\/\",\"url\":\"https:\/\/suomenkuvalehti.fi\/vallan-mahotonta\/conten-hallitus-menetti-enemmiston-mutta-italian-parlamentilla-on-monta-hyvaa-syyta-valttaa-ennenaikaiset-vaalit\/\",\"name\":\"Conten hallitus menetti enemmist\u00f6n, mutta Italian parlamentilla on monta hyv\u00e4\u00e4 syyt\u00e4 v\u00e4ltt\u00e4\u00e4 ennenaikaiset vaalit - Vallan mahotonta!\",\"isPartOf\":{\"@id\":\"https:\/\/suomenkuvalehti.fi\/vallan-mahotonta\/#website\"},\"datePublished\":\"2021-01-20T11:35:54+00:00\",\"author\":{\"@id\":\"https:\/\/suomenkuvalehti.fi\/vallan-mahotonta\/#\/schema\/person\/aa34015af7a4bce21e1cdcf566bb57b0\"},\"breadcrumb\":{\"@id\":\"https:\/\/suomenkuvalehti.fi\/vallan-mahotonta\/conten-hallitus-menetti-enemmiston-mutta-italian-parlamentilla-on-monta-hyvaa-syyta-valttaa-ennenaikaiset-vaalit\/#breadcrumb\"},\"inLanguage\":\"fi\",\"potentialAction\":[{\"@type\":\"ReadAction\",\"target\":[\"https:\/\/suomenkuvalehti.fi\/vallan-mahotonta\/conten-hallitus-menetti-enemmiston-mutta-italian-parlamentilla-on-monta-hyvaa-syyta-valttaa-ennenaikaiset-vaalit\/\"]}]},{\"@type\":\"BreadcrumbList\",\"@id\":\"https:\/\/suomenkuvalehti.fi\/vallan-mahotonta\/conten-hallitus-menetti-enemmiston-mutta-italian-parlamentilla-on-monta-hyvaa-syyta-valttaa-ennenaikaiset-vaalit\/#breadcrumb\",\"itemListElement\":[{\"@type\":\"ListItem\",\"position\":1,\"name\":\"Home\",\"item\":\"https:\/\/suomenkuvalehti.fi\/vallan-mahotonta\/\"},{\"@type\":\"ListItem\",\"position\":2,\"name\":\"Conten hallitus menetti enemmist\u00f6n, mutta Italian parlamentilla on monta hyv\u00e4\u00e4 syyt\u00e4 v\u00e4ltt\u00e4\u00e4 ennenaikaiset vaalit\"}]},{\"@type\":\"WebSite\",\"@id\":\"https:\/\/suomenkuvalehti.fi\/vallan-mahotonta\/#website\",\"url\":\"https:\/\/suomenkuvalehti.fi\/vallan-mahotonta\/\",\"name\":\"Vallan mahotonta!\",\"description\":\"Tutkija Antti Ronkainen seuraa maailmantalouden murrosta.\",\"potentialAction\":[{\"@type\":\"SearchAction\",\"target\":{\"@type\":\"EntryPoint\",\"urlTemplate\":\"https:\/\/suomenkuvalehti.fi\/haku\/?q={search_term_string}\"},\"query-input\":{\"@type\":\"PropertyValueSpecification\",\"valueRequired\":true,\"valueName\":\"search_term_string\"}}],\"inLanguage\":\"fi\"},{\"@type\":\"Person\",\"@id\":\"https:\/\/suomenkuvalehti.fi\/vallan-mahotonta\/#\/schema\/person\/aa34015af7a4bce21e1cdcf566bb57b0\",\"name\":\"Antti Ronkainen\",\"image\":{\"@type\":\"ImageObject\",\"inLanguage\":\"fi\",\"@id\":\"https:\/\/suomenkuvalehti.fi\/vallan-mahotonta\/#\/schema\/person\/image\/\",\"url\":\"https:\/\/suomenkuvalehti.fi\/vallan-mahotonta\/wp-content\/uploads\/sites\/42\/2018\/05\/antti_j_ronkainen_blogi_pieni-150x150.jpg\",\"contentUrl\":\"https:\/\/suomenkuvalehti.fi\/vallan-mahotonta\/wp-content\/uploads\/sites\/42\/2018\/05\/antti_j_ronkainen_blogi_pieni-150x150.jpg\",\"caption\":\"Antti Ronkainen\"},\"description\":\"Antti Ronkainen on poliittisen talouden v\u00e4it\u00f6skirjatutkija Helsingin yliopistolla.\",\"sameAs\":[\"http:\/\/anttironkainen.fi\",\"https:\/\/www.facebook.com\/a.ronkainen\",\"https:\/\/www.instagram.com\/antti.ronkainen\/\",\"https:\/\/x.com\/https:\/\/twitter.com\/anttironkainen\"]}]}<\/script>\n<!-- \/ Yoast SEO plugin. -->","yoast_head_json":{"title":"Conten hallitus menetti enemmist\u00f6n, mutta Italian parlamentilla on monta hyv\u00e4\u00e4 syyt\u00e4 v\u00e4ltt\u00e4\u00e4 ennenaikaiset vaalit - Vallan mahotonta!","robots":{"index":"index","follow":"follow","max-snippet":"max-snippet:-1","max-image-preview":"max-image-preview:large","max-video-preview":"max-video-preview:-1"},"canonical":"https:\/\/suomenkuvalehti.fi\/vallan-mahotonta\/conten-hallitus-menetti-enemmiston-mutta-italian-parlamentilla-on-monta-hyvaa-syyta-valttaa-ennenaikaiset-vaalit\/","og_locale":"fi_FI","og_type":"article","og_title":"Conten hallitus menetti enemmist\u00f6n, mutta Italian parlamentilla on monta hyv\u00e4\u00e4 syyt\u00e4 v\u00e4ltt\u00e4\u00e4 ennenaikaiset vaalit - Vallan mahotonta!","og_description":"Italian p\u00e4\u00e4ministeri Giuseppe Conte&nbsp;selvisi eilen senaatin luottamus\u00e4\u00e4nestyksest\u00e4 \u00e4\u00e4nin 156-140. Luottamus\u00e4\u00e4nestys j\u00e4rjestettiin, koska Italian entinen p\u00e4\u00e4ministeri Matteo Renzi veti uuden puolueensa Viva Italia&hellip;","og_url":"https:\/\/suomenkuvalehti.fi\/vallan-mahotonta\/conten-hallitus-menetti-enemmiston-mutta-italian-parlamentilla-on-monta-hyvaa-syyta-valttaa-ennenaikaiset-vaalit\/","og_site_name":"Vallan mahotonta!","article_author":"https:\/\/www.facebook.com\/a.ronkainen","article_published_time":"2021-01-20T11:35:54+00:00","og_image":[{"width":600,"height":600,"url":"https:\/\/suomenkuvalehti.fi\/vallan-mahotonta\/wp-content\/uploads\/sites\/42\/2018\/05\/antti_j_ronkainen_blogi_pieni.jpg","type":"image\/jpeg"}],"author":"Antti Ronkainen","twitter_card":"summary_large_image","twitter_creator":"@https:\/\/twitter.com\/anttironkainen","twitter_misc":{"Written by":"Antti Ronkainen","Est. reading time":"2 minuuttia"},"schema":{"@context":"https:\/\/schema.org","@graph":[{"@type":"WebPage","@id":"https:\/\/suomenkuvalehti.fi\/vallan-mahotonta\/conten-hallitus-menetti-enemmiston-mutta-italian-parlamentilla-on-monta-hyvaa-syyta-valttaa-ennenaikaiset-vaalit\/","url":"https:\/\/suomenkuvalehti.fi\/vallan-mahotonta\/conten-hallitus-menetti-enemmiston-mutta-italian-parlamentilla-on-monta-hyvaa-syyta-valttaa-ennenaikaiset-vaalit\/","name":"Conten hallitus menetti enemmist\u00f6n, mutta Italian parlamentilla on monta hyv\u00e4\u00e4 syyt\u00e4 v\u00e4ltt\u00e4\u00e4 ennenaikaiset vaalit - Vallan mahotonta!","isPartOf":{"@id":"https:\/\/suomenkuvalehti.fi\/vallan-mahotonta\/#website"},"datePublished":"2021-01-20T11:35:54+00:00","author":{"@id":"https:\/\/suomenkuvalehti.fi\/vallan-mahotonta\/#\/schema\/person\/aa34015af7a4bce21e1cdcf566bb57b0"},"breadcrumb":{"@id":"https:\/\/suomenkuvalehti.fi\/vallan-mahotonta\/conten-hallitus-menetti-enemmiston-mutta-italian-parlamentilla-on-monta-hyvaa-syyta-valttaa-ennenaikaiset-vaalit\/#breadcrumb"},"inLanguage":"fi","potentialAction":[{"@type":"ReadAction","target":["https:\/\/suomenkuvalehti.fi\/vallan-mahotonta\/conten-hallitus-menetti-enemmiston-mutta-italian-parlamentilla-on-monta-hyvaa-syyta-valttaa-ennenaikaiset-vaalit\/"]}]},{"@type":"BreadcrumbList","@id":"https:\/\/suomenkuvalehti.fi\/vallan-mahotonta\/conten-hallitus-menetti-enemmiston-mutta-italian-parlamentilla-on-monta-hyvaa-syyta-valttaa-ennenaikaiset-vaalit\/#breadcrumb","itemListElement":[{"@type":"ListItem","position":1,"name":"Home","item":"https:\/\/suomenkuvalehti.fi\/vallan-mahotonta\/"},{"@type":"ListItem","position":2,"name":"Conten hallitus menetti enemmist\u00f6n, mutta Italian parlamentilla on monta hyv\u00e4\u00e4 syyt\u00e4 v\u00e4ltt\u00e4\u00e4 ennenaikaiset vaalit"}]},{"@type":"WebSite","@id":"https:\/\/suomenkuvalehti.fi\/vallan-mahotonta\/#website","url":"https:\/\/suomenkuvalehti.fi\/vallan-mahotonta\/","name":"Vallan mahotonta!","description":"Tutkija Antti Ronkainen seuraa maailmantalouden murrosta.","potentialAction":[{"@type":"SearchAction","target":{"@type":"EntryPoint","urlTemplate":"https:\/\/suomenkuvalehti.fi\/haku\/?q={search_term_string}"},"query-input":{"@type":"PropertyValueSpecification","valueRequired":true,"valueName":"search_term_string"}}],"inLanguage":"fi"},{"@type":"Person","@id":"https:\/\/suomenkuvalehti.fi\/vallan-mahotonta\/#\/schema\/person\/aa34015af7a4bce21e1cdcf566bb57b0","name":"Antti Ronkainen","image":{"@type":"ImageObject","inLanguage":"fi","@id":"https:\/\/suomenkuvalehti.fi\/vallan-mahotonta\/#\/schema\/person\/image\/","url":"https:\/\/suomenkuvalehti.fi\/vallan-mahotonta\/wp-content\/uploads\/sites\/42\/2018\/05\/antti_j_ronkainen_blogi_pieni-150x150.jpg","contentUrl":"https:\/\/suomenkuvalehti.fi\/vallan-mahotonta\/wp-content\/uploads\/sites\/42\/2018\/05\/antti_j_ronkainen_blogi_pieni-150x150.jpg","caption":"Antti Ronkainen"},"description":"Antti Ronkainen on poliittisen talouden v\u00e4it\u00f6skirjatutkija Helsingin yliopistolla.","sameAs":["http:\/\/anttironkainen.fi","https:\/\/www.facebook.com\/a.ronkainen","https:\/\/www.instagram.com\/antti.ronkainen\/","https:\/\/x.com\/https:\/\/twitter.com\/anttironkainen"]}]}},"_links":{"self":[{"href":"https:\/\/suomenkuvalehti.fi\/vallan-mahotonta\/wp-json\/wp\/v2\/posts\/6155","targetHints":{"allow":["GET"]}}],"collection":[{"href":"https:\/\/suomenkuvalehti.fi\/vallan-mahotonta\/wp-json\/wp\/v2\/posts"}],"about":[{"href":"https:\/\/suomenkuvalehti.fi\/vallan-mahotonta\/wp-json\/wp\/v2\/types\/post"}],"author":[{"embeddable":true,"href":"https:\/\/suomenkuvalehti.fi\/vallan-mahotonta\/wp-json\/wp\/v2\/users\/37967"}],"replies":[{"embeddable":true,"href":"https:\/\/suomenkuvalehti.fi\/vallan-mahotonta\/wp-json\/wp\/v2\/comments?post=6155"}],"version-history":[{"count":32,"href":"https:\/\/suomenkuvalehti.fi\/vallan-mahotonta\/wp-json\/wp\/v2\/posts\/6155\/revisions"}],"predecessor-version":[{"id":6188,"href":"https:\/\/suomenkuvalehti.fi\/vallan-mahotonta\/wp-json\/wp\/v2\/posts\/6155\/revisions\/6188"}],"wp:attachment":[{"href":"https:\/\/suomenkuvalehti.fi\/vallan-mahotonta\/wp-json\/wp\/v2\/media?parent=6155"}],"wp:term":[{"taxonomy":"category","embeddable":true,"href":"https:\/\/suomenkuvalehti.fi\/vallan-mahotonta\/wp-json\/wp\/v2\/categories?post=6155"},{"taxonomy":"post_tag","embeddable":true,"href":"https:\/\/suomenkuvalehti.fi\/vallan-mahotonta\/wp-json\/wp\/v2\/tags?post=6155"}],"curies":[{"name":"wp","href":"https:\/\/api.w.org\/{rel}","templated":true}]}}