{"id":5506,"date":"2020-11-24T11:19:40","date_gmt":"2020-11-24T09:19:40","guid":{"rendered":"https:\/\/suomenkuvalehti.fi\/vallan-mahotonta\/?p=5506"},"modified":"2020-11-24T11:19:40","modified_gmt":"2020-11-24T09:19:40","slug":"suomi-nyrkin-ja-koronan-valissa","status":"publish","type":"post","link":"https:\/\/suomenkuvalehti.fi\/vallan-mahotonta\/suomi-nyrkin-ja-koronan-valissa\/","title":{"rendered":"Suomi nyrkin ja koronan v\u00e4liss\u00e4"},"content":{"rendered":"\n<p><b>Euroopassa koronaviruksen toinen aalto<\/b> on ylitt\u00e4nyt <a href=\"https:\/\/ig.ft.com\/coronavirus-chart\/?areas=eur&amp;areas=usa&amp;areasRegional=usny&amp;areasRegional=usca&amp;areasRegional=usfl&amp;areasRegional=ustx&amp;byDate=0&amp;cumulative=0&amp;logScale=1&amp;perMillion=0&amp;values=deaths\" target=\"_blank\" rel=\"noopener\">kuolleiden m\u00e4\u00e4r\u00e4ss\u00e4 kev\u00e4\u00e4n ensimm\u00e4isen aallon<\/a>.<\/p>\n\n\n\n<p>My\u00f6s <a href=\"https:\/\/ig.ft.com\/coronavirus-chart\/?areas=fin&amp;areas=swe&amp;areas=nor&amp;areas=dnk&amp;areasRegional=usny&amp;areasRegional=usca&amp;areasRegional=usfl&amp;areasRegional=ustx&amp;byDate=0&amp;cumulative=0&amp;logScale=1&amp;perMillion=0&amp;values=cases\" target=\"_blank\" rel=\"noopener\">Pohjoismaiden tartuntatilanne<\/a> on pahentunut nopeasti. Tilanteen vakavuudesta kertoo, ett\u00e4 Ruotsi on rajoittanut julkisia kokoontumisia ja m\u00e4\u00e4r\u00e4nnyt anniskelun loppuvaksi klo 22. N\u00e4in ollen se on my\u00f6s luopunut koronamallistaan, joka perustui suosituksiin ja yksil\u00f6iden vastuuseen.<\/p>\n\n\n\n<p>Eilen alkoi tapahtua my\u00f6s Suomessa, kun <b>Sanna Marin<\/b> ja <b>Sauli Niinist\u00f6<\/b> vihjasivat valmiuslain k\u00e4ytt\u00f6\u00f6notosta, jos alueellisesti ei sovita riitt\u00e4vist\u00e4 toimista koronaviruksen hillitsemiseksi.<\/p>\n\n\n\n<p><a href=\"https:\/\/perustuslakiblogi.wordpress.com\/2020\/11\/23\/pauli-rautiainen-valmiuslaki-on-vakava-asia-eika-sen-kayttoon-ottamista-pida-esittaa-kevytmielisesti\/\" target=\"_blank\" rel=\"noopener\">Valmiuslaki mahdollistaisi<\/a> hoitotakuun poiston, koulutetun terveydenhuoltohenkil\u00f6st\u00f6n ty\u00f6velvollisuuden ja liikkumisrajoitusten asettamisen. Valmiuslaki mahdollistaisi siten esimerkiksi alueelliset ulkonaliikkumiskiellot ja Suomen sis\u00e4isen matkustamisen rajoittamisen joulupyhien aikana ainakin niilt\u00e4 alueilta, joissa tauti jyll\u00e4\u00e4.<\/p>\n\n\n\n<p>P\u00e4\u00e4ministerin ja presidentin luotua painetta Helsingin pormestari <strong>Jan Vapaavuori<\/strong> ilmoitti, ett\u00e4 Helsingiss\u00e4 kiellet\u00e4\u00e4n yleis\u00f6tilaisuudet, suljetaan l\u00e4hes kaikki palvelut (urheilutilat &amp; kirjastot kiinni) ja toinen aste siirtyy et\u00e4opetukseen.&nbsp;Esimerkiksi yleis\u00f6tilaisuuksien kielt\u00e4minen tarkoittaa, ett\u00e4 kaikki jouluun liittyv\u00e4t tapahtumat perutaan.<\/p>\n\n\n\n<p>Peruspalveluministeri <strong>Krista Kiuru<\/strong> n\u00e4kee viel\u00e4 t\u00e4n\u00e4\u00e4n Uudenmaan kunnanjohtajia, <a href=\"https:\/\/www.hs.fi\/politiikka\/art-2000007637245.html\" target=\"_blank\" rel=\"noopener\">joilta vaaditaan vastaavanlaisia toimia<\/a>. Sosiaali- ja terveysministeri\u00f6 valmistelee my\u00f6s myllykirjett\u00e4, jossa vaaditaan kiihtymis- ja levi\u00e4misvaiheessa olevia alueita ottamaan k\u00e4ytt\u00f6\u00f6n kaikki mahdolliset koronarajoitukset.<\/p>\n\n\n\n<p>Eiliset ulostulot ja Vapaavuoren ilmoittamat kovemmat rajoitustoimet viittaisivat siihen, ett\u00e4 Suomessa on p\u00e4\u00e4ministerin ja presidentin koordinoitu koronanyrkki toista aaltoa varten.<\/p>\n\n\n\n<p>Sen sijaan, ett\u00e4 koko Suomi suljettaisiin, hallitus n\u00e4ytt\u00e4\u00e4 pyrkiv\u00e4n suitsimaan alueita k\u00e4ytt\u00e4m\u00e4\u00e4n nopeasti sit\u00e4 valtaa, joka niill\u00e4 on koronaviruksen levi\u00e4misen est\u00e4miseksi. Jos n\u00e4in saadaan levi\u00e4minen hallintaan, voidaan v\u00e4ltty\u00e4 kev\u00e4\u00e4n kaltaisilta valtakunnallisilta rajoitustoimilla.<\/p>\n\n\n\n<p>Ja t\u00e4ll\u00f6in Suomi voi my\u00f6s jatkaa koronaviruksen torjunnan mallimaana.<\/p>\n\n\n\n<p><strong>Euroopassa toisen aallon<\/strong> &#8221;kevyet lockdownit&#8221; ovat perustuneet maiden t\u00e4ysien sulkujen sijaan ulkonaliikkumiskieltojen sek\u00e4 ravintoloiden ja julkisten tilojen sulkemiseen sek\u00e4 yleis\u00f6tapahtumien perumisten yhdistelmiin.<\/p>\n\n\n\n<p>Eurooppa my\u00f6s osoittaa, ett\u00e4 viruksen levi\u00e4mist\u00e4 on erityisen vaikea saada hallintaan, jos rajoitustoimet aloitetaan liian my\u00f6h\u00e4\u00e4n. Suurista eristystoimista seuraa paitsi taloudellista tuhoa, my\u00f6s hoitovelkaa, mielenterveysongelmia ja muita sosiaalisia ongelmia, joiden vakavuus selvi\u00e4\u00e4 vasta joskus my\u00f6hemmin.<\/p>\n\n\n\n<p>Mit\u00e4 enemm\u00e4n koronaviruksen ehk\u00e4isyss\u00e4 ep\u00e4onnistutaan, sen vakavammat kansanterveydelliset ja kansantaloudelliset seuraukset. Nyt t\u00e4ytyykin toivoa, ett\u00e4 p\u00e4\u00e4kaupunkiseudun rajoitukset eiv\u00e4t tule my\u00f6h\u00e4ss\u00e4.<\/p>\n\n\n\n<p><strong>Talouden ja terveyden lis\u00e4ksi<\/strong> koronakriisin hoidossa joudutaan puntaroimaan hyv\u00e4\u00e4 hallintoa ja perusoikeuksien kunnioittamista.<\/p>\n\n\n\n<p>Jos hallitus pyrkii <a href=\"https:\/\/yle.fi\/uutiset\/3-11662403\" target=\"_blank\" rel=\"noopener\">poikkeusoloihin ilman valmiuslain k\u00e4ytt\u00f6\u00f6nottoa<\/a>, kuten Yle eilen uutisoi, menn\u00e4\u00e4n poliittis-oikeudellisesti eritt\u00e4in harmaalle alueelle. Vaikka perusoikeuksien rajoittaminen olisi koronan levi\u00e4misen kannalta perusteltua, poikkeusolojen politisointi j\u00e4tt\u00e4isi tuleville hallituksille kyseenalaisen perinn\u00f6n.<\/p>\n\n\n\n<p>Koronakriisiss\u00e4 ei ole kuin vaikeita ratkaisuja. Siksi koronakriisiin liittyv\u00e4 poliittinen p\u00e4\u00e4t\u00f6ksenteko koskee erityisesti arvovalintoja siit\u00e4, mink\u00e4 kansanterveydellisten, taloudellisten ja poliittisten seurausten kanssa ollaan valmiita el\u00e4m\u00e4\u00e4n.<\/p>\n\n\n\n<p>Koronarokote on tulossa, mutta siihen on viel\u00e4 pitk\u00e4 aika.<\/p>\n\n\n\n<p>Voimia, malttia ja jaksamista kaikille!<\/p>\n\n\n<figure class=\"wp-block-image size-large is-resized alignnone\">\n  <div class=\"wp-block-image__inner-container\">\n    <a href=\"https:\/\/suomenkuvalehti.fi\/vallan-mahotonta\/wp-content\/uploads\/sites\/42\/2020\/11\/screenshot_2020-11-24-free-to-read-coronavirus-tracked-has-the-epidemic-peaked-near-you-.png\"><img loading=\"lazy\" decoding=\"async\" src=\"https:\/\/suomenkuvalehti.fi\/vallan-mahotonta\/wp-content\/uploads\/sites\/42\/2020\/11\/screenshot_2020-11-24-free-to-read-coronavirus-tracked-has-the-epidemic-peaked-near-you--1024x602.png\" alt=\"\" class=\"wp-image-5525\" width=\"1024\" height=\"602\" style=\"--aspect-ratio: 1.7\" srcset=\"https:\/\/suomenkuvalehti.fi\/vallan-mahotonta\/wp-content\/uploads\/sites\/42\/2020\/11\/screenshot_2020-11-24-free-to-read-coronavirus-tracked-has-the-epidemic-peaked-near-you--1024x602.png 1024w, https:\/\/suomenkuvalehti.fi\/vallan-mahotonta\/wp-content\/uploads\/sites\/42\/2020\/11\/screenshot_2020-11-24-free-to-read-coronavirus-tracked-has-the-epidemic-peaked-near-you--300x176.png 300w, https:\/\/suomenkuvalehti.fi\/vallan-mahotonta\/wp-content\/uploads\/sites\/42\/2020\/11\/screenshot_2020-11-24-free-to-read-coronavirus-tracked-has-the-epidemic-peaked-near-you--768x452.png 768w, https:\/\/suomenkuvalehti.fi\/vallan-mahotonta\/wp-content\/uploads\/sites\/42\/2020\/11\/screenshot_2020-11-24-free-to-read-coronavirus-tracked-has-the-epidemic-peaked-near-you--630x371.png 630w, https:\/\/suomenkuvalehti.fi\/vallan-mahotonta\/wp-content\/uploads\/sites\/42\/2020\/11\/screenshot_2020-11-24-free-to-read-coronavirus-tracked-has-the-epidemic-peaked-near-you-.png 1180w\" sizes=\"auto, (max-width: 1024px) 100vw, 1024px\" \/><\/a>    <figcaption class=\"wp-block-image__figcaption\">\n      FT:n koronaty\u00f6kalu:          <\/figcaption>\n      <\/div>\n<\/figure>\n\n","protected":false},"excerpt":{"rendered":"<p>Euroopassa koronaviruksen toinen aalto on ylitt\u00e4nyt kuolleiden m\u00e4\u00e4r\u00e4ss\u00e4 kev\u00e4\u00e4n ensimm\u00e4isen aallon. My\u00f6s Pohjoismaiden tartuntatilanne on pahentunut nopeasti. Tilanteen vakavuudesta kertoo, ett\u00e4 Ruotsi on rajoittanut julkisia kokoontumisia ja m\u00e4\u00e4r\u00e4nnyt anniskelun loppuvaksi klo 22.<br \/>\nN\u00e4in ollen s&hellip;<\/p>\n","protected":false},"author":37967,"featured_media":5525,"comment_status":"open","ping_status":"open","sticky":false,"template":"","format":"standard","meta":{"_acf_changed":false,"asauth_required_access_level":3,"asauth_cansharepaid":"true","om_header_attributes":[],"footnotes":"","om_featured_image_focal_point":[],"om_primary_tag":0,"om_contributors":[],"om_co_authors":[],"beyondwords_generate_audio":"","beyondwords_project_id":"","beyondwords_content_id":"","beyondwords_preview_token":"","beyondwords_player_content":"","beyondwords_player_style":"","beyondwords_language_code":"","beyondwords_language_id":"","beyondwords_title_voice_id":"","beyondwords_body_voice_id":"","beyondwords_summary_voice_id":"","beyondwords_error_message":"","beyondwords_disabled":"","beyondwords_delete_content":"","beyondwords_podcast_id":"","beyondwords_hash":"","publish_post_to_speechkit":"","speechkit_hash":"","speechkit_generate_audio":"","speechkit_project_id":"","speechkit_podcast_id":"","speechkit_error_message":"","speechkit_disabled":"","speechkit_access_key":"","speechkit_error":"","speechkit_info":"","speechkit_response":"","speechkit_retries":"","speechkit_status":"","speechkit_updated_at":"","_speechkit_link":"","_speechkit_text":""},"categories":[1],"tags":[336,408,409,308,49,407],"class_list":["post-5506","post","type-post","status-publish","format-standard","has-post-thumbnail","hentry","category-vallan-mahotonta","tag-koronakriisi","tag-koronanyrkki","tag-koronastrategia","tag-sanna-marin","tag-sauli-niinisto","tag-valmiuslaki"],"om_views":null,"acf":{"tuuma_off":false,"tuuma_kysymys":"","tuuma_vastaus":""},"asauth":{"required_access_level":1,"share_token":"","is_paid":false},"yoast_head":"<!-- This site is optimized with the Yoast SEO plugin v26.4 - https:\/\/yoast.com\/wordpress\/plugins\/seo\/ -->\n<title>Suomi nyrkin ja koronan v\u00e4liss\u00e4 - Vallan mahotonta!<\/title>\n<meta name=\"robots\" content=\"index, follow, max-snippet:-1, max-image-preview:large, max-video-preview:-1\" \/>\n<link rel=\"canonical\" href=\"https:\/\/suomenkuvalehti.fi\/vallan-mahotonta\/suomi-nyrkin-ja-koronan-valissa\/\" \/>\n<meta property=\"og:locale\" content=\"fi_FI\" \/>\n<meta property=\"og:type\" content=\"article\" \/>\n<meta property=\"og:title\" content=\"Suomi nyrkin ja koronan v\u00e4liss\u00e4 - Vallan mahotonta!\" \/>\n<meta property=\"og:description\" content=\"Euroopassa koronaviruksen toinen aalto on ylitt\u00e4nyt kuolleiden m\u00e4\u00e4r\u00e4ss\u00e4 kev\u00e4\u00e4n ensimm\u00e4isen aallon. My\u00f6s Pohjoismaiden tartuntatilanne on pahentunut nopeasti. Tilanteen vakavuudesta kertoo, ett\u00e4 Ruotsi on rajoittanut julkisia kokoontumisia ja m\u00e4\u00e4r\u00e4nnyt anniskelun loppuvaksi klo 22. N\u00e4in ollen s&hellip;\" \/>\n<meta property=\"og:url\" content=\"https:\/\/suomenkuvalehti.fi\/vallan-mahotonta\/suomi-nyrkin-ja-koronan-valissa\/\" \/>\n<meta property=\"og:site_name\" content=\"Vallan mahotonta!\" \/>\n<meta property=\"article:author\" content=\"https:\/\/www.facebook.com\/a.ronkainen\" \/>\n<meta property=\"article:published_time\" content=\"2020-11-24T09:19:40+00:00\" \/>\n<meta property=\"og:image\" content=\"https:\/\/suomenkuvalehti.fi\/vallan-mahotonta\/wp-content\/uploads\/sites\/42\/2020\/11\/screenshot_2020-11-24-free-to-read-coronavirus-tracked-has-the-epidemic-peaked-near-you-.png\" \/>\n\t<meta property=\"og:image:width\" content=\"1180\" \/>\n\t<meta property=\"og:image:height\" content=\"694\" \/>\n\t<meta property=\"og:image:type\" content=\"image\/png\" \/>\n<meta name=\"author\" content=\"Antti Ronkainen\" \/>\n<meta name=\"twitter:card\" content=\"summary_large_image\" \/>\n<meta name=\"twitter:creator\" content=\"@https:\/\/twitter.com\/anttironkainen\" \/>\n<meta name=\"twitter:label1\" content=\"Written by\" \/>\n\t<meta name=\"twitter:data1\" content=\"Antti Ronkainen\" \/>\n\t<meta name=\"twitter:label2\" content=\"Est. reading time\" \/>\n\t<meta name=\"twitter:data2\" content=\"2 minuuttia\" \/>\n<script type=\"application\/ld+json\" class=\"yoast-schema-graph\">{\"@context\":\"https:\/\/schema.org\",\"@graph\":[{\"@type\":\"WebPage\",\"@id\":\"https:\/\/suomenkuvalehti.fi\/vallan-mahotonta\/suomi-nyrkin-ja-koronan-valissa\/\",\"url\":\"https:\/\/suomenkuvalehti.fi\/vallan-mahotonta\/suomi-nyrkin-ja-koronan-valissa\/\",\"name\":\"Suomi nyrkin ja koronan v\u00e4liss\u00e4 - Vallan mahotonta!\",\"isPartOf\":{\"@id\":\"https:\/\/suomenkuvalehti.fi\/vallan-mahotonta\/#website\"},\"primaryImageOfPage\":{\"@id\":\"https:\/\/suomenkuvalehti.fi\/vallan-mahotonta\/suomi-nyrkin-ja-koronan-valissa\/#primaryimage\"},\"image\":{\"@id\":\"https:\/\/suomenkuvalehti.fi\/vallan-mahotonta\/suomi-nyrkin-ja-koronan-valissa\/#primaryimage\"},\"thumbnailUrl\":\"https:\/\/suomenkuvalehti.fi\/vallan-mahotonta\/wp-content\/uploads\/sites\/42\/2020\/11\/screenshot_2020-11-24-free-to-read-coronavirus-tracked-has-the-epidemic-peaked-near-you-.png\",\"datePublished\":\"2020-11-24T09:19:40+00:00\",\"author\":{\"@id\":\"https:\/\/suomenkuvalehti.fi\/vallan-mahotonta\/#\/schema\/person\/aa34015af7a4bce21e1cdcf566bb57b0\"},\"breadcrumb\":{\"@id\":\"https:\/\/suomenkuvalehti.fi\/vallan-mahotonta\/suomi-nyrkin-ja-koronan-valissa\/#breadcrumb\"},\"inLanguage\":\"fi\",\"potentialAction\":[{\"@type\":\"ReadAction\",\"target\":[\"https:\/\/suomenkuvalehti.fi\/vallan-mahotonta\/suomi-nyrkin-ja-koronan-valissa\/\"]}]},{\"@type\":\"ImageObject\",\"inLanguage\":\"fi\",\"@id\":\"https:\/\/suomenkuvalehti.fi\/vallan-mahotonta\/suomi-nyrkin-ja-koronan-valissa\/#primaryimage\",\"url\":\"https:\/\/suomenkuvalehti.fi\/vallan-mahotonta\/wp-content\/uploads\/sites\/42\/2020\/11\/screenshot_2020-11-24-free-to-read-coronavirus-tracked-has-the-epidemic-peaked-near-you-.png\",\"contentUrl\":\"https:\/\/suomenkuvalehti.fi\/vallan-mahotonta\/wp-content\/uploads\/sites\/42\/2020\/11\/screenshot_2020-11-24-free-to-read-coronavirus-tracked-has-the-epidemic-peaked-near-you-.png\",\"width\":1180,\"height\":694,\"caption\":\"FT:n koronaty\u00f6kalu: https:\/\/ig.ft.com\/coronavirus-chart\/\"},{\"@type\":\"BreadcrumbList\",\"@id\":\"https:\/\/suomenkuvalehti.fi\/vallan-mahotonta\/suomi-nyrkin-ja-koronan-valissa\/#breadcrumb\",\"itemListElement\":[{\"@type\":\"ListItem\",\"position\":1,\"name\":\"Home\",\"item\":\"https:\/\/suomenkuvalehti.fi\/vallan-mahotonta\/\"},{\"@type\":\"ListItem\",\"position\":2,\"name\":\"Suomi nyrkin ja koronan v\u00e4liss\u00e4\"}]},{\"@type\":\"WebSite\",\"@id\":\"https:\/\/suomenkuvalehti.fi\/vallan-mahotonta\/#website\",\"url\":\"https:\/\/suomenkuvalehti.fi\/vallan-mahotonta\/\",\"name\":\"Vallan mahotonta!\",\"description\":\"Tutkija Antti Ronkainen seuraa maailmantalouden murrosta.\",\"potentialAction\":[{\"@type\":\"SearchAction\",\"target\":{\"@type\":\"EntryPoint\",\"urlTemplate\":\"https:\/\/suomenkuvalehti.fi\/haku\/?q={search_term_string}\"},\"query-input\":{\"@type\":\"PropertyValueSpecification\",\"valueRequired\":true,\"valueName\":\"search_term_string\"}}],\"inLanguage\":\"fi\"},{\"@type\":\"Person\",\"@id\":\"https:\/\/suomenkuvalehti.fi\/vallan-mahotonta\/#\/schema\/person\/aa34015af7a4bce21e1cdcf566bb57b0\",\"name\":\"Antti Ronkainen\",\"image\":{\"@type\":\"ImageObject\",\"inLanguage\":\"fi\",\"@id\":\"https:\/\/suomenkuvalehti.fi\/vallan-mahotonta\/#\/schema\/person\/image\/\",\"url\":\"https:\/\/suomenkuvalehti.fi\/vallan-mahotonta\/wp-content\/uploads\/sites\/42\/2018\/05\/antti_j_ronkainen_blogi_pieni-150x150.jpg\",\"contentUrl\":\"https:\/\/suomenkuvalehti.fi\/vallan-mahotonta\/wp-content\/uploads\/sites\/42\/2018\/05\/antti_j_ronkainen_blogi_pieni-150x150.jpg\",\"caption\":\"Antti Ronkainen\"},\"description\":\"Antti Ronkainen on poliittisen talouden v\u00e4it\u00f6skirjatutkija Helsingin yliopistolla.\",\"sameAs\":[\"http:\/\/anttironkainen.fi\",\"https:\/\/www.facebook.com\/a.ronkainen\",\"https:\/\/www.instagram.com\/antti.ronkainen\/\",\"https:\/\/x.com\/https:\/\/twitter.com\/anttironkainen\"]}]}<\/script>\n<!-- \/ Yoast SEO plugin. -->","yoast_head_json":{"title":"Suomi nyrkin ja koronan v\u00e4liss\u00e4 - Vallan mahotonta!","robots":{"index":"index","follow":"follow","max-snippet":"max-snippet:-1","max-image-preview":"max-image-preview:large","max-video-preview":"max-video-preview:-1"},"canonical":"https:\/\/suomenkuvalehti.fi\/vallan-mahotonta\/suomi-nyrkin-ja-koronan-valissa\/","og_locale":"fi_FI","og_type":"article","og_title":"Suomi nyrkin ja koronan v\u00e4liss\u00e4 - Vallan mahotonta!","og_description":"Euroopassa koronaviruksen toinen aalto on ylitt\u00e4nyt kuolleiden m\u00e4\u00e4r\u00e4ss\u00e4 kev\u00e4\u00e4n ensimm\u00e4isen aallon. My\u00f6s Pohjoismaiden tartuntatilanne on pahentunut nopeasti. Tilanteen vakavuudesta kertoo, ett\u00e4 Ruotsi on rajoittanut julkisia kokoontumisia ja m\u00e4\u00e4r\u00e4nnyt anniskelun loppuvaksi klo 22. N\u00e4in ollen s&hellip;","og_url":"https:\/\/suomenkuvalehti.fi\/vallan-mahotonta\/suomi-nyrkin-ja-koronan-valissa\/","og_site_name":"Vallan mahotonta!","article_author":"https:\/\/www.facebook.com\/a.ronkainen","article_published_time":"2020-11-24T09:19:40+00:00","og_image":[{"width":1180,"height":694,"url":"https:\/\/suomenkuvalehti.fi\/vallan-mahotonta\/wp-content\/uploads\/sites\/42\/2020\/11\/screenshot_2020-11-24-free-to-read-coronavirus-tracked-has-the-epidemic-peaked-near-you-.png","type":"image\/png"}],"author":"Antti Ronkainen","twitter_card":"summary_large_image","twitter_creator":"@https:\/\/twitter.com\/anttironkainen","twitter_misc":{"Written by":"Antti Ronkainen","Est. reading time":"2 minuuttia"},"schema":{"@context":"https:\/\/schema.org","@graph":[{"@type":"WebPage","@id":"https:\/\/suomenkuvalehti.fi\/vallan-mahotonta\/suomi-nyrkin-ja-koronan-valissa\/","url":"https:\/\/suomenkuvalehti.fi\/vallan-mahotonta\/suomi-nyrkin-ja-koronan-valissa\/","name":"Suomi nyrkin ja koronan v\u00e4liss\u00e4 - Vallan mahotonta!","isPartOf":{"@id":"https:\/\/suomenkuvalehti.fi\/vallan-mahotonta\/#website"},"primaryImageOfPage":{"@id":"https:\/\/suomenkuvalehti.fi\/vallan-mahotonta\/suomi-nyrkin-ja-koronan-valissa\/#primaryimage"},"image":{"@id":"https:\/\/suomenkuvalehti.fi\/vallan-mahotonta\/suomi-nyrkin-ja-koronan-valissa\/#primaryimage"},"thumbnailUrl":"https:\/\/suomenkuvalehti.fi\/vallan-mahotonta\/wp-content\/uploads\/sites\/42\/2020\/11\/screenshot_2020-11-24-free-to-read-coronavirus-tracked-has-the-epidemic-peaked-near-you-.png","datePublished":"2020-11-24T09:19:40+00:00","author":{"@id":"https:\/\/suomenkuvalehti.fi\/vallan-mahotonta\/#\/schema\/person\/aa34015af7a4bce21e1cdcf566bb57b0"},"breadcrumb":{"@id":"https:\/\/suomenkuvalehti.fi\/vallan-mahotonta\/suomi-nyrkin-ja-koronan-valissa\/#breadcrumb"},"inLanguage":"fi","potentialAction":[{"@type":"ReadAction","target":["https:\/\/suomenkuvalehti.fi\/vallan-mahotonta\/suomi-nyrkin-ja-koronan-valissa\/"]}]},{"@type":"ImageObject","inLanguage":"fi","@id":"https:\/\/suomenkuvalehti.fi\/vallan-mahotonta\/suomi-nyrkin-ja-koronan-valissa\/#primaryimage","url":"https:\/\/suomenkuvalehti.fi\/vallan-mahotonta\/wp-content\/uploads\/sites\/42\/2020\/11\/screenshot_2020-11-24-free-to-read-coronavirus-tracked-has-the-epidemic-peaked-near-you-.png","contentUrl":"https:\/\/suomenkuvalehti.fi\/vallan-mahotonta\/wp-content\/uploads\/sites\/42\/2020\/11\/screenshot_2020-11-24-free-to-read-coronavirus-tracked-has-the-epidemic-peaked-near-you-.png","width":1180,"height":694,"caption":"FT:n koronaty\u00f6kalu: https:\/\/ig.ft.com\/coronavirus-chart\/"},{"@type":"BreadcrumbList","@id":"https:\/\/suomenkuvalehti.fi\/vallan-mahotonta\/suomi-nyrkin-ja-koronan-valissa\/#breadcrumb","itemListElement":[{"@type":"ListItem","position":1,"name":"Home","item":"https:\/\/suomenkuvalehti.fi\/vallan-mahotonta\/"},{"@type":"ListItem","position":2,"name":"Suomi nyrkin ja koronan v\u00e4liss\u00e4"}]},{"@type":"WebSite","@id":"https:\/\/suomenkuvalehti.fi\/vallan-mahotonta\/#website","url":"https:\/\/suomenkuvalehti.fi\/vallan-mahotonta\/","name":"Vallan mahotonta!","description":"Tutkija Antti Ronkainen seuraa maailmantalouden murrosta.","potentialAction":[{"@type":"SearchAction","target":{"@type":"EntryPoint","urlTemplate":"https:\/\/suomenkuvalehti.fi\/haku\/?q={search_term_string}"},"query-input":{"@type":"PropertyValueSpecification","valueRequired":true,"valueName":"search_term_string"}}],"inLanguage":"fi"},{"@type":"Person","@id":"https:\/\/suomenkuvalehti.fi\/vallan-mahotonta\/#\/schema\/person\/aa34015af7a4bce21e1cdcf566bb57b0","name":"Antti Ronkainen","image":{"@type":"ImageObject","inLanguage":"fi","@id":"https:\/\/suomenkuvalehti.fi\/vallan-mahotonta\/#\/schema\/person\/image\/","url":"https:\/\/suomenkuvalehti.fi\/vallan-mahotonta\/wp-content\/uploads\/sites\/42\/2018\/05\/antti_j_ronkainen_blogi_pieni-150x150.jpg","contentUrl":"https:\/\/suomenkuvalehti.fi\/vallan-mahotonta\/wp-content\/uploads\/sites\/42\/2018\/05\/antti_j_ronkainen_blogi_pieni-150x150.jpg","caption":"Antti Ronkainen"},"description":"Antti Ronkainen on poliittisen talouden v\u00e4it\u00f6skirjatutkija Helsingin yliopistolla.","sameAs":["http:\/\/anttironkainen.fi","https:\/\/www.facebook.com\/a.ronkainen","https:\/\/www.instagram.com\/antti.ronkainen\/","https:\/\/x.com\/https:\/\/twitter.com\/anttironkainen"]}]}},"_links":{"self":[{"href":"https:\/\/suomenkuvalehti.fi\/vallan-mahotonta\/wp-json\/wp\/v2\/posts\/5506","targetHints":{"allow":["GET"]}}],"collection":[{"href":"https:\/\/suomenkuvalehti.fi\/vallan-mahotonta\/wp-json\/wp\/v2\/posts"}],"about":[{"href":"https:\/\/suomenkuvalehti.fi\/vallan-mahotonta\/wp-json\/wp\/v2\/types\/post"}],"author":[{"embeddable":true,"href":"https:\/\/suomenkuvalehti.fi\/vallan-mahotonta\/wp-json\/wp\/v2\/users\/37967"}],"replies":[{"embeddable":true,"href":"https:\/\/suomenkuvalehti.fi\/vallan-mahotonta\/wp-json\/wp\/v2\/comments?post=5506"}],"version-history":[{"count":55,"href":"https:\/\/suomenkuvalehti.fi\/vallan-mahotonta\/wp-json\/wp\/v2\/posts\/5506\/revisions"}],"predecessor-version":[{"id":5562,"href":"https:\/\/suomenkuvalehti.fi\/vallan-mahotonta\/wp-json\/wp\/v2\/posts\/5506\/revisions\/5562"}],"wp:featuredmedia":[{"embeddable":true,"href":"https:\/\/suomenkuvalehti.fi\/vallan-mahotonta\/wp-json\/wp\/v2\/media\/5525"}],"wp:attachment":[{"href":"https:\/\/suomenkuvalehti.fi\/vallan-mahotonta\/wp-json\/wp\/v2\/media?parent=5506"}],"wp:term":[{"taxonomy":"category","embeddable":true,"href":"https:\/\/suomenkuvalehti.fi\/vallan-mahotonta\/wp-json\/wp\/v2\/categories?post=5506"},{"taxonomy":"post_tag","embeddable":true,"href":"https:\/\/suomenkuvalehti.fi\/vallan-mahotonta\/wp-json\/wp\/v2\/tags?post=5506"}],"curies":[{"name":"wp","href":"https:\/\/api.w.org\/{rel}","templated":true}]}}