{"id":508,"date":"2018-01-09T12:25:39","date_gmt":"2018-01-09T10:25:39","guid":{"rendered":"https:\/\/suomenkuvalehti.fi\/vallan-mahotonta\/?p=508"},"modified":"2018-01-09T12:25:39","modified_gmt":"2018-01-09T10:25:39","slug":"presidentin-erottaminen-mielenterveyteen-vedoten-on-lahes-mahdotonta","status":"publish","type":"post","link":"https:\/\/suomenkuvalehti.fi\/vallan-mahotonta\/presidentin-erottaminen-mielenterveyteen-vedoten-on-lahes-mahdotonta\/","title":{"rendered":"Vaikka Trump ei lue ja on kiinnostunut l\u00e4hinn\u00e4 itsest\u00e4\u00e4n, h\u00e4nen erottaminen kyvytt\u00f6myyden vuoksi on l\u00e4hes mahdotonta"},"content":{"rendered":"\n<p>Perjantaina julkaistu <a href=\"https:\/\/suomenkuvalehti.fi\/americana\/tuli-ja-vimma-paljastuskirja-osoittaa-trumpin-valkoisen-talon-kaaoksen-ja-presidentin-tietamattomyyden\/?shared=3687-221210f9-999\"><em>Fire &amp; Fury &#8211; Inside the Trump White House<\/em><\/a>&nbsp;on kyseenalaistanut&nbsp;<strong>Donald Trumpin&nbsp;<\/strong>kyvyn hoitaa presidentin virkaa.<\/p>\n\n\n\n<p>Teoksessa haastatellut Valkoisen talon ty\u00f6ntekij\u00e4t ovat ilmaisseet huolensa presidentin mielenterveydest\u00e4, mink\u00e4 lis\u00e4ksi kirjan kirjoittaneen&nbsp;<strong>Michael Wolffin<\/strong> mukaan Trumpilla on suuria ongelmia perusasioissa, kuten lukemisessa ja keskittymisess\u00e4:&nbsp;<\/p>\n\n\n\n<p><em>&#8221;Trump ei lue. H\u00e4n ei edes silm\u00e4ile. Kun kyseess\u00e4 on painettu sana, se ei edes ole olemassa. Joidenkin mukaan h\u00e4n on h\u00e4din tuskin lukutaitoinen. (Aiheesta on kiistelty, sill\u00e4 h\u00e4n kykenee lukemaan itse\u00e4\u00e4n k\u00e4sittelev\u00e4t artikkelit tai ainakin niiden otsikot sek\u00e4 New York Timesin juorupalstan). Joidenkin mukaan h\u00e4nell\u00e4 on lukih\u00e4iri\u00f6, mutta joka tapauksessa h\u00e4nen ymm\u00e4rt\u00e4misens\u00e4 on rajallinen. Toisten mukaan h\u00e4n ei lue, koska h\u00e4nen ei yksinkertaisesti tarvitse, ja itse asiassa se onkin h\u00e4nen keskeisimpi\u00e4 ominaisuuksia populistina. H\u00e4n on j\u00e4lkikirjallinen &#8211; total TV.&#8221;&nbsp;&nbsp;<\/em><\/p>\n\n\n\n<p>&nbsp;<\/p>\n\n\n\n<p><span class=\"capitalized\">Wolffin<\/span> mukaan Trumpin yleissivistys on alkeellista, mink\u00e4 lis\u00e4ksi h\u00e4n ei jaksa kuunnella muita, eik\u00e4 ole ylip\u00e4\u00e4t\u00e4\u00e4n kiinnostunut asioista, jotka eiv\u00e4t liity h\u00e4neen itseens\u00e4. T\u00e4m\u00e4 ei est\u00e4 h\u00e4nt\u00e4 esiintym\u00e4st\u00e4 kaikkien asioiden asiantuntijana. Kirjan synnytt\u00e4m\u00e4n kohun j\u00e4lkeen presidentti <a href=\"https:\/\/twitter.com\/realdonaldtrump\/status\/949619270631256064\" target=\"_blank\" rel=\"noopener\">twiittasi<\/a> olevansa vakaa nero:&nbsp;<\/p>\n\n\n\n<blockquote class=\"twitter-tweet\" data-lang=\"en\">\n<p dir=\"ltr\" lang=\"en\">&#8230;.to President of the United States (on my first try). I think that would qualify as not smart, but genius&#8230;.and a very stable genius at that!<\/p>\n<p>\u2014 Donald J. Trump (@realDonaldTrump) <a href=\"https:\/\/twitter.com\/realDonaldTrump\/status\/949619270631256064?ref_src=twsrc%5Etfw\">January 6, 2018<\/a><\/p><\/blockquote>\n\n\n\n<script async src=\"https:\/\/platform.twitter.com\/widgets.js\" charset=\"utf-8\"><\/script>\n\n\n\n<p>Wolff sanoi&nbsp;<a href=\"http:\/\/www.bbc.co.uk\/programmes\/p05sz4jw\" target=\"_blank\" rel=\"noopener\">BBC:n haastattelussa<\/a>, ett\u00e4 toivoo kirjansa johtavan Trumpin eroon, koska h\u00e4n ei kykene t\u00e4ytt\u00e4m\u00e4\u00e4n presidentin virkavelvollisuuksia:&nbsp;<\/p>\n\n\n\n<p><em>&#8221;Tarinani esitt\u00e4\u00e4 presidentin valossa, jonka mukaan h\u00e4n ei suoriudu ty\u00f6st\u00e4\u00e4n &#8211; keisarilla ei ole vaatteita. Ja yht\u00e4kki\u00e4 ihmiset tajuavat kaikkialla, ett\u00e4 &#8217;jumalauta, se on totta, keisarilla ei ole vaatteita&#8217;. T\u00e4m\u00e4 on sen havahtumisen ja ymm\u00e4rt\u00e4misen tausta, joka tulee lopulta lopettamaan t\u00e4m\u00e4n, t\u00e4m\u00e4n presidenttikauden.&#8221;<\/em><\/p>\n\n\n\n<p>&nbsp;<\/p>\n\n\n\n<p><span class=\"capitalized\">Perustuslain 25. lis\u00e4ys<\/span> ei kuitenkaan m\u00e4\u00e4rittele tarkasti tilannetta, jossa presidentin tulisi erota kyvytt\u00f6myytens\u00e4 vuoksi. Lis\u00e4ys tehtiin <strong>John F. Kennedyn<\/strong> salamurhan j\u00e4lkeen kun tajuttiin, ett\u00e4 kansakunta olisi pulassa, jos Kennedy olisi selvinnyt salamurhasta hengiss\u00e4, mutta esimerkiksi vakavasti aivovaurioituneena.&nbsp;&nbsp;<\/p>\n\n\n\n<p>Trumpin erottaminen 25. lis\u00e4ykseen vedoten olisikin lopulta poliittinen p\u00e4\u00e4t\u00f6s.<\/p>\n\n\n\n<p>Presidentin erottaminen vastoin tahtoaan vaatii varapresidentin ja kabinetin enemmist\u00f6n kannatuksen sek\u00e4 kongressin hyv\u00e4ksynn\u00e4n.&nbsp;<\/p>\n\n\n\n<p>Republikaaneilla on t\u00e4ll\u00e4 hetkell\u00e4 enemmist\u00f6 kongressin yl\u00e4- ja alahuoneessa, joten erottaminen tulee tuskin kysymykseen ennen marraskuun v\u00e4livaaleja siit\u00e4 huolimatta, ett\u00e4 <a href=\"https:\/\/suomenkuvalehti.fi\/vallan-mahotonta\/liberaalien-demokratioiden-suurin-ongelma-ei-ole-trump-tai-brexit\/?shared=466-9edcea08-999\">Trump on avoimessa sodassa median, oman puolueensa ja maan tiedustelupalveluiden kanssa<\/a>.&nbsp;<\/p>\n\n\n\n<p>V\u00e4livaalien j\u00e4lkeen kongressin voimasuhteet todenn\u00e4k\u00f6isesti muuttuvat, kun kaikki alahuoneen paikat ja 1\/3 senaatin paikoista menee jakoon. Presidentin puolue on h\u00e4vinnyt ensimm\u00e4iset v\u00e4livaalit 16 kertaa viimeisten 18 presidentin aikana.&nbsp;<\/p>\n\n\n\n<p>&nbsp;<\/p>\n\n\n\n<p><span class=\"capitalized\">Trumpin erottaminen<\/span> mielenterveyteen vedoten olisi silti edelleen vaikeaa.<\/p>\n\n\n\n<p>Kun presidentin eroon&nbsp;johtava virkasyyte vaatii taakseen kongressin alahuoneen yksinkertaisen enemmist\u00f6n ja 2\/3 enemmist\u00f6n senaatissa, 25. lis\u00e4yksen t\u00e4yt\u00e4nt\u00f6\u00f6npano vaatii sek\u00e4 yl\u00e4- ett\u00e4 alahuoneessa 2\/3 enemmist\u00f6n.<\/p>\n\n\n\n<p>T\u00e4ll\u00e4 hetkell\u00e4 n\u00e4ytt\u00e4\u00e4, ett\u00e4 demokraatit olisivat voittamassa alahuoneen enemmist\u00f6n, mutta republikaanit olisivat s\u00e4ilytt\u00e4m\u00e4ss\u00e4 senaatin. V\u00e4livaaleihin on kuitenkin viel\u00e4 melkein vuosi.&nbsp;<\/p>\n\n\n\n<p>Trumpin erottaminen mielenterveyteen vedoten vaatii siis demokraateille maanvy\u00f6ryvoittoa sek\u00e4 sit\u00e4, ett\u00e4 republikaanit, Trumpin kabinetti ja varapresidentti olisivat vakuuttuneita Trumpin mielenterveysongelmista.&nbsp;<\/p>\n\n\n\n<p>Erottamista todenn\u00e4k\u00f6isemp\u00e4\u00e4 onkin, ett\u00e4 25. lis\u00e4yst\u00e4 p\u00e4ivitet\u00e4\u00e4n Trumpin k\u00e4yt\u00f6ksen seurauksena. Esimerkiksi demokraattiedustaja <strong>Jamie Raskin<\/strong> <a href=\"https:\/\/www.politico.com\/story\/2018\/01\/07\/trump-25th-amendment-mental-health-327503?lo=ap_b1\" target=\"_blank\" rel=\"noopener\">on esitt\u00e4nyt l\u00e4\u00e4k\u00e4reist\u00e4 ja asiantuntijoista muodostuvaa paneelia<\/a>, joka voisi aktivoida 25. lis\u00e4yksen.&nbsp;<\/p>\n\n\n\n<p>&nbsp;<\/p>\n\n\n\n<p><span class=\"capitalized\">Fire &amp; Furyss\u00e4<\/span>&nbsp;on mielenkiintoista, ett\u00e4 teoksen alkupuoliskon perusteella Wolff n\u00e4ytt\u00e4\u00e4 uskovan, ett\u00e4 Trumpin persoonallisuus ja oletetut mielenterveysongelmat johtavat presidentin eroon todenn\u00e4k\u00f6isemmin kuin meneill\u00e4\u00e4n olevat <strong>Robert Muellerin<\/strong> Ven\u00e4j\u00e4-tutkinnat. Juuri eilen tuli <a href=\"https:\/\/www.nbcnews.com\/politics\/donald-trump\/initial-talks-underway-about-trump-interview-mueller-russia-probe-n835506\" target=\"_blank\" rel=\"noopener\">tieto<\/a>, ett\u00e4 Muellerin tutkinnat ovat etenem\u00e4ss\u00e4 my\u00f6s presidentin itsens\u00e4 kuulusteluun ja t\u00e4ll\u00e4 hetkell\u00e4 Trumpin juristit miettiv\u00e4t sit\u00e4, miss\u00e4 olosuhteissa kuulustelu voitaisiin suorittaa.&nbsp;<\/p>\n\n\n\n<p>Kirjoitan Ven\u00e4j\u00e4-tutkinnoista lis\u00e4\u00e4, kun olen saanut luettua Wolffin kirjan loppuun.&nbsp;<\/p>\n\n\n","protected":false},"excerpt":{"rendered":"<p>Kohukirjan mukaan Trumpin oletetut mielenterveysongelmat ovat suurempi uhka h\u00e4nen presidenttiydelleen kuin Ven\u00e4j\u00e4-tutkinnat. <\/p>\n","protected":false},"author":37967,"featured_media":0,"comment_status":"open","ping_status":"open","sticky":false,"template":"","format":"standard","meta":{"_acf_changed":false,"asauth_required_access_level":3,"asauth_cansharepaid":"true","om_header_attributes":[],"footnotes":"","om_featured_image_focal_point":[],"om_primary_tag":0,"om_contributors":[],"om_co_authors":[],"beyondwords_generate_audio":"","beyondwords_project_id":"","beyondwords_content_id":"","beyondwords_preview_token":"","beyondwords_player_content":"","beyondwords_player_style":"","beyondwords_language_code":"","beyondwords_language_id":"","beyondwords_title_voice_id":"","beyondwords_body_voice_id":"","beyondwords_summary_voice_id":"","beyondwords_error_message":"","beyondwords_disabled":"","beyondwords_delete_content":"","beyondwords_podcast_id":"","beyondwords_hash":"","publish_post_to_speechkit":"","speechkit_hash":"","speechkit_generate_audio":"","speechkit_project_id":"","speechkit_podcast_id":"","speechkit_error_message":"","speechkit_disabled":"","speechkit_access_key":"","speechkit_error":"","speechkit_info":"","speechkit_response":"","speechkit_retries":"","speechkit_status":"","speechkit_updated_at":"","_speechkit_link":"","_speechkit_text":""},"categories":[1],"tags":[39,79,77,78],"class_list":["post-508","post","type-post","status-publish","format-standard","hentry","category-vallan-mahotonta","tag-donald-trump","tag-michael-wolff","tag-mielenterveys","tag-valivaalit"],"om_views":null,"acf":{"tuuma_off":false,"tuuma_kysymys":"","tuuma_vastaus":""},"asauth":{"required_access_level":1,"share_token":"","is_paid":false},"yoast_head":"<!-- This site is optimized with the Yoast SEO plugin v26.4 - https:\/\/yoast.com\/wordpress\/plugins\/seo\/ -->\n<title>Vaikka Trump ei lue ja on kiinnostunut l\u00e4hinn\u00e4 itsest\u00e4\u00e4n, h\u00e4nen erottaminen kyvytt\u00f6myyden vuoksi on l\u00e4hes mahdotonta - Vallan mahotonta!<\/title>\n<meta name=\"robots\" content=\"index, follow, max-snippet:-1, max-image-preview:large, max-video-preview:-1\" \/>\n<link rel=\"canonical\" href=\"https:\/\/suomenkuvalehti.fi\/vallan-mahotonta\/presidentin-erottaminen-mielenterveyteen-vedoten-on-lahes-mahdotonta\/\" \/>\n<meta property=\"og:locale\" content=\"fi_FI\" \/>\n<meta property=\"og:type\" content=\"article\" \/>\n<meta property=\"og:title\" content=\"Vaikka Trump ei lue ja on kiinnostunut l\u00e4hinn\u00e4 itsest\u00e4\u00e4n, h\u00e4nen erottaminen kyvytt\u00f6myyden vuoksi on l\u00e4hes mahdotonta - Vallan mahotonta!\" \/>\n<meta property=\"og:description\" content=\"Kohukirjan mukaan Trumpin oletetut mielenterveysongelmat ovat suurempi uhka h\u00e4nen presidenttiydelleen kuin Ven\u00e4j\u00e4-tutkinnat.\" \/>\n<meta property=\"og:url\" content=\"https:\/\/suomenkuvalehti.fi\/vallan-mahotonta\/presidentin-erottaminen-mielenterveyteen-vedoten-on-lahes-mahdotonta\/\" \/>\n<meta property=\"og:site_name\" content=\"Vallan mahotonta!\" \/>\n<meta property=\"article:author\" content=\"https:\/\/www.facebook.com\/a.ronkainen\" \/>\n<meta property=\"article:published_time\" content=\"2018-01-09T10:25:39+00:00\" \/>\n<meta property=\"og:image\" content=\"https:\/\/suomenkuvalehti.fi\/vallan-mahotonta\/wp-content\/uploads\/sites\/42\/2018\/05\/antti_j_ronkainen_blogi_pieni.jpg\" \/>\n\t<meta property=\"og:image:width\" content=\"600\" \/>\n\t<meta property=\"og:image:height\" content=\"600\" \/>\n\t<meta property=\"og:image:type\" content=\"image\/jpeg\" \/>\n<meta name=\"author\" content=\"Antti Ronkainen\" \/>\n<meta name=\"twitter:card\" content=\"summary_large_image\" \/>\n<meta name=\"twitter:creator\" content=\"@https:\/\/twitter.com\/anttironkainen\" \/>\n<meta name=\"twitter:label1\" content=\"Written by\" \/>\n\t<meta name=\"twitter:data1\" content=\"Antti Ronkainen\" \/>\n\t<meta name=\"twitter:label2\" content=\"Est. reading time\" \/>\n\t<meta name=\"twitter:data2\" content=\"3 minuuttia\" \/>\n<script type=\"application\/ld+json\" class=\"yoast-schema-graph\">{\"@context\":\"https:\/\/schema.org\",\"@graph\":[{\"@type\":\"WebPage\",\"@id\":\"https:\/\/suomenkuvalehti.fi\/vallan-mahotonta\/presidentin-erottaminen-mielenterveyteen-vedoten-on-lahes-mahdotonta\/\",\"url\":\"https:\/\/suomenkuvalehti.fi\/vallan-mahotonta\/presidentin-erottaminen-mielenterveyteen-vedoten-on-lahes-mahdotonta\/\",\"name\":\"Vaikka Trump ei lue ja on kiinnostunut l\u00e4hinn\u00e4 itsest\u00e4\u00e4n, h\u00e4nen erottaminen kyvytt\u00f6myyden vuoksi on l\u00e4hes mahdotonta - Vallan mahotonta!\",\"isPartOf\":{\"@id\":\"https:\/\/suomenkuvalehti.fi\/vallan-mahotonta\/#website\"},\"datePublished\":\"2018-01-09T10:25:39+00:00\",\"author\":{\"@id\":\"https:\/\/suomenkuvalehti.fi\/vallan-mahotonta\/#\/schema\/person\/aa34015af7a4bce21e1cdcf566bb57b0\"},\"breadcrumb\":{\"@id\":\"https:\/\/suomenkuvalehti.fi\/vallan-mahotonta\/presidentin-erottaminen-mielenterveyteen-vedoten-on-lahes-mahdotonta\/#breadcrumb\"},\"inLanguage\":\"fi\",\"potentialAction\":[{\"@type\":\"ReadAction\",\"target\":[\"https:\/\/suomenkuvalehti.fi\/vallan-mahotonta\/presidentin-erottaminen-mielenterveyteen-vedoten-on-lahes-mahdotonta\/\"]}]},{\"@type\":\"BreadcrumbList\",\"@id\":\"https:\/\/suomenkuvalehti.fi\/vallan-mahotonta\/presidentin-erottaminen-mielenterveyteen-vedoten-on-lahes-mahdotonta\/#breadcrumb\",\"itemListElement\":[{\"@type\":\"ListItem\",\"position\":1,\"name\":\"Home\",\"item\":\"https:\/\/suomenkuvalehti.fi\/vallan-mahotonta\/\"},{\"@type\":\"ListItem\",\"position\":2,\"name\":\"Vaikka Trump ei lue ja on kiinnostunut l\u00e4hinn\u00e4 itsest\u00e4\u00e4n, h\u00e4nen erottaminen kyvytt\u00f6myyden vuoksi on l\u00e4hes mahdotonta\"}]},{\"@type\":\"WebSite\",\"@id\":\"https:\/\/suomenkuvalehti.fi\/vallan-mahotonta\/#website\",\"url\":\"https:\/\/suomenkuvalehti.fi\/vallan-mahotonta\/\",\"name\":\"Vallan mahotonta!\",\"description\":\"Tutkija Antti Ronkainen seuraa maailmantalouden murrosta.\",\"potentialAction\":[{\"@type\":\"SearchAction\",\"target\":{\"@type\":\"EntryPoint\",\"urlTemplate\":\"https:\/\/suomenkuvalehti.fi\/haku\/?q={search_term_string}\"},\"query-input\":{\"@type\":\"PropertyValueSpecification\",\"valueRequired\":true,\"valueName\":\"search_term_string\"}}],\"inLanguage\":\"fi\"},{\"@type\":\"Person\",\"@id\":\"https:\/\/suomenkuvalehti.fi\/vallan-mahotonta\/#\/schema\/person\/aa34015af7a4bce21e1cdcf566bb57b0\",\"name\":\"Antti Ronkainen\",\"image\":{\"@type\":\"ImageObject\",\"inLanguage\":\"fi\",\"@id\":\"https:\/\/suomenkuvalehti.fi\/vallan-mahotonta\/#\/schema\/person\/image\/\",\"url\":\"https:\/\/suomenkuvalehti.fi\/vallan-mahotonta\/wp-content\/uploads\/sites\/42\/2018\/05\/antti_j_ronkainen_blogi_pieni-150x150.jpg\",\"contentUrl\":\"https:\/\/suomenkuvalehti.fi\/vallan-mahotonta\/wp-content\/uploads\/sites\/42\/2018\/05\/antti_j_ronkainen_blogi_pieni-150x150.jpg\",\"caption\":\"Antti Ronkainen\"},\"description\":\"Antti Ronkainen on poliittisen talouden v\u00e4it\u00f6skirjatutkija Helsingin yliopistolla.\",\"sameAs\":[\"http:\/\/anttironkainen.fi\",\"https:\/\/www.facebook.com\/a.ronkainen\",\"https:\/\/www.instagram.com\/antti.ronkainen\/\",\"https:\/\/x.com\/https:\/\/twitter.com\/anttironkainen\"]}]}<\/script>\n<!-- \/ Yoast SEO plugin. -->","yoast_head_json":{"title":"Vaikka Trump ei lue ja on kiinnostunut l\u00e4hinn\u00e4 itsest\u00e4\u00e4n, h\u00e4nen erottaminen kyvytt\u00f6myyden vuoksi on l\u00e4hes mahdotonta - Vallan mahotonta!","robots":{"index":"index","follow":"follow","max-snippet":"max-snippet:-1","max-image-preview":"max-image-preview:large","max-video-preview":"max-video-preview:-1"},"canonical":"https:\/\/suomenkuvalehti.fi\/vallan-mahotonta\/presidentin-erottaminen-mielenterveyteen-vedoten-on-lahes-mahdotonta\/","og_locale":"fi_FI","og_type":"article","og_title":"Vaikka Trump ei lue ja on kiinnostunut l\u00e4hinn\u00e4 itsest\u00e4\u00e4n, h\u00e4nen erottaminen kyvytt\u00f6myyden vuoksi on l\u00e4hes mahdotonta - Vallan mahotonta!","og_description":"Kohukirjan mukaan Trumpin oletetut mielenterveysongelmat ovat suurempi uhka h\u00e4nen presidenttiydelleen kuin Ven\u00e4j\u00e4-tutkinnat.","og_url":"https:\/\/suomenkuvalehti.fi\/vallan-mahotonta\/presidentin-erottaminen-mielenterveyteen-vedoten-on-lahes-mahdotonta\/","og_site_name":"Vallan mahotonta!","article_author":"https:\/\/www.facebook.com\/a.ronkainen","article_published_time":"2018-01-09T10:25:39+00:00","og_image":[{"width":600,"height":600,"url":"https:\/\/suomenkuvalehti.fi\/vallan-mahotonta\/wp-content\/uploads\/sites\/42\/2018\/05\/antti_j_ronkainen_blogi_pieni.jpg","type":"image\/jpeg"}],"author":"Antti Ronkainen","twitter_card":"summary_large_image","twitter_creator":"@https:\/\/twitter.com\/anttironkainen","twitter_misc":{"Written by":"Antti Ronkainen","Est. reading time":"3 minuuttia"},"schema":{"@context":"https:\/\/schema.org","@graph":[{"@type":"WebPage","@id":"https:\/\/suomenkuvalehti.fi\/vallan-mahotonta\/presidentin-erottaminen-mielenterveyteen-vedoten-on-lahes-mahdotonta\/","url":"https:\/\/suomenkuvalehti.fi\/vallan-mahotonta\/presidentin-erottaminen-mielenterveyteen-vedoten-on-lahes-mahdotonta\/","name":"Vaikka Trump ei lue ja on kiinnostunut l\u00e4hinn\u00e4 itsest\u00e4\u00e4n, h\u00e4nen erottaminen kyvytt\u00f6myyden vuoksi on l\u00e4hes mahdotonta - Vallan mahotonta!","isPartOf":{"@id":"https:\/\/suomenkuvalehti.fi\/vallan-mahotonta\/#website"},"datePublished":"2018-01-09T10:25:39+00:00","author":{"@id":"https:\/\/suomenkuvalehti.fi\/vallan-mahotonta\/#\/schema\/person\/aa34015af7a4bce21e1cdcf566bb57b0"},"breadcrumb":{"@id":"https:\/\/suomenkuvalehti.fi\/vallan-mahotonta\/presidentin-erottaminen-mielenterveyteen-vedoten-on-lahes-mahdotonta\/#breadcrumb"},"inLanguage":"fi","potentialAction":[{"@type":"ReadAction","target":["https:\/\/suomenkuvalehti.fi\/vallan-mahotonta\/presidentin-erottaminen-mielenterveyteen-vedoten-on-lahes-mahdotonta\/"]}]},{"@type":"BreadcrumbList","@id":"https:\/\/suomenkuvalehti.fi\/vallan-mahotonta\/presidentin-erottaminen-mielenterveyteen-vedoten-on-lahes-mahdotonta\/#breadcrumb","itemListElement":[{"@type":"ListItem","position":1,"name":"Home","item":"https:\/\/suomenkuvalehti.fi\/vallan-mahotonta\/"},{"@type":"ListItem","position":2,"name":"Vaikka Trump ei lue ja on kiinnostunut l\u00e4hinn\u00e4 itsest\u00e4\u00e4n, h\u00e4nen erottaminen kyvytt\u00f6myyden vuoksi on l\u00e4hes mahdotonta"}]},{"@type":"WebSite","@id":"https:\/\/suomenkuvalehti.fi\/vallan-mahotonta\/#website","url":"https:\/\/suomenkuvalehti.fi\/vallan-mahotonta\/","name":"Vallan mahotonta!","description":"Tutkija Antti Ronkainen seuraa maailmantalouden murrosta.","potentialAction":[{"@type":"SearchAction","target":{"@type":"EntryPoint","urlTemplate":"https:\/\/suomenkuvalehti.fi\/haku\/?q={search_term_string}"},"query-input":{"@type":"PropertyValueSpecification","valueRequired":true,"valueName":"search_term_string"}}],"inLanguage":"fi"},{"@type":"Person","@id":"https:\/\/suomenkuvalehti.fi\/vallan-mahotonta\/#\/schema\/person\/aa34015af7a4bce21e1cdcf566bb57b0","name":"Antti Ronkainen","image":{"@type":"ImageObject","inLanguage":"fi","@id":"https:\/\/suomenkuvalehti.fi\/vallan-mahotonta\/#\/schema\/person\/image\/","url":"https:\/\/suomenkuvalehti.fi\/vallan-mahotonta\/wp-content\/uploads\/sites\/42\/2018\/05\/antti_j_ronkainen_blogi_pieni-150x150.jpg","contentUrl":"https:\/\/suomenkuvalehti.fi\/vallan-mahotonta\/wp-content\/uploads\/sites\/42\/2018\/05\/antti_j_ronkainen_blogi_pieni-150x150.jpg","caption":"Antti Ronkainen"},"description":"Antti Ronkainen on poliittisen talouden v\u00e4it\u00f6skirjatutkija Helsingin yliopistolla.","sameAs":["http:\/\/anttironkainen.fi","https:\/\/www.facebook.com\/a.ronkainen","https:\/\/www.instagram.com\/antti.ronkainen\/","https:\/\/x.com\/https:\/\/twitter.com\/anttironkainen"]}]}},"_links":{"self":[{"href":"https:\/\/suomenkuvalehti.fi\/vallan-mahotonta\/wp-json\/wp\/v2\/posts\/508","targetHints":{"allow":["GET"]}}],"collection":[{"href":"https:\/\/suomenkuvalehti.fi\/vallan-mahotonta\/wp-json\/wp\/v2\/posts"}],"about":[{"href":"https:\/\/suomenkuvalehti.fi\/vallan-mahotonta\/wp-json\/wp\/v2\/types\/post"}],"author":[{"embeddable":true,"href":"https:\/\/suomenkuvalehti.fi\/vallan-mahotonta\/wp-json\/wp\/v2\/users\/37967"}],"replies":[{"embeddable":true,"href":"https:\/\/suomenkuvalehti.fi\/vallan-mahotonta\/wp-json\/wp\/v2\/comments?post=508"}],"version-history":[{"count":43,"href":"https:\/\/suomenkuvalehti.fi\/vallan-mahotonta\/wp-json\/wp\/v2\/posts\/508\/revisions"}],"predecessor-version":[{"id":551,"href":"https:\/\/suomenkuvalehti.fi\/vallan-mahotonta\/wp-json\/wp\/v2\/posts\/508\/revisions\/551"}],"wp:attachment":[{"href":"https:\/\/suomenkuvalehti.fi\/vallan-mahotonta\/wp-json\/wp\/v2\/media?parent=508"}],"wp:term":[{"taxonomy":"category","embeddable":true,"href":"https:\/\/suomenkuvalehti.fi\/vallan-mahotonta\/wp-json\/wp\/v2\/categories?post=508"},{"taxonomy":"post_tag","embeddable":true,"href":"https:\/\/suomenkuvalehti.fi\/vallan-mahotonta\/wp-json\/wp\/v2\/tags?post=508"}],"curies":[{"name":"wp","href":"https:\/\/api.w.org\/{rel}","templated":true}]}}