{"id":5073,"date":"2020-09-17T10:52:53","date_gmt":"2020-09-17T07:52:53","guid":{"rendered":"https:\/\/suomenkuvalehti.fi\/vallan-mahotonta\/?p=5073"},"modified":"2020-09-17T13:28:15","modified_gmt":"2020-09-17T10:28:15","slug":"budjettiriihen-voittajat-ja-haviajat-tyollisyystavoitteen-loysays-ja-kestavyysvajeen-hautajaiset","status":"publish","type":"post","link":"https:\/\/suomenkuvalehti.fi\/vallan-mahotonta\/budjettiriihen-voittajat-ja-haviajat-tyollisyystavoitteen-loysays-ja-kestavyysvajeen-hautajaiset\/","title":{"rendered":"Budjettiriihen voittajat ja h\u00e4vi\u00e4j\u00e4t &#8211; ty\u00f6llisyystavoitteen l\u00f6ys\u00e4ys ja kest\u00e4vyysvajeen hautajaiset"},"content":{"rendered":"\n<p>Budjettiriiheen oli ladattu paljon odotuksia. Keskusta petti t\u00e4ll\u00e4 kertaa ne, jotka odottivat kovien ty\u00f6llisyystoimien lis\u00e4ksi tiukkaa budjettikuria. N\u00e4ytt\u00e4\u00e4kin, ett\u00e4 eniten joutuivat pettym\u00e4\u00e4n ne, jotka odottivat hallituksen ep\u00e4onnistumista.<\/p>\n\n\n\n<p><b>Keskusta sai viimeinkin<\/b> kovasti kaivattuja ty\u00f6llisyystoimia &#8211; 10 000 p\u00e4\u00e4t\u00f6sper\u00e4ist\u00e4 ty\u00f6paikkaa ty\u00f6nhakuvelvoitteen ja 10-12 000 el\u00e4keputkien leikkausten kautta. Loput kymmenisen tuhatta p\u00e4\u00e4t\u00f6sper\u00e4ist\u00e4 ty\u00f6paikkaa arvioidaan saatavan palkkatuella, oppivelvollisuusi\u00e4n nostolla ja varhaiskasvatusmaksujen laskulla.<\/p>\n\n\n\n<p>Keskusta voi olla poliittisesti tyytyv\u00e4inen &#8221;koviin&#8221; ty\u00f6llisyystoimiin. El\u00e4keputkien suhteen ay-liike joutuu tekem\u00e4\u00e4n likaisen ty\u00f6n. Lis\u00e4ksi ty\u00f6nhakuvelvoite on l\u00e4hell\u00e4 <b>Juha Sipil\u00e4n<\/b> hallituksen aktiivimalli \u201ckakkosta\u201d, joka voi olla tehdyist\u00e4 parannuksista huolimatta vaikea ajatus vasemmistoliitolle.<\/p>\n\n\n\n<p>Toisaalta ty\u00f6llisyyspolitiikkaa uudelleentulkittiin tavalla, joka lienee mieluista ainakin hallituksen vasemmistolaisille. Ty\u00f6llisyystavoitetta kasvatetaan 60 000 ty\u00f6paikasta 80 000 ty\u00f6paikkaan, mutta tavoiteaikaa siirret\u00e4\u00e4n hallituskaudesta vuosikymmenen loppuun.<\/p>\n\n\n\n<p>Lis\u00e4ksi VM <b>Matti Vanhanen <\/b><a href=\"https:\/\/areena.yle.fi\/1-50330983?autoplay=true\" target=\"_blank\" rel=\"noopener\">ehti jo eilen sanoa<\/a>, ett\u00e4 suurin osa j\u00e4ljell\u00e4 olevista 50 000 ty\u00f6llisyysp\u00e4\u00e4t\u00f6ksist\u00e4 olisi luonteeltaan &#8221;pehme\u00e4mpi\u00e4 toimia&#8221;. T\u00e4m\u00e4 tarkoittanee, ett\u00e4 lopuilla ty\u00f6llisyystoimilla ei tarvitse olla valtiovarainministeri\u00f6n vaikutusarvioita.<\/p>\n\n\n\n<div class=\"yle_areena_player\" data-id=\"1-50330983\"><\/div>\n\n\n\n<p><em> Matti Vanhasen maininta pehme\u00e4mmist\u00e4 ty\u00f6llisyystoimista noin kohdasta 10:00 alkaen<\/em><\/p>\n\n\n<script src=\"https:\/\/player-v2.yle.fi\/embed.js\" defer><\/script>\n\n\n\n<p><b>Ty\u00f6llisyyspolitiikan lis\u00e4ksi<\/b> budjettiriihi n\u00e4ytt\u00e4\u00e4 tarkoittavan kest\u00e4vyysvajeen hautajaisia. HS:n toimittaja <b>Teemu Muhonen<\/b> toi esiin jo hein\u00e4kuussa, miten <a href=\"https:\/\/www.hs.fi\/mielipide\/art-2000006572377.html\" target=\"_blank\" rel=\"noopener\">hallitus n\u00e4ytt\u00e4\u00e4 luopumaan kest\u00e4vyysvajeesta<\/a>.<\/p>\n\n\n\n<p>Viel\u00e4 viime joulukuussa <b>Sanna Marinin<\/b> hallitus tavoitteli julkisen talouden tasapainoa vuoteen 2023 menness\u00e4, joka saavutettaisiin 60 000 p\u00e4\u00e4t\u00f6sper\u00e4isell\u00e4 ty\u00f6paikalla. Koronakriisin alettua hallitus siirsi tasapainotavoitteen vuosikymmenen loppuun, kuten ty\u00f6llisyystavoitteenkin.<\/p>\n\n\n\n<p>Sen sijaan, ett\u00e4 tasapainotavoitetta ohjaisi valtiovarainministeri\u00f6n noin <a href=\"https:\/\/www.hs.fi\/talous\/art-2000006564047.html\" target=\"_blank\" rel=\"noopener\">10 miljardin suuruinen kest\u00e4vyysvajearvio<\/a>, budjettiriihess\u00e4 sovittiin \u201c<a href=\"https:\/\/vnk.fi\/documents\/10616\/37498572\/Kest%C3%A4vyystiekartta.pdf\/d462d35e-b7fb-e2d4-0275-b3c84dec33da\/Kest%C3%A4vyystiekartta.pdf?t=1600258605209\" target=\"_blank\" rel=\"noopener\">julkisen talouden tiekartasta<\/a>\u201d.<\/p>\n\n\n\n<p>Tiekartan perusteella hallituksen \u201ctavoitteena on vakauttaa julkisen talouden velka suhteessa BKT:een vuosikymmenen loppuun menness\u00e4\u201d, joka tarkoittaa julkistalouden \u201cvahvistamista\u201d 4,5 miljardilla. Tiekartan mukaan t\u00e4st\u00e4 2 mrd tulisi 80 000 p\u00e4\u00e4t\u00f6sper\u00e4isen ty\u00f6paikan kautta, 1 mrd talouskasvun edellytyksi\u00e4 ja kilpailukyky\u00e4 kasvattamalla, 1 mrd julkishallinnon &#8221;tuottavuuden ja tehokkuuden&#8221; lis\u00e4\u00e4misest\u00e4 ja 0,5 mrd sote-uudistuksesta.<\/p>\n\n\n\n<p>Jos hallitus ei saa aikaiseksi 4,5 mrd edest\u00e4 julkistaloutta vahvistavia toimia, &#8221;hallitus on sitoutunut toteuttamaan uusia toimenpiteit\u00e4 tai turvautumaan my\u00f6s julkisiin tuloihin ja menoihin nopeasti vaikuttaviin toimiin&#8221;.<\/p>\n\n\n\n<p>T\u00e4m\u00e4 tarkoittaisi hallitusohjelman avaamista veronkorotusten ja menoleikkausten suhteen, mik\u00e4 on toistaiseksi v\u00e4ltetty ty\u00f6llisyystavoitteella. <b>Antti Rinteen<\/b> ja Marinin hallitusohjelmat ovat siit\u00e4 erityisi\u00e4, ett\u00e4 niiss\u00e4 on kategorisesti suljettu ulos veropolitiikka ja leikkaukset.<\/p>\n\n\n\n<p><b>Julkisen talouden tiekartta<\/b> on monella tavalla mielenkiintoinen dokumentti.<\/p>\n\n\n\n<p>Toisaalta hallituksen talouspolitiikkaa ohjaa ajatus julkisen talouden kest\u00e4vyydest\u00e4, mutta tavoite \u201cjulkisen talouden vahvistamisesta velkaantumisen kasvun taittamiseksi\u201d on yli puolet pienempi kuin VM:n arvioima kest\u00e4vyysvaje.<\/p>\n\n\n\n<p>N\u00e4ytt\u00e4isi, ett\u00e4 kest\u00e4vyysvaje on menett\u00e4nyt poliittista painoarvoa talouspolitiikkaa ohjaavana instrumenttina. Kest\u00e4vyysvaje perustuu oletukseen julkistalouden velkakest\u00e4m\u00e4tt\u00f6myydest\u00e4, joka aiheutuu korkojen noususta julkisvelan kasvun my\u00f6t\u00e4. Vaikka Suomi velkaantuu nopeasti koronakriisin my\u00f6t\u00e4, korkojen nousu ei n\u00e4yt\u00e4 todenn\u00e4k\u00f6iselt\u00e4, sill\u00e4 keskuspankit ovat sitoutuneet pit\u00e4m\u00e4\u00e4n korkotason matalalla vuosiksi ellei vuosikymmeniksi eteenp\u00e4in.<\/p>\n\n\n\n<p>Budjettiriihen perusteella hallitus pyrkii v\u00e4hent\u00e4m\u00e4\u00e4n valtiovarainministeri\u00f6n valtaa paitsi ty\u00f6llisyyspolitiikassa, mutta my\u00f6s talouspolitiikan ohjauksessa. T\u00e4m\u00e4 voi n\u00e4ky\u00e4 hallituksen ja rahaministeri\u00f6n konfliktin tulehtumisena. Osviittaa saadaan, kun hallitus joskus nime\u00e4\u00e4 seuraajan <b>Martti Hetem\u00e4elle<\/b>, jolle t\u00e4m\u00e4 oli viimeinen riihi VM:n kansliap\u00e4\u00e4llikk\u00f6n\u00e4.<\/p>\n\n\n\n<p>Moni on syytt\u00e4nyt hallitusta tuhlaamisesta ja onkin mielenkiintoista n\u00e4hd\u00e4, kuinka paljon v\u00e4hemm\u00e4n alij\u00e4\u00e4m\u00e4isi\u00e4 opposition varjobudjetit tulevat olemaan. Toinen mielenkiintoinen keskustelu tulee olemaan, miten Suomen tulisi kohdentaa elpymisrahaston kautta saatavat reilut 3 miljardia.<\/p>\n\n\n\n<p><b>Huomioiden, ett\u00e4 koronakriisin pituutta ja syvyytt\u00e4<\/b> ei edelleenk\u00e4\u00e4n tunneta, velkaantumista suurempi riski on, ett\u00e4 koronaviruksen rajoitustoimia ja taloutta elvytt\u00e4vi\u00e4 toimia aletaan purkaa liian aikaisin. T\u00e4m\u00e4 johtaisi viruksen levi\u00e4miseen, ihmisten varovaisuuteen ja taantuman pitkittymiseen.<\/p>\n\n\n\n<p>Talouspolitiikan suhteen n\u00e4ytt\u00e4\u00e4, ett\u00e4 hallitus on varmistanut lyhyen t\u00e4ht\u00e4imen liikkumavaran. Vaikka talousraamiin ollaan palaamassa 2021, koronatoimet ovat kehyksen ulkopuolella. Alij\u00e4\u00e4m\u00e4 voikin viel\u00e4 kasvaa jo nyt p\u00e4\u00e4tetyst\u00e4 reilusta 10 miljardista taloudellisten yll\u00e4tysten ja uusien koronatoimien my\u00f6t\u00e4.<\/p>\n\n\n\n<p>Vaikka hallitus on tuonut esiin hallitusohjelman per\u00e4lautojen avaamisen sek\u00e4 veronkorotusten ja leikkausten mahdollisuuden, sit\u00e4 ei v\u00e4ltt\u00e4m\u00e4tt\u00e4 ehdit\u00e4 tekem\u00e4\u00e4n t\u00e4m\u00e4n hallituskauden aikana.<\/p>\n\n\n\n<p>Ja j\u00e4lleen moni talouskuria vaatinut joutuu pettym\u00e4\u00e4n.<\/p>\n\n\n","protected":false},"excerpt":{"rendered":"<p>Eniten taisivat petty\u00e4 ne, jotka toivoivat hallituksen ep\u00e4onnistuvan.<\/p>\n","protected":false},"author":37967,"featured_media":0,"comment_status":"open","ping_status":"open","sticky":false,"template":"","format":"standard","meta":{"_acf_changed":false,"asauth_required_access_level":3,"asauth_cansharepaid":"true","om_header_attributes":[],"footnotes":"","om_featured_image_focal_point":[],"om_primary_tag":0,"om_contributors":[],"om_co_authors":[],"beyondwords_generate_audio":"","beyondwords_project_id":"","beyondwords_content_id":"","beyondwords_preview_token":"","beyondwords_player_content":"","beyondwords_player_style":"","beyondwords_language_code":"","beyondwords_language_id":"","beyondwords_title_voice_id":"","beyondwords_body_voice_id":"","beyondwords_summary_voice_id":"","beyondwords_error_message":"","beyondwords_disabled":"","beyondwords_delete_content":"","beyondwords_podcast_id":"","beyondwords_hash":"","publish_post_to_speechkit":"","speechkit_hash":"","speechkit_generate_audio":"","speechkit_project_id":"","speechkit_podcast_id":"","speechkit_error_message":"","speechkit_disabled":"","speechkit_access_key":"","speechkit_error":"","speechkit_info":"","speechkit_response":"","speechkit_retries":"","speechkit_status":"","speechkit_updated_at":"","_speechkit_link":"","_speechkit_text":""},"categories":[1],"tags":[378,55,336,356,308,379,54],"class_list":["post-5073","post","type-post","status-publish","format-standard","hentry","category-vallan-mahotonta","tag-budjettiriihi","tag-kestavyysvaje","tag-koronakriisi","tag-matti-vanhanen","tag-sanna-marin","tag-tyollisyystoimet","tag-valtiovarainministerio"],"om_views":null,"acf":{"tuuma_off":false,"tuuma_kysymys":"","tuuma_vastaus":""},"asauth":{"required_access_level":1,"share_token":"","is_paid":false},"yoast_head":"<!-- This site is optimized with the Yoast SEO plugin v26.4 - https:\/\/yoast.com\/wordpress\/plugins\/seo\/ -->\n<title>Budjettiriihen voittajat ja h\u00e4vi\u00e4j\u00e4t - ty\u00f6llisyystavoitteen l\u00f6ys\u00e4ys ja kest\u00e4vyysvajeen hautajaiset - Vallan mahotonta!<\/title>\n<meta name=\"robots\" content=\"index, follow, max-snippet:-1, max-image-preview:large, max-video-preview:-1\" \/>\n<link rel=\"canonical\" href=\"https:\/\/suomenkuvalehti.fi\/vallan-mahotonta\/budjettiriihen-voittajat-ja-haviajat-tyollisyystavoitteen-loysays-ja-kestavyysvajeen-hautajaiset\/\" \/>\n<meta property=\"og:locale\" content=\"fi_FI\" \/>\n<meta property=\"og:type\" content=\"article\" \/>\n<meta property=\"og:title\" content=\"Budjettiriihen voittajat ja h\u00e4vi\u00e4j\u00e4t - ty\u00f6llisyystavoitteen l\u00f6ys\u00e4ys ja kest\u00e4vyysvajeen hautajaiset - Vallan mahotonta!\" \/>\n<meta property=\"og:description\" content=\"Eniten taisivat petty\u00e4 ne, jotka toivoivat hallituksen ep\u00e4onnistuvan.\" \/>\n<meta property=\"og:url\" content=\"https:\/\/suomenkuvalehti.fi\/vallan-mahotonta\/budjettiriihen-voittajat-ja-haviajat-tyollisyystavoitteen-loysays-ja-kestavyysvajeen-hautajaiset\/\" \/>\n<meta property=\"og:site_name\" content=\"Vallan mahotonta!\" \/>\n<meta property=\"article:author\" content=\"https:\/\/www.facebook.com\/a.ronkainen\" \/>\n<meta property=\"article:published_time\" content=\"2020-09-17T07:52:53+00:00\" \/>\n<meta property=\"article:modified_time\" content=\"2020-09-17T10:28:15+00:00\" \/>\n<meta property=\"og:image\" content=\"https:\/\/suomenkuvalehti.fi\/vallan-mahotonta\/wp-content\/uploads\/sites\/42\/2018\/05\/antti_j_ronkainen_blogi_pieni.jpg\" \/>\n\t<meta property=\"og:image:width\" content=\"600\" \/>\n\t<meta property=\"og:image:height\" content=\"600\" \/>\n\t<meta property=\"og:image:type\" content=\"image\/jpeg\" \/>\n<meta name=\"author\" content=\"Antti Ronkainen\" \/>\n<meta name=\"twitter:card\" content=\"summary_large_image\" \/>\n<meta name=\"twitter:creator\" content=\"@https:\/\/twitter.com\/anttironkainen\" \/>\n<meta name=\"twitter:label1\" content=\"Written by\" \/>\n\t<meta name=\"twitter:data1\" content=\"Antti Ronkainen\" \/>\n\t<meta name=\"twitter:label2\" content=\"Est. reading time\" \/>\n\t<meta name=\"twitter:data2\" content=\"3 minuuttia\" \/>\n<script type=\"application\/ld+json\" class=\"yoast-schema-graph\">{\"@context\":\"https:\/\/schema.org\",\"@graph\":[{\"@type\":\"WebPage\",\"@id\":\"https:\/\/suomenkuvalehti.fi\/vallan-mahotonta\/budjettiriihen-voittajat-ja-haviajat-tyollisyystavoitteen-loysays-ja-kestavyysvajeen-hautajaiset\/\",\"url\":\"https:\/\/suomenkuvalehti.fi\/vallan-mahotonta\/budjettiriihen-voittajat-ja-haviajat-tyollisyystavoitteen-loysays-ja-kestavyysvajeen-hautajaiset\/\",\"name\":\"Budjettiriihen voittajat ja h\u00e4vi\u00e4j\u00e4t - ty\u00f6llisyystavoitteen l\u00f6ys\u00e4ys ja kest\u00e4vyysvajeen hautajaiset - Vallan mahotonta!\",\"isPartOf\":{\"@id\":\"https:\/\/suomenkuvalehti.fi\/vallan-mahotonta\/#website\"},\"datePublished\":\"2020-09-17T07:52:53+00:00\",\"dateModified\":\"2020-09-17T10:28:15+00:00\",\"author\":{\"@id\":\"https:\/\/suomenkuvalehti.fi\/vallan-mahotonta\/#\/schema\/person\/aa34015af7a4bce21e1cdcf566bb57b0\"},\"breadcrumb\":{\"@id\":\"https:\/\/suomenkuvalehti.fi\/vallan-mahotonta\/budjettiriihen-voittajat-ja-haviajat-tyollisyystavoitteen-loysays-ja-kestavyysvajeen-hautajaiset\/#breadcrumb\"},\"inLanguage\":\"fi\",\"potentialAction\":[{\"@type\":\"ReadAction\",\"target\":[\"https:\/\/suomenkuvalehti.fi\/vallan-mahotonta\/budjettiriihen-voittajat-ja-haviajat-tyollisyystavoitteen-loysays-ja-kestavyysvajeen-hautajaiset\/\"]}]},{\"@type\":\"BreadcrumbList\",\"@id\":\"https:\/\/suomenkuvalehti.fi\/vallan-mahotonta\/budjettiriihen-voittajat-ja-haviajat-tyollisyystavoitteen-loysays-ja-kestavyysvajeen-hautajaiset\/#breadcrumb\",\"itemListElement\":[{\"@type\":\"ListItem\",\"position\":1,\"name\":\"Home\",\"item\":\"https:\/\/suomenkuvalehti.fi\/vallan-mahotonta\/\"},{\"@type\":\"ListItem\",\"position\":2,\"name\":\"Budjettiriihen voittajat ja h\u00e4vi\u00e4j\u00e4t &#8211; ty\u00f6llisyystavoitteen l\u00f6ys\u00e4ys ja kest\u00e4vyysvajeen hautajaiset\"}]},{\"@type\":\"WebSite\",\"@id\":\"https:\/\/suomenkuvalehti.fi\/vallan-mahotonta\/#website\",\"url\":\"https:\/\/suomenkuvalehti.fi\/vallan-mahotonta\/\",\"name\":\"Vallan mahotonta!\",\"description\":\"Tutkija Antti Ronkainen seuraa maailmantalouden murrosta.\",\"potentialAction\":[{\"@type\":\"SearchAction\",\"target\":{\"@type\":\"EntryPoint\",\"urlTemplate\":\"https:\/\/suomenkuvalehti.fi\/haku\/?q={search_term_string}\"},\"query-input\":{\"@type\":\"PropertyValueSpecification\",\"valueRequired\":true,\"valueName\":\"search_term_string\"}}],\"inLanguage\":\"fi\"},{\"@type\":\"Person\",\"@id\":\"https:\/\/suomenkuvalehti.fi\/vallan-mahotonta\/#\/schema\/person\/aa34015af7a4bce21e1cdcf566bb57b0\",\"name\":\"Antti Ronkainen\",\"image\":{\"@type\":\"ImageObject\",\"inLanguage\":\"fi\",\"@id\":\"https:\/\/suomenkuvalehti.fi\/vallan-mahotonta\/#\/schema\/person\/image\/\",\"url\":\"https:\/\/suomenkuvalehti.fi\/vallan-mahotonta\/wp-content\/uploads\/sites\/42\/2018\/05\/antti_j_ronkainen_blogi_pieni-150x150.jpg\",\"contentUrl\":\"https:\/\/suomenkuvalehti.fi\/vallan-mahotonta\/wp-content\/uploads\/sites\/42\/2018\/05\/antti_j_ronkainen_blogi_pieni-150x150.jpg\",\"caption\":\"Antti Ronkainen\"},\"description\":\"Antti Ronkainen on poliittisen talouden v\u00e4it\u00f6skirjatutkija Helsingin yliopistolla.\",\"sameAs\":[\"http:\/\/anttironkainen.fi\",\"https:\/\/www.facebook.com\/a.ronkainen\",\"https:\/\/www.instagram.com\/antti.ronkainen\/\",\"https:\/\/x.com\/https:\/\/twitter.com\/anttironkainen\"]}]}<\/script>\n<!-- \/ Yoast SEO plugin. -->","yoast_head_json":{"title":"Budjettiriihen voittajat ja h\u00e4vi\u00e4j\u00e4t - ty\u00f6llisyystavoitteen l\u00f6ys\u00e4ys ja kest\u00e4vyysvajeen hautajaiset - Vallan mahotonta!","robots":{"index":"index","follow":"follow","max-snippet":"max-snippet:-1","max-image-preview":"max-image-preview:large","max-video-preview":"max-video-preview:-1"},"canonical":"https:\/\/suomenkuvalehti.fi\/vallan-mahotonta\/budjettiriihen-voittajat-ja-haviajat-tyollisyystavoitteen-loysays-ja-kestavyysvajeen-hautajaiset\/","og_locale":"fi_FI","og_type":"article","og_title":"Budjettiriihen voittajat ja h\u00e4vi\u00e4j\u00e4t - ty\u00f6llisyystavoitteen l\u00f6ys\u00e4ys ja kest\u00e4vyysvajeen hautajaiset - Vallan mahotonta!","og_description":"Eniten taisivat petty\u00e4 ne, jotka toivoivat hallituksen ep\u00e4onnistuvan.","og_url":"https:\/\/suomenkuvalehti.fi\/vallan-mahotonta\/budjettiriihen-voittajat-ja-haviajat-tyollisyystavoitteen-loysays-ja-kestavyysvajeen-hautajaiset\/","og_site_name":"Vallan mahotonta!","article_author":"https:\/\/www.facebook.com\/a.ronkainen","article_published_time":"2020-09-17T07:52:53+00:00","article_modified_time":"2020-09-17T10:28:15+00:00","og_image":[{"width":600,"height":600,"url":"https:\/\/suomenkuvalehti.fi\/vallan-mahotonta\/wp-content\/uploads\/sites\/42\/2018\/05\/antti_j_ronkainen_blogi_pieni.jpg","type":"image\/jpeg"}],"author":"Antti Ronkainen","twitter_card":"summary_large_image","twitter_creator":"@https:\/\/twitter.com\/anttironkainen","twitter_misc":{"Written by":"Antti Ronkainen","Est. reading time":"3 minuuttia"},"schema":{"@context":"https:\/\/schema.org","@graph":[{"@type":"WebPage","@id":"https:\/\/suomenkuvalehti.fi\/vallan-mahotonta\/budjettiriihen-voittajat-ja-haviajat-tyollisyystavoitteen-loysays-ja-kestavyysvajeen-hautajaiset\/","url":"https:\/\/suomenkuvalehti.fi\/vallan-mahotonta\/budjettiriihen-voittajat-ja-haviajat-tyollisyystavoitteen-loysays-ja-kestavyysvajeen-hautajaiset\/","name":"Budjettiriihen voittajat ja h\u00e4vi\u00e4j\u00e4t - ty\u00f6llisyystavoitteen l\u00f6ys\u00e4ys ja kest\u00e4vyysvajeen hautajaiset - Vallan mahotonta!","isPartOf":{"@id":"https:\/\/suomenkuvalehti.fi\/vallan-mahotonta\/#website"},"datePublished":"2020-09-17T07:52:53+00:00","dateModified":"2020-09-17T10:28:15+00:00","author":{"@id":"https:\/\/suomenkuvalehti.fi\/vallan-mahotonta\/#\/schema\/person\/aa34015af7a4bce21e1cdcf566bb57b0"},"breadcrumb":{"@id":"https:\/\/suomenkuvalehti.fi\/vallan-mahotonta\/budjettiriihen-voittajat-ja-haviajat-tyollisyystavoitteen-loysays-ja-kestavyysvajeen-hautajaiset\/#breadcrumb"},"inLanguage":"fi","potentialAction":[{"@type":"ReadAction","target":["https:\/\/suomenkuvalehti.fi\/vallan-mahotonta\/budjettiriihen-voittajat-ja-haviajat-tyollisyystavoitteen-loysays-ja-kestavyysvajeen-hautajaiset\/"]}]},{"@type":"BreadcrumbList","@id":"https:\/\/suomenkuvalehti.fi\/vallan-mahotonta\/budjettiriihen-voittajat-ja-haviajat-tyollisyystavoitteen-loysays-ja-kestavyysvajeen-hautajaiset\/#breadcrumb","itemListElement":[{"@type":"ListItem","position":1,"name":"Home","item":"https:\/\/suomenkuvalehti.fi\/vallan-mahotonta\/"},{"@type":"ListItem","position":2,"name":"Budjettiriihen voittajat ja h\u00e4vi\u00e4j\u00e4t &#8211; ty\u00f6llisyystavoitteen l\u00f6ys\u00e4ys ja kest\u00e4vyysvajeen hautajaiset"}]},{"@type":"WebSite","@id":"https:\/\/suomenkuvalehti.fi\/vallan-mahotonta\/#website","url":"https:\/\/suomenkuvalehti.fi\/vallan-mahotonta\/","name":"Vallan mahotonta!","description":"Tutkija Antti Ronkainen seuraa maailmantalouden murrosta.","potentialAction":[{"@type":"SearchAction","target":{"@type":"EntryPoint","urlTemplate":"https:\/\/suomenkuvalehti.fi\/haku\/?q={search_term_string}"},"query-input":{"@type":"PropertyValueSpecification","valueRequired":true,"valueName":"search_term_string"}}],"inLanguage":"fi"},{"@type":"Person","@id":"https:\/\/suomenkuvalehti.fi\/vallan-mahotonta\/#\/schema\/person\/aa34015af7a4bce21e1cdcf566bb57b0","name":"Antti Ronkainen","image":{"@type":"ImageObject","inLanguage":"fi","@id":"https:\/\/suomenkuvalehti.fi\/vallan-mahotonta\/#\/schema\/person\/image\/","url":"https:\/\/suomenkuvalehti.fi\/vallan-mahotonta\/wp-content\/uploads\/sites\/42\/2018\/05\/antti_j_ronkainen_blogi_pieni-150x150.jpg","contentUrl":"https:\/\/suomenkuvalehti.fi\/vallan-mahotonta\/wp-content\/uploads\/sites\/42\/2018\/05\/antti_j_ronkainen_blogi_pieni-150x150.jpg","caption":"Antti Ronkainen"},"description":"Antti Ronkainen on poliittisen talouden v\u00e4it\u00f6skirjatutkija Helsingin yliopistolla.","sameAs":["http:\/\/anttironkainen.fi","https:\/\/www.facebook.com\/a.ronkainen","https:\/\/www.instagram.com\/antti.ronkainen\/","https:\/\/x.com\/https:\/\/twitter.com\/anttironkainen"]}]}},"_links":{"self":[{"href":"https:\/\/suomenkuvalehti.fi\/vallan-mahotonta\/wp-json\/wp\/v2\/posts\/5073","targetHints":{"allow":["GET"]}}],"collection":[{"href":"https:\/\/suomenkuvalehti.fi\/vallan-mahotonta\/wp-json\/wp\/v2\/posts"}],"about":[{"href":"https:\/\/suomenkuvalehti.fi\/vallan-mahotonta\/wp-json\/wp\/v2\/types\/post"}],"author":[{"embeddable":true,"href":"https:\/\/suomenkuvalehti.fi\/vallan-mahotonta\/wp-json\/wp\/v2\/users\/37967"}],"replies":[{"embeddable":true,"href":"https:\/\/suomenkuvalehti.fi\/vallan-mahotonta\/wp-json\/wp\/v2\/comments?post=5073"}],"version-history":[{"count":45,"href":"https:\/\/suomenkuvalehti.fi\/vallan-mahotonta\/wp-json\/wp\/v2\/posts\/5073\/revisions"}],"predecessor-version":[{"id":5120,"href":"https:\/\/suomenkuvalehti.fi\/vallan-mahotonta\/wp-json\/wp\/v2\/posts\/5073\/revisions\/5120"}],"wp:attachment":[{"href":"https:\/\/suomenkuvalehti.fi\/vallan-mahotonta\/wp-json\/wp\/v2\/media?parent=5073"}],"wp:term":[{"taxonomy":"category","embeddable":true,"href":"https:\/\/suomenkuvalehti.fi\/vallan-mahotonta\/wp-json\/wp\/v2\/categories?post=5073"},{"taxonomy":"post_tag","embeddable":true,"href":"https:\/\/suomenkuvalehti.fi\/vallan-mahotonta\/wp-json\/wp\/v2\/tags?post=5073"}],"curies":[{"name":"wp","href":"https:\/\/api.w.org\/{rel}","templated":true}]}}