{"id":4667,"date":"2020-06-26T12:17:54","date_gmt":"2020-06-26T09:17:54","guid":{"rendered":"https:\/\/suomenkuvalehti.fi\/vallan-mahotonta\/?p=4667"},"modified":"2020-06-26T12:59:38","modified_gmt":"2020-06-26T09:59:38","slug":"eduskunnan-oikeudellis-poliittinen-konflikti-yhteisvelasta","status":"publish","type":"post","link":"https:\/\/suomenkuvalehti.fi\/vallan-mahotonta\/eduskunnan-oikeudellis-poliittinen-konflikti-yhteisvelasta\/","title":{"rendered":"Eduskunnan oikeudellis-poliittinen konflikti yhteisvelasta"},"content":{"rendered":"\n<p><span class=\"capitalized\">Euroopan komission<\/span> suunnittelema elpymisrahasto ja 750 miljardin euron suuruinen velka tulevat syvent\u00e4m\u00e4\u00e4n unionia poliittisena liittona.<\/p>\n\n\n\n<p>Velkaan liittyv\u00e4t periaatteelliset kysymykset n\u00e4kyv\u00e4t jo nyt eduskunnan sis\u00e4ll\u00e4 suuren valiokunnan ja perustuslakivaliokunnan v\u00e4lisen konfliktin syvenemisen\u00e4. Toiseksi velka tulee asettamaan hallituksen ja opposition v\u00e4lille mielenkiintoisen juovan, kun paketista aikanaan \u00e4\u00e4nestet\u00e4\u00e4n.<\/p>\n\n\n\n<p>Suomi on ollut ainoita maita, jotka kysyiv\u00e4t juhannusaaton huippukokouksessa elpymisrahaston lainvoimaisuutta. Suomessa oikeusoppineista esimerkiksi&nbsp;<strong><a href=\"https:\/\/www.ceps.eu\/next-generation-eu\/\" target=\"_blank\" rel=\"noopener\">P\u00e4ivi Leino-Sandberg<\/a><\/strong> ja <strong><a href=\"https:\/\/www.hs.fi\/politiikka\/art-2000006550360.html\" target=\"_blank\" rel=\"noopener\">Juha Raitio<\/a><\/strong> ovat ep\u00e4illeet, ett\u00e4 esitys olisi perussopimuksen artiklan 310 vastainen, joka edellytt\u00e4\u00e4 EU:n budjetin olevan tasapainossa.<\/p>\n\n\n\n<p>Eilen julkaistun EU:n oikeudellisen tietopalvelun selvityksen mukaan <a href=\"https:\/\/www.talouselama.fi\/uutiset\/sttn-tiedot-eun-perussopimukset-sallivat-elvytysvalineen-perustamisen-katsoo-eun-neuvoston-oikeuspalvelu\/7eb097df-1f84-4671-89d7-8c4563e0929b\" target=\"_blank\" rel=\"noopener\">perussopimukset sallisivat elpymisrahaston perustamisen<\/a>.&nbsp;Selvitys on kuitenkin salainen ja siin\u00e4 ainoastaan todetaan, ett\u00e4 elpymisrahasto ei saa johtaa EU:n budjettia ep\u00e4tasapainoon.<\/p>\n\n\n\n<p>Julkisuudessa ollaan esitetty, ett\u00e4 komissio on ottamassa velkaa, josta se jakaisi 500 miljardia tukina.&nbsp;Kun esityst\u00e4 katsoo tarkemmin, varsinainen elpymisrahasto k\u00e4sitt\u00e4\u00e4 310 miljardia, mink\u00e4 lis\u00e4ksi 60 miljardia on takauksia.<\/p>\n\n\n\n<p>N\u00e4iden lis\u00e4ksi lopuilla 130 miljardin velkarahoilla ollaan kasvattamassa vuosien 2021-2027 budjettia (koheesiorahat, maatalous, ymp\u00e4rist\u00f6politiikka, tutkimus, rajavalvonta ja kriisinhoito),&nbsp;joten esitys on tasapainoisen budjetin periaatteen vastainen.&nbsp;Jos toimintaa rahoitetaan velalla, tulot ja menot eiv\u00e4t ole tasapainossa.<\/p>\n\n\n\n<p>Onkin oletettavaa, ett\u00e4 poliittisessa ratkaisussa joudutaan tulkitsemaan uudella tavalla joko artiklaa 310 tai tasapainoisen budjetin periaatetta.&nbsp;Asialla on suuri poliittinen merkitys, sill\u00e4 t\u00e4m\u00e4n my\u00f6t\u00e4 unioni voi ottaa velkaa sek\u00e4 erillist\u00e4 kriisi-instrumenttia ett\u00e4 EU-budjetin rahoittamista varten. T\u00e4llainen ratkaisu ei koskaan olisi ollut mahdollinen, jos Iso-Britannia olisi viel\u00e4 EU:n j\u00e4sen.<\/p>\n\n\n\n<p>Suomessa elpymisrahaston k\u00e4sittely johtaa mielenkiintoiseen asetelmaan toisaalta hallituksen ja opposition, toisaalta eduskunnan valiokuntien v\u00e4lill\u00e4.<\/p>\n\n\n\n<p>Ensinn\u00e4kin elpymisrahasto vaatii todenn\u00e4k\u00f6isesti 2\/3 enemmist\u00f6n eduskunnassa. T\u00e4ll\u00f6in pakettiin tarvitaan mukaan noin 20 kokoomuslaista, koska <strong>Sanna Marinin<\/strong> hallituksella on 116 kansanedustajan enemmist\u00f6. Perussuomalaiset ja kristillisdemokraatit vastustavat pakettia.<\/p>\n\n\n\n<p>Elpymisrahaston ja EU:n velan suhteen omantunnon tuskia voi olla kuitenkin kokoomusta enemm\u00e4n keskustalla, joka on suhtautunut varauksellisemmin Euroopan integraatioon.&nbsp;Elpymisrahasto&nbsp;asettaakin erityisesti Suomen keskustaoikeistolle mielenkiintoisen kysymyksen suhtautumisesta Euroopan poliittiseen integraatioon.&nbsp;T\u00e4m\u00e4np\u00e4iv\u00e4isess\u00e4 <strong>Juha&nbsp;M\u00e4enp\u00e4\u00e4n<\/strong>&nbsp;vieraslaji-tapauksessa <a href=\"https:\/\/www.hs.fi\/politiikka\/art-2000006552992.html\" target=\"_blank\" rel=\"noopener\">kokoomuksella ja keskustalla ei ollut ryhm\u00e4kuria<\/a>, mutta kuinka helppo molempien eduskuntaryhmien on \u00e4\u00e4nest\u00e4\u00e4 elpymisrahaston puolesta?<\/p>\n\n\n\n<p>Hallituksen ja opposition lis\u00e4ksi eduskunnan sis\u00e4lle on syntynyt merkitt\u00e4v\u00e4 poliittinen konflikti Suomen EU-kantojen m\u00e4\u00e4ritt\u00e4misest\u00e4.<\/p>\n\n\n\n<p>Perustuslakivaliokunta on ottanut suurta valiokuntaa tiukemman kannan elpymisrahastoon ja unionin velkaan. Lis\u00e4ksi <a href=\"https:\/\/www.verkkouutiset.fi\/katri-kulmunista-kantelu-oikeuskanslerille-ministerivastuuasia\/#657fc069\" target=\"_blank\" rel=\"noopener\">oikeuskansleri selvittelee<\/a>,&nbsp;hyv\u00e4ksyik\u00f6 <strong>Katri Kulmuni<\/strong> toukokuussa euroryhm\u00e4n koronatoimet perustuslakivaliokunnan kantojen vastaisesti.<\/p>\n\n\n\n<p>Viime keskiviikkona <a href=\"https:\/\/www.eduskunta.fi\/FI\/vaski\/KokousPoytakirja\/Sivut\/SuVP_29+2020.aspx\" target=\"_blank\" rel=\"noopener\">suuri valiokunta l\u00e4hetti<\/a> valtioneuvoston uuden selvityksen elpymisrahastosta ja seuraavasta budjetista talousvaliokunnalle ja valtiovarainvaliokunnalle, mutta ei perustuslakivaliokunnalle.&nbsp;Huomioiden asioiden poliittisen vakavuuden, valiokuntien v\u00e4list\u00e4 konfliktia voidaan pit\u00e4\u00e4 poikkeuksellisena. Ja elpymisrahasto syvent\u00e4nee t\u00e4t\u00e4 juopaa entisest\u00e4\u00e4n.<\/p>\n\n\n\n<p>Vaikka t\u00e4n\u00e4\u00e4n oli eduskunnan kev\u00e4tistuntokauden viimeinen t\u00e4ysistunto, viel\u00e4 on paljon poliittisesti mielenkiintoista kes\u00e4\u00e4 j\u00e4ljell\u00e4.<\/p>\n\n\n","protected":false},"excerpt":{"rendered":"<p>Elpymisrahasto syvent\u00e4\u00e4 perustuslakivaliokunnan ja suuren valiokunnan v\u00e4list\u00e4 konfliktia. <\/p>\n","protected":false},"author":37967,"featured_media":0,"comment_status":"open","ping_status":"open","sticky":false,"template":"","format":"standard","meta":{"_acf_changed":false,"asauth_required_access_level":3,"asauth_cansharepaid":"true","om_header_attributes":[],"footnotes":"","om_featured_image_focal_point":[],"om_primary_tag":0,"om_contributors":[],"om_co_authors":[],"beyondwords_generate_audio":"","beyondwords_project_id":"","beyondwords_content_id":"","beyondwords_preview_token":"","beyondwords_player_content":"","beyondwords_player_style":"","beyondwords_language_code":"","beyondwords_language_id":"","beyondwords_title_voice_id":"","beyondwords_body_voice_id":"","beyondwords_summary_voice_id":"","beyondwords_error_message":"","beyondwords_disabled":"","beyondwords_delete_content":"","beyondwords_podcast_id":"","beyondwords_hash":"","publish_post_to_speechkit":"","speechkit_hash":"","speechkit_generate_audio":"","speechkit_project_id":"","speechkit_podcast_id":"","speechkit_error_message":"","speechkit_disabled":"","speechkit_access_key":"","speechkit_error":"","speechkit_info":"","speechkit_response":"","speechkit_retries":"","speechkit_status":"","speechkit_updated_at":"","_speechkit_link":"","_speechkit_text":""},"categories":[1],"tags":[170,352,7,355],"class_list":["post-4667","post","type-post","status-publish","format-standard","hentry","category-vallan-mahotonta","tag-eduskunta","tag-elpymisrahasto","tag-eu","tag-velka"],"om_views":null,"acf":{"tuuma_off":false,"tuuma_kysymys":"","tuuma_vastaus":""},"asauth":{"required_access_level":1,"share_token":"","is_paid":false},"yoast_head":"<!-- This site is optimized with the Yoast SEO plugin v26.4 - https:\/\/yoast.com\/wordpress\/plugins\/seo\/ -->\n<title>Eduskunnan oikeudellis-poliittinen konflikti yhteisvelasta - Vallan mahotonta!<\/title>\n<meta name=\"robots\" content=\"index, follow, max-snippet:-1, max-image-preview:large, max-video-preview:-1\" \/>\n<link rel=\"canonical\" href=\"https:\/\/suomenkuvalehti.fi\/vallan-mahotonta\/eduskunnan-oikeudellis-poliittinen-konflikti-yhteisvelasta\/\" \/>\n<meta property=\"og:locale\" content=\"fi_FI\" \/>\n<meta property=\"og:type\" content=\"article\" \/>\n<meta property=\"og:title\" content=\"Eduskunnan oikeudellis-poliittinen konflikti yhteisvelasta - Vallan mahotonta!\" \/>\n<meta property=\"og:description\" content=\"Elpymisrahasto syvent\u00e4\u00e4 perustuslakivaliokunnan ja suuren valiokunnan v\u00e4list\u00e4 konfliktia.\" \/>\n<meta property=\"og:url\" content=\"https:\/\/suomenkuvalehti.fi\/vallan-mahotonta\/eduskunnan-oikeudellis-poliittinen-konflikti-yhteisvelasta\/\" \/>\n<meta property=\"og:site_name\" content=\"Vallan mahotonta!\" \/>\n<meta property=\"article:author\" content=\"https:\/\/www.facebook.com\/a.ronkainen\" \/>\n<meta property=\"article:published_time\" content=\"2020-06-26T09:17:54+00:00\" \/>\n<meta property=\"article:modified_time\" content=\"2020-06-26T09:59:38+00:00\" \/>\n<meta property=\"og:image\" content=\"https:\/\/suomenkuvalehti.fi\/vallan-mahotonta\/wp-content\/uploads\/sites\/42\/2018\/05\/antti_j_ronkainen_blogi_pieni.jpg\" \/>\n\t<meta property=\"og:image:width\" content=\"600\" \/>\n\t<meta property=\"og:image:height\" content=\"600\" \/>\n\t<meta property=\"og:image:type\" content=\"image\/jpeg\" \/>\n<meta name=\"author\" content=\"Antti Ronkainen\" \/>\n<meta name=\"twitter:card\" content=\"summary_large_image\" \/>\n<meta name=\"twitter:creator\" content=\"@https:\/\/twitter.com\/anttironkainen\" \/>\n<meta name=\"twitter:label1\" content=\"Written by\" \/>\n\t<meta name=\"twitter:data1\" content=\"Antti Ronkainen\" \/>\n\t<meta name=\"twitter:label2\" content=\"Est. reading time\" \/>\n\t<meta name=\"twitter:data2\" content=\"2 minuuttia\" \/>\n<script type=\"application\/ld+json\" class=\"yoast-schema-graph\">{\"@context\":\"https:\/\/schema.org\",\"@graph\":[{\"@type\":\"WebPage\",\"@id\":\"https:\/\/suomenkuvalehti.fi\/vallan-mahotonta\/eduskunnan-oikeudellis-poliittinen-konflikti-yhteisvelasta\/\",\"url\":\"https:\/\/suomenkuvalehti.fi\/vallan-mahotonta\/eduskunnan-oikeudellis-poliittinen-konflikti-yhteisvelasta\/\",\"name\":\"Eduskunnan oikeudellis-poliittinen konflikti yhteisvelasta - Vallan mahotonta!\",\"isPartOf\":{\"@id\":\"https:\/\/suomenkuvalehti.fi\/vallan-mahotonta\/#website\"},\"datePublished\":\"2020-06-26T09:17:54+00:00\",\"dateModified\":\"2020-06-26T09:59:38+00:00\",\"author\":{\"@id\":\"https:\/\/suomenkuvalehti.fi\/vallan-mahotonta\/#\/schema\/person\/aa34015af7a4bce21e1cdcf566bb57b0\"},\"breadcrumb\":{\"@id\":\"https:\/\/suomenkuvalehti.fi\/vallan-mahotonta\/eduskunnan-oikeudellis-poliittinen-konflikti-yhteisvelasta\/#breadcrumb\"},\"inLanguage\":\"fi\",\"potentialAction\":[{\"@type\":\"ReadAction\",\"target\":[\"https:\/\/suomenkuvalehti.fi\/vallan-mahotonta\/eduskunnan-oikeudellis-poliittinen-konflikti-yhteisvelasta\/\"]}]},{\"@type\":\"BreadcrumbList\",\"@id\":\"https:\/\/suomenkuvalehti.fi\/vallan-mahotonta\/eduskunnan-oikeudellis-poliittinen-konflikti-yhteisvelasta\/#breadcrumb\",\"itemListElement\":[{\"@type\":\"ListItem\",\"position\":1,\"name\":\"Home\",\"item\":\"https:\/\/suomenkuvalehti.fi\/vallan-mahotonta\/\"},{\"@type\":\"ListItem\",\"position\":2,\"name\":\"Eduskunnan oikeudellis-poliittinen konflikti yhteisvelasta\"}]},{\"@type\":\"WebSite\",\"@id\":\"https:\/\/suomenkuvalehti.fi\/vallan-mahotonta\/#website\",\"url\":\"https:\/\/suomenkuvalehti.fi\/vallan-mahotonta\/\",\"name\":\"Vallan mahotonta!\",\"description\":\"Tutkija Antti Ronkainen seuraa maailmantalouden murrosta.\",\"potentialAction\":[{\"@type\":\"SearchAction\",\"target\":{\"@type\":\"EntryPoint\",\"urlTemplate\":\"https:\/\/suomenkuvalehti.fi\/haku\/?q={search_term_string}\"},\"query-input\":{\"@type\":\"PropertyValueSpecification\",\"valueRequired\":true,\"valueName\":\"search_term_string\"}}],\"inLanguage\":\"fi\"},{\"@type\":\"Person\",\"@id\":\"https:\/\/suomenkuvalehti.fi\/vallan-mahotonta\/#\/schema\/person\/aa34015af7a4bce21e1cdcf566bb57b0\",\"name\":\"Antti Ronkainen\",\"image\":{\"@type\":\"ImageObject\",\"inLanguage\":\"fi\",\"@id\":\"https:\/\/suomenkuvalehti.fi\/vallan-mahotonta\/#\/schema\/person\/image\/\",\"url\":\"https:\/\/suomenkuvalehti.fi\/vallan-mahotonta\/wp-content\/uploads\/sites\/42\/2018\/05\/antti_j_ronkainen_blogi_pieni-150x150.jpg\",\"contentUrl\":\"https:\/\/suomenkuvalehti.fi\/vallan-mahotonta\/wp-content\/uploads\/sites\/42\/2018\/05\/antti_j_ronkainen_blogi_pieni-150x150.jpg\",\"caption\":\"Antti Ronkainen\"},\"description\":\"Antti Ronkainen on poliittisen talouden v\u00e4it\u00f6skirjatutkija Helsingin yliopistolla.\",\"sameAs\":[\"http:\/\/anttironkainen.fi\",\"https:\/\/www.facebook.com\/a.ronkainen\",\"https:\/\/www.instagram.com\/antti.ronkainen\/\",\"https:\/\/x.com\/https:\/\/twitter.com\/anttironkainen\"]}]}<\/script>\n<!-- \/ Yoast SEO plugin. -->","yoast_head_json":{"title":"Eduskunnan oikeudellis-poliittinen konflikti yhteisvelasta - Vallan mahotonta!","robots":{"index":"index","follow":"follow","max-snippet":"max-snippet:-1","max-image-preview":"max-image-preview:large","max-video-preview":"max-video-preview:-1"},"canonical":"https:\/\/suomenkuvalehti.fi\/vallan-mahotonta\/eduskunnan-oikeudellis-poliittinen-konflikti-yhteisvelasta\/","og_locale":"fi_FI","og_type":"article","og_title":"Eduskunnan oikeudellis-poliittinen konflikti yhteisvelasta - Vallan mahotonta!","og_description":"Elpymisrahasto syvent\u00e4\u00e4 perustuslakivaliokunnan ja suuren valiokunnan v\u00e4list\u00e4 konfliktia.","og_url":"https:\/\/suomenkuvalehti.fi\/vallan-mahotonta\/eduskunnan-oikeudellis-poliittinen-konflikti-yhteisvelasta\/","og_site_name":"Vallan mahotonta!","article_author":"https:\/\/www.facebook.com\/a.ronkainen","article_published_time":"2020-06-26T09:17:54+00:00","article_modified_time":"2020-06-26T09:59:38+00:00","og_image":[{"width":600,"height":600,"url":"https:\/\/suomenkuvalehti.fi\/vallan-mahotonta\/wp-content\/uploads\/sites\/42\/2018\/05\/antti_j_ronkainen_blogi_pieni.jpg","type":"image\/jpeg"}],"author":"Antti Ronkainen","twitter_card":"summary_large_image","twitter_creator":"@https:\/\/twitter.com\/anttironkainen","twitter_misc":{"Written by":"Antti Ronkainen","Est. reading time":"2 minuuttia"},"schema":{"@context":"https:\/\/schema.org","@graph":[{"@type":"WebPage","@id":"https:\/\/suomenkuvalehti.fi\/vallan-mahotonta\/eduskunnan-oikeudellis-poliittinen-konflikti-yhteisvelasta\/","url":"https:\/\/suomenkuvalehti.fi\/vallan-mahotonta\/eduskunnan-oikeudellis-poliittinen-konflikti-yhteisvelasta\/","name":"Eduskunnan oikeudellis-poliittinen konflikti yhteisvelasta - Vallan mahotonta!","isPartOf":{"@id":"https:\/\/suomenkuvalehti.fi\/vallan-mahotonta\/#website"},"datePublished":"2020-06-26T09:17:54+00:00","dateModified":"2020-06-26T09:59:38+00:00","author":{"@id":"https:\/\/suomenkuvalehti.fi\/vallan-mahotonta\/#\/schema\/person\/aa34015af7a4bce21e1cdcf566bb57b0"},"breadcrumb":{"@id":"https:\/\/suomenkuvalehti.fi\/vallan-mahotonta\/eduskunnan-oikeudellis-poliittinen-konflikti-yhteisvelasta\/#breadcrumb"},"inLanguage":"fi","potentialAction":[{"@type":"ReadAction","target":["https:\/\/suomenkuvalehti.fi\/vallan-mahotonta\/eduskunnan-oikeudellis-poliittinen-konflikti-yhteisvelasta\/"]}]},{"@type":"BreadcrumbList","@id":"https:\/\/suomenkuvalehti.fi\/vallan-mahotonta\/eduskunnan-oikeudellis-poliittinen-konflikti-yhteisvelasta\/#breadcrumb","itemListElement":[{"@type":"ListItem","position":1,"name":"Home","item":"https:\/\/suomenkuvalehti.fi\/vallan-mahotonta\/"},{"@type":"ListItem","position":2,"name":"Eduskunnan oikeudellis-poliittinen konflikti yhteisvelasta"}]},{"@type":"WebSite","@id":"https:\/\/suomenkuvalehti.fi\/vallan-mahotonta\/#website","url":"https:\/\/suomenkuvalehti.fi\/vallan-mahotonta\/","name":"Vallan mahotonta!","description":"Tutkija Antti Ronkainen seuraa maailmantalouden murrosta.","potentialAction":[{"@type":"SearchAction","target":{"@type":"EntryPoint","urlTemplate":"https:\/\/suomenkuvalehti.fi\/haku\/?q={search_term_string}"},"query-input":{"@type":"PropertyValueSpecification","valueRequired":true,"valueName":"search_term_string"}}],"inLanguage":"fi"},{"@type":"Person","@id":"https:\/\/suomenkuvalehti.fi\/vallan-mahotonta\/#\/schema\/person\/aa34015af7a4bce21e1cdcf566bb57b0","name":"Antti Ronkainen","image":{"@type":"ImageObject","inLanguage":"fi","@id":"https:\/\/suomenkuvalehti.fi\/vallan-mahotonta\/#\/schema\/person\/image\/","url":"https:\/\/suomenkuvalehti.fi\/vallan-mahotonta\/wp-content\/uploads\/sites\/42\/2018\/05\/antti_j_ronkainen_blogi_pieni-150x150.jpg","contentUrl":"https:\/\/suomenkuvalehti.fi\/vallan-mahotonta\/wp-content\/uploads\/sites\/42\/2018\/05\/antti_j_ronkainen_blogi_pieni-150x150.jpg","caption":"Antti Ronkainen"},"description":"Antti Ronkainen on poliittisen talouden v\u00e4it\u00f6skirjatutkija Helsingin yliopistolla.","sameAs":["http:\/\/anttironkainen.fi","https:\/\/www.facebook.com\/a.ronkainen","https:\/\/www.instagram.com\/antti.ronkainen\/","https:\/\/x.com\/https:\/\/twitter.com\/anttironkainen"]}]}},"_links":{"self":[{"href":"https:\/\/suomenkuvalehti.fi\/vallan-mahotonta\/wp-json\/wp\/v2\/posts\/4667","targetHints":{"allow":["GET"]}}],"collection":[{"href":"https:\/\/suomenkuvalehti.fi\/vallan-mahotonta\/wp-json\/wp\/v2\/posts"}],"about":[{"href":"https:\/\/suomenkuvalehti.fi\/vallan-mahotonta\/wp-json\/wp\/v2\/types\/post"}],"author":[{"embeddable":true,"href":"https:\/\/suomenkuvalehti.fi\/vallan-mahotonta\/wp-json\/wp\/v2\/users\/37967"}],"replies":[{"embeddable":true,"href":"https:\/\/suomenkuvalehti.fi\/vallan-mahotonta\/wp-json\/wp\/v2\/comments?post=4667"}],"version-history":[{"count":49,"href":"https:\/\/suomenkuvalehti.fi\/vallan-mahotonta\/wp-json\/wp\/v2\/posts\/4667\/revisions"}],"predecessor-version":[{"id":4718,"href":"https:\/\/suomenkuvalehti.fi\/vallan-mahotonta\/wp-json\/wp\/v2\/posts\/4667\/revisions\/4718"}],"wp:attachment":[{"href":"https:\/\/suomenkuvalehti.fi\/vallan-mahotonta\/wp-json\/wp\/v2\/media?parent=4667"}],"wp:term":[{"taxonomy":"category","embeddable":true,"href":"https:\/\/suomenkuvalehti.fi\/vallan-mahotonta\/wp-json\/wp\/v2\/categories?post=4667"},{"taxonomy":"post_tag","embeddable":true,"href":"https:\/\/suomenkuvalehti.fi\/vallan-mahotonta\/wp-json\/wp\/v2\/tags?post=4667"}],"curies":[{"name":"wp","href":"https:\/\/api.w.org\/{rel}","templated":true}]}}