{"id":4551,"date":"2020-06-15T10:31:44","date_gmt":"2020-06-15T07:31:44","guid":{"rendered":"https:\/\/suomenkuvalehti.fi\/vallan-mahotonta\/?p=4551"},"modified":"2020-06-15T10:31:44","modified_gmt":"2020-06-15T07:31:44","slug":"suomen-vastahakoinen-keynesilainen-kaanne","status":"publish","type":"post","link":"https:\/\/suomenkuvalehti.fi\/vallan-mahotonta\/suomen-vastahakoinen-keynesilainen-kaanne\/","title":{"rendered":"Suomen vastahakoinen keynesil\u00e4inen k\u00e4\u00e4nne"},"content":{"rendered":"<figure class=\"wp-block-image size-full alignnone\">\n  <div class=\"wp-block-image__inner-container\">\n    <a href=\"https:\/\/suomenkuvalehti.fi\/vallan-mahotonta\/wp-content\/uploads\/sites\/42\/2020\/06\/49987476907_29d1708e53_c.jpg\"><img loading=\"lazy\" decoding=\"async\" src=\"https:\/\/suomenkuvalehti.fi\/vallan-mahotonta\/wp-content\/uploads\/sites\/42\/2020\/06\/49987476907_29d1708e53_c.jpg\" alt=\"\" class=\"wp-image-4569\" width=\"799\" height=\"533\" style=\"--aspect-ratio: 1.5\" srcset=\"https:\/\/suomenkuvalehti.fi\/vallan-mahotonta\/wp-content\/uploads\/sites\/42\/2020\/06\/49987476907_29d1708e53_c.jpg 799w, https:\/\/suomenkuvalehti.fi\/vallan-mahotonta\/wp-content\/uploads\/sites\/42\/2020\/06\/49987476907_29d1708e53_c-300x200.jpg 300w, https:\/\/suomenkuvalehti.fi\/vallan-mahotonta\/wp-content\/uploads\/sites\/42\/2020\/06\/49987476907_29d1708e53_c-768x512.jpg 768w, https:\/\/suomenkuvalehti.fi\/vallan-mahotonta\/wp-content\/uploads\/sites\/42\/2020\/06\/49987476907_29d1708e53_c-630x420.jpg 630w\" sizes=\"auto, (max-width: 799px) 100vw, 799px\" \/><\/a>    <figcaption class=\"wp-block-image__figcaption\">\n      Valtiovarainministeri Matti Vanhanen. Valtioneuvoston kuvapalvelu.          <\/figcaption>\n      <\/div>\n<\/figure>\n\n\n<p><strong>Matti Vanhasen vastentahtoinen nousu valtiovarainministeriksi<\/strong> on vienyt huomion silt\u00e4, ett\u00e4 Suomessa on tapahtunut keynesil\u00e4inen k\u00e4\u00e4nne.<\/p>\n\n\n\n<p>Viimeisin lis\u00e4talousarvio oli 5,5 miljardia euroa. Yhteens\u00e4 lisureiden m\u00e4\u00e4r\u00e4rahalis\u00e4ykset ovat 10 miljardia, mik\u00e4 vastaa noin 4,5 prosenttia Suomen bkt:sta. Suomi velkaantuu pelk\u00e4st\u00e4\u00e4n t\u00e4n\u00e4 vuonna noin 20 miljardia euroa, mik\u00e4 tarkoittaa julkisen velkasuhteen nousua nykyisest\u00e4 59 prosentista yli 70 prosenttiin suhteessa Suomen bkt:hen. Ja syksyll\u00e4 lienee viel\u00e4 lisureita luvassa.<\/p>\n\n\n\n<p>Lis\u00e4ksi hallitus <a href=\"https:\/\/suomenkuvalehti.fi\/vallan-mahotonta\/hallitusohjelman-muutokset-raimo-sailas-oli-oikeassa\/?shared=4501-8b192ad4-999\">n\u00e4ytt\u00e4\u00e4 luopuneen hallitusohjelman tasapainoisen budjetin tavoitteesta vuoteen 2023 menness\u00e4<\/a>. Sen sijaan hallitus tavoittelee velkaantumisen taittamista vuosikymmenen loppuun menness\u00e4. Hallitus n\u00e4ytt\u00e4\u00e4 pyrkiv\u00e4n takaamaan, ett\u00e4 tulovirrat eiv\u00e4t tyrehdy koronakriisin keskell\u00e4.<\/p>\n\n\n\n<p>Viel\u00e4 finanssikriisin j\u00e4lkeen oli toisin.<\/p>\n\n\n\n<p>Esimerkiksi&nbsp;<strong>Jyrki Kataisen<\/strong> hallituksella oli sopeutuss\u00e4\u00e4nt\u00f6, jonka mukaan yli 1 prosentin alij\u00e4\u00e4m\u00e4st\u00e4 seurasi automaattisesti julkisen talouden leikkaukset ja veronkorotukset tasasuhteessa. T\u00e4llainen politiikka pitkitt\u00e4\u00e4 taantumaa, sill\u00e4 yksityisen sektorin s\u00e4\u00e4st\u00e4ess\u00e4 my\u00f6s julkinen sektori v\u00e4hent\u00e4\u00e4 talouden rahavirtoja.<\/p>\n\n\n\n<p><strong>Suomen keynesil\u00e4inen k\u00e4\u00e4nne<\/strong> ei ole kuitenkaan heijastunut Suomen Eurooppa-politiikkaan &#8211; ainakaan viel\u00e4.<\/p>\n\n\n\n<p>Komissio on esitt\u00e4nyt 750 miljardin suuruista rahastoa, josta 310 miljardia olisi varsinaista koronaelvytyst\u00e4, 250 miljardia lainoja, 130 miljardilla kasvatettaisiin EU-budjettia (koheesiorahat, maatalous, ymp\u00e4rist\u00f6politiikka, rajavalvonta) ja 60 miljardia takauksia. Saksa ja Ranska ehdottivat puolestaan 500 miljardin suuruista rahastoa, joka perustuisi pelk\u00e4st\u00e4\u00e4n suoriin koronatukiin.<\/p>\n\n\n\n<p>Suomi vastustaa sek\u00e4 komission ett\u00e4 Saksan ja Ranskan kompromissia. Suomi on vaatinut rahaston pienent\u00e4mist\u00e4 750 miljardista ja suoran koronaelvytyksen muuttamista lainoiksi. Valtiovarainministeri <a href=\"https:\/\/www.uusisuomi.fi\/uutiset\/matti-vanhanen-otti-juuri-kantaa-eun-jattipakettiin-tulevalla-valtiovarainministerilla-tiukka-ja-selva-linja\/a154abd5-2ef7-4127-92a2-f81908542d5e?fbclid=IwAR2DksNI5tGAUSSelukikxpwVANuwvkZKBeFZpUYuDYLEGfkxYWSn6V7DxU\" target=\"_blank\" rel=\"noopener\">Vanhasen mukaan<\/a> &#8221;<em>suorien tukien osuus tulee pienenem\u00e4\u00e4n ja koko paketin 750 miljardin taso alenee merkitt\u00e4v\u00e4sti<\/em>.\u201d<\/p>\n\n\n\n<p>Vaikka Suomi on sanoutunut irti niin sanotusta pohjoisten maiden Hansaryhm\u00e4st\u00e4, suhtautumisessa elpymisrahastoon Suomi on l\u00e4hell\u00e4 nuukaa nelikkoa (Hollanti, It\u00e4valta, Ruotsi &amp; Tanska).<\/p>\n\n\n\n<p>Periaatteessa <a href=\"https:\/\/www.eduskunta.fi\/FI\/vaski\/Lausunto\/Sivut\/PeVL_16+2020.aspx\" target=\"_blank\" rel=\"noopener\">perustuslakivaliokunnan<\/a> perjantaina julkaisemat tiukat ehdot tarkoittavat, ett\u00e4 Suomi ei saisi neuvotteluissa edist\u00e4\u00e4 lainkaan komission velanottoa eik\u00e4 avustusmuotoisia tukia. <a href=\"https:\/\/www.eduskunta.fi\/FI\/valiokunnat\/suuri_valiokunta\/Documents\/SuVL%206_2020%20vp.pdf\" target=\"_blank\" rel=\"noopener\">Suuri valiokunta<\/a> on kuitenkin ottanut v\u00e4ljemm\u00e4n kannan ja katsonut, ett\u00e4 Suomi voi menn\u00e4 neuvotteluihin ratkaisukeskeisesti. Suomen &#8221;ratkaisukeskeisyys&#8221; tarkoittanee, ett\u00e4 Suomi voi hyv\u00e4ksy\u00e4 komission velanoton ja suorat tuet, kunhan summat pienenev\u00e4t edes v\u00e4h\u00e4n.<\/p>\n\n\n\n<p>Suuren valiokunnan ja perustuslakivaliokunnan toisistaan poikkeavat kannat elpymisrahastoon viittaavat siihen, ett\u00e4 eduskunnan sis\u00e4inen poliittinen konflikti Suomen Eurooppa-politiikasta eskaloituu elpymisrahaston my\u00f6t\u00e4. Jo aiemmin Suomi hyv\u00e4ksyi euroryhm\u00e4n koronapaketin perustuslakivaliokunnan edellytt\u00e4mien kantojen vastaisesti.<\/p>\n\n\n\n<p>Elpymisrahaston hyv\u00e4ksyminen voi lis\u00e4ksi vaatia 2\/3 enemmist\u00f6\u00e4 eduskunnassa, jota <strong>Sanna Marinin<\/strong> hallituksella ei ole. Hallituksen tarvitseekin voidella parisenkymment\u00e4 kokoomuslaista paketin taakse. T\u00e4m\u00e4 ei liene vaikeaa, sill\u00e4 rahaston nieleminen lienee suurempi ongelma keskustalle kuin kokoomukselle.<\/p>\n\n\n\n<p>Suomi n\u00e4ytt\u00e4\u00e4 kannattavan keynesil\u00e4isyytt\u00e4 kotimaassa, mutta eurooppalaiseen keynesil\u00e4isyyteen Suomi ei viel\u00e4 julkisesti ole valmis. Vaikka sit\u00e4 ei \u00e4\u00e4neen sanota, Suomen kannat suhteessa eurokriisiin n\u00e4ytt\u00e4isiv\u00e4t olevan kuitenkin murroksessa.<\/p>\n\n\n\n<p>Elpymisrahaston hyv\u00e4ksymisest\u00e4 tulee viel\u00e4 mielenkiintoinen show hallituksen, opposition ja valiokuntien v\u00e4lill\u00e4.<\/p>\n\n\n","protected":false},"excerpt":{"rendered":"<p>Suomi kannattaa keynesil\u00e4isyytt\u00e4 kotimaassa, mutta eurooppalaiseen keynesil\u00e4isyyteen Suomi ei viel\u00e4 ole valmis.<\/p>\n","protected":false},"author":37967,"featured_media":4569,"comment_status":"open","ping_status":"open","sticky":false,"template":"","format":"standard","meta":{"_acf_changed":false,"asauth_required_access_level":3,"asauth_cansharepaid":"true","om_header_attributes":[],"footnotes":"","om_featured_image_focal_point":[],"om_primary_tag":0,"om_contributors":[],"om_co_authors":[],"beyondwords_generate_audio":"","beyondwords_project_id":"","beyondwords_content_id":"","beyondwords_preview_token":"","beyondwords_player_content":"","beyondwords_player_style":"","beyondwords_language_code":"","beyondwords_language_id":"","beyondwords_title_voice_id":"","beyondwords_body_voice_id":"","beyondwords_summary_voice_id":"","beyondwords_error_message":"","beyondwords_disabled":"","beyondwords_delete_content":"","beyondwords_podcast_id":"","beyondwords_hash":"","publish_post_to_speechkit":"","speechkit_hash":"","speechkit_generate_audio":"","speechkit_project_id":"","speechkit_podcast_id":"","speechkit_error_message":"","speechkit_disabled":"","speechkit_access_key":"","speechkit_error":"","speechkit_info":"","speechkit_response":"","speechkit_retries":"","speechkit_status":"","speechkit_updated_at":"","_speechkit_link":"","_speechkit_text":""},"categories":[1],"tags":[352,357,336,356,308],"class_list":["post-4551","post","type-post","status-publish","format-standard","has-post-thumbnail","hentry","category-vallan-mahotonta","tag-elpymisrahasto","tag-keynesilaisyys","tag-koronakriisi","tag-matti-vanhanen","tag-sanna-marin"],"om_views":null,"acf":{"tuuma_off":false,"tuuma_kysymys":"","tuuma_vastaus":""},"asauth":{"required_access_level":1,"share_token":"","is_paid":false},"yoast_head":"<!-- This site is optimized with the Yoast SEO plugin v26.4 - https:\/\/yoast.com\/wordpress\/plugins\/seo\/ -->\n<title>Suomen vastahakoinen keynesil\u00e4inen k\u00e4\u00e4nne - Vallan mahotonta!<\/title>\n<meta name=\"robots\" content=\"index, follow, max-snippet:-1, max-image-preview:large, max-video-preview:-1\" \/>\n<link rel=\"canonical\" href=\"https:\/\/suomenkuvalehti.fi\/vallan-mahotonta\/suomen-vastahakoinen-keynesilainen-kaanne\/\" \/>\n<meta property=\"og:locale\" content=\"fi_FI\" \/>\n<meta property=\"og:type\" content=\"article\" \/>\n<meta property=\"og:title\" content=\"Suomen vastahakoinen keynesil\u00e4inen k\u00e4\u00e4nne - Vallan mahotonta!\" \/>\n<meta property=\"og:description\" content=\"Suomi kannattaa keynesil\u00e4isyytt\u00e4 kotimaassa, mutta eurooppalaiseen keynesil\u00e4isyyteen Suomi ei viel\u00e4 ole valmis.\" \/>\n<meta property=\"og:url\" content=\"https:\/\/suomenkuvalehti.fi\/vallan-mahotonta\/suomen-vastahakoinen-keynesilainen-kaanne\/\" \/>\n<meta property=\"og:site_name\" content=\"Vallan mahotonta!\" \/>\n<meta property=\"article:author\" content=\"https:\/\/www.facebook.com\/a.ronkainen\" \/>\n<meta property=\"article:published_time\" content=\"2020-06-15T07:31:44+00:00\" \/>\n<meta property=\"og:image\" content=\"https:\/\/suomenkuvalehti.fi\/vallan-mahotonta\/wp-content\/uploads\/sites\/42\/2020\/06\/49987476907_29d1708e53_c.jpg\" \/>\n\t<meta property=\"og:image:width\" content=\"799\" \/>\n\t<meta property=\"og:image:height\" content=\"533\" \/>\n\t<meta property=\"og:image:type\" content=\"image\/jpeg\" \/>\n<meta name=\"author\" content=\"Antti Ronkainen\" \/>\n<meta name=\"twitter:card\" content=\"summary_large_image\" \/>\n<meta name=\"twitter:creator\" content=\"@https:\/\/twitter.com\/anttironkainen\" \/>\n<meta name=\"twitter:label1\" content=\"Written by\" \/>\n\t<meta name=\"twitter:data1\" content=\"Antti Ronkainen\" \/>\n\t<meta name=\"twitter:label2\" content=\"Est. reading time\" \/>\n\t<meta name=\"twitter:data2\" content=\"2 minuuttia\" \/>\n<script type=\"application\/ld+json\" class=\"yoast-schema-graph\">{\"@context\":\"https:\/\/schema.org\",\"@graph\":[{\"@type\":\"WebPage\",\"@id\":\"https:\/\/suomenkuvalehti.fi\/vallan-mahotonta\/suomen-vastahakoinen-keynesilainen-kaanne\/\",\"url\":\"https:\/\/suomenkuvalehti.fi\/vallan-mahotonta\/suomen-vastahakoinen-keynesilainen-kaanne\/\",\"name\":\"Suomen vastahakoinen keynesil\u00e4inen k\u00e4\u00e4nne - Vallan mahotonta!\",\"isPartOf\":{\"@id\":\"https:\/\/suomenkuvalehti.fi\/vallan-mahotonta\/#website\"},\"primaryImageOfPage\":{\"@id\":\"https:\/\/suomenkuvalehti.fi\/vallan-mahotonta\/suomen-vastahakoinen-keynesilainen-kaanne\/#primaryimage\"},\"image\":{\"@id\":\"https:\/\/suomenkuvalehti.fi\/vallan-mahotonta\/suomen-vastahakoinen-keynesilainen-kaanne\/#primaryimage\"},\"thumbnailUrl\":\"https:\/\/suomenkuvalehti.fi\/vallan-mahotonta\/wp-content\/uploads\/sites\/42\/2020\/06\/49987476907_29d1708e53_c.jpg\",\"datePublished\":\"2020-06-15T07:31:44+00:00\",\"author\":{\"@id\":\"https:\/\/suomenkuvalehti.fi\/vallan-mahotonta\/#\/schema\/person\/aa34015af7a4bce21e1cdcf566bb57b0\"},\"breadcrumb\":{\"@id\":\"https:\/\/suomenkuvalehti.fi\/vallan-mahotonta\/suomen-vastahakoinen-keynesilainen-kaanne\/#breadcrumb\"},\"inLanguage\":\"fi\",\"potentialAction\":[{\"@type\":\"ReadAction\",\"target\":[\"https:\/\/suomenkuvalehti.fi\/vallan-mahotonta\/suomen-vastahakoinen-keynesilainen-kaanne\/\"]}]},{\"@type\":\"ImageObject\",\"inLanguage\":\"fi\",\"@id\":\"https:\/\/suomenkuvalehti.fi\/vallan-mahotonta\/suomen-vastahakoinen-keynesilainen-kaanne\/#primaryimage\",\"url\":\"https:\/\/suomenkuvalehti.fi\/vallan-mahotonta\/wp-content\/uploads\/sites\/42\/2020\/06\/49987476907_29d1708e53_c.jpg\",\"contentUrl\":\"https:\/\/suomenkuvalehti.fi\/vallan-mahotonta\/wp-content\/uploads\/sites\/42\/2020\/06\/49987476907_29d1708e53_c.jpg\",\"width\":799,\"height\":533,\"caption\":\"Valtiovarainministeri Matti Vanhanen. L\u00e4hde: https:\/\/www.flickr.com\/photos\/finnishgovernment\/\"},{\"@type\":\"BreadcrumbList\",\"@id\":\"https:\/\/suomenkuvalehti.fi\/vallan-mahotonta\/suomen-vastahakoinen-keynesilainen-kaanne\/#breadcrumb\",\"itemListElement\":[{\"@type\":\"ListItem\",\"position\":1,\"name\":\"Home\",\"item\":\"https:\/\/suomenkuvalehti.fi\/vallan-mahotonta\/\"},{\"@type\":\"ListItem\",\"position\":2,\"name\":\"Suomen vastahakoinen keynesil\u00e4inen k\u00e4\u00e4nne\"}]},{\"@type\":\"WebSite\",\"@id\":\"https:\/\/suomenkuvalehti.fi\/vallan-mahotonta\/#website\",\"url\":\"https:\/\/suomenkuvalehti.fi\/vallan-mahotonta\/\",\"name\":\"Vallan mahotonta!\",\"description\":\"Tutkija Antti Ronkainen seuraa maailmantalouden murrosta.\",\"potentialAction\":[{\"@type\":\"SearchAction\",\"target\":{\"@type\":\"EntryPoint\",\"urlTemplate\":\"https:\/\/suomenkuvalehti.fi\/haku\/?q={search_term_string}\"},\"query-input\":{\"@type\":\"PropertyValueSpecification\",\"valueRequired\":true,\"valueName\":\"search_term_string\"}}],\"inLanguage\":\"fi\"},{\"@type\":\"Person\",\"@id\":\"https:\/\/suomenkuvalehti.fi\/vallan-mahotonta\/#\/schema\/person\/aa34015af7a4bce21e1cdcf566bb57b0\",\"name\":\"Antti Ronkainen\",\"image\":{\"@type\":\"ImageObject\",\"inLanguage\":\"fi\",\"@id\":\"https:\/\/suomenkuvalehti.fi\/vallan-mahotonta\/#\/schema\/person\/image\/\",\"url\":\"https:\/\/suomenkuvalehti.fi\/vallan-mahotonta\/wp-content\/uploads\/sites\/42\/2018\/05\/antti_j_ronkainen_blogi_pieni-150x150.jpg\",\"contentUrl\":\"https:\/\/suomenkuvalehti.fi\/vallan-mahotonta\/wp-content\/uploads\/sites\/42\/2018\/05\/antti_j_ronkainen_blogi_pieni-150x150.jpg\",\"caption\":\"Antti Ronkainen\"},\"description\":\"Antti Ronkainen on poliittisen talouden v\u00e4it\u00f6skirjatutkija Helsingin yliopistolla.\",\"sameAs\":[\"http:\/\/anttironkainen.fi\",\"https:\/\/www.facebook.com\/a.ronkainen\",\"https:\/\/www.instagram.com\/antti.ronkainen\/\",\"https:\/\/x.com\/https:\/\/twitter.com\/anttironkainen\"]}]}<\/script>\n<!-- \/ Yoast SEO plugin. -->","yoast_head_json":{"title":"Suomen vastahakoinen keynesil\u00e4inen k\u00e4\u00e4nne - Vallan mahotonta!","robots":{"index":"index","follow":"follow","max-snippet":"max-snippet:-1","max-image-preview":"max-image-preview:large","max-video-preview":"max-video-preview:-1"},"canonical":"https:\/\/suomenkuvalehti.fi\/vallan-mahotonta\/suomen-vastahakoinen-keynesilainen-kaanne\/","og_locale":"fi_FI","og_type":"article","og_title":"Suomen vastahakoinen keynesil\u00e4inen k\u00e4\u00e4nne - Vallan mahotonta!","og_description":"Suomi kannattaa keynesil\u00e4isyytt\u00e4 kotimaassa, mutta eurooppalaiseen keynesil\u00e4isyyteen Suomi ei viel\u00e4 ole valmis.","og_url":"https:\/\/suomenkuvalehti.fi\/vallan-mahotonta\/suomen-vastahakoinen-keynesilainen-kaanne\/","og_site_name":"Vallan mahotonta!","article_author":"https:\/\/www.facebook.com\/a.ronkainen","article_published_time":"2020-06-15T07:31:44+00:00","og_image":[{"width":799,"height":533,"url":"https:\/\/suomenkuvalehti.fi\/vallan-mahotonta\/wp-content\/uploads\/sites\/42\/2020\/06\/49987476907_29d1708e53_c.jpg","type":"image\/jpeg"}],"author":"Antti Ronkainen","twitter_card":"summary_large_image","twitter_creator":"@https:\/\/twitter.com\/anttironkainen","twitter_misc":{"Written by":"Antti Ronkainen","Est. reading time":"2 minuuttia"},"schema":{"@context":"https:\/\/schema.org","@graph":[{"@type":"WebPage","@id":"https:\/\/suomenkuvalehti.fi\/vallan-mahotonta\/suomen-vastahakoinen-keynesilainen-kaanne\/","url":"https:\/\/suomenkuvalehti.fi\/vallan-mahotonta\/suomen-vastahakoinen-keynesilainen-kaanne\/","name":"Suomen vastahakoinen keynesil\u00e4inen k\u00e4\u00e4nne - Vallan mahotonta!","isPartOf":{"@id":"https:\/\/suomenkuvalehti.fi\/vallan-mahotonta\/#website"},"primaryImageOfPage":{"@id":"https:\/\/suomenkuvalehti.fi\/vallan-mahotonta\/suomen-vastahakoinen-keynesilainen-kaanne\/#primaryimage"},"image":{"@id":"https:\/\/suomenkuvalehti.fi\/vallan-mahotonta\/suomen-vastahakoinen-keynesilainen-kaanne\/#primaryimage"},"thumbnailUrl":"https:\/\/suomenkuvalehti.fi\/vallan-mahotonta\/wp-content\/uploads\/sites\/42\/2020\/06\/49987476907_29d1708e53_c.jpg","datePublished":"2020-06-15T07:31:44+00:00","author":{"@id":"https:\/\/suomenkuvalehti.fi\/vallan-mahotonta\/#\/schema\/person\/aa34015af7a4bce21e1cdcf566bb57b0"},"breadcrumb":{"@id":"https:\/\/suomenkuvalehti.fi\/vallan-mahotonta\/suomen-vastahakoinen-keynesilainen-kaanne\/#breadcrumb"},"inLanguage":"fi","potentialAction":[{"@type":"ReadAction","target":["https:\/\/suomenkuvalehti.fi\/vallan-mahotonta\/suomen-vastahakoinen-keynesilainen-kaanne\/"]}]},{"@type":"ImageObject","inLanguage":"fi","@id":"https:\/\/suomenkuvalehti.fi\/vallan-mahotonta\/suomen-vastahakoinen-keynesilainen-kaanne\/#primaryimage","url":"https:\/\/suomenkuvalehti.fi\/vallan-mahotonta\/wp-content\/uploads\/sites\/42\/2020\/06\/49987476907_29d1708e53_c.jpg","contentUrl":"https:\/\/suomenkuvalehti.fi\/vallan-mahotonta\/wp-content\/uploads\/sites\/42\/2020\/06\/49987476907_29d1708e53_c.jpg","width":799,"height":533,"caption":"Valtiovarainministeri Matti Vanhanen. L\u00e4hde: https:\/\/www.flickr.com\/photos\/finnishgovernment\/"},{"@type":"BreadcrumbList","@id":"https:\/\/suomenkuvalehti.fi\/vallan-mahotonta\/suomen-vastahakoinen-keynesilainen-kaanne\/#breadcrumb","itemListElement":[{"@type":"ListItem","position":1,"name":"Home","item":"https:\/\/suomenkuvalehti.fi\/vallan-mahotonta\/"},{"@type":"ListItem","position":2,"name":"Suomen vastahakoinen keynesil\u00e4inen k\u00e4\u00e4nne"}]},{"@type":"WebSite","@id":"https:\/\/suomenkuvalehti.fi\/vallan-mahotonta\/#website","url":"https:\/\/suomenkuvalehti.fi\/vallan-mahotonta\/","name":"Vallan mahotonta!","description":"Tutkija Antti Ronkainen seuraa maailmantalouden murrosta.","potentialAction":[{"@type":"SearchAction","target":{"@type":"EntryPoint","urlTemplate":"https:\/\/suomenkuvalehti.fi\/haku\/?q={search_term_string}"},"query-input":{"@type":"PropertyValueSpecification","valueRequired":true,"valueName":"search_term_string"}}],"inLanguage":"fi"},{"@type":"Person","@id":"https:\/\/suomenkuvalehti.fi\/vallan-mahotonta\/#\/schema\/person\/aa34015af7a4bce21e1cdcf566bb57b0","name":"Antti Ronkainen","image":{"@type":"ImageObject","inLanguage":"fi","@id":"https:\/\/suomenkuvalehti.fi\/vallan-mahotonta\/#\/schema\/person\/image\/","url":"https:\/\/suomenkuvalehti.fi\/vallan-mahotonta\/wp-content\/uploads\/sites\/42\/2018\/05\/antti_j_ronkainen_blogi_pieni-150x150.jpg","contentUrl":"https:\/\/suomenkuvalehti.fi\/vallan-mahotonta\/wp-content\/uploads\/sites\/42\/2018\/05\/antti_j_ronkainen_blogi_pieni-150x150.jpg","caption":"Antti Ronkainen"},"description":"Antti Ronkainen on poliittisen talouden v\u00e4it\u00f6skirjatutkija Helsingin yliopistolla.","sameAs":["http:\/\/anttironkainen.fi","https:\/\/www.facebook.com\/a.ronkainen","https:\/\/www.instagram.com\/antti.ronkainen\/","https:\/\/x.com\/https:\/\/twitter.com\/anttironkainen"]}]}},"_links":{"self":[{"href":"https:\/\/suomenkuvalehti.fi\/vallan-mahotonta\/wp-json\/wp\/v2\/posts\/4551","targetHints":{"allow":["GET"]}}],"collection":[{"href":"https:\/\/suomenkuvalehti.fi\/vallan-mahotonta\/wp-json\/wp\/v2\/posts"}],"about":[{"href":"https:\/\/suomenkuvalehti.fi\/vallan-mahotonta\/wp-json\/wp\/v2\/types\/post"}],"author":[{"embeddable":true,"href":"https:\/\/suomenkuvalehti.fi\/vallan-mahotonta\/wp-json\/wp\/v2\/users\/37967"}],"replies":[{"embeddable":true,"href":"https:\/\/suomenkuvalehti.fi\/vallan-mahotonta\/wp-json\/wp\/v2\/comments?post=4551"}],"version-history":[{"count":49,"href":"https:\/\/suomenkuvalehti.fi\/vallan-mahotonta\/wp-json\/wp\/v2\/posts\/4551\/revisions"}],"predecessor-version":[{"id":4603,"href":"https:\/\/suomenkuvalehti.fi\/vallan-mahotonta\/wp-json\/wp\/v2\/posts\/4551\/revisions\/4603"}],"wp:featuredmedia":[{"embeddable":true,"href":"https:\/\/suomenkuvalehti.fi\/vallan-mahotonta\/wp-json\/wp\/v2\/media\/4569"}],"wp:attachment":[{"href":"https:\/\/suomenkuvalehti.fi\/vallan-mahotonta\/wp-json\/wp\/v2\/media?parent=4551"}],"wp:term":[{"taxonomy":"category","embeddable":true,"href":"https:\/\/suomenkuvalehti.fi\/vallan-mahotonta\/wp-json\/wp\/v2\/categories?post=4551"},{"taxonomy":"post_tag","embeddable":true,"href":"https:\/\/suomenkuvalehti.fi\/vallan-mahotonta\/wp-json\/wp\/v2\/tags?post=4551"}],"curies":[{"name":"wp","href":"https:\/\/api.w.org\/{rel}","templated":true}]}}