{"id":3955,"date":"2020-03-15T09:41:04","date_gmt":"2020-03-15T07:41:04","guid":{"rendered":"https:\/\/suomenkuvalehti.fi\/vallan-mahotonta\/?p=3955"},"modified":"2020-03-15T19:33:12","modified_gmt":"2020-03-15T17:33:12","slug":"tanaan-lockdownissa-olevan-ranskan-kunnallisvaalit-jokainen-maa-ottaa-koronan-vastaan-tyylillaan","status":"publish","type":"post","link":"https:\/\/suomenkuvalehti.fi\/vallan-mahotonta\/tanaan-lockdownissa-olevan-ranskan-kunnallisvaalit-jokainen-maa-ottaa-koronan-vastaan-tyylillaan\/","title":{"rendered":"T\u00e4n\u00e4\u00e4n lockdownissa olevan Ranskan kunnallisvaalit &#8211; jokainen maa ottaa koronan vastaan tyylill\u00e4\u00e4n"},"content":{"rendered":"\n<p><span class=\"capitalized\">Ranska<\/span> on p\u00e4\u00e4tt\u00e4nyt kielt\u00e4\u00e4 yli 100 henkil\u00f6n tapahtumat ja sulkea Eiffelin tornin, koulut, museot, yliopistot, ravintolat, p\u00e4iv\u00e4kodit, kahvilat, klubit ja elokuvateatterit. Italia ja Espanja ovat menneet viel\u00e4kin pidemm\u00e4lle julistamalla valtakunnalliset ulkonaliikkumiskiellot.<\/p>\n\n\n\n<p>Vaikka suuret maat pyrkiv\u00e4t hillitsem\u00e4\u00e4n kovin ottein koronaviruksen levi\u00e4mist\u00e4, silti t\u00e4n\u00e4\u00e4n sunnuntaina j\u00e4rjestet\u00e4\u00e4n Ranskan kunnallisvaalit, joissa valitaan noin 35 000 pormestaria ja puoli miljoonaa kunnanvaltuutettua. <strong>Emmanuel Macron<\/strong> olisi siirt\u00e4nyt vaalit, mutta republikaanit halusi ne v\u00e4ltt\u00e4m\u00e4tt\u00e4.<\/p>\n\n\n\n<p>P\u00e4\u00e4t\u00f6s on ristiriitainen ja <a href=\"https:\/\/www.france24.com\/en\/20200311-half-a-million-seats-and-a-spoiler-virus-a-guide-to-france-s-municipal-elections\" target=\"_blank\" rel=\"noopener\">jopa noin kolmannes \u00e4\u00e4nest\u00e4jist\u00e4<\/a> harkitsee j\u00e4\u00e4v\u00e4ns\u00e4 kotiin koronaviruksen vuoksi. Luonnollisesti keltaliivit j\u00e4rjestiv\u00e4t eilen Macronin erist\u00e4misp\u00e4\u00e4t\u00f6ksi\u00e4 vastustavia <a href=\"https:\/\/www.straitstimes.com\/world\/teargas-clashes-in-paris-as-yellow-vest-protesters-defy-coronavirus-ban\" target=\"_blank\" rel=\"noopener\">mielenosoituksia<\/a>, jotka p\u00e4\u00e4tyiv\u00e4t kyynelkaasuun, v\u00e4kivaltaisuuksiin ja autojen polttamiseen. Jokainen maa ottaa koronaviruksen vastaan tyylill\u00e4\u00e4n&#8230;<\/p>\n\n\n\n<p><blockquote class=\"twitter-tweet\" data-width=\"550\" data-dnt=\"true\"><p lang=\"fi\" dir=\"ltr\">Muu maailma varustautuu pandemian varalta ja pysyy sis\u00e4tiloissa. Sen sijaan Pariisissa t\u00e4n\u00e4\u00e4n&#8230; <a href=\"https:\/\/t.co\/F05Ua2a6tZ\">https:\/\/t.co\/F05Ua2a6tZ<\/a><\/p>&mdash; Helena Pet\u00e4ist\u00f6 (@PetaistoHelena) <a href=\"https:\/\/twitter.com\/PetaistoHelena\/status\/1238943148493193216?ref_src=twsrc%5Etfw\">March 14, 2020<\/a><\/blockquote><script async src=\"https:\/\/platform.twitter.com\/widgets.js\" charset=\"utf-8\"><\/script><\/p>\n\n\n\n<p>Vaalit voivat tarkoittaa perinteisten vasemmisto- ja oikeistopuolueiden paluuta.<\/p>\n\n\n\n<p>Macronin liike <em>La Republicque En Marche<\/em> ei ole l\u00f6yt\u00e4nyt kolmessa vuodessa omaa <a href=\"https:\/\/www.politico.eu\/article\/macron-the-disrupter-fails-to-convince-at-local-level-paris-mayor-election\/\" target=\"_blank\" rel=\"noopener\">poliittista identiteetti\u00e4<\/a> ja Macronilla on ehdokkaita ainoastaan nelj\u00e4sosassa yli 10 000 asukkaan kaupungeissa. LREM on h\u00e4vi\u00e4m\u00e4ss\u00e4 Pariisin seksiskandaalin takia, mink\u00e4 lis\u00e4ksi vihre\u00e4t ja radikaalioikeisto voivat tarjoilla yll\u00e4tyksi\u00e4.<\/p>\n\n\n\n<p>Macronin vallankumous on kuivumassa, jonka Macron laittaa varmasti koronaviruksen piikkiin.&nbsp;Ranskan vaalit her\u00e4tt\u00e4v\u00e4tkin mielenkiintoisen kysymyksen sosiaalisen erist\u00e4misen ja demokratian suhteesta: koronavirus ja vaalit laittavat oudolla tavalla vastakkain kansalaisten oikeudet ja turvallisuuden.<\/p>\n\n\n\n<p>K\u00e4rkk\u00e4immist\u00e4 kommentaattoreista esimerkiksi <strong>Giorgio Agamben<\/strong> ehti jo maalailla, miten pandemian varjolla luodaan <a href=\"http:\/\/positionswebsite.org\/giorgio-agamben-the-state-of-exception-provoked-by-an-unmotivated-emergency\/\" target=\"_blank\" rel=\"noopener\">pysyv\u00e4 poikkeustila<\/a>, jonka varjolla kansalaisten oikeutta liikkua, kokea, oppia ja kohdata tullaan rajoittamaan pysyv\u00e4sti ja moninverroin tehokkaammin kuin terrorismin kanssa.<\/p>\n\n\n\n<p>Mene ja tied\u00e4 &#8211; joka tapauksessa pandemia asettaa maiden terveydenhuollon \u00e4\u00e4rirajoille, riskiryhmiss\u00e4 olevat hengenvaaraan, eik\u00e4 koronaviruksen kaikkia terveydellisi\u00e4 vaikutuksia viel\u00e4 tiedet\u00e4. Ensi viikot ovatkin merkitt\u00e4v\u00e4t sen suhteen, miten eri maiden eristystoimet toimivat koronaviruksen levi\u00e4misen hillitsemiseksi ja mink\u00e4laisia taloudellisia vaikutuksia lockdowneista seuraa.<\/p>\n\n\n\n<p>Ei niin vakavaa, ettei jotain hauskaakin.<\/p>\n\n\n\n<p>Jos Yhdysvaltain presidentinvaalit siirrett\u00e4isiin koronaviruksen vuoksi, Trumpin virkakausi p\u00e4\u00e4ttyy joka tapauksessa 20.1.2021. Ja vaikka kongressin vaaleja ei j\u00e4rjestett\u00e4isi, alahuoneen johtajan kausi p\u00e4\u00e4ttyy vasta kun seuraava puhemies on valittu. Jos vaalit siis viivytett\u00e4isiin tammikuun lopun yli, Presidential Succession Actin perusteella demokraattien <strong>Nancy Pelosista<\/strong> tulisi Yhdysvaltain presidentti.<\/p>\n\n\n\n<p>Koska vakanssia ei t\u00e4ytt\u00e4isi poikkeustilassa Trump eik\u00e4 todenn\u00e4k\u00f6isesti my\u00f6sk\u00e4\u00e4n kukaan republikaani, Yhdysvaltain vaaleja tuskin tullaan viivytt\u00e4m\u00e4\u00e4n, vaikka helvetti j\u00e4\u00e4tyisi lockdownin seurauksena.<\/p>\n\n\n","protected":false},"excerpt":{"rendered":"<p>Macronin vallankumous on kuivumassa, jonka h\u00e4n voi laittaa koronaviruksen piikkiin.<\/p>\n","protected":false},"author":37967,"featured_media":0,"comment_status":"open","ping_status":"open","sticky":false,"template":"","format":"standard","meta":{"_acf_changed":false,"asauth_required_access_level":3,"asauth_cansharepaid":"true","om_header_attributes":[],"footnotes":"","om_featured_image_focal_point":[],"om_primary_tag":0,"om_contributors":[],"om_co_authors":[],"beyondwords_generate_audio":"","beyondwords_project_id":"","beyondwords_content_id":"","beyondwords_preview_token":"","beyondwords_player_content":"","beyondwords_player_style":"","beyondwords_language_code":"","beyondwords_language_id":"","beyondwords_title_voice_id":"","beyondwords_body_voice_id":"","beyondwords_summary_voice_id":"","beyondwords_error_message":"","beyondwords_disabled":"","beyondwords_delete_content":"","beyondwords_podcast_id":"","beyondwords_hash":"","publish_post_to_speechkit":"","speechkit_hash":"","speechkit_generate_audio":"","speechkit_project_id":"","speechkit_podcast_id":"","speechkit_error_message":"","speechkit_disabled":"","speechkit_access_key":"","speechkit_error":"","speechkit_info":"","speechkit_response":"","speechkit_retries":"","speechkit_status":"","speechkit_updated_at":"","_speechkit_link":"","_speechkit_text":""},"categories":[1],"tags":[6,329,330,5],"class_list":["post-3955","post","type-post","status-publish","format-standard","hentry","category-vallan-mahotonta","tag-emmanuel-macron","tag-koronavirus","tag-lockdown","tag-ranska"],"om_views":null,"acf":{"tuuma_off":false,"tuuma_kysymys":"","tuuma_vastaus":""},"asauth":{"required_access_level":1,"share_token":"","is_paid":false},"yoast_head":"<!-- This site is optimized with the Yoast SEO plugin v26.4 - https:\/\/yoast.com\/wordpress\/plugins\/seo\/ -->\n<title>T\u00e4n\u00e4\u00e4n lockdownissa olevan Ranskan kunnallisvaalit - jokainen maa ottaa koronan vastaan tyylill\u00e4\u00e4n - Vallan mahotonta!<\/title>\n<meta name=\"robots\" content=\"index, follow, max-snippet:-1, max-image-preview:large, max-video-preview:-1\" \/>\n<link rel=\"canonical\" href=\"https:\/\/suomenkuvalehti.fi\/vallan-mahotonta\/tanaan-lockdownissa-olevan-ranskan-kunnallisvaalit-jokainen-maa-ottaa-koronan-vastaan-tyylillaan\/\" \/>\n<meta property=\"og:locale\" content=\"fi_FI\" \/>\n<meta property=\"og:type\" content=\"article\" \/>\n<meta property=\"og:title\" content=\"T\u00e4n\u00e4\u00e4n lockdownissa olevan Ranskan kunnallisvaalit - jokainen maa ottaa koronan vastaan tyylill\u00e4\u00e4n - Vallan mahotonta!\" \/>\n<meta property=\"og:description\" content=\"Macronin vallankumous on kuivumassa, jonka h\u00e4n voi laittaa koronaviruksen piikkiin.\" \/>\n<meta property=\"og:url\" content=\"https:\/\/suomenkuvalehti.fi\/vallan-mahotonta\/tanaan-lockdownissa-olevan-ranskan-kunnallisvaalit-jokainen-maa-ottaa-koronan-vastaan-tyylillaan\/\" \/>\n<meta property=\"og:site_name\" content=\"Vallan mahotonta!\" \/>\n<meta property=\"article:author\" content=\"https:\/\/www.facebook.com\/a.ronkainen\" \/>\n<meta property=\"article:published_time\" content=\"2020-03-15T07:41:04+00:00\" \/>\n<meta property=\"article:modified_time\" content=\"2020-03-15T17:33:12+00:00\" \/>\n<meta property=\"og:image\" content=\"https:\/\/suomenkuvalehti.fi\/vallan-mahotonta\/wp-content\/uploads\/sites\/42\/2018\/05\/antti_j_ronkainen_blogi_pieni.jpg\" \/>\n\t<meta property=\"og:image:width\" content=\"600\" \/>\n\t<meta property=\"og:image:height\" content=\"600\" \/>\n\t<meta property=\"og:image:type\" content=\"image\/jpeg\" \/>\n<meta name=\"author\" content=\"Antti Ronkainen\" \/>\n<meta name=\"twitter:card\" content=\"summary_large_image\" \/>\n<meta name=\"twitter:creator\" content=\"@https:\/\/twitter.com\/anttironkainen\" \/>\n<meta name=\"twitter:label1\" content=\"Written by\" \/>\n\t<meta name=\"twitter:data1\" content=\"Antti Ronkainen\" \/>\n\t<meta name=\"twitter:label2\" content=\"Est. reading time\" \/>\n\t<meta name=\"twitter:data2\" content=\"2 minuuttia\" \/>\n<script type=\"application\/ld+json\" class=\"yoast-schema-graph\">{\"@context\":\"https:\/\/schema.org\",\"@graph\":[{\"@type\":\"WebPage\",\"@id\":\"https:\/\/suomenkuvalehti.fi\/vallan-mahotonta\/tanaan-lockdownissa-olevan-ranskan-kunnallisvaalit-jokainen-maa-ottaa-koronan-vastaan-tyylillaan\/\",\"url\":\"https:\/\/suomenkuvalehti.fi\/vallan-mahotonta\/tanaan-lockdownissa-olevan-ranskan-kunnallisvaalit-jokainen-maa-ottaa-koronan-vastaan-tyylillaan\/\",\"name\":\"T\u00e4n\u00e4\u00e4n lockdownissa olevan Ranskan kunnallisvaalit - jokainen maa ottaa koronan vastaan tyylill\u00e4\u00e4n - Vallan mahotonta!\",\"isPartOf\":{\"@id\":\"https:\/\/suomenkuvalehti.fi\/vallan-mahotonta\/#website\"},\"datePublished\":\"2020-03-15T07:41:04+00:00\",\"dateModified\":\"2020-03-15T17:33:12+00:00\",\"author\":{\"@id\":\"https:\/\/suomenkuvalehti.fi\/vallan-mahotonta\/#\/schema\/person\/aa34015af7a4bce21e1cdcf566bb57b0\"},\"breadcrumb\":{\"@id\":\"https:\/\/suomenkuvalehti.fi\/vallan-mahotonta\/tanaan-lockdownissa-olevan-ranskan-kunnallisvaalit-jokainen-maa-ottaa-koronan-vastaan-tyylillaan\/#breadcrumb\"},\"inLanguage\":\"fi\",\"potentialAction\":[{\"@type\":\"ReadAction\",\"target\":[\"https:\/\/suomenkuvalehti.fi\/vallan-mahotonta\/tanaan-lockdownissa-olevan-ranskan-kunnallisvaalit-jokainen-maa-ottaa-koronan-vastaan-tyylillaan\/\"]}]},{\"@type\":\"BreadcrumbList\",\"@id\":\"https:\/\/suomenkuvalehti.fi\/vallan-mahotonta\/tanaan-lockdownissa-olevan-ranskan-kunnallisvaalit-jokainen-maa-ottaa-koronan-vastaan-tyylillaan\/#breadcrumb\",\"itemListElement\":[{\"@type\":\"ListItem\",\"position\":1,\"name\":\"Home\",\"item\":\"https:\/\/suomenkuvalehti.fi\/vallan-mahotonta\/\"},{\"@type\":\"ListItem\",\"position\":2,\"name\":\"T\u00e4n\u00e4\u00e4n lockdownissa olevan Ranskan kunnallisvaalit &#8211; jokainen maa ottaa koronan vastaan tyylill\u00e4\u00e4n\"}]},{\"@type\":\"WebSite\",\"@id\":\"https:\/\/suomenkuvalehti.fi\/vallan-mahotonta\/#website\",\"url\":\"https:\/\/suomenkuvalehti.fi\/vallan-mahotonta\/\",\"name\":\"Vallan mahotonta!\",\"description\":\"Tutkija Antti Ronkainen seuraa maailmantalouden murrosta.\",\"potentialAction\":[{\"@type\":\"SearchAction\",\"target\":{\"@type\":\"EntryPoint\",\"urlTemplate\":\"https:\/\/suomenkuvalehti.fi\/haku\/?q={search_term_string}\"},\"query-input\":{\"@type\":\"PropertyValueSpecification\",\"valueRequired\":true,\"valueName\":\"search_term_string\"}}],\"inLanguage\":\"fi\"},{\"@type\":\"Person\",\"@id\":\"https:\/\/suomenkuvalehti.fi\/vallan-mahotonta\/#\/schema\/person\/aa34015af7a4bce21e1cdcf566bb57b0\",\"name\":\"Antti Ronkainen\",\"image\":{\"@type\":\"ImageObject\",\"inLanguage\":\"fi\",\"@id\":\"https:\/\/suomenkuvalehti.fi\/vallan-mahotonta\/#\/schema\/person\/image\/\",\"url\":\"https:\/\/suomenkuvalehti.fi\/vallan-mahotonta\/wp-content\/uploads\/sites\/42\/2018\/05\/antti_j_ronkainen_blogi_pieni-150x150.jpg\",\"contentUrl\":\"https:\/\/suomenkuvalehti.fi\/vallan-mahotonta\/wp-content\/uploads\/sites\/42\/2018\/05\/antti_j_ronkainen_blogi_pieni-150x150.jpg\",\"caption\":\"Antti Ronkainen\"},\"description\":\"Antti Ronkainen on poliittisen talouden v\u00e4it\u00f6skirjatutkija Helsingin yliopistolla.\",\"sameAs\":[\"http:\/\/anttironkainen.fi\",\"https:\/\/www.facebook.com\/a.ronkainen\",\"https:\/\/www.instagram.com\/antti.ronkainen\/\",\"https:\/\/x.com\/https:\/\/twitter.com\/anttironkainen\"]}]}<\/script>\n<!-- \/ Yoast SEO plugin. -->","yoast_head_json":{"title":"T\u00e4n\u00e4\u00e4n lockdownissa olevan Ranskan kunnallisvaalit - jokainen maa ottaa koronan vastaan tyylill\u00e4\u00e4n - Vallan mahotonta!","robots":{"index":"index","follow":"follow","max-snippet":"max-snippet:-1","max-image-preview":"max-image-preview:large","max-video-preview":"max-video-preview:-1"},"canonical":"https:\/\/suomenkuvalehti.fi\/vallan-mahotonta\/tanaan-lockdownissa-olevan-ranskan-kunnallisvaalit-jokainen-maa-ottaa-koronan-vastaan-tyylillaan\/","og_locale":"fi_FI","og_type":"article","og_title":"T\u00e4n\u00e4\u00e4n lockdownissa olevan Ranskan kunnallisvaalit - jokainen maa ottaa koronan vastaan tyylill\u00e4\u00e4n - Vallan mahotonta!","og_description":"Macronin vallankumous on kuivumassa, jonka h\u00e4n voi laittaa koronaviruksen piikkiin.","og_url":"https:\/\/suomenkuvalehti.fi\/vallan-mahotonta\/tanaan-lockdownissa-olevan-ranskan-kunnallisvaalit-jokainen-maa-ottaa-koronan-vastaan-tyylillaan\/","og_site_name":"Vallan mahotonta!","article_author":"https:\/\/www.facebook.com\/a.ronkainen","article_published_time":"2020-03-15T07:41:04+00:00","article_modified_time":"2020-03-15T17:33:12+00:00","og_image":[{"width":600,"height":600,"url":"https:\/\/suomenkuvalehti.fi\/vallan-mahotonta\/wp-content\/uploads\/sites\/42\/2018\/05\/antti_j_ronkainen_blogi_pieni.jpg","type":"image\/jpeg"}],"author":"Antti Ronkainen","twitter_card":"summary_large_image","twitter_creator":"@https:\/\/twitter.com\/anttironkainen","twitter_misc":{"Written by":"Antti Ronkainen","Est. reading time":"2 minuuttia"},"schema":{"@context":"https:\/\/schema.org","@graph":[{"@type":"WebPage","@id":"https:\/\/suomenkuvalehti.fi\/vallan-mahotonta\/tanaan-lockdownissa-olevan-ranskan-kunnallisvaalit-jokainen-maa-ottaa-koronan-vastaan-tyylillaan\/","url":"https:\/\/suomenkuvalehti.fi\/vallan-mahotonta\/tanaan-lockdownissa-olevan-ranskan-kunnallisvaalit-jokainen-maa-ottaa-koronan-vastaan-tyylillaan\/","name":"T\u00e4n\u00e4\u00e4n lockdownissa olevan Ranskan kunnallisvaalit - jokainen maa ottaa koronan vastaan tyylill\u00e4\u00e4n - Vallan mahotonta!","isPartOf":{"@id":"https:\/\/suomenkuvalehti.fi\/vallan-mahotonta\/#website"},"datePublished":"2020-03-15T07:41:04+00:00","dateModified":"2020-03-15T17:33:12+00:00","author":{"@id":"https:\/\/suomenkuvalehti.fi\/vallan-mahotonta\/#\/schema\/person\/aa34015af7a4bce21e1cdcf566bb57b0"},"breadcrumb":{"@id":"https:\/\/suomenkuvalehti.fi\/vallan-mahotonta\/tanaan-lockdownissa-olevan-ranskan-kunnallisvaalit-jokainen-maa-ottaa-koronan-vastaan-tyylillaan\/#breadcrumb"},"inLanguage":"fi","potentialAction":[{"@type":"ReadAction","target":["https:\/\/suomenkuvalehti.fi\/vallan-mahotonta\/tanaan-lockdownissa-olevan-ranskan-kunnallisvaalit-jokainen-maa-ottaa-koronan-vastaan-tyylillaan\/"]}]},{"@type":"BreadcrumbList","@id":"https:\/\/suomenkuvalehti.fi\/vallan-mahotonta\/tanaan-lockdownissa-olevan-ranskan-kunnallisvaalit-jokainen-maa-ottaa-koronan-vastaan-tyylillaan\/#breadcrumb","itemListElement":[{"@type":"ListItem","position":1,"name":"Home","item":"https:\/\/suomenkuvalehti.fi\/vallan-mahotonta\/"},{"@type":"ListItem","position":2,"name":"T\u00e4n\u00e4\u00e4n lockdownissa olevan Ranskan kunnallisvaalit &#8211; jokainen maa ottaa koronan vastaan tyylill\u00e4\u00e4n"}]},{"@type":"WebSite","@id":"https:\/\/suomenkuvalehti.fi\/vallan-mahotonta\/#website","url":"https:\/\/suomenkuvalehti.fi\/vallan-mahotonta\/","name":"Vallan mahotonta!","description":"Tutkija Antti Ronkainen seuraa maailmantalouden murrosta.","potentialAction":[{"@type":"SearchAction","target":{"@type":"EntryPoint","urlTemplate":"https:\/\/suomenkuvalehti.fi\/haku\/?q={search_term_string}"},"query-input":{"@type":"PropertyValueSpecification","valueRequired":true,"valueName":"search_term_string"}}],"inLanguage":"fi"},{"@type":"Person","@id":"https:\/\/suomenkuvalehti.fi\/vallan-mahotonta\/#\/schema\/person\/aa34015af7a4bce21e1cdcf566bb57b0","name":"Antti Ronkainen","image":{"@type":"ImageObject","inLanguage":"fi","@id":"https:\/\/suomenkuvalehti.fi\/vallan-mahotonta\/#\/schema\/person\/image\/","url":"https:\/\/suomenkuvalehti.fi\/vallan-mahotonta\/wp-content\/uploads\/sites\/42\/2018\/05\/antti_j_ronkainen_blogi_pieni-150x150.jpg","contentUrl":"https:\/\/suomenkuvalehti.fi\/vallan-mahotonta\/wp-content\/uploads\/sites\/42\/2018\/05\/antti_j_ronkainen_blogi_pieni-150x150.jpg","caption":"Antti Ronkainen"},"description":"Antti Ronkainen on poliittisen talouden v\u00e4it\u00f6skirjatutkija Helsingin yliopistolla.","sameAs":["http:\/\/anttironkainen.fi","https:\/\/www.facebook.com\/a.ronkainen","https:\/\/www.instagram.com\/antti.ronkainen\/","https:\/\/x.com\/https:\/\/twitter.com\/anttironkainen"]}]}},"_links":{"self":[{"href":"https:\/\/suomenkuvalehti.fi\/vallan-mahotonta\/wp-json\/wp\/v2\/posts\/3955","targetHints":{"allow":["GET"]}}],"collection":[{"href":"https:\/\/suomenkuvalehti.fi\/vallan-mahotonta\/wp-json\/wp\/v2\/posts"}],"about":[{"href":"https:\/\/suomenkuvalehti.fi\/vallan-mahotonta\/wp-json\/wp\/v2\/types\/post"}],"author":[{"embeddable":true,"href":"https:\/\/suomenkuvalehti.fi\/vallan-mahotonta\/wp-json\/wp\/v2\/users\/37967"}],"replies":[{"embeddable":true,"href":"https:\/\/suomenkuvalehti.fi\/vallan-mahotonta\/wp-json\/wp\/v2\/comments?post=3955"}],"version-history":[{"count":33,"href":"https:\/\/suomenkuvalehti.fi\/vallan-mahotonta\/wp-json\/wp\/v2\/posts\/3955\/revisions"}],"predecessor-version":[{"id":3989,"href":"https:\/\/suomenkuvalehti.fi\/vallan-mahotonta\/wp-json\/wp\/v2\/posts\/3955\/revisions\/3989"}],"wp:attachment":[{"href":"https:\/\/suomenkuvalehti.fi\/vallan-mahotonta\/wp-json\/wp\/v2\/media?parent=3955"}],"wp:term":[{"taxonomy":"category","embeddable":true,"href":"https:\/\/suomenkuvalehti.fi\/vallan-mahotonta\/wp-json\/wp\/v2\/categories?post=3955"},{"taxonomy":"post_tag","embeddable":true,"href":"https:\/\/suomenkuvalehti.fi\/vallan-mahotonta\/wp-json\/wp\/v2\/tags?post=3955"}],"curies":[{"name":"wp","href":"https:\/\/api.w.org\/{rel}","templated":true}]}}