{"id":3946,"date":"2020-03-16T09:21:54","date_gmt":"2020-03-16T07:21:54","guid":{"rendered":"https:\/\/suomenkuvalehti.fi\/vallan-mahotonta\/?p=3946"},"modified":"2020-03-16T10:37:09","modified_gmt":"2020-03-16T08:37:09","slug":"finanssikriisi-on-ovella-koronavirus-pakottaa-vihollisetkin-yhteistyohon","status":"publish","type":"post","link":"https:\/\/suomenkuvalehti.fi\/vallan-mahotonta\/finanssikriisi-on-ovella-koronavirus-pakottaa-vihollisetkin-yhteistyohon\/","title":{"rendered":"Finanssikriisi on ovella, koronavirus pakottaa vihollisetkin yhteisty\u00f6h\u00f6n"},"content":{"rendered":"\n<p><span class=\"capitalized\">Koronavirus<\/span> ei ole mik\u00e4 tahansa kulkutauti. Se levisi pandemiaksi ja muuttui vallankumoukselliseksi voimaksi, joka laittoi globaalin kapitalismin polvilleen.<\/p>\n\n\n\n<p>Markkinat rommaavat t\u00e4ll\u00e4 hetkell\u00e4, vaikka Yhdysvaltain keskuspankki (Fed) <a href=\"https:\/\/www.federalreserve.gov\/newsevents\/pressreleases\/monetary20200315a.htm\" target=\"_blank\" rel=\"noopener\">laski viime y\u00f6n\u00e4<\/a> ohjauskoron nollaan, aloitti 700 miljardin velkakirjaostot ja ilmoitti sopineensa valuuttasw\u00e4ppej\u00e4 viiden muun keskuspankin kanssa. Fed julkaisee taloudellisia ennusteita vasta kes\u00e4ll\u00e4, koska tilanne on t\u00e4ll\u00e4 hetkell\u00e4 niin sekava.<\/p>\n\n\n\n<p>Fed teki k\u00e4yt\u00e4nn\u00f6ss\u00e4 kaiken, mit\u00e4 <strong>Donald Trump<\/strong> on vaatinut. Nyt markkinat kertovat Trumpille ja maailman poliitikoille, ett\u00e4 keskuspankit eiv\u00e4t voi hoitaa koronaviruksen kaltaista h\u00e4iri\u00f6tilaa. Paniikki johtuu siit\u00e4, ett\u00e4 markkinat pelk\u00e4\u00e4v\u00e4t, ett\u00e4 poliitikot eiv\u00e4t tee tarpeeksi.<\/p>\n\n\n\n<p>Koronavirus on aiheuttanut jo vallankumouksen Saksassa.<\/p>\n\n\n\n<p><strong>Angela Merkel<\/strong> ilmoitti eilen sulkevansa Saksan rajat It\u00e4valtaan, Sveitsiin ja Ranskaan. Lis\u00e4ksi valtiovarainministeri <strong>Olaf Scholz<\/strong> on sanonut Saksan luopuvan nollabudjeteista (<span class=\"st\">schwarze null<\/span>) ja kehoittanut muitakin valtioita elvytt\u00e4m\u00e4\u00e4n. Kuka olisi arvannut, ett\u00e4 koronavirus saa Saksassa aikaan muutamassa viikossa enemm\u00e4n kuin pakolaiskriisi ja eurokriisi yhteens\u00e4?<\/p>\n\n\n\n<p>Koronaviruksen taloudelliset vaikutukset ovat moninaiset ja valtavat.<\/p>\n\n\n\n<p>Maat vastaavat koronaviruksen levi\u00e4miseen ulkonaliikkumiskielloilla, sulkemalla museot, koulut, klubit, ravintolat ja lopulta rajansa. Lockdownien, matkustuskieltojen ja rajavalvonnan seurauksena taloudellinen aktiivisuus romahtaa, joka aiheuttaa sek\u00e4 tarjontashokin ett\u00e4 kysynt\u00e4shokin.<\/p>\n\n\n\n<p>Koronaviruksen ristiriita on siin\u00e4, ett\u00e4 mit\u00e4 valtavammat teot levi\u00e4misen hillitsemiseksi, sen kovempi taloudellinen kyykk\u00e4ys. Kiinan teollisuustuotanto <a href=\"https:\/\/www.bloomberg.com\/news\/articles\/2020-03-16\/china-manufacturing-and-retail-contract-for-first-time-on-virus?sref=61mHmpU4\" target=\"_blank\" rel=\"noopener\">putosi esimerkiksi tammi-helmikuussa<\/a> yli 10 prosenttia, myynti ja investoinnit yli 20 prosenttia. Talousviisaiden mukaan <a href=\"https:\/\/www.hs.fi\/talous\/art-2000006440359.html\" target=\"_blank\" rel=\"noopener\">maailmantalous on jo taantumassa<\/a>.<\/p>\n\n\n\n<p>Lockdownien ja taantuman seurauksena kasvavat ongelmalainat, mik\u00e4 voi levit\u00e4 uudeksi eurokriisiksi. Esimerkiksi <strong>Ashoka Mody<\/strong> on arvioinut, ett\u00e4 pelk\u00e4st\u00e4\u00e4n <a href=\"https:\/\/www.marketwatch.com\/story\/italy-will-need-a-precautionary-bailout-a-financial-firewall-as-coronavirus-pushes-it-to-the-brink-2020-03-10\" target=\"_blank\" rel=\"noopener\">Italia tarvitsee nopeasti<\/a> 500-700 miljardin tukipaketin Euroopan keskuspankilta. Toistaiseksi tukipaketit ovat olleet kymmenien miljardien kokoluokkaa.<\/p>\n\n\n\n<p>Nyt markkinat seurailevat koronaviruksen levi\u00e4misen lis\u00e4ksi sit\u00e4, <span class=\"css-901oao css-16my406 r-1qd0xha r-ad9z0x r-bcqeeo r-qvutc0\">miten hyvin ja koordinoidusti poliitikot onnistuvat vastaamaan viruksen kansanterveydellisiin ja kansantaloudellisiin seurauksiin. Jos tarjonta- ja kysynt\u00e4shokkien lis\u00e4ksi katkeavat globaalit velkaketjut, seurauksena on uusi finanssikriisi. <\/span><\/p>\n\n\n\n<p><a href=\"https:\/\/valtioneuvosto.fi\/artikkeli\/-\/asset_publisher\/10616\/sallistava-ja-osaava-suomi-sosiaalisesti-taloudellisesti-ja-ekologisesti-kestava-yhteiskunta\" target=\"_blank\" rel=\"noopener\">Hallitusohjelman<\/a> mukaan Suomi tavoittelee budjettitasapainoa vuonna 2023 &#8221;normaalin kansainv\u00e4lisen talouden tilanteessa&#8221;. Nykyinen h\u00e4iri\u00f6 on ep\u00e4normaaliutta steroideilla, joten hallituksen tulisi luopua Saksan tavoin tasapainotavoitteesta, taata terveydenhuollon resurssit ja vastata viruksen aiheuttamiin shokkeihin. Talouskomissaari <strong>Paolo Gentilonin<\/strong> mukaan budjettis\u00e4\u00e4nt\u00f6j\u00e4 tullaan l\u00f6ys\u00e4\u00e4m\u00e4\u00e4n, jotta maat voivat vastata vapaasti koronaan.<\/p>\n\n\n\n<p>75-ty\u00f6llisyystavoitteesta ei v\u00e4ltt\u00e4m\u00e4tt\u00e4 tarvitse luopua, mutta sit\u00e4kin tulee tarkastella vasta kun koronaviruksen vaikutukset alkavat n\u00e4ky\u00e4. P\u00e4\u00e4kirjoitukset ja talouslehdet voivat unohtaa naljailun tietopohjaisuudesta ja p\u00e4\u00e4t\u00f6sper\u00e4isist\u00e4 ty\u00f6paikoista hetkeksi, koska koronaviruksen seurauksia ei ymm\u00e4rret\u00e4 t\u00e4ss\u00e4 vaiheessa.<\/p>\n\n\n\n<p>Koronavirus on kuin tieteiselokuva, jossa yhdistyy <em>Watchmen<\/em> ja <em>12 apinaa<\/em>.<\/p>\n\n\n\n<p>Se edellytt\u00e4\u00e4 ep\u00e4tavanomaista yhteisty\u00f6t\u00e4 poliittisten vihollisten sek\u00e4 keskuspankkien ja valtioiden v\u00e4lill\u00e4.&nbsp;Trumpin t\u00e4h\u00e4nastinen koronaviruksen hoito on ollut farssi, mutta Trumpin ja kongressin toimintakyky m\u00e4\u00e4rittelee paljon l\u00e4ntisen maailman vastausta koronaviruksen aiheuttamaan kaaokseen.<\/p>\n\n\n\n<p>T\u00e4n\u00e4\u00e4n on G7-maiden ja Euroopan valtiovarainministereiden ylim\u00e4\u00e4r\u00e4iset kokoukset, joilta odotetaan paljon.<\/p>\n\n\n\n<p>Markkinat eiv\u00e4t ole rauhoittuneet valtioiden pienist\u00e4 tukipaketeista, joten poliitikkojen kannattaisi kokeilla, rauhoittuvatko markkinat suuremmista, pysyvimmist\u00e4 ja kollektiivisimmista toimista. \u00c4\u00e4rimm\u00e4isess\u00e4 tapauksessa keskuspankit joutuvat tukemaan valtioita rajattomasti siihen asti kunnes levi\u00e4minen saadaan hallintaan tai rokote keksit\u00e4\u00e4n.<\/p>\n\n\n\n<p>Sosten p\u00e4\u00e4ekonomisti <a href=\"https:\/\/twitter.com\/ahokasjaj\/status\/1238004506757079040\" target=\"_blank\" rel=\"noopener\"><strong>Jussi Ahokas<\/strong><\/a> totesi jo viime viikolla, ett\u00e4 koronavirus &#8221;<span class=\"css-901oao css-16my406 r-1qd0xha r-ad9z0x r-bcqeeo r-qvutc0\">paljastaa kaikki tiukoiksi kuvitellut talousrajoitteet (alij\u00e4\u00e4m\u00e4t, velkataso) vain poliittisiksi.&#8221; <\/span><span class=\"css-901oao css-16my406 r-1qd0xha r-ad9z0x r-bcqeeo r-qvutc0\">Ahokkaan mukaan t\u00e4t\u00e4 on politiikka: k<\/span><span class=\"css-901oao css-16my406 r-1qd0xha r-ad9z0x r-bcqeeo r-qvutc0\">un on jaettu kriisi, ihmisten sopimuksiin perustuva talousj\u00e4rjestelm\u00e4 joustaa. <\/span><\/p>\n\n\n\n<p>Tulevat viikot n\u00e4ytt\u00e4v\u00e4t, joustaako tarpeeksi. This time is different?<\/p>\n\n\n\n<p><blockquote class=\"twitter-tweet\" data-width=\"550\" data-dnt=\"true\"><p lang=\"und\" dir=\"ltr\"> <a href=\"https:\/\/t.co\/gUUn6rIhaT\">pic.twitter.com\/gUUn6rIhaT<\/a><\/p>&mdash; Ethan Hawley (@ethanhawleypub) <a href=\"https:\/\/twitter.com\/ethanhawleypub\/status\/1239320429766086658?ref_src=twsrc%5Etfw\">March 15, 2020<\/a><\/blockquote><script async src=\"https:\/\/platform.twitter.com\/widgets.js\" charset=\"utf-8\"><\/script><\/p>\n\n\n","protected":false},"excerpt":{"rendered":"<p>Markkinat panikoivat, ett\u00e4 poliitikot eiv\u00e4t tee tarpeeksi. <\/p>\n","protected":false},"author":37967,"featured_media":0,"comment_status":"closed","ping_status":"closed","sticky":false,"template":"","format":"standard","meta":{"_acf_changed":false,"asauth_required_access_level":0,"asauth_cansharepaid":"","om_header_attributes":[],"footnotes":"","om_featured_image_focal_point":[],"om_primary_tag":0,"om_contributors":[],"om_co_authors":[],"beyondwords_generate_audio":"","beyondwords_project_id":"","beyondwords_content_id":"","beyondwords_preview_token":"","beyondwords_player_content":"","beyondwords_player_style":"","beyondwords_language_code":"","beyondwords_language_id":"","beyondwords_title_voice_id":"","beyondwords_body_voice_id":"","beyondwords_summary_voice_id":"","beyondwords_error_message":"","beyondwords_disabled":"","beyondwords_delete_content":"","beyondwords_podcast_id":"","beyondwords_hash":"","publish_post_to_speechkit":"","speechkit_hash":"","speechkit_generate_audio":"","speechkit_project_id":"","speechkit_podcast_id":"","speechkit_error_message":"","speechkit_disabled":"","speechkit_access_key":"","speechkit_error":"","speechkit_info":"","speechkit_response":"","speechkit_retries":"","speechkit_status":"","speechkit_updated_at":"","_speechkit_link":"","_speechkit_text":""},"categories":[1],"tags":[39,174,329,331,172],"class_list":["post-3946","post","type-post","status-publish","format-standard","hentry","category-vallan-mahotonta","tag-donald-trump","tag-finanssikriisi","tag-koronavirus","tag-pandemia","tag-yhdysvaltain-keskuspankki"],"om_views":null,"acf":{"tuuma_off":false,"tuuma_kysymys":"","tuuma_vastaus":""},"asauth":{"required_access_level":1,"share_token":"","is_paid":false},"yoast_head":"<!-- This site is optimized with the Yoast SEO plugin v26.4 - https:\/\/yoast.com\/wordpress\/plugins\/seo\/ -->\n<title>Finanssikriisi on ovella, koronavirus pakottaa vihollisetkin yhteisty\u00f6h\u00f6n - Vallan mahotonta!<\/title>\n<meta name=\"robots\" content=\"index, follow, max-snippet:-1, max-image-preview:large, max-video-preview:-1\" \/>\n<link rel=\"canonical\" href=\"https:\/\/suomenkuvalehti.fi\/vallan-mahotonta\/finanssikriisi-on-ovella-koronavirus-pakottaa-vihollisetkin-yhteistyohon\/\" \/>\n<meta property=\"og:locale\" content=\"fi_FI\" \/>\n<meta property=\"og:type\" content=\"article\" \/>\n<meta property=\"og:title\" content=\"Finanssikriisi on ovella, koronavirus pakottaa vihollisetkin yhteisty\u00f6h\u00f6n - Vallan mahotonta!\" \/>\n<meta property=\"og:description\" content=\"Markkinat panikoivat, ett\u00e4 poliitikot eiv\u00e4t tee tarpeeksi.\" \/>\n<meta property=\"og:url\" content=\"https:\/\/suomenkuvalehti.fi\/vallan-mahotonta\/finanssikriisi-on-ovella-koronavirus-pakottaa-vihollisetkin-yhteistyohon\/\" \/>\n<meta property=\"og:site_name\" content=\"Vallan mahotonta!\" \/>\n<meta property=\"article:author\" content=\"https:\/\/www.facebook.com\/a.ronkainen\" \/>\n<meta property=\"article:published_time\" content=\"2020-03-16T07:21:54+00:00\" \/>\n<meta property=\"article:modified_time\" content=\"2020-03-16T08:37:09+00:00\" \/>\n<meta property=\"og:image\" content=\"https:\/\/suomenkuvalehti.fi\/vallan-mahotonta\/wp-content\/uploads\/sites\/42\/2018\/05\/antti_j_ronkainen_blogi_pieni.jpg\" \/>\n\t<meta property=\"og:image:width\" content=\"600\" \/>\n\t<meta property=\"og:image:height\" content=\"600\" \/>\n\t<meta property=\"og:image:type\" content=\"image\/jpeg\" \/>\n<meta name=\"author\" content=\"Antti Ronkainen\" \/>\n<meta name=\"twitter:card\" content=\"summary_large_image\" \/>\n<meta name=\"twitter:creator\" content=\"@https:\/\/twitter.com\/anttironkainen\" \/>\n<meta name=\"twitter:label1\" content=\"Written by\" \/>\n\t<meta name=\"twitter:data1\" content=\"Antti Ronkainen\" \/>\n\t<meta name=\"twitter:label2\" content=\"Est. reading time\" \/>\n\t<meta name=\"twitter:data2\" content=\"3 minuuttia\" \/>\n<script type=\"application\/ld+json\" class=\"yoast-schema-graph\">{\"@context\":\"https:\/\/schema.org\",\"@graph\":[{\"@type\":\"WebPage\",\"@id\":\"https:\/\/suomenkuvalehti.fi\/vallan-mahotonta\/finanssikriisi-on-ovella-koronavirus-pakottaa-vihollisetkin-yhteistyohon\/\",\"url\":\"https:\/\/suomenkuvalehti.fi\/vallan-mahotonta\/finanssikriisi-on-ovella-koronavirus-pakottaa-vihollisetkin-yhteistyohon\/\",\"name\":\"Finanssikriisi on ovella, koronavirus pakottaa vihollisetkin yhteisty\u00f6h\u00f6n - Vallan mahotonta!\",\"isPartOf\":{\"@id\":\"https:\/\/suomenkuvalehti.fi\/vallan-mahotonta\/#website\"},\"datePublished\":\"2020-03-16T07:21:54+00:00\",\"dateModified\":\"2020-03-16T08:37:09+00:00\",\"author\":{\"@id\":\"https:\/\/suomenkuvalehti.fi\/vallan-mahotonta\/#\/schema\/person\/aa34015af7a4bce21e1cdcf566bb57b0\"},\"breadcrumb\":{\"@id\":\"https:\/\/suomenkuvalehti.fi\/vallan-mahotonta\/finanssikriisi-on-ovella-koronavirus-pakottaa-vihollisetkin-yhteistyohon\/#breadcrumb\"},\"inLanguage\":\"fi\",\"potentialAction\":[{\"@type\":\"ReadAction\",\"target\":[\"https:\/\/suomenkuvalehti.fi\/vallan-mahotonta\/finanssikriisi-on-ovella-koronavirus-pakottaa-vihollisetkin-yhteistyohon\/\"]}]},{\"@type\":\"BreadcrumbList\",\"@id\":\"https:\/\/suomenkuvalehti.fi\/vallan-mahotonta\/finanssikriisi-on-ovella-koronavirus-pakottaa-vihollisetkin-yhteistyohon\/#breadcrumb\",\"itemListElement\":[{\"@type\":\"ListItem\",\"position\":1,\"name\":\"Home\",\"item\":\"https:\/\/suomenkuvalehti.fi\/vallan-mahotonta\/\"},{\"@type\":\"ListItem\",\"position\":2,\"name\":\"Finanssikriisi on ovella, koronavirus pakottaa vihollisetkin yhteisty\u00f6h\u00f6n\"}]},{\"@type\":\"WebSite\",\"@id\":\"https:\/\/suomenkuvalehti.fi\/vallan-mahotonta\/#website\",\"url\":\"https:\/\/suomenkuvalehti.fi\/vallan-mahotonta\/\",\"name\":\"Vallan mahotonta!\",\"description\":\"Tutkija Antti Ronkainen seuraa maailmantalouden murrosta.\",\"potentialAction\":[{\"@type\":\"SearchAction\",\"target\":{\"@type\":\"EntryPoint\",\"urlTemplate\":\"https:\/\/suomenkuvalehti.fi\/haku\/?q={search_term_string}\"},\"query-input\":{\"@type\":\"PropertyValueSpecification\",\"valueRequired\":true,\"valueName\":\"search_term_string\"}}],\"inLanguage\":\"fi\"},{\"@type\":\"Person\",\"@id\":\"https:\/\/suomenkuvalehti.fi\/vallan-mahotonta\/#\/schema\/person\/aa34015af7a4bce21e1cdcf566bb57b0\",\"name\":\"Antti Ronkainen\",\"image\":{\"@type\":\"ImageObject\",\"inLanguage\":\"fi\",\"@id\":\"https:\/\/suomenkuvalehti.fi\/vallan-mahotonta\/#\/schema\/person\/image\/\",\"url\":\"https:\/\/suomenkuvalehti.fi\/vallan-mahotonta\/wp-content\/uploads\/sites\/42\/2018\/05\/antti_j_ronkainen_blogi_pieni-150x150.jpg\",\"contentUrl\":\"https:\/\/suomenkuvalehti.fi\/vallan-mahotonta\/wp-content\/uploads\/sites\/42\/2018\/05\/antti_j_ronkainen_blogi_pieni-150x150.jpg\",\"caption\":\"Antti Ronkainen\"},\"description\":\"Antti Ronkainen on poliittisen talouden v\u00e4it\u00f6skirjatutkija Helsingin yliopistolla.\",\"sameAs\":[\"http:\/\/anttironkainen.fi\",\"https:\/\/www.facebook.com\/a.ronkainen\",\"https:\/\/www.instagram.com\/antti.ronkainen\/\",\"https:\/\/x.com\/https:\/\/twitter.com\/anttironkainen\"]}]}<\/script>\n<!-- \/ Yoast SEO plugin. -->","yoast_head_json":{"title":"Finanssikriisi on ovella, koronavirus pakottaa vihollisetkin yhteisty\u00f6h\u00f6n - Vallan mahotonta!","robots":{"index":"index","follow":"follow","max-snippet":"max-snippet:-1","max-image-preview":"max-image-preview:large","max-video-preview":"max-video-preview:-1"},"canonical":"https:\/\/suomenkuvalehti.fi\/vallan-mahotonta\/finanssikriisi-on-ovella-koronavirus-pakottaa-vihollisetkin-yhteistyohon\/","og_locale":"fi_FI","og_type":"article","og_title":"Finanssikriisi on ovella, koronavirus pakottaa vihollisetkin yhteisty\u00f6h\u00f6n - Vallan mahotonta!","og_description":"Markkinat panikoivat, ett\u00e4 poliitikot eiv\u00e4t tee tarpeeksi.","og_url":"https:\/\/suomenkuvalehti.fi\/vallan-mahotonta\/finanssikriisi-on-ovella-koronavirus-pakottaa-vihollisetkin-yhteistyohon\/","og_site_name":"Vallan mahotonta!","article_author":"https:\/\/www.facebook.com\/a.ronkainen","article_published_time":"2020-03-16T07:21:54+00:00","article_modified_time":"2020-03-16T08:37:09+00:00","og_image":[{"width":600,"height":600,"url":"https:\/\/suomenkuvalehti.fi\/vallan-mahotonta\/wp-content\/uploads\/sites\/42\/2018\/05\/antti_j_ronkainen_blogi_pieni.jpg","type":"image\/jpeg"}],"author":"Antti Ronkainen","twitter_card":"summary_large_image","twitter_creator":"@https:\/\/twitter.com\/anttironkainen","twitter_misc":{"Written by":"Antti Ronkainen","Est. reading time":"3 minuuttia"},"schema":{"@context":"https:\/\/schema.org","@graph":[{"@type":"WebPage","@id":"https:\/\/suomenkuvalehti.fi\/vallan-mahotonta\/finanssikriisi-on-ovella-koronavirus-pakottaa-vihollisetkin-yhteistyohon\/","url":"https:\/\/suomenkuvalehti.fi\/vallan-mahotonta\/finanssikriisi-on-ovella-koronavirus-pakottaa-vihollisetkin-yhteistyohon\/","name":"Finanssikriisi on ovella, koronavirus pakottaa vihollisetkin yhteisty\u00f6h\u00f6n - Vallan mahotonta!","isPartOf":{"@id":"https:\/\/suomenkuvalehti.fi\/vallan-mahotonta\/#website"},"datePublished":"2020-03-16T07:21:54+00:00","dateModified":"2020-03-16T08:37:09+00:00","author":{"@id":"https:\/\/suomenkuvalehti.fi\/vallan-mahotonta\/#\/schema\/person\/aa34015af7a4bce21e1cdcf566bb57b0"},"breadcrumb":{"@id":"https:\/\/suomenkuvalehti.fi\/vallan-mahotonta\/finanssikriisi-on-ovella-koronavirus-pakottaa-vihollisetkin-yhteistyohon\/#breadcrumb"},"inLanguage":"fi","potentialAction":[{"@type":"ReadAction","target":["https:\/\/suomenkuvalehti.fi\/vallan-mahotonta\/finanssikriisi-on-ovella-koronavirus-pakottaa-vihollisetkin-yhteistyohon\/"]}]},{"@type":"BreadcrumbList","@id":"https:\/\/suomenkuvalehti.fi\/vallan-mahotonta\/finanssikriisi-on-ovella-koronavirus-pakottaa-vihollisetkin-yhteistyohon\/#breadcrumb","itemListElement":[{"@type":"ListItem","position":1,"name":"Home","item":"https:\/\/suomenkuvalehti.fi\/vallan-mahotonta\/"},{"@type":"ListItem","position":2,"name":"Finanssikriisi on ovella, koronavirus pakottaa vihollisetkin yhteisty\u00f6h\u00f6n"}]},{"@type":"WebSite","@id":"https:\/\/suomenkuvalehti.fi\/vallan-mahotonta\/#website","url":"https:\/\/suomenkuvalehti.fi\/vallan-mahotonta\/","name":"Vallan mahotonta!","description":"Tutkija Antti Ronkainen seuraa maailmantalouden murrosta.","potentialAction":[{"@type":"SearchAction","target":{"@type":"EntryPoint","urlTemplate":"https:\/\/suomenkuvalehti.fi\/haku\/?q={search_term_string}"},"query-input":{"@type":"PropertyValueSpecification","valueRequired":true,"valueName":"search_term_string"}}],"inLanguage":"fi"},{"@type":"Person","@id":"https:\/\/suomenkuvalehti.fi\/vallan-mahotonta\/#\/schema\/person\/aa34015af7a4bce21e1cdcf566bb57b0","name":"Antti Ronkainen","image":{"@type":"ImageObject","inLanguage":"fi","@id":"https:\/\/suomenkuvalehti.fi\/vallan-mahotonta\/#\/schema\/person\/image\/","url":"https:\/\/suomenkuvalehti.fi\/vallan-mahotonta\/wp-content\/uploads\/sites\/42\/2018\/05\/antti_j_ronkainen_blogi_pieni-150x150.jpg","contentUrl":"https:\/\/suomenkuvalehti.fi\/vallan-mahotonta\/wp-content\/uploads\/sites\/42\/2018\/05\/antti_j_ronkainen_blogi_pieni-150x150.jpg","caption":"Antti Ronkainen"},"description":"Antti Ronkainen on poliittisen talouden v\u00e4it\u00f6skirjatutkija Helsingin yliopistolla.","sameAs":["http:\/\/anttironkainen.fi","https:\/\/www.facebook.com\/a.ronkainen","https:\/\/www.instagram.com\/antti.ronkainen\/","https:\/\/x.com\/https:\/\/twitter.com\/anttironkainen"]}]}},"_links":{"self":[{"href":"https:\/\/suomenkuvalehti.fi\/vallan-mahotonta\/wp-json\/wp\/v2\/posts\/3946","targetHints":{"allow":["GET"]}}],"collection":[{"href":"https:\/\/suomenkuvalehti.fi\/vallan-mahotonta\/wp-json\/wp\/v2\/posts"}],"about":[{"href":"https:\/\/suomenkuvalehti.fi\/vallan-mahotonta\/wp-json\/wp\/v2\/types\/post"}],"author":[{"embeddable":true,"href":"https:\/\/suomenkuvalehti.fi\/vallan-mahotonta\/wp-json\/wp\/v2\/users\/37967"}],"replies":[{"embeddable":true,"href":"https:\/\/suomenkuvalehti.fi\/vallan-mahotonta\/wp-json\/wp\/v2\/comments?post=3946"}],"version-history":[{"count":47,"href":"https:\/\/suomenkuvalehti.fi\/vallan-mahotonta\/wp-json\/wp\/v2\/posts\/3946\/revisions"}],"predecessor-version":[{"id":4031,"href":"https:\/\/suomenkuvalehti.fi\/vallan-mahotonta\/wp-json\/wp\/v2\/posts\/3946\/revisions\/4031"}],"wp:attachment":[{"href":"https:\/\/suomenkuvalehti.fi\/vallan-mahotonta\/wp-json\/wp\/v2\/media?parent=3946"}],"wp:term":[{"taxonomy":"category","embeddable":true,"href":"https:\/\/suomenkuvalehti.fi\/vallan-mahotonta\/wp-json\/wp\/v2\/categories?post=3946"},{"taxonomy":"post_tag","embeddable":true,"href":"https:\/\/suomenkuvalehti.fi\/vallan-mahotonta\/wp-json\/wp\/v2\/tags?post=3946"}],"curies":[{"name":"wp","href":"https:\/\/api.w.org\/{rel}","templated":true}]}}