{"id":3815,"date":"2020-02-11T22:50:38","date_gmt":"2020-02-11T20:50:38","guid":{"rendered":"https:\/\/suomenkuvalehti.fi\/vallan-mahotonta\/?p=3815"},"modified":"2020-02-11T22:50:38","modified_gmt":"2020-02-11T20:50:38","slug":"merkelin-viimeinen-teko-on-varmistaa-ettei-saksa-lahde-itavallan-tielle","status":"publish","type":"post","link":"https:\/\/suomenkuvalehti.fi\/vallan-mahotonta\/merkelin-viimeinen-teko-on-varmistaa-ettei-saksa-lahde-itavallan-tielle\/","title":{"rendered":"Merkelin viimeinen teko on varmistaa, ettei Saksa l\u00e4hde It\u00e4vallan tielle"},"content":{"rendered":"\n<p><strong>Angela Merkel<\/strong>&nbsp;lopetti 2018 kristillisdemokraattien (CDU) puheenjohtajana, mutta jatkoi Saksan liittokanslerina. P\u00e4\u00e4t\u00f6s osoittautui puolueen ja koko Saksan kannalta virheeksi. Keskustaoikeiston kriisin mukaisesti siit\u00e4 ovat hy\u00f6tyneet radikaalioikeistolainen Alternative f\u00fcr Deutschland (AfD) ja vihre\u00e4t.<\/p>\n\n\n\n<p>Johtajaksi valittiin&nbsp;<strong>Annegret Kramp-Karrenbauer<\/strong>, joka ilmoitti maanantaina erostaan. Puolue on toistuvien osavaltiovaalien j\u00e4lkeen kriisiss\u00e4, jossa sen tulisi valita uusi puheenjohtaja&nbsp;ja seuraava kansleriehdokas syksyn 2021 vaaleihin.<\/p>\n\n\n\n<p>Uuden johtajan ja mahdollisen kansleriehdokkaan on puolestaan eritt\u00e4in vaikea menn\u00e4 vaaleihin, jos Merkel jatkaa kanslerina loppuun asti. AKK ei koskaan p\u00e4\u00e4ssyt Merkelin varjosta, eik\u00e4 kyennyt tekem\u00e4\u00e4n pes\u00e4eroa Merkelin politiikkaan.&nbsp;Merkelin j\u00e4ljilt\u00e4 Saksalla ei ole linjaa ilmastonmuutokseen, maata vaivaavaan investointipulaan, eik\u00e4 Euroopan tulevaisuuteen.<\/p>\n\n\n\n<p>Uusi johtaja ja Merkelin jatkaminen kanslerina olisi outoa, freudilaisia termej\u00e4 k\u00e4ytt\u00e4en kielt\u00e4mist\u00e4 ja pakkotoistoa. Seurauksena olisi k\u00e4yt\u00e4nn\u00f6nsyill\u00e4 perusteltua kaaosta. Saksa on addiktoitunut Merkeliin.<\/p>\n\n\n\n<p>CDU:n tulee p\u00e4\u00e4tt\u00e4\u00e4 ensimm\u00e4ist\u00e4 kertaa 2000-luvulla, mit\u00e4 se haluaa.<\/p>\n\n\n\n<p>Yhteisty\u00f6 AfD:n kanssa tuskin tulee kysymykseen l\u00e4hiaikoina.&nbsp;Sen j\u00e4lkeen, kun CDU valitsi yhdess\u00e4 AfD:n ja liberaalipuolue FDP:n kanssa Th\u00fcringenin osavaltion p\u00e4\u00e4ministeriksi <strong>Thomas Kemmerichin<\/strong>, CDU:n kannatus on pudonnut 10 prosenttiyksikk\u00f6\u00e4.<\/p>\n\n\n\n<p>Nykyisten gallupien valossa&nbsp;CDU:n ainoa vaihtoehto on tehd\u00e4 yhteisty\u00f6t\u00e4 vihreiden kanssa. Merkelin kriitikot (kuten <strong>Friedrich Merz <\/strong>&amp;<strong> Jens Spahn<\/strong>) voisivat hyvin haluta It\u00e4vallan tielle, jossa ilmastopolitiikka&nbsp;yhdistyisi oikeistolaiseen talouspolitiikkaan ja radikaaliin (antimerkelil\u00e4iseen) turvapaikkapolitiikkaan.<\/p>\n\n\n\n<p>Kuten It\u00e4vallan p\u00e4\u00e4ministeri <strong>Sebastian Kurz<\/strong> sanoi, keskustaoikeiston ja vihreiden hallitus osoittaa, ett\u00e4 on mahdollista suojella samaan aikaan rajoja ja ilmastoa.&nbsp;Jos uusi johtaja haluaisi mukaan viel\u00e4 liberaalipuolue FDP:n, meno voisi olla viel\u00e4kin oikeistolaisempi ja Euroopan suhteen nuivempi.<\/p>\n\n\n\n<p>Merkelin viimeinen teko onkin p\u00e4\u00e4tt\u00e4\u00e4, mill\u00e4 tavoin h\u00e4n poistuu n\u00e4ytt\u00e4m\u00f6lt\u00e4. Arvaan, ett\u00e4 Merkel j\u00e4tt\u00e4\u00e4 kanslerin teht\u00e4v\u00e4t viel\u00e4 ennen vaaleja, jos se mahdollistaa It\u00e4vallan tien v\u00e4ltt\u00e4misen. T\u00e4m\u00e4 voi johtaa ennenaikaisiin vaaleihin, sill\u00e4 hallituskumppani SPD ei hyv\u00e4ksy kuin Merkelin kanslerina.<\/p>\n\n\n\n<p>Oman seuraajansa valinta lienee joka tapauksessa Merkelin merkitt\u00e4vin reformi.<\/p>\n\n\n\n<p><blockquote class=\"twitter-tweet\" data-width=\"550\" data-dnt=\"true\"><p lang=\"de\" dir=\"ltr\">Germany, INSA poll:<br><br>CDU\/CSU-EPP: 27.5% (-0.5)<br>GR\u00dcNE-G\/EFA: 22%<br>AfD-ID: 14%<br>SPD-S&amp;D: 12.5% (-0.5)<br>LINKE-LEFT: 10% (+2)<br>FDP-RE: 8% (-1)<br><br>+\/- vs. 31 Jan &#8211; 3 Feb &#39;20<br><br>Fieldwork: 7-10 Feb. &#39;20<br>Sample size: 2,086<br>\u27a4 <a href=\"https:\/\/t.co\/obOCVirbpF\">https:\/\/t.co\/obOCVirbpF<\/a> <a href=\"https:\/\/t.co\/OLxlKZR1j6\">pic.twitter.com\/OLxlKZR1j6<\/a><\/p>&mdash; Europe Elects (@EuropeElects) <a href=\"https:\/\/twitter.com\/EuropeElects\/status\/1226898666075586561?ref_src=twsrc%5Etfw\">February 10, 2020<\/a><\/blockquote><script async src=\"https:\/\/platform.twitter.com\/widgets.js\" charset=\"utf-8\"><\/script><\/p>\n\n\n","protected":false},"excerpt":{"rendered":"<p>Merkelin kriitikot voisivat hyvin haluta It\u00e4vallan tielle, jossa ilmastopolitiikka\u00a0yhdistyy oikeistolaiseen talouspolitiikkaan ja radikaalin antimerkelil\u00e4iseen turvapaikkapolitiikkaan.<\/p>\n","protected":false},"author":37967,"featured_media":0,"comment_status":"open","ping_status":"open","sticky":false,"template":"","format":"standard","meta":{"_acf_changed":false,"asauth_required_access_level":3,"asauth_cansharepaid":"true","om_header_attributes":[],"footnotes":"","om_featured_image_focal_point":[],"om_primary_tag":0,"om_contributors":[],"om_co_authors":[],"beyondwords_generate_audio":"","beyondwords_project_id":"","beyondwords_content_id":"","beyondwords_preview_token":"","beyondwords_player_content":"","beyondwords_player_style":"","beyondwords_language_code":"","beyondwords_language_id":"","beyondwords_title_voice_id":"","beyondwords_body_voice_id":"","beyondwords_summary_voice_id":"","beyondwords_error_message":"","beyondwords_disabled":"","beyondwords_delete_content":"","beyondwords_podcast_id":"","beyondwords_hash":"","publish_post_to_speechkit":"","speechkit_hash":"","speechkit_generate_audio":"","speechkit_project_id":"","speechkit_podcast_id":"","speechkit_error_message":"","speechkit_disabled":"","speechkit_access_key":"","speechkit_error":"","speechkit_info":"","speechkit_response":"","speechkit_retries":"","speechkit_status":"","speechkit_updated_at":"","_speechkit_link":"","_speechkit_text":""},"categories":[1],"tags":[2,94,3],"class_list":["post-3815","post","type-post","status-publish","format-standard","hentry","category-vallan-mahotonta","tag-angela-merkel","tag-cdu","tag-saksa"],"om_views":null,"acf":{"tuuma_off":false,"tuuma_kysymys":"","tuuma_vastaus":""},"asauth":{"required_access_level":1,"share_token":"","is_paid":false},"yoast_head":"<!-- This site is optimized with the Yoast SEO plugin v26.4 - https:\/\/yoast.com\/wordpress\/plugins\/seo\/ -->\n<title>Merkelin viimeinen teko on varmistaa, ettei Saksa l\u00e4hde It\u00e4vallan tielle - Vallan mahotonta!<\/title>\n<meta name=\"robots\" content=\"index, follow, max-snippet:-1, max-image-preview:large, max-video-preview:-1\" \/>\n<link rel=\"canonical\" href=\"https:\/\/suomenkuvalehti.fi\/vallan-mahotonta\/merkelin-viimeinen-teko-on-varmistaa-ettei-saksa-lahde-itavallan-tielle\/\" \/>\n<meta property=\"og:locale\" content=\"fi_FI\" \/>\n<meta property=\"og:type\" content=\"article\" \/>\n<meta property=\"og:title\" content=\"Merkelin viimeinen teko on varmistaa, ettei Saksa l\u00e4hde It\u00e4vallan tielle - Vallan mahotonta!\" \/>\n<meta property=\"og:description\" content=\"Merkelin kriitikot voisivat hyvin haluta It\u00e4vallan tielle, jossa ilmastopolitiikka\u00a0yhdistyy oikeistolaiseen talouspolitiikkaan ja radikaalin antimerkelil\u00e4iseen turvapaikkapolitiikkaan.\" \/>\n<meta property=\"og:url\" content=\"https:\/\/suomenkuvalehti.fi\/vallan-mahotonta\/merkelin-viimeinen-teko-on-varmistaa-ettei-saksa-lahde-itavallan-tielle\/\" \/>\n<meta property=\"og:site_name\" content=\"Vallan mahotonta!\" \/>\n<meta property=\"article:author\" content=\"https:\/\/www.facebook.com\/a.ronkainen\" \/>\n<meta property=\"article:published_time\" content=\"2020-02-11T20:50:38+00:00\" \/>\n<meta property=\"og:image\" content=\"https:\/\/suomenkuvalehti.fi\/vallan-mahotonta\/wp-content\/uploads\/sites\/42\/2018\/05\/antti_j_ronkainen_blogi_pieni.jpg\" \/>\n\t<meta property=\"og:image:width\" content=\"600\" \/>\n\t<meta property=\"og:image:height\" content=\"600\" \/>\n\t<meta property=\"og:image:type\" content=\"image\/jpeg\" \/>\n<meta name=\"author\" content=\"Antti Ronkainen\" \/>\n<meta name=\"twitter:card\" content=\"summary_large_image\" \/>\n<meta name=\"twitter:creator\" content=\"@https:\/\/twitter.com\/anttironkainen\" \/>\n<meta name=\"twitter:label1\" content=\"Written by\" \/>\n\t<meta name=\"twitter:data1\" content=\"Antti Ronkainen\" \/>\n\t<meta name=\"twitter:label2\" content=\"Est. reading time\" \/>\n\t<meta name=\"twitter:data2\" content=\"2 minuuttia\" \/>\n<script type=\"application\/ld+json\" class=\"yoast-schema-graph\">{\"@context\":\"https:\/\/schema.org\",\"@graph\":[{\"@type\":\"WebPage\",\"@id\":\"https:\/\/suomenkuvalehti.fi\/vallan-mahotonta\/merkelin-viimeinen-teko-on-varmistaa-ettei-saksa-lahde-itavallan-tielle\/\",\"url\":\"https:\/\/suomenkuvalehti.fi\/vallan-mahotonta\/merkelin-viimeinen-teko-on-varmistaa-ettei-saksa-lahde-itavallan-tielle\/\",\"name\":\"Merkelin viimeinen teko on varmistaa, ettei Saksa l\u00e4hde It\u00e4vallan tielle - Vallan mahotonta!\",\"isPartOf\":{\"@id\":\"https:\/\/suomenkuvalehti.fi\/vallan-mahotonta\/#website\"},\"datePublished\":\"2020-02-11T20:50:38+00:00\",\"author\":{\"@id\":\"https:\/\/suomenkuvalehti.fi\/vallan-mahotonta\/#\/schema\/person\/aa34015af7a4bce21e1cdcf566bb57b0\"},\"breadcrumb\":{\"@id\":\"https:\/\/suomenkuvalehti.fi\/vallan-mahotonta\/merkelin-viimeinen-teko-on-varmistaa-ettei-saksa-lahde-itavallan-tielle\/#breadcrumb\"},\"inLanguage\":\"fi\",\"potentialAction\":[{\"@type\":\"ReadAction\",\"target\":[\"https:\/\/suomenkuvalehti.fi\/vallan-mahotonta\/merkelin-viimeinen-teko-on-varmistaa-ettei-saksa-lahde-itavallan-tielle\/\"]}]},{\"@type\":\"BreadcrumbList\",\"@id\":\"https:\/\/suomenkuvalehti.fi\/vallan-mahotonta\/merkelin-viimeinen-teko-on-varmistaa-ettei-saksa-lahde-itavallan-tielle\/#breadcrumb\",\"itemListElement\":[{\"@type\":\"ListItem\",\"position\":1,\"name\":\"Home\",\"item\":\"https:\/\/suomenkuvalehti.fi\/vallan-mahotonta\/\"},{\"@type\":\"ListItem\",\"position\":2,\"name\":\"Merkelin viimeinen teko on varmistaa, ettei Saksa l\u00e4hde It\u00e4vallan tielle\"}]},{\"@type\":\"WebSite\",\"@id\":\"https:\/\/suomenkuvalehti.fi\/vallan-mahotonta\/#website\",\"url\":\"https:\/\/suomenkuvalehti.fi\/vallan-mahotonta\/\",\"name\":\"Vallan mahotonta!\",\"description\":\"Tutkija Antti Ronkainen seuraa maailmantalouden murrosta.\",\"potentialAction\":[{\"@type\":\"SearchAction\",\"target\":{\"@type\":\"EntryPoint\",\"urlTemplate\":\"https:\/\/suomenkuvalehti.fi\/haku\/?q={search_term_string}\"},\"query-input\":{\"@type\":\"PropertyValueSpecification\",\"valueRequired\":true,\"valueName\":\"search_term_string\"}}],\"inLanguage\":\"fi\"},{\"@type\":\"Person\",\"@id\":\"https:\/\/suomenkuvalehti.fi\/vallan-mahotonta\/#\/schema\/person\/aa34015af7a4bce21e1cdcf566bb57b0\",\"name\":\"Antti Ronkainen\",\"image\":{\"@type\":\"ImageObject\",\"inLanguage\":\"fi\",\"@id\":\"https:\/\/suomenkuvalehti.fi\/vallan-mahotonta\/#\/schema\/person\/image\/\",\"url\":\"https:\/\/suomenkuvalehti.fi\/vallan-mahotonta\/wp-content\/uploads\/sites\/42\/2018\/05\/antti_j_ronkainen_blogi_pieni-150x150.jpg\",\"contentUrl\":\"https:\/\/suomenkuvalehti.fi\/vallan-mahotonta\/wp-content\/uploads\/sites\/42\/2018\/05\/antti_j_ronkainen_blogi_pieni-150x150.jpg\",\"caption\":\"Antti Ronkainen\"},\"description\":\"Antti Ronkainen on poliittisen talouden v\u00e4it\u00f6skirjatutkija Helsingin yliopistolla.\",\"sameAs\":[\"http:\/\/anttironkainen.fi\",\"https:\/\/www.facebook.com\/a.ronkainen\",\"https:\/\/www.instagram.com\/antti.ronkainen\/\",\"https:\/\/x.com\/https:\/\/twitter.com\/anttironkainen\"]}]}<\/script>\n<!-- \/ Yoast SEO plugin. -->","yoast_head_json":{"title":"Merkelin viimeinen teko on varmistaa, ettei Saksa l\u00e4hde It\u00e4vallan tielle - Vallan mahotonta!","robots":{"index":"index","follow":"follow","max-snippet":"max-snippet:-1","max-image-preview":"max-image-preview:large","max-video-preview":"max-video-preview:-1"},"canonical":"https:\/\/suomenkuvalehti.fi\/vallan-mahotonta\/merkelin-viimeinen-teko-on-varmistaa-ettei-saksa-lahde-itavallan-tielle\/","og_locale":"fi_FI","og_type":"article","og_title":"Merkelin viimeinen teko on varmistaa, ettei Saksa l\u00e4hde It\u00e4vallan tielle - Vallan mahotonta!","og_description":"Merkelin kriitikot voisivat hyvin haluta It\u00e4vallan tielle, jossa ilmastopolitiikka\u00a0yhdistyy oikeistolaiseen talouspolitiikkaan ja radikaalin antimerkelil\u00e4iseen turvapaikkapolitiikkaan.","og_url":"https:\/\/suomenkuvalehti.fi\/vallan-mahotonta\/merkelin-viimeinen-teko-on-varmistaa-ettei-saksa-lahde-itavallan-tielle\/","og_site_name":"Vallan mahotonta!","article_author":"https:\/\/www.facebook.com\/a.ronkainen","article_published_time":"2020-02-11T20:50:38+00:00","og_image":[{"width":600,"height":600,"url":"https:\/\/suomenkuvalehti.fi\/vallan-mahotonta\/wp-content\/uploads\/sites\/42\/2018\/05\/antti_j_ronkainen_blogi_pieni.jpg","type":"image\/jpeg"}],"author":"Antti Ronkainen","twitter_card":"summary_large_image","twitter_creator":"@https:\/\/twitter.com\/anttironkainen","twitter_misc":{"Written by":"Antti Ronkainen","Est. reading time":"2 minuuttia"},"schema":{"@context":"https:\/\/schema.org","@graph":[{"@type":"WebPage","@id":"https:\/\/suomenkuvalehti.fi\/vallan-mahotonta\/merkelin-viimeinen-teko-on-varmistaa-ettei-saksa-lahde-itavallan-tielle\/","url":"https:\/\/suomenkuvalehti.fi\/vallan-mahotonta\/merkelin-viimeinen-teko-on-varmistaa-ettei-saksa-lahde-itavallan-tielle\/","name":"Merkelin viimeinen teko on varmistaa, ettei Saksa l\u00e4hde It\u00e4vallan tielle - Vallan mahotonta!","isPartOf":{"@id":"https:\/\/suomenkuvalehti.fi\/vallan-mahotonta\/#website"},"datePublished":"2020-02-11T20:50:38+00:00","author":{"@id":"https:\/\/suomenkuvalehti.fi\/vallan-mahotonta\/#\/schema\/person\/aa34015af7a4bce21e1cdcf566bb57b0"},"breadcrumb":{"@id":"https:\/\/suomenkuvalehti.fi\/vallan-mahotonta\/merkelin-viimeinen-teko-on-varmistaa-ettei-saksa-lahde-itavallan-tielle\/#breadcrumb"},"inLanguage":"fi","potentialAction":[{"@type":"ReadAction","target":["https:\/\/suomenkuvalehti.fi\/vallan-mahotonta\/merkelin-viimeinen-teko-on-varmistaa-ettei-saksa-lahde-itavallan-tielle\/"]}]},{"@type":"BreadcrumbList","@id":"https:\/\/suomenkuvalehti.fi\/vallan-mahotonta\/merkelin-viimeinen-teko-on-varmistaa-ettei-saksa-lahde-itavallan-tielle\/#breadcrumb","itemListElement":[{"@type":"ListItem","position":1,"name":"Home","item":"https:\/\/suomenkuvalehti.fi\/vallan-mahotonta\/"},{"@type":"ListItem","position":2,"name":"Merkelin viimeinen teko on varmistaa, ettei Saksa l\u00e4hde It\u00e4vallan tielle"}]},{"@type":"WebSite","@id":"https:\/\/suomenkuvalehti.fi\/vallan-mahotonta\/#website","url":"https:\/\/suomenkuvalehti.fi\/vallan-mahotonta\/","name":"Vallan mahotonta!","description":"Tutkija Antti Ronkainen seuraa maailmantalouden murrosta.","potentialAction":[{"@type":"SearchAction","target":{"@type":"EntryPoint","urlTemplate":"https:\/\/suomenkuvalehti.fi\/haku\/?q={search_term_string}"},"query-input":{"@type":"PropertyValueSpecification","valueRequired":true,"valueName":"search_term_string"}}],"inLanguage":"fi"},{"@type":"Person","@id":"https:\/\/suomenkuvalehti.fi\/vallan-mahotonta\/#\/schema\/person\/aa34015af7a4bce21e1cdcf566bb57b0","name":"Antti Ronkainen","image":{"@type":"ImageObject","inLanguage":"fi","@id":"https:\/\/suomenkuvalehti.fi\/vallan-mahotonta\/#\/schema\/person\/image\/","url":"https:\/\/suomenkuvalehti.fi\/vallan-mahotonta\/wp-content\/uploads\/sites\/42\/2018\/05\/antti_j_ronkainen_blogi_pieni-150x150.jpg","contentUrl":"https:\/\/suomenkuvalehti.fi\/vallan-mahotonta\/wp-content\/uploads\/sites\/42\/2018\/05\/antti_j_ronkainen_blogi_pieni-150x150.jpg","caption":"Antti Ronkainen"},"description":"Antti Ronkainen on poliittisen talouden v\u00e4it\u00f6skirjatutkija Helsingin yliopistolla.","sameAs":["http:\/\/anttironkainen.fi","https:\/\/www.facebook.com\/a.ronkainen","https:\/\/www.instagram.com\/antti.ronkainen\/","https:\/\/x.com\/https:\/\/twitter.com\/anttironkainen"]}]}},"_links":{"self":[{"href":"https:\/\/suomenkuvalehti.fi\/vallan-mahotonta\/wp-json\/wp\/v2\/posts\/3815","targetHints":{"allow":["GET"]}}],"collection":[{"href":"https:\/\/suomenkuvalehti.fi\/vallan-mahotonta\/wp-json\/wp\/v2\/posts"}],"about":[{"href":"https:\/\/suomenkuvalehti.fi\/vallan-mahotonta\/wp-json\/wp\/v2\/types\/post"}],"author":[{"embeddable":true,"href":"https:\/\/suomenkuvalehti.fi\/vallan-mahotonta\/wp-json\/wp\/v2\/users\/37967"}],"replies":[{"embeddable":true,"href":"https:\/\/suomenkuvalehti.fi\/vallan-mahotonta\/wp-json\/wp\/v2\/comments?post=3815"}],"version-history":[{"count":17,"href":"https:\/\/suomenkuvalehti.fi\/vallan-mahotonta\/wp-json\/wp\/v2\/posts\/3815\/revisions"}],"predecessor-version":[{"id":3833,"href":"https:\/\/suomenkuvalehti.fi\/vallan-mahotonta\/wp-json\/wp\/v2\/posts\/3815\/revisions\/3833"}],"wp:attachment":[{"href":"https:\/\/suomenkuvalehti.fi\/vallan-mahotonta\/wp-json\/wp\/v2\/media?parent=3815"}],"wp:term":[{"taxonomy":"category","embeddable":true,"href":"https:\/\/suomenkuvalehti.fi\/vallan-mahotonta\/wp-json\/wp\/v2\/categories?post=3815"},{"taxonomy":"post_tag","embeddable":true,"href":"https:\/\/suomenkuvalehti.fi\/vallan-mahotonta\/wp-json\/wp\/v2\/tags?post=3815"}],"curies":[{"name":"wp","href":"https:\/\/api.w.org\/{rel}","templated":true}]}}